{"id":875,"date":"2017-07-05T16:08:11","date_gmt":"2017-07-05T19:08:11","guid":{"rendered":"http:\/\/www.ronaldocorreiadebrito.com.br\/site2\/?p=875"},"modified":"2017-07-05T16:08:11","modified_gmt":"2017-07-05T19:08:11","slug":"cronica-tirada-de-uma-enfermaria-de-hospital","status":"publish","type":"post","link":"https:\/\/www.ronaldocorreiadebrito.com.br\/site2\/2017\/07\/cronica-tirada-de-uma-enfermaria-de-hospital\/","title":{"rendered":"Cr\u00f4nica tirada de uma enfermaria de hospital"},"content":{"rendered":"<p><span lang=\"pt-BR\">Lucas tinha 22 anos quando veio do pres\u00eddio para cuidar de um ferimento no p\u00e9. Durante uma rebeli\u00e3o de detentos ele se machucou, n\u00e3o recebeu aten\u00e7\u00e3o m\u00e9dica e a infec\u00e7\u00e3o ganhou os ossos. Ao v\u00ea-lo, ningu\u00e9m apostaria tratar-se do mesmo garoto que, aos dezoito anos, foi flagrado com vinte e uma pedras de crack. Em quatro anos, emagrecera mais de trinta quilos. O retrato de admiss\u00e3o no pres\u00eddio parecia de outra pessoa. Os olhos perderam o brilho e a vontade. Lucas carregava o corpo e a condena\u00e7\u00e3o sem julgamento.<\/p>\n<p><\/span>Desde os dezessete anos se metera no tr\u00e1fico, consumindo e disputando territ\u00f3rios de venda entre os grupos rivais, numa cidade da <a href=\"https:\/\/pt.wikipedia.org\/wiki\/Mesorregi%C3%A3o_da_Mata_Pernambucana\" target=\"_blank\" rel=\"noopener\">Zona da Mata Sul de Pernambuco<\/a>, onde a monocultura da cana e o legado da escravid\u00e3o condenaram as pessoas \u00e0 viol\u00eancia e \u00e0 mis\u00e9ria. Num tiroteio de fac\u00e7\u00f5es, uma bala atingiu a bexiga de Lucas e ele perdeu o controle sobre a vontade de urinar. Caminhava normalmente, mas fazia uso de fraldas descart\u00e1veis. Preso numa unidade ressocializadora, voltou para casa, ao consumo e ao tr\u00e1fico, depois de meses. Nunca conhecera o pai. A m\u00e3e o acolhia como se ele fosse um castigo de Deus. No tempo em que ficou internado, ela o visitava com resigna\u00e7\u00e3o e apatia. Deixava <a href=\"http:\/\/www.ronaldocorreiadebrito.com.br\/site2\/2017\/06\/nem-tanto-deus-nem-tanto-ao-diabo\/\" target=\"_blank\" rel=\"noopener\">folhetos contendo a Palavra<\/a>, colava alguns nos azulejos da enfermaria e cantava hinos com as m\u00e3os erguidas para o alto. Numa das visitas, trouxe o pastor da igreja evang\u00e9lica que costumava frequentar, pagando um d\u00edzimo mensal de dez por cento do sal\u00e1rio.<\/p>\n<p><span lang=\"pt-BR\">Isolado por causa da bact\u00e9ria que destru\u00eda o p\u00e9 e a perna, Lucas n\u00e3o aceitava a comida e emagrecia visivelmente. Chamaram o m\u00e9dico cl\u00ednico para assumir o caso e diagnosticou-se tuberculose no pulm\u00e3o, em est\u00e1gio bem avan\u00e7ado. Come\u00e7aram um novo tratamento e pediram que Lucas usasse m\u00e1scara para n\u00e3o contaminar as pessoas. Vigiado por dois agentes penitenci\u00e1rios, dia e noite, seu isolamento tornou-se maior, a tristeza um miasma sombrio como o dos mangues onde ele crescera entre os caranguejos. As bact\u00e9rias e os bacilos minavam sua vida em decomposi\u00e7\u00e3o. No dia em que o m\u00e9dico revelou a tuberculose, Lucas n\u00e3o tremeu. Mas quando lhe disse que o teste para AIDS havia sido negativo, os olhos do rapaz se encheram de l\u00e1grimas, ele fez um sinal da cruz atrapalhado e agradeceu a boa not\u00edcia.<\/p>\n<p><\/span><span lang=\"pt-BR\">Dois garotos de dezessete anos se internaram com v\u00e1rias fraturas. Presos durante uma persegui\u00e7\u00e3o policial, fugiam em um carro roubado. O ve\u00edculo capotou algumas vezes, sem matar ningu\u00e9m. Quatro militares vigiavam os menores, al\u00e9m dos dois agentes civis respons\u00e1veis por Lucas. O clima nas enfermarias tornou-se igual ao das pris\u00f5es, tumultuado e explosivo, com armas expostas, prontas a disparar. As fardas, os coletes \u00e0 prova de bala, os rev\u00f3lveres e fuzis se misturavam aos ingredientes hospitalares: gritos, gemidos, sangue, fezes e pus. Os policiais cuidavam para os novos detentos n\u00e3o fugirem, nem serem resgatados por suas quadrilhas. Nervosos e agressivos, mantinham-se em permanente estado de alerta. Os garotos pareciam inofensivos e alheios ao futuro sombrio. Algemados nas camas de ferro, n\u00e3o aparentavam a alta periculosidade descrita no laudo pericial, nem a criminalidade dos curr\u00edculos.<\/p>\n<p><\/span><span lang=\"pt-BR\">Novos presos chegaram \u00e0s enfermarias, com guarni\u00e7\u00f5es de mais quatro homens, estabelecendo-se uma atmosfera de\u00a0<\/span><span lang=\"pt-BR\"><em>front<\/em><\/span><span lang=\"pt-BR\">. Os m\u00e9dicos assistiam os detentos com indiferen\u00e7a pelos seus dramas, numa tentativa de se protegerem, diziam. N\u00e3o perguntavam por suas hist\u00f3rias, limitando-se a examinar as fraturas e feridas. Os policiais queriam que todos eles morressem, pois se tratava de bandidos irrecuper\u00e1veis para a sociedade, segundo proclamavam aos berros, nos corredores do hospital. A viol\u00eancia das ruas se reproduzia no espa\u00e7o sagrado de cura, com os mesmos ingredientes de \u00f3dio e indiferen\u00e7a. De um lado, prisioneiros considerados bandidos, no lugar de pacientes. Do outro, policiais armados, esperando uma chance de agir. E no meio desse fogo cruzado, a equipe de sa\u00fade tentando salvar as vidas, que a maioria preferia mortas.<\/p>\n<p><\/span><span lang=\"pt-BR\">Lucas j\u00e1 n\u00e3o contaminava as pessoas com a tuberculose e foi transferido do isolamento para a enfermaria dos jovens delinquentes. Controladas as bact\u00e9rias, ele n\u00e3o tinha chances de recuperar a fun\u00e7\u00e3o do p\u00e9 e da perna, pois os ossos haviam sido destru\u00eddos. No dia em que o informaram sobre a amputa\u00e7\u00e3o acima do joelho, ele n\u00e3o manifestou revolta. Aos vinte e dois anos, acostumara-se ao destino de sequelado.<\/p>\n<p><\/span><span lang=\"pt-BR\">Um agente penitenci\u00e1rio chamava aten\u00e7\u00e3o por ficar a maior parte do tempo estudando. Formado em direito, queria especializar-se na recupera\u00e7\u00e3o de menores criminosos. Lia bons livros, parecia diferente dos colegas que falavam alto, diziam palavr\u00f5es e se envolviam em namoros com as acompanhantes. Quando o m\u00e9dico cl\u00ednico comunicou o retorno de Lucas ao pres\u00eddio de origem, onde ele aguardava julgamento h\u00e1 quatro anos pelo tr\u00e1fico das vinte e uma pedras de crack, o agente falou o mesmo que os policiais militares: melhor se tivesse morrido. N\u00e3o existia nenhum futuro para Lucas. Solto ou na pris\u00e3o continuaria se drogando. O m\u00e9dico se manteve em sil\u00eancio, talvez achasse que n\u00e3o havia recupera\u00e7\u00e3o para o agente, por mais que lesse a melhor literatura. Deu as orienta\u00e7\u00f5es de alta, despediu-se de Lucas e desejou-lhe boa sorte.<\/p>\n<p><\/span><span lang=\"pt-BR\">No dia seguinte, escutou-se um tumulto no posto de enfermagem. O cl\u00ednico reclamava que n\u00e3o tinham enviadas as orienta\u00e7\u00f5es sobre o tratamento da tuberculose, que deveria continuar por mais cinco meses. Descontrolado, gritava com a equipe. Queria saber se havia ocorrido desleixo ou boicote. Telefonou ao pres\u00eddio e solicitou que o servi\u00e7o social viesse apanhar o resumo de alta e as prescri\u00e7\u00f5es. Uma enfermeira chegou perto do m\u00e9dico, pediu calma e cochichou alguma coisa, que ningu\u00e9m ouviu.<\/p>\n<p><\/span><span lang=\"pt-BR\">Desleixo, boicote, que diferen\u00e7a faz? A vida custa barato no rateio dessa gente miser\u00e1vel, vale quase nada, menos que a barganha de Judas.<\/span><\/p>\n","protected":false},"excerpt":{"rendered":"<p>Lucas tinha 22 anos quando veio do pres\u00eddio para cuidar de um ferimento no p\u00e9. Durante uma rebeli\u00e3o de detentos ele se machucou, n\u00e3o recebeu aten\u00e7\u00e3o m\u00e9dica e a infec\u00e7\u00e3o ganhou os ossos. Ao v\u00ea-lo, ningu\u00e9m apostaria tratar-se do mesmo garoto que, aos dezoito anos,&#8230;<\/p>\n","protected":false},"author":1,"featured_media":876,"comment_status":"open","ping_status":"closed","sticky":false,"template":"","format":"standard","meta":{"sfsi_plus_gutenberg_text_before_share":"","sfsi_plus_gutenberg_show_text_before_share":"","sfsi_plus_gutenberg_icon_type":"","sfsi_plus_gutenberg_icon_alignemt":"","sfsi_plus_gutenburg_max_per_row":"","footnotes":""},"categories":[8,45],"tags":[],"class_list":["post-875","post","type-post","status-publish","format-standard","has-post-thumbnail","hentry","category-blog","category-slider"],"yoast_head":"<!-- This site is optimized with the Yoast SEO plugin v27.5 - https:\/\/yoast.com\/product\/yoast-seo-wordpress\/ -->\n<title>Cr\u00f4nica tirada de uma enfermaria de hospital<\/title>\n<meta name=\"description\" content=\"O clima nas enfermarias tornou-se igual ao das pris\u00f5es, com armas expostas, prontas a disparar. Os rev\u00f3lveres e fuzis se misturavam aos ingredientes hospitalares\" \/>\n<meta name=\"robots\" content=\"index, follow, max-snippet:-1, max-image-preview:large, max-video-preview:-1\" \/>\n<link rel=\"canonical\" href=\"https:\/\/www.ronaldocorreiadebrito.com.br\/site2\/2017\/07\/cronica-tirada-de-uma-enfermaria-de-hospital\/\" \/>\n<meta property=\"og:locale\" content=\"pt_BR\" \/>\n<meta property=\"og:type\" content=\"article\" \/>\n<meta property=\"og:title\" content=\"Cr\u00f4nica tirada de uma enfermaria de hospital\" \/>\n<meta property=\"og:description\" content=\"O clima nas enfermarias tornou-se igual ao das pris\u00f5es, com armas expostas, prontas a disparar. Os rev\u00f3lveres e fuzis se misturavam aos ingredientes hospitalares\" \/>\n<meta property=\"og:url\" content=\"https:\/\/www.ronaldocorreiadebrito.com.br\/site2\/2017\/07\/cronica-tirada-de-uma-enfermaria-de-hospital\/\" \/>\n<meta property=\"og:site_name\" content=\"Ronaldo Correia de Brito | site oficial\" \/>\n<meta property=\"article:publisher\" content=\"https:\/\/www.facebook.com\/ronaldocorreiadebrito.oficial\" \/>\n<meta property=\"article:published_time\" content=\"2017-07-05T19:08:11+00:00\" \/>\n<meta property=\"og:image\" content=\"https:\/\/www.ronaldocorreiadebrito.com.br\/site2\/wp-content\/uploads\/2017\/07\/entremez_A.jpg\" \/>\n\t<meta property=\"og:image:width\" content=\"800\" \/>\n\t<meta property=\"og:image:height\" content=\"460\" \/>\n\t<meta property=\"og:image:type\" content=\"image\/jpeg\" \/>\n<meta name=\"author\" content=\"admin\" \/>\n<meta name=\"twitter:card\" content=\"summary_large_image\" \/>\n<meta name=\"twitter:label1\" content=\"Escrito por\" \/>\n\t<meta name=\"twitter:data1\" content=\"admin\" \/>\n\t<meta name=\"twitter:label2\" content=\"Est. tempo de leitura\" \/>\n\t<meta name=\"twitter:data2\" content=\"5 minutos\" \/>\n<script type=\"application\/ld+json\" class=\"yoast-schema-graph\">{\"@context\":\"https:\\\/\\\/schema.org\",\"@graph\":[{\"@type\":\"Article\",\"@id\":\"https:\\\/\\\/www.ronaldocorreiadebrito.com.br\\\/site2\\\/2017\\\/07\\\/cronica-tirada-de-uma-enfermaria-de-hospital\\\/#article\",\"isPartOf\":{\"@id\":\"https:\\\/\\\/www.ronaldocorreiadebrito.com.br\\\/site2\\\/2017\\\/07\\\/cronica-tirada-de-uma-enfermaria-de-hospital\\\/\"},\"author\":{\"name\":\"admin\",\"@id\":\"https:\\\/\\\/www.ronaldocorreiadebrito.com.br\\\/site2\\\/#\\\/schema\\\/person\\\/99a164d0eaaff7f78b11899bc7d5e7c9\"},\"headline\":\"Cr\u00f4nica tirada de uma enfermaria de hospital\",\"datePublished\":\"2017-07-05T19:08:11+00:00\",\"mainEntityOfPage\":{\"@id\":\"https:\\\/\\\/www.ronaldocorreiadebrito.com.br\\\/site2\\\/2017\\\/07\\\/cronica-tirada-de-uma-enfermaria-de-hospital\\\/\"},\"wordCount\":1042,\"commentCount\":0,\"image\":{\"@id\":\"https:\\\/\\\/www.ronaldocorreiadebrito.com.br\\\/site2\\\/2017\\\/07\\\/cronica-tirada-de-uma-enfermaria-de-hospital\\\/#primaryimage\"},\"thumbnailUrl\":\"https:\\\/\\\/www.ronaldocorreiadebrito.com.br\\\/site2\\\/wp-content\\\/uploads\\\/2017\\\/07\\\/entremez_A.jpg\",\"articleSection\":[\"Blog\",\"Slider\"],\"inLanguage\":\"pt-BR\",\"potentialAction\":[{\"@type\":\"CommentAction\",\"name\":\"Comment\",\"target\":[\"https:\\\/\\\/www.ronaldocorreiadebrito.com.br\\\/site2\\\/2017\\\/07\\\/cronica-tirada-de-uma-enfermaria-de-hospital\\\/#respond\"]}]},{\"@type\":\"WebPage\",\"@id\":\"https:\\\/\\\/www.ronaldocorreiadebrito.com.br\\\/site2\\\/2017\\\/07\\\/cronica-tirada-de-uma-enfermaria-de-hospital\\\/\",\"url\":\"https:\\\/\\\/www.ronaldocorreiadebrito.com.br\\\/site2\\\/2017\\\/07\\\/cronica-tirada-de-uma-enfermaria-de-hospital\\\/\",\"name\":\"Cr\u00f4nica tirada de uma enfermaria de hospital\",\"isPartOf\":{\"@id\":\"https:\\\/\\\/www.ronaldocorreiadebrito.com.br\\\/site2\\\/#website\"},\"primaryImageOfPage\":{\"@id\":\"https:\\\/\\\/www.ronaldocorreiadebrito.com.br\\\/site2\\\/2017\\\/07\\\/cronica-tirada-de-uma-enfermaria-de-hospital\\\/#primaryimage\"},\"image\":{\"@id\":\"https:\\\/\\\/www.ronaldocorreiadebrito.com.br\\\/site2\\\/2017\\\/07\\\/cronica-tirada-de-uma-enfermaria-de-hospital\\\/#primaryimage\"},\"thumbnailUrl\":\"https:\\\/\\\/www.ronaldocorreiadebrito.com.br\\\/site2\\\/wp-content\\\/uploads\\\/2017\\\/07\\\/entremez_A.jpg\",\"datePublished\":\"2017-07-05T19:08:11+00:00\",\"author\":{\"@id\":\"https:\\\/\\\/www.ronaldocorreiadebrito.com.br\\\/site2\\\/#\\\/schema\\\/person\\\/99a164d0eaaff7f78b11899bc7d5e7c9\"},\"description\":\"O clima nas enfermarias tornou-se igual ao das pris\u00f5es, com armas expostas, prontas a disparar. Os rev\u00f3lveres e fuzis se misturavam aos ingredientes hospitalares\",\"breadcrumb\":{\"@id\":\"https:\\\/\\\/www.ronaldocorreiadebrito.com.br\\\/site2\\\/2017\\\/07\\\/cronica-tirada-de-uma-enfermaria-de-hospital\\\/#breadcrumb\"},\"inLanguage\":\"pt-BR\",\"potentialAction\":[{\"@type\":\"ReadAction\",\"target\":[\"https:\\\/\\\/www.ronaldocorreiadebrito.com.br\\\/site2\\\/2017\\\/07\\\/cronica-tirada-de-uma-enfermaria-de-hospital\\\/\"]}]},{\"@type\":\"ImageObject\",\"inLanguage\":\"pt-BR\",\"@id\":\"https:\\\/\\\/www.ronaldocorreiadebrito.com.br\\\/site2\\\/2017\\\/07\\\/cronica-tirada-de-uma-enfermaria-de-hospital\\\/#primaryimage\",\"url\":\"https:\\\/\\\/www.ronaldocorreiadebrito.com.br\\\/site2\\\/wp-content\\\/uploads\\\/2017\\\/07\\\/entremez_A.jpg\",\"contentUrl\":\"https:\\\/\\\/www.ronaldocorreiadebrito.com.br\\\/site2\\\/wp-content\\\/uploads\\\/2017\\\/07\\\/entremez_A.jpg\",\"width\":800,\"height\":460,\"caption\":\"Ilustra\u00e7\u00e3o: Maria Julia Moreira\"},{\"@type\":\"BreadcrumbList\",\"@id\":\"https:\\\/\\\/www.ronaldocorreiadebrito.com.br\\\/site2\\\/2017\\\/07\\\/cronica-tirada-de-uma-enfermaria-de-hospital\\\/#breadcrumb\",\"itemListElement\":[{\"@type\":\"ListItem\",\"position\":1,\"name\":\"In\u00edcio\",\"item\":\"https:\\\/\\\/www.ronaldocorreiadebrito.com.br\\\/site2\\\/\"},{\"@type\":\"ListItem\",\"position\":2,\"name\":\"Cr\u00f4nica tirada de uma enfermaria de hospital\"}]},{\"@type\":\"WebSite\",\"@id\":\"https:\\\/\\\/www.ronaldocorreiadebrito.com.br\\\/site2\\\/#website\",\"url\":\"https:\\\/\\\/www.ronaldocorreiadebrito.com.br\\\/site2\\\/\",\"name\":\"Ronaldo Correia de Brito | site oficial\",\"description\":\"Site oficial do escritor Ronaldo Correia de Brito\",\"potentialAction\":[{\"@type\":\"SearchAction\",\"target\":{\"@type\":\"EntryPoint\",\"urlTemplate\":\"https:\\\/\\\/www.ronaldocorreiadebrito.com.br\\\/site2\\\/?s={search_term_string}\"},\"query-input\":{\"@type\":\"PropertyValueSpecification\",\"valueRequired\":true,\"valueName\":\"search_term_string\"}}],\"inLanguage\":\"pt-BR\"},{\"@type\":\"Person\",\"@id\":\"https:\\\/\\\/www.ronaldocorreiadebrito.com.br\\\/site2\\\/#\\\/schema\\\/person\\\/99a164d0eaaff7f78b11899bc7d5e7c9\",\"name\":\"admin\",\"url\":\"https:\\\/\\\/www.ronaldocorreiadebrito.com.br\\\/site2\\\/author\\\/admin\\\/\"}]}<\/script>\n<!-- \/ Yoast SEO plugin. -->","yoast_head_json":{"title":"Cr\u00f4nica tirada de uma enfermaria de hospital","description":"O clima nas enfermarias tornou-se igual ao das pris\u00f5es, com armas expostas, prontas a disparar. Os rev\u00f3lveres e fuzis se misturavam aos ingredientes hospitalares","robots":{"index":"index","follow":"follow","max-snippet":"max-snippet:-1","max-image-preview":"max-image-preview:large","max-video-preview":"max-video-preview:-1"},"canonical":"https:\/\/www.ronaldocorreiadebrito.com.br\/site2\/2017\/07\/cronica-tirada-de-uma-enfermaria-de-hospital\/","og_locale":"pt_BR","og_type":"article","og_title":"Cr\u00f4nica tirada de uma enfermaria de hospital","og_description":"O clima nas enfermarias tornou-se igual ao das pris\u00f5es, com armas expostas, prontas a disparar. Os rev\u00f3lveres e fuzis se misturavam aos ingredientes hospitalares","og_url":"https:\/\/www.ronaldocorreiadebrito.com.br\/site2\/2017\/07\/cronica-tirada-de-uma-enfermaria-de-hospital\/","og_site_name":"Ronaldo Correia de Brito | site oficial","article_publisher":"https:\/\/www.facebook.com\/ronaldocorreiadebrito.oficial","article_published_time":"2017-07-05T19:08:11+00:00","og_image":[{"width":800,"height":460,"url":"https:\/\/www.ronaldocorreiadebrito.com.br\/site2\/wp-content\/uploads\/2017\/07\/entremez_A.jpg","type":"image\/jpeg"}],"author":"admin","twitter_card":"summary_large_image","twitter_misc":{"Escrito por":"admin","Est. tempo de leitura":"5 minutos"},"schema":{"@context":"https:\/\/schema.org","@graph":[{"@type":"Article","@id":"https:\/\/www.ronaldocorreiadebrito.com.br\/site2\/2017\/07\/cronica-tirada-de-uma-enfermaria-de-hospital\/#article","isPartOf":{"@id":"https:\/\/www.ronaldocorreiadebrito.com.br\/site2\/2017\/07\/cronica-tirada-de-uma-enfermaria-de-hospital\/"},"author":{"name":"admin","@id":"https:\/\/www.ronaldocorreiadebrito.com.br\/site2\/#\/schema\/person\/99a164d0eaaff7f78b11899bc7d5e7c9"},"headline":"Cr\u00f4nica tirada de uma enfermaria de hospital","datePublished":"2017-07-05T19:08:11+00:00","mainEntityOfPage":{"@id":"https:\/\/www.ronaldocorreiadebrito.com.br\/site2\/2017\/07\/cronica-tirada-de-uma-enfermaria-de-hospital\/"},"wordCount":1042,"commentCount":0,"image":{"@id":"https:\/\/www.ronaldocorreiadebrito.com.br\/site2\/2017\/07\/cronica-tirada-de-uma-enfermaria-de-hospital\/#primaryimage"},"thumbnailUrl":"https:\/\/www.ronaldocorreiadebrito.com.br\/site2\/wp-content\/uploads\/2017\/07\/entremez_A.jpg","articleSection":["Blog","Slider"],"inLanguage":"pt-BR","potentialAction":[{"@type":"CommentAction","name":"Comment","target":["https:\/\/www.ronaldocorreiadebrito.com.br\/site2\/2017\/07\/cronica-tirada-de-uma-enfermaria-de-hospital\/#respond"]}]},{"@type":"WebPage","@id":"https:\/\/www.ronaldocorreiadebrito.com.br\/site2\/2017\/07\/cronica-tirada-de-uma-enfermaria-de-hospital\/","url":"https:\/\/www.ronaldocorreiadebrito.com.br\/site2\/2017\/07\/cronica-tirada-de-uma-enfermaria-de-hospital\/","name":"Cr\u00f4nica tirada de uma enfermaria de hospital","isPartOf":{"@id":"https:\/\/www.ronaldocorreiadebrito.com.br\/site2\/#website"},"primaryImageOfPage":{"@id":"https:\/\/www.ronaldocorreiadebrito.com.br\/site2\/2017\/07\/cronica-tirada-de-uma-enfermaria-de-hospital\/#primaryimage"},"image":{"@id":"https:\/\/www.ronaldocorreiadebrito.com.br\/site2\/2017\/07\/cronica-tirada-de-uma-enfermaria-de-hospital\/#primaryimage"},"thumbnailUrl":"https:\/\/www.ronaldocorreiadebrito.com.br\/site2\/wp-content\/uploads\/2017\/07\/entremez_A.jpg","datePublished":"2017-07-05T19:08:11+00:00","author":{"@id":"https:\/\/www.ronaldocorreiadebrito.com.br\/site2\/#\/schema\/person\/99a164d0eaaff7f78b11899bc7d5e7c9"},"description":"O clima nas enfermarias tornou-se igual ao das pris\u00f5es, com armas expostas, prontas a disparar. Os rev\u00f3lveres e fuzis se misturavam aos ingredientes hospitalares","breadcrumb":{"@id":"https:\/\/www.ronaldocorreiadebrito.com.br\/site2\/2017\/07\/cronica-tirada-de-uma-enfermaria-de-hospital\/#breadcrumb"},"inLanguage":"pt-BR","potentialAction":[{"@type":"ReadAction","target":["https:\/\/www.ronaldocorreiadebrito.com.br\/site2\/2017\/07\/cronica-tirada-de-uma-enfermaria-de-hospital\/"]}]},{"@type":"ImageObject","inLanguage":"pt-BR","@id":"https:\/\/www.ronaldocorreiadebrito.com.br\/site2\/2017\/07\/cronica-tirada-de-uma-enfermaria-de-hospital\/#primaryimage","url":"https:\/\/www.ronaldocorreiadebrito.com.br\/site2\/wp-content\/uploads\/2017\/07\/entremez_A.jpg","contentUrl":"https:\/\/www.ronaldocorreiadebrito.com.br\/site2\/wp-content\/uploads\/2017\/07\/entremez_A.jpg","width":800,"height":460,"caption":"Ilustra\u00e7\u00e3o: Maria Julia Moreira"},{"@type":"BreadcrumbList","@id":"https:\/\/www.ronaldocorreiadebrito.com.br\/site2\/2017\/07\/cronica-tirada-de-uma-enfermaria-de-hospital\/#breadcrumb","itemListElement":[{"@type":"ListItem","position":1,"name":"In\u00edcio","item":"https:\/\/www.ronaldocorreiadebrito.com.br\/site2\/"},{"@type":"ListItem","position":2,"name":"Cr\u00f4nica tirada de uma enfermaria de hospital"}]},{"@type":"WebSite","@id":"https:\/\/www.ronaldocorreiadebrito.com.br\/site2\/#website","url":"https:\/\/www.ronaldocorreiadebrito.com.br\/site2\/","name":"Ronaldo Correia de Brito | site oficial","description":"Site oficial do escritor Ronaldo Correia de Brito","potentialAction":[{"@type":"SearchAction","target":{"@type":"EntryPoint","urlTemplate":"https:\/\/www.ronaldocorreiadebrito.com.br\/site2\/?s={search_term_string}"},"query-input":{"@type":"PropertyValueSpecification","valueRequired":true,"valueName":"search_term_string"}}],"inLanguage":"pt-BR"},{"@type":"Person","@id":"https:\/\/www.ronaldocorreiadebrito.com.br\/site2\/#\/schema\/person\/99a164d0eaaff7f78b11899bc7d5e7c9","name":"admin","url":"https:\/\/www.ronaldocorreiadebrito.com.br\/site2\/author\/admin\/"}]}},"wps_subtitle":"","_links":{"self":[{"href":"https:\/\/www.ronaldocorreiadebrito.com.br\/site2\/wp-json\/wp\/v2\/posts\/875","targetHints":{"allow":["GET"]}}],"collection":[{"href":"https:\/\/www.ronaldocorreiadebrito.com.br\/site2\/wp-json\/wp\/v2\/posts"}],"about":[{"href":"https:\/\/www.ronaldocorreiadebrito.com.br\/site2\/wp-json\/wp\/v2\/types\/post"}],"author":[{"embeddable":true,"href":"https:\/\/www.ronaldocorreiadebrito.com.br\/site2\/wp-json\/wp\/v2\/users\/1"}],"replies":[{"embeddable":true,"href":"https:\/\/www.ronaldocorreiadebrito.com.br\/site2\/wp-json\/wp\/v2\/comments?post=875"}],"version-history":[{"count":0,"href":"https:\/\/www.ronaldocorreiadebrito.com.br\/site2\/wp-json\/wp\/v2\/posts\/875\/revisions"}],"wp:featuredmedia":[{"embeddable":true,"href":"https:\/\/www.ronaldocorreiadebrito.com.br\/site2\/wp-json\/wp\/v2\/media\/876"}],"wp:attachment":[{"href":"https:\/\/www.ronaldocorreiadebrito.com.br\/site2\/wp-json\/wp\/v2\/media?parent=875"}],"wp:term":[{"taxonomy":"category","embeddable":true,"href":"https:\/\/www.ronaldocorreiadebrito.com.br\/site2\/wp-json\/wp\/v2\/categories?post=875"},{"taxonomy":"post_tag","embeddable":true,"href":"https:\/\/www.ronaldocorreiadebrito.com.br\/site2\/wp-json\/wp\/v2\/tags?post=875"}],"curies":[{"name":"wp","href":"https:\/\/api.w.org\/{rel}","templated":true}]}}