{"id":872,"date":"2017-06-28T16:30:51","date_gmt":"2017-06-28T19:30:51","guid":{"rendered":"http:\/\/www.ronaldocorreiadebrito.com.br\/site2\/?p=872"},"modified":"2017-06-29T14:29:22","modified_gmt":"2017-06-29T17:29:22","slug":"nem-tanto-deus-nem-tanto-ao-diabo","status":"publish","type":"post","link":"https:\/\/www.ronaldocorreiadebrito.com.br\/site2\/2017\/06\/nem-tanto-deus-nem-tanto-ao-diabo\/","title":{"rendered":"Nem tanto a Deus, nem tanto ao Diabo"},"content":{"rendered":"<div class=\"_2cuy _3dgx _2vxa\">Entre os noventa alunos que participam da conversa com o escritor, um parece exceder a inquieta\u00e7\u00e3o comum aos adolescentes: agita-se na cadeira, faz pose de quem vai abandonar a sala, olha o convidado com jeito amea\u00e7ador. Alguns estudantes pedem ao palestrante que leia contos do livro estudado em classe. Ele escolhe uma narrativa ao acaso, sobre um metrossexual de h\u00e1bitos perversos. Os rapazes e as mo\u00e7as riem, mas o jovem hostil quase pula do assento. O conto seguinte narra o processo de encantamento de uma pessoa, a transforma\u00e7\u00e3o em lobisomem. Um fr\u00eamito percorre a sala, a garotada ri, aplaude ao final da leitura.<\/div>\n<div><\/div>\n<div class=\"_2cuy _3dgx _2vxa\">Duas horas passaram, os alunos se despedem na biblioteca improvisada em audit\u00f3rio, fazem fila para cumprimentar o palestrante. Chega a vez do rapaz inquieto. Ele entrega um impresso igual aos que distribuem nos sinais de tr\u00e2nsito e nas enfermarias dos hospitais: &#8220;Jesus Cristo \u00e9 a salva\u00e7\u00e3o&#8221;, proclama o panfleto. O escritor recebe o papel e compreende a recusa do jovem aluno \u00e0 sua fala, aos seus contos e ensinamentos. No retorno ao hotel, pensa que o mais justo teria sido perguntar aos alunos se desejavam ouvi-lo. Um professor informou-o que a atividade liter\u00e1ria n\u00e3o era obrigat\u00f3ria no col\u00e9gio e o rapaz poderia ter optado por n\u00e3o comparecer \u00e0 biblioteca. E se o conte\u00fado estudado entrasse nas quest\u00f5es das provas escritas? Isso criaria uma obrigatoriedade?<\/div>\n<div><\/div>\n<div class=\"_2cuy _3dgx _2vxa\">O jovem indignado era membro de uma igreja evang\u00e9lica, um dos milh\u00f5es que l\u00eaem a <a class=\"_2u0z\" href=\"https:\/\/www.facebook.com\/pages\/B%C3%ADblia\/103136349727185\" data-hovercard=\"\/ajax\/hovercard\/page.php?id=103136349727185\" data-hovercard-prefer-more-content-show=\"1\">B\u00edblia<\/a> e recusam outras formas de conhecimento. Ele p\u00f5e em cheque os programas did\u00e1ticos das escolas p\u00fablicas e privadas. Algumas igrejas pro\u00edbem a leitura de qualquer livro que n\u00e3o seja a Hist\u00f3ria Sagrada, pro\u00edbem cinema, televis\u00e3o e participar das festas do calend\u00e1rio brasileiro. Nem d\u00e1 para sugerir a essas pessoas o romance <a class=\"_2u0z\" href=\"https:\/\/www.facebook.com\/pages\/Lavoura-Arcaica\/108320805854852\" data-hovercard=\"\/ajax\/hovercard\/page.php?id=108320805854852\" data-hovercard-prefer-more-content-show=\"1\"><span class=\"_4yxp\">Lavoura Arcaica<\/span><\/a>, o filme <a class=\"_2u0z\" href=\"https:\/\/www.facebook.com\/ValeuBoi\/\" data-hovercard=\"\/ajax\/hovercard\/page.php?id=146310212102664\" data-hovercard-prefer-more-content-show=\"1\"><span class=\"_4yxp\">Boi Neon,<\/span><\/a>\u00a0ou assistir um document\u00e1rio na televis\u00e3o. O escritor perdeu o sono refletindo sobre as dificuldades em educar as pessoas num pa\u00eds com tanta diversidade religiosa, \u00e9tnica, cultural, econ\u00f4mica e social. At\u00e9 onde vai o poder do Estado em normatizar o ensino? E as igrejas, qual o poder delas al\u00e9m de eleger pol\u00edticos?<\/div>\n<div><\/div>\n<div class=\"_2cuy _3dgx _2vxa\">A recusa ao conhecimento, mesmo cient\u00edfico, \u00e9 frequente nas seitas religiosas. Como avan\u00e7aremos na educa\u00e7\u00e3o e na cultura, se o ato de ler \u00e9 demonizado? H\u00e1 uma atitude fundamentalista nessa recusa. O mesmo fundamentalismo do consumo desenfreado, absorvendo sem discernimento nem controle os subprodutos da m\u00eddia. A infec\u00e7\u00e3o dos membros da segunda seita me parece igualmente calamitosa, o v\u00edrus circula por todas as classes sociais, \u00e9 de alto poder de cont\u00e1gio e torna as pessoas arrogantes da ignor\u00e2ncia, a mesma arrog\u00e2ncia dos que se dizem investidos na Palavra.<\/div>\n<div><\/div>\n<div class=\"_2cuy _3dgx _2vxa\">Nenhum vidente imaginou que as religi\u00f5es ainda ocupariam pauta no terceiro mil\u00eanio. Mas elas est\u00e3o fortes como na Idade M\u00e9dia, em cruzadas modernas, fogueiras simb\u00f3licas, <a class=\"_58cn\" href=\"https:\/\/www.facebook.com\/hashtag\/fundamentalismo?source=note\" target=\"_blank\" rel=\"noopener\" data-ft=\"{&quot;tn&quot;:&quot;*N&quot;,&quot;type&quot;:104}\">#fundamentalismo<\/a>, <a class=\"_58cn\" href=\"https:\/\/www.facebook.com\/hashtag\/ortodoxia?source=note\" target=\"_blank\" rel=\"noopener\" data-ft=\"{&quot;tn&quot;:&quot;*N&quot;,&quot;type&quot;:104}\">#ortodoxia<\/a>, <a class=\"_58cn\" href=\"https:\/\/www.facebook.com\/hashtag\/culto?source=note\" target=\"_blank\" rel=\"noopener\" data-ft=\"{&quot;tn&quot;:&quot;*N&quot;,&quot;type&quot;:104}\">#culto<\/a> <a class=\"_58cn\" href=\"https:\/\/www.facebook.com\/hashtag\/hedonista?source=note\" target=\"_blank\" rel=\"noopener\" data-ft=\"{&quot;tn&quot;:&quot;*N&quot;,&quot;type&quot;:104}\">#hedonista<\/a>. Na Fran\u00e7a e no Brasil, no Iran e em Israel, no mundo mais plastificado. Variam apenas os \u00edcones. Reimprimiram gravuras da luta entre o bem e o mal, deus e o diabo. E os links entre Igreja e Estado causam os desacertos de sempre, a n\u00e1usea na educa\u00e7\u00e3o e na cultura.<\/div>\n","protected":false},"excerpt":{"rendered":"<p>Entre os noventa alunos que participam da conversa com o escritor, um parece exceder a inquieta\u00e7\u00e3o comum aos adolescentes: agita-se na cadeira, faz pose de quem vai abandonar a sala, olha o convidado com jeito amea\u00e7ador. Alguns estudantes pedem ao palestrante que leia contos do&#8230;<\/p>\n","protected":false},"author":1,"featured_media":873,"comment_status":"open","ping_status":"closed","sticky":false,"template":"","format":"standard","meta":{"sfsi_plus_gutenberg_text_before_share":"","sfsi_plus_gutenberg_show_text_before_share":"","sfsi_plus_gutenberg_icon_type":"","sfsi_plus_gutenberg_icon_alignemt":"","sfsi_plus_gutenburg_max_per_row":"","footnotes":""},"categories":[8,46,45],"tags":[],"class_list":["post-872","post","type-post","status-publish","format-standard","has-post-thumbnail","hentry","category-blog","category-links","category-slider"],"yoast_head":"<!-- This site is optimized with the Yoast SEO plugin v27.5 - https:\/\/yoast.com\/product\/yoast-seo-wordpress\/ -->\n<title>Nem tanto a Deus, nem tanto ao Diabo | Ronaldo Correia de Brito | site oficial<\/title>\n<meta name=\"robots\" content=\"index, follow, max-snippet:-1, max-image-preview:large, max-video-preview:-1\" \/>\n<link rel=\"canonical\" href=\"https:\/\/www.ronaldocorreiadebrito.com.br\/site2\/2017\/06\/nem-tanto-deus-nem-tanto-ao-diabo\/\" \/>\n<meta property=\"og:locale\" content=\"pt_BR\" \/>\n<meta property=\"og:type\" content=\"article\" \/>\n<meta property=\"og:title\" content=\"Nem tanto a Deus, nem tanto ao Diabo | Ronaldo Correia de Brito | site oficial\" \/>\n<meta property=\"og:description\" content=\"Entre os noventa alunos que participam da conversa com o escritor, um parece exceder a inquieta\u00e7\u00e3o comum aos adolescentes: agita-se na cadeira, faz pose de quem vai abandonar a sala, olha o convidado com jeito amea\u00e7ador. Alguns estudantes pedem ao palestrante que leia contos do...\" \/>\n<meta property=\"og:url\" content=\"https:\/\/www.ronaldocorreiadebrito.com.br\/site2\/2017\/06\/nem-tanto-deus-nem-tanto-ao-diabo\/\" \/>\n<meta property=\"og:site_name\" content=\"Ronaldo Correia de Brito | site oficial\" \/>\n<meta property=\"article:publisher\" content=\"https:\/\/www.facebook.com\/ronaldocorreiadebrito.oficial\" \/>\n<meta property=\"article:published_time\" content=\"2017-06-28T19:30:51+00:00\" \/>\n<meta property=\"article:modified_time\" content=\"2017-06-29T17:29:22+00:00\" \/>\n<meta property=\"og:image\" content=\"https:\/\/www.ronaldocorreiadebrito.com.br\/site2\/wp-content\/uploads\/2017\/06\/Fanatic-RCB.jpg\" \/>\n\t<meta property=\"og:image:width\" content=\"2560\" \/>\n\t<meta property=\"og:image:height\" content=\"1707\" \/>\n\t<meta property=\"og:image:type\" content=\"image\/jpeg\" \/>\n<meta name=\"author\" content=\"admin\" \/>\n<meta name=\"twitter:card\" content=\"summary_large_image\" \/>\n<meta name=\"twitter:label1\" content=\"Escrito por\" \/>\n\t<meta name=\"twitter:data1\" content=\"admin\" \/>\n\t<meta name=\"twitter:label2\" content=\"Est. tempo de leitura\" \/>\n\t<meta name=\"twitter:data2\" content=\"3 minutos\" \/>\n<script type=\"application\/ld+json\" class=\"yoast-schema-graph\">{\"@context\":\"https:\\\/\\\/schema.org\",\"@graph\":[{\"@type\":\"Article\",\"@id\":\"https:\\\/\\\/www.ronaldocorreiadebrito.com.br\\\/site2\\\/2017\\\/06\\\/nem-tanto-deus-nem-tanto-ao-diabo\\\/#article\",\"isPartOf\":{\"@id\":\"https:\\\/\\\/www.ronaldocorreiadebrito.com.br\\\/site2\\\/2017\\\/06\\\/nem-tanto-deus-nem-tanto-ao-diabo\\\/\"},\"author\":{\"name\":\"admin\",\"@id\":\"https:\\\/\\\/www.ronaldocorreiadebrito.com.br\\\/site2\\\/#\\\/schema\\\/person\\\/99a164d0eaaff7f78b11899bc7d5e7c9\"},\"headline\":\"Nem tanto a Deus, nem tanto ao Diabo\",\"datePublished\":\"2017-06-28T19:30:51+00:00\",\"dateModified\":\"2017-06-29T17:29:22+00:00\",\"mainEntityOfPage\":{\"@id\":\"https:\\\/\\\/www.ronaldocorreiadebrito.com.br\\\/site2\\\/2017\\\/06\\\/nem-tanto-deus-nem-tanto-ao-diabo\\\/\"},\"wordCount\":574,\"commentCount\":0,\"image\":{\"@id\":\"https:\\\/\\\/www.ronaldocorreiadebrito.com.br\\\/site2\\\/2017\\\/06\\\/nem-tanto-deus-nem-tanto-ao-diabo\\\/#primaryimage\"},\"thumbnailUrl\":\"https:\\\/\\\/www.ronaldocorreiadebrito.com.br\\\/site2\\\/wp-content\\\/uploads\\\/2017\\\/06\\\/Fanatic-RCB.jpg\",\"articleSection\":[\"Blog\",\"Links\",\"Slider\"],\"inLanguage\":\"pt-BR\",\"potentialAction\":[{\"@type\":\"CommentAction\",\"name\":\"Comment\",\"target\":[\"https:\\\/\\\/www.ronaldocorreiadebrito.com.br\\\/site2\\\/2017\\\/06\\\/nem-tanto-deus-nem-tanto-ao-diabo\\\/#respond\"]}]},{\"@type\":\"WebPage\",\"@id\":\"https:\\\/\\\/www.ronaldocorreiadebrito.com.br\\\/site2\\\/2017\\\/06\\\/nem-tanto-deus-nem-tanto-ao-diabo\\\/\",\"url\":\"https:\\\/\\\/www.ronaldocorreiadebrito.com.br\\\/site2\\\/2017\\\/06\\\/nem-tanto-deus-nem-tanto-ao-diabo\\\/\",\"name\":\"Nem tanto a Deus, nem tanto ao Diabo | Ronaldo Correia de Brito | site oficial\",\"isPartOf\":{\"@id\":\"https:\\\/\\\/www.ronaldocorreiadebrito.com.br\\\/site2\\\/#website\"},\"primaryImageOfPage\":{\"@id\":\"https:\\\/\\\/www.ronaldocorreiadebrito.com.br\\\/site2\\\/2017\\\/06\\\/nem-tanto-deus-nem-tanto-ao-diabo\\\/#primaryimage\"},\"image\":{\"@id\":\"https:\\\/\\\/www.ronaldocorreiadebrito.com.br\\\/site2\\\/2017\\\/06\\\/nem-tanto-deus-nem-tanto-ao-diabo\\\/#primaryimage\"},\"thumbnailUrl\":\"https:\\\/\\\/www.ronaldocorreiadebrito.com.br\\\/site2\\\/wp-content\\\/uploads\\\/2017\\\/06\\\/Fanatic-RCB.jpg\",\"datePublished\":\"2017-06-28T19:30:51+00:00\",\"dateModified\":\"2017-06-29T17:29:22+00:00\",\"author\":{\"@id\":\"https:\\\/\\\/www.ronaldocorreiadebrito.com.br\\\/site2\\\/#\\\/schema\\\/person\\\/99a164d0eaaff7f78b11899bc7d5e7c9\"},\"breadcrumb\":{\"@id\":\"https:\\\/\\\/www.ronaldocorreiadebrito.com.br\\\/site2\\\/2017\\\/06\\\/nem-tanto-deus-nem-tanto-ao-diabo\\\/#breadcrumb\"},\"inLanguage\":\"pt-BR\",\"potentialAction\":[{\"@type\":\"ReadAction\",\"target\":[\"https:\\\/\\\/www.ronaldocorreiadebrito.com.br\\\/site2\\\/2017\\\/06\\\/nem-tanto-deus-nem-tanto-ao-diabo\\\/\"]}]},{\"@type\":\"ImageObject\",\"inLanguage\":\"pt-BR\",\"@id\":\"https:\\\/\\\/www.ronaldocorreiadebrito.com.br\\\/site2\\\/2017\\\/06\\\/nem-tanto-deus-nem-tanto-ao-diabo\\\/#primaryimage\",\"url\":\"https:\\\/\\\/www.ronaldocorreiadebrito.com.br\\\/site2\\\/wp-content\\\/uploads\\\/2017\\\/06\\\/Fanatic-RCB.jpg\",\"contentUrl\":\"https:\\\/\\\/www.ronaldocorreiadebrito.com.br\\\/site2\\\/wp-content\\\/uploads\\\/2017\\\/06\\\/Fanatic-RCB.jpg\",\"width\":2560,\"height\":1707},{\"@type\":\"BreadcrumbList\",\"@id\":\"https:\\\/\\\/www.ronaldocorreiadebrito.com.br\\\/site2\\\/2017\\\/06\\\/nem-tanto-deus-nem-tanto-ao-diabo\\\/#breadcrumb\",\"itemListElement\":[{\"@type\":\"ListItem\",\"position\":1,\"name\":\"In\u00edcio\",\"item\":\"https:\\\/\\\/www.ronaldocorreiadebrito.com.br\\\/site2\\\/\"},{\"@type\":\"ListItem\",\"position\":2,\"name\":\"Nem tanto a Deus, nem tanto ao Diabo\"}]},{\"@type\":\"WebSite\",\"@id\":\"https:\\\/\\\/www.ronaldocorreiadebrito.com.br\\\/site2\\\/#website\",\"url\":\"https:\\\/\\\/www.ronaldocorreiadebrito.com.br\\\/site2\\\/\",\"name\":\"Ronaldo Correia de Brito | site oficial\",\"description\":\"Site oficial do escritor Ronaldo Correia de Brito\",\"potentialAction\":[{\"@type\":\"SearchAction\",\"target\":{\"@type\":\"EntryPoint\",\"urlTemplate\":\"https:\\\/\\\/www.ronaldocorreiadebrito.com.br\\\/site2\\\/?s={search_term_string}\"},\"query-input\":{\"@type\":\"PropertyValueSpecification\",\"valueRequired\":true,\"valueName\":\"search_term_string\"}}],\"inLanguage\":\"pt-BR\"},{\"@type\":\"Person\",\"@id\":\"https:\\\/\\\/www.ronaldocorreiadebrito.com.br\\\/site2\\\/#\\\/schema\\\/person\\\/99a164d0eaaff7f78b11899bc7d5e7c9\",\"name\":\"admin\",\"url\":\"https:\\\/\\\/www.ronaldocorreiadebrito.com.br\\\/site2\\\/author\\\/admin\\\/\"}]}<\/script>\n<!-- \/ Yoast SEO plugin. -->","yoast_head_json":{"title":"Nem tanto a Deus, nem tanto ao Diabo | Ronaldo Correia de Brito | site oficial","robots":{"index":"index","follow":"follow","max-snippet":"max-snippet:-1","max-image-preview":"max-image-preview:large","max-video-preview":"max-video-preview:-1"},"canonical":"https:\/\/www.ronaldocorreiadebrito.com.br\/site2\/2017\/06\/nem-tanto-deus-nem-tanto-ao-diabo\/","og_locale":"pt_BR","og_type":"article","og_title":"Nem tanto a Deus, nem tanto ao Diabo | Ronaldo Correia de Brito | site oficial","og_description":"Entre os noventa alunos que participam da conversa com o escritor, um parece exceder a inquieta\u00e7\u00e3o comum aos adolescentes: agita-se na cadeira, faz pose de quem vai abandonar a sala, olha o convidado com jeito amea\u00e7ador. Alguns estudantes pedem ao palestrante que leia contos do...","og_url":"https:\/\/www.ronaldocorreiadebrito.com.br\/site2\/2017\/06\/nem-tanto-deus-nem-tanto-ao-diabo\/","og_site_name":"Ronaldo Correia de Brito | site oficial","article_publisher":"https:\/\/www.facebook.com\/ronaldocorreiadebrito.oficial","article_published_time":"2017-06-28T19:30:51+00:00","article_modified_time":"2017-06-29T17:29:22+00:00","og_image":[{"width":2560,"height":1707,"url":"https:\/\/www.ronaldocorreiadebrito.com.br\/site2\/wp-content\/uploads\/2017\/06\/Fanatic-RCB.jpg","type":"image\/jpeg"}],"author":"admin","twitter_card":"summary_large_image","twitter_misc":{"Escrito por":"admin","Est. tempo de leitura":"3 minutos"},"schema":{"@context":"https:\/\/schema.org","@graph":[{"@type":"Article","@id":"https:\/\/www.ronaldocorreiadebrito.com.br\/site2\/2017\/06\/nem-tanto-deus-nem-tanto-ao-diabo\/#article","isPartOf":{"@id":"https:\/\/www.ronaldocorreiadebrito.com.br\/site2\/2017\/06\/nem-tanto-deus-nem-tanto-ao-diabo\/"},"author":{"name":"admin","@id":"https:\/\/www.ronaldocorreiadebrito.com.br\/site2\/#\/schema\/person\/99a164d0eaaff7f78b11899bc7d5e7c9"},"headline":"Nem tanto a Deus, nem tanto ao Diabo","datePublished":"2017-06-28T19:30:51+00:00","dateModified":"2017-06-29T17:29:22+00:00","mainEntityOfPage":{"@id":"https:\/\/www.ronaldocorreiadebrito.com.br\/site2\/2017\/06\/nem-tanto-deus-nem-tanto-ao-diabo\/"},"wordCount":574,"commentCount":0,"image":{"@id":"https:\/\/www.ronaldocorreiadebrito.com.br\/site2\/2017\/06\/nem-tanto-deus-nem-tanto-ao-diabo\/#primaryimage"},"thumbnailUrl":"https:\/\/www.ronaldocorreiadebrito.com.br\/site2\/wp-content\/uploads\/2017\/06\/Fanatic-RCB.jpg","articleSection":["Blog","Links","Slider"],"inLanguage":"pt-BR","potentialAction":[{"@type":"CommentAction","name":"Comment","target":["https:\/\/www.ronaldocorreiadebrito.com.br\/site2\/2017\/06\/nem-tanto-deus-nem-tanto-ao-diabo\/#respond"]}]},{"@type":"WebPage","@id":"https:\/\/www.ronaldocorreiadebrito.com.br\/site2\/2017\/06\/nem-tanto-deus-nem-tanto-ao-diabo\/","url":"https:\/\/www.ronaldocorreiadebrito.com.br\/site2\/2017\/06\/nem-tanto-deus-nem-tanto-ao-diabo\/","name":"Nem tanto a Deus, nem tanto ao Diabo | Ronaldo Correia de Brito | site oficial","isPartOf":{"@id":"https:\/\/www.ronaldocorreiadebrito.com.br\/site2\/#website"},"primaryImageOfPage":{"@id":"https:\/\/www.ronaldocorreiadebrito.com.br\/site2\/2017\/06\/nem-tanto-deus-nem-tanto-ao-diabo\/#primaryimage"},"image":{"@id":"https:\/\/www.ronaldocorreiadebrito.com.br\/site2\/2017\/06\/nem-tanto-deus-nem-tanto-ao-diabo\/#primaryimage"},"thumbnailUrl":"https:\/\/www.ronaldocorreiadebrito.com.br\/site2\/wp-content\/uploads\/2017\/06\/Fanatic-RCB.jpg","datePublished":"2017-06-28T19:30:51+00:00","dateModified":"2017-06-29T17:29:22+00:00","author":{"@id":"https:\/\/www.ronaldocorreiadebrito.com.br\/site2\/#\/schema\/person\/99a164d0eaaff7f78b11899bc7d5e7c9"},"breadcrumb":{"@id":"https:\/\/www.ronaldocorreiadebrito.com.br\/site2\/2017\/06\/nem-tanto-deus-nem-tanto-ao-diabo\/#breadcrumb"},"inLanguage":"pt-BR","potentialAction":[{"@type":"ReadAction","target":["https:\/\/www.ronaldocorreiadebrito.com.br\/site2\/2017\/06\/nem-tanto-deus-nem-tanto-ao-diabo\/"]}]},{"@type":"ImageObject","inLanguage":"pt-BR","@id":"https:\/\/www.ronaldocorreiadebrito.com.br\/site2\/2017\/06\/nem-tanto-deus-nem-tanto-ao-diabo\/#primaryimage","url":"https:\/\/www.ronaldocorreiadebrito.com.br\/site2\/wp-content\/uploads\/2017\/06\/Fanatic-RCB.jpg","contentUrl":"https:\/\/www.ronaldocorreiadebrito.com.br\/site2\/wp-content\/uploads\/2017\/06\/Fanatic-RCB.jpg","width":2560,"height":1707},{"@type":"BreadcrumbList","@id":"https:\/\/www.ronaldocorreiadebrito.com.br\/site2\/2017\/06\/nem-tanto-deus-nem-tanto-ao-diabo\/#breadcrumb","itemListElement":[{"@type":"ListItem","position":1,"name":"In\u00edcio","item":"https:\/\/www.ronaldocorreiadebrito.com.br\/site2\/"},{"@type":"ListItem","position":2,"name":"Nem tanto a Deus, nem tanto ao Diabo"}]},{"@type":"WebSite","@id":"https:\/\/www.ronaldocorreiadebrito.com.br\/site2\/#website","url":"https:\/\/www.ronaldocorreiadebrito.com.br\/site2\/","name":"Ronaldo Correia de Brito | site oficial","description":"Site oficial do escritor Ronaldo Correia de Brito","potentialAction":[{"@type":"SearchAction","target":{"@type":"EntryPoint","urlTemplate":"https:\/\/www.ronaldocorreiadebrito.com.br\/site2\/?s={search_term_string}"},"query-input":{"@type":"PropertyValueSpecification","valueRequired":true,"valueName":"search_term_string"}}],"inLanguage":"pt-BR"},{"@type":"Person","@id":"https:\/\/www.ronaldocorreiadebrito.com.br\/site2\/#\/schema\/person\/99a164d0eaaff7f78b11899bc7d5e7c9","name":"admin","url":"https:\/\/www.ronaldocorreiadebrito.com.br\/site2\/author\/admin\/"}]}},"wps_subtitle":"","_links":{"self":[{"href":"https:\/\/www.ronaldocorreiadebrito.com.br\/site2\/wp-json\/wp\/v2\/posts\/872","targetHints":{"allow":["GET"]}}],"collection":[{"href":"https:\/\/www.ronaldocorreiadebrito.com.br\/site2\/wp-json\/wp\/v2\/posts"}],"about":[{"href":"https:\/\/www.ronaldocorreiadebrito.com.br\/site2\/wp-json\/wp\/v2\/types\/post"}],"author":[{"embeddable":true,"href":"https:\/\/www.ronaldocorreiadebrito.com.br\/site2\/wp-json\/wp\/v2\/users\/1"}],"replies":[{"embeddable":true,"href":"https:\/\/www.ronaldocorreiadebrito.com.br\/site2\/wp-json\/wp\/v2\/comments?post=872"}],"version-history":[{"count":0,"href":"https:\/\/www.ronaldocorreiadebrito.com.br\/site2\/wp-json\/wp\/v2\/posts\/872\/revisions"}],"wp:featuredmedia":[{"embeddable":true,"href":"https:\/\/www.ronaldocorreiadebrito.com.br\/site2\/wp-json\/wp\/v2\/media\/873"}],"wp:attachment":[{"href":"https:\/\/www.ronaldocorreiadebrito.com.br\/site2\/wp-json\/wp\/v2\/media?parent=872"}],"wp:term":[{"taxonomy":"category","embeddable":true,"href":"https:\/\/www.ronaldocorreiadebrito.com.br\/site2\/wp-json\/wp\/v2\/categories?post=872"},{"taxonomy":"post_tag","embeddable":true,"href":"https:\/\/www.ronaldocorreiadebrito.com.br\/site2\/wp-json\/wp\/v2\/tags?post=872"}],"curies":[{"name":"wp","href":"https:\/\/api.w.org\/{rel}","templated":true}]}}