{"id":822,"date":"2017-04-19T10:28:40","date_gmt":"2017-04-19T13:28:40","guid":{"rendered":"http:\/\/www.ronaldocorreiadebrito.com.br\/site2\/?p=822"},"modified":"2017-04-19T10:28:40","modified_gmt":"2017-04-19T13:28:40","slug":"voce-esta-desempregado-curriculo-maracatu","status":"publish","type":"post","link":"https:\/\/www.ronaldocorreiadebrito.com.br\/site2\/2017\/04\/voce-esta-desempregado-curriculo-maracatu\/","title":{"rendered":"VOC\u00ca EST\u00c1 DESEMPREGADO? Funde um Maracatu!"},"content":{"rendered":"<p class=\"p1\">Voc\u00ea est\u00e1 desempregado, cansou de fazer <a href=\"https:\/\/www.concursosnobrasil.com.br\/\" target=\"_blank\">concurso<\/a> e deixar curr\u00edculo em empresa? Funde um <a href=\"https:\/\/pt.wikipedia.org\/wiki\/Maracatu_(ritmo)\" target=\"_blank\">Maracatu<\/a>!\u00a0 \u00c9 isso mesmo, voc\u00ea leu bem. Funde o seu maracatu, e depois me conte o lucro.<\/p>\n<p class=\"p5\"><span class=\"s1\"> Foi-se o tempo em que os <a href=\"https:\/\/pt.wikipedia.org\/wiki\/Maracatu_Na%C3%A7%C3%A3o\" target=\"_blank\">maracatus de baque virado<\/a> surgiam em comunidades negras de tradi\u00e7\u00e3o <a href=\"https:\/\/pt.wikipedia.org\/wiki\/Jeje-Nag%C3%B4\" target=\"_blank\">jeje e nag\u00f4<\/a>. Os nomes ainda hoje confirmam a origem dos cortejos: maracatu da na\u00e7\u00e3o Elefante, da na\u00e7\u00e3o Cambinda Estrela, da na\u00e7\u00e3o Porto Rico, da na\u00e7\u00e3o Le\u00e3o Coroado. Reis e rainhas de maracatus tradicionais, al\u00e9m de desfilarem no carnaval, praticavam o culto aos orix\u00e1s. As <a href=\"https:\/\/pt.wikipedia.org\/wiki\/Calunga_(boneca)\" target=\"_blank\">calungas,<\/a> aquelas bonecas carregadas pelas damas de passo, n\u00e3o eram meros adere\u00e7os. Muitos folcloristas negam, mas elas representavam fetiches das na\u00e7\u00f5es africanas, possu\u00edam atributos sobrenaturais e eram guardadas nos quartos dos santos, os pejis. <\/span><\/p>\n<p class=\"p4\"><span class=\"s1\">A classe m\u00e9dia que at\u00e9 poucos anos atr\u00e1s torcia o nariz para a religi\u00e3o e as brincadeiras de \u201cgentinha\u201d, e ainda hoje n\u00e3o sobe morro nem desce c\u00f3rrego para conhecer o batuque no seu ambiente natural, resolveu criar as c\u00f3pias dos maracatus \u2013 as estiliza\u00e7\u00f5es, como preferem chamar. Um fen\u00f4meno meramente comercial, sem v\u00ednculo profundo com a cultura, de qualidade est\u00e9tica duvidosa. Uma divers\u00e3o que rende dinheiro, n\u00e3o importa se a calunga \u00e9 apenas uma boneca de pl\u00e1stico, comprada numa loja de R$ 1,99. <\/span><\/p>\n<p class=\"p4\"><span class=\"s1\">A cultura popular serviu de inspira\u00e7\u00e3o aos m\u00fasicos eruditos no romantismo e em movimentos nacionalistas, como o russo. No Brasil, ela se manteve relativamente imune \u00e0s ditaduras, aos modismos, mas cambaleia aos bombardeios da m\u00eddia. Apesar dos temores de <a href=\"https:\/\/pt.wikipedia.org\/wiki\/M%C3%A1rio_de_Andrade\" target=\"_blank\">M\u00e1rio de Andrade<\/a> de que algumas brincadeiras desaparecessem, a cada dia surgem novos grupos de brincantes. N\u00e3o me acusem de querer a cultura popular estagnada. N\u00e3o serei como <a href=\"https:\/\/pt.wikipedia.org\/wiki\/Gilberto_Freyre\" target=\"_blank\">Gilberto Freyre<\/a>, que sugeriu manter-se um contingente da popula\u00e7\u00e3o analfabeta para n\u00e3o esgotar o celeiro de cria\u00e7\u00e3o. <\/span><\/p>\n<p class=\"p4\"><span class=\"s1\">Sempre haver\u00e1 transforma\u00e7\u00f5es positivas:<\/span> <span class=\"s1\">a m\u00fasica de maracatu tomou novos formatos no <a href=\"https:\/\/pt.wikipedia.org\/wiki\/Movimento_Armorial\" target=\"_blank\">Armorial<\/a>, no <a href=\"https:\/\/pt.wikipedia.org\/wiki\/Manguebeat\" target=\"_blank\">Mangue-beat<\/a>, e no <a href=\"https:\/\/pt.wikipedia.org\/wiki\/Cordel_do_Fogo_Encantado\" target=\"_blank\">Cordel do Fogo Encantado<\/a>. No batuque das na\u00e7\u00f5es tradicionais, surgiram as presen\u00e7as de mulheres, estrangeiros e brancos. Mas a grande transforma\u00e7\u00e3o \u00e9 a do brinquedo em empresa, em resposta a uma demanda de mercado. As na\u00e7\u00f5es mais antigas tamb\u00e9m quiseram auferir lucros, ganhar espa\u00e7os de apresenta\u00e7\u00e3o, fazer viagens pelo Brasil e exterior. Tudo o que os maracatus estilizados, na maioria de classe m\u00e9dia, conquistavam.<\/span><\/p>\n<p class=\"p4\"><span class=\"s1\">Um xam\u00e3 do Amazonas duvida dos poderes de cura de sua medicina, porque ela n\u00e3o rende dinheiro como a medicina do branco. Os maracatus nascidos nos terreiros agora viajam por Europa, Fran\u00e7a e Bahia, gravam cds, dvds, e cobram para se apresentar. Mestres que tocavam a rabeca e brincavam na folga dos servi\u00e7os pesados, correm atr\u00e1s do preju\u00edzo. Raciocinam assim: se a imita\u00e7\u00e3o ganha dinheiro, eu tamb\u00e9m quero ganhar. Fazem cursos de marketing empresarial e confec\u00e7\u00e3o de projetos. O nome brinquedo j\u00e1 n\u00e3o corresponde \u00e0 realidade. No seu lugar, empresa. Ao inv\u00e9s de brincante, artista, trabalhador. <\/span><\/p>\n<p class=\"p4\"><span class=\"s1\">E os maracatus, que se apresentavam apenas em ruas e terreiros das casas-grandes de engenho, hoje ocupam os palcos e os sal\u00f5es, fazendo a burguesia saracotear como qualquer baiana.<\/span><\/p>\n","protected":false},"excerpt":{"rendered":"<p>Voc\u00ea est\u00e1 desempregado, cansou de fazer concurso e deixar curr\u00edculo em empresa? Funde um Maracatu!\u00a0 \u00c9 isso mesmo, voc\u00ea leu bem. Funde o seu maracatu, e depois me conte o lucro. Foi-se o tempo em que os maracatus de baque virado surgiam em comunidades negras&#8230;<\/p>\n","protected":false},"author":1,"featured_media":823,"comment_status":"open","ping_status":"closed","sticky":false,"template":"","format":"standard","meta":{"sfsi_plus_gutenberg_text_before_share":"","sfsi_plus_gutenberg_show_text_before_share":"","sfsi_plus_gutenberg_icon_type":"","sfsi_plus_gutenberg_icon_alignemt":"","sfsi_plus_gutenburg_max_per_row":"","footnotes":""},"categories":[8,45],"tags":[],"class_list":["post-822","post","type-post","status-publish","format-standard","has-post-thumbnail","hentry","category-blog","category-slider"],"yoast_head":"<!-- This site is optimized with the Yoast SEO plugin v27.5 - https:\/\/yoast.com\/product\/yoast-seo-wordpress\/ -->\n<title>VOC\u00ca EST\u00c1 DESEMPREGADO? Funde um maracatu, curr\u00edculo | Ronaldo Correia de Brito<\/title>\n<meta name=\"description\" content=\"Voc\u00ea est\u00e1 desempregado, cansou de fazer concurso e deixar curr\u00edculo em empresa? Funde um Maracatu! \u00c9 isso mesmo, voc\u00ea leu bem. Funde o seu maracatu...\" \/>\n<meta name=\"robots\" content=\"index, follow, max-snippet:-1, max-image-preview:large, max-video-preview:-1\" \/>\n<link rel=\"canonical\" href=\"https:\/\/www.ronaldocorreiadebrito.com.br\/site2\/2017\/04\/voce-esta-desempregado-curriculo-maracatu\/\" \/>\n<meta property=\"og:locale\" content=\"pt_BR\" \/>\n<meta property=\"og:type\" content=\"article\" \/>\n<meta property=\"og:title\" content=\"VOC\u00ca EST\u00c1 DESEMPREGADO? Funde um maracatu, curr\u00edculo | Ronaldo Correia de Brito\" \/>\n<meta property=\"og:description\" content=\"Voc\u00ea est\u00e1 desempregado, cansou de fazer concurso e deixar curr\u00edculo em empresa? Funde um Maracatu! \u00c9 isso mesmo, voc\u00ea leu bem. Funde o seu maracatu...\" \/>\n<meta property=\"og:url\" content=\"https:\/\/www.ronaldocorreiadebrito.com.br\/site2\/2017\/04\/voce-esta-desempregado-curriculo-maracatu\/\" \/>\n<meta property=\"og:site_name\" content=\"Ronaldo Correia de Brito | site oficial\" \/>\n<meta property=\"article:publisher\" content=\"https:\/\/www.facebook.com\/ronaldocorreiadebrito.oficial\" \/>\n<meta property=\"article:published_time\" content=\"2017-04-19T13:28:40+00:00\" \/>\n<meta property=\"og:image\" content=\"https:\/\/www.ronaldocorreiadebrito.com.br\/site2\/wp-content\/uploads\/2017\/04\/maracatu-11.jpg\" \/>\n\t<meta property=\"og:image:width\" content=\"480\" \/>\n\t<meta property=\"og:image:height\" content=\"250\" \/>\n\t<meta property=\"og:image:type\" content=\"image\/jpeg\" \/>\n<meta name=\"author\" content=\"admin\" \/>\n<meta name=\"twitter:card\" content=\"summary_large_image\" \/>\n<meta name=\"twitter:label1\" content=\"Escrito por\" \/>\n\t<meta name=\"twitter:data1\" content=\"admin\" \/>\n\t<meta name=\"twitter:label2\" content=\"Est. tempo de leitura\" \/>\n\t<meta name=\"twitter:data2\" content=\"3 minutos\" \/>\n<script type=\"application\/ld+json\" class=\"yoast-schema-graph\">{\"@context\":\"https:\\\/\\\/schema.org\",\"@graph\":[{\"@type\":\"Article\",\"@id\":\"https:\\\/\\\/www.ronaldocorreiadebrito.com.br\\\/site2\\\/2017\\\/04\\\/voce-esta-desempregado-curriculo-maracatu\\\/#article\",\"isPartOf\":{\"@id\":\"https:\\\/\\\/www.ronaldocorreiadebrito.com.br\\\/site2\\\/2017\\\/04\\\/voce-esta-desempregado-curriculo-maracatu\\\/\"},\"author\":{\"name\":\"admin\",\"@id\":\"https:\\\/\\\/www.ronaldocorreiadebrito.com.br\\\/site2\\\/#\\\/schema\\\/person\\\/99a164d0eaaff7f78b11899bc7d5e7c9\"},\"headline\":\"VOC\u00ca EST\u00c1 DESEMPREGADO? Funde um Maracatu!\",\"datePublished\":\"2017-04-19T13:28:40+00:00\",\"mainEntityOfPage\":{\"@id\":\"https:\\\/\\\/www.ronaldocorreiadebrito.com.br\\\/site2\\\/2017\\\/04\\\/voce-esta-desempregado-curriculo-maracatu\\\/\"},\"wordCount\":556,\"commentCount\":0,\"image\":{\"@id\":\"https:\\\/\\\/www.ronaldocorreiadebrito.com.br\\\/site2\\\/2017\\\/04\\\/voce-esta-desempregado-curriculo-maracatu\\\/#primaryimage\"},\"thumbnailUrl\":\"https:\\\/\\\/www.ronaldocorreiadebrito.com.br\\\/site2\\\/wp-content\\\/uploads\\\/2017\\\/04\\\/maracatu-11.jpg\",\"articleSection\":[\"Blog\",\"Slider\"],\"inLanguage\":\"pt-BR\",\"potentialAction\":[{\"@type\":\"CommentAction\",\"name\":\"Comment\",\"target\":[\"https:\\\/\\\/www.ronaldocorreiadebrito.com.br\\\/site2\\\/2017\\\/04\\\/voce-esta-desempregado-curriculo-maracatu\\\/#respond\"]}]},{\"@type\":\"WebPage\",\"@id\":\"https:\\\/\\\/www.ronaldocorreiadebrito.com.br\\\/site2\\\/2017\\\/04\\\/voce-esta-desempregado-curriculo-maracatu\\\/\",\"url\":\"https:\\\/\\\/www.ronaldocorreiadebrito.com.br\\\/site2\\\/2017\\\/04\\\/voce-esta-desempregado-curriculo-maracatu\\\/\",\"name\":\"VOC\u00ca EST\u00c1 DESEMPREGADO? Funde um maracatu, curr\u00edculo | Ronaldo Correia de Brito\",\"isPartOf\":{\"@id\":\"https:\\\/\\\/www.ronaldocorreiadebrito.com.br\\\/site2\\\/#website\"},\"primaryImageOfPage\":{\"@id\":\"https:\\\/\\\/www.ronaldocorreiadebrito.com.br\\\/site2\\\/2017\\\/04\\\/voce-esta-desempregado-curriculo-maracatu\\\/#primaryimage\"},\"image\":{\"@id\":\"https:\\\/\\\/www.ronaldocorreiadebrito.com.br\\\/site2\\\/2017\\\/04\\\/voce-esta-desempregado-curriculo-maracatu\\\/#primaryimage\"},\"thumbnailUrl\":\"https:\\\/\\\/www.ronaldocorreiadebrito.com.br\\\/site2\\\/wp-content\\\/uploads\\\/2017\\\/04\\\/maracatu-11.jpg\",\"datePublished\":\"2017-04-19T13:28:40+00:00\",\"author\":{\"@id\":\"https:\\\/\\\/www.ronaldocorreiadebrito.com.br\\\/site2\\\/#\\\/schema\\\/person\\\/99a164d0eaaff7f78b11899bc7d5e7c9\"},\"description\":\"Voc\u00ea est\u00e1 desempregado, cansou de fazer concurso e deixar curr\u00edculo em empresa? Funde um Maracatu! \u00c9 isso mesmo, voc\u00ea leu bem. Funde o seu maracatu...\",\"breadcrumb\":{\"@id\":\"https:\\\/\\\/www.ronaldocorreiadebrito.com.br\\\/site2\\\/2017\\\/04\\\/voce-esta-desempregado-curriculo-maracatu\\\/#breadcrumb\"},\"inLanguage\":\"pt-BR\",\"potentialAction\":[{\"@type\":\"ReadAction\",\"target\":[\"https:\\\/\\\/www.ronaldocorreiadebrito.com.br\\\/site2\\\/2017\\\/04\\\/voce-esta-desempregado-curriculo-maracatu\\\/\"]}]},{\"@type\":\"ImageObject\",\"inLanguage\":\"pt-BR\",\"@id\":\"https:\\\/\\\/www.ronaldocorreiadebrito.com.br\\\/site2\\\/2017\\\/04\\\/voce-esta-desempregado-curriculo-maracatu\\\/#primaryimage\",\"url\":\"https:\\\/\\\/www.ronaldocorreiadebrito.com.br\\\/site2\\\/wp-content\\\/uploads\\\/2017\\\/04\\\/maracatu-11.jpg\",\"contentUrl\":\"https:\\\/\\\/www.ronaldocorreiadebrito.com.br\\\/site2\\\/wp-content\\\/uploads\\\/2017\\\/04\\\/maracatu-11.jpg\",\"width\":480,\"height\":250,\"caption\":\"Maracatu: \u00e9 um ritmo tradicional do nordeste do Brasil. Em Recife e Olinda no cora\u00e7\u00e3o de Pernambuco, desenvolve-se a mais de 400 anos da m\u00fasica e tradi\u00e7\u00e3o dos escravos provenientes da \u00c1frica na maioria no Congo da tribo de Nag\u00f4.\"},{\"@type\":\"BreadcrumbList\",\"@id\":\"https:\\\/\\\/www.ronaldocorreiadebrito.com.br\\\/site2\\\/2017\\\/04\\\/voce-esta-desempregado-curriculo-maracatu\\\/#breadcrumb\",\"itemListElement\":[{\"@type\":\"ListItem\",\"position\":1,\"name\":\"In\u00edcio\",\"item\":\"https:\\\/\\\/www.ronaldocorreiadebrito.com.br\\\/site2\\\/\"},{\"@type\":\"ListItem\",\"position\":2,\"name\":\"VOC\u00ca EST\u00c1 DESEMPREGADO? Funde um Maracatu!\"}]},{\"@type\":\"WebSite\",\"@id\":\"https:\\\/\\\/www.ronaldocorreiadebrito.com.br\\\/site2\\\/#website\",\"url\":\"https:\\\/\\\/www.ronaldocorreiadebrito.com.br\\\/site2\\\/\",\"name\":\"Ronaldo Correia de Brito | site oficial\",\"description\":\"Site oficial do escritor Ronaldo Correia de Brito\",\"potentialAction\":[{\"@type\":\"SearchAction\",\"target\":{\"@type\":\"EntryPoint\",\"urlTemplate\":\"https:\\\/\\\/www.ronaldocorreiadebrito.com.br\\\/site2\\\/?s={search_term_string}\"},\"query-input\":{\"@type\":\"PropertyValueSpecification\",\"valueRequired\":true,\"valueName\":\"search_term_string\"}}],\"inLanguage\":\"pt-BR\"},{\"@type\":\"Person\",\"@id\":\"https:\\\/\\\/www.ronaldocorreiadebrito.com.br\\\/site2\\\/#\\\/schema\\\/person\\\/99a164d0eaaff7f78b11899bc7d5e7c9\",\"name\":\"admin\",\"url\":\"https:\\\/\\\/www.ronaldocorreiadebrito.com.br\\\/site2\\\/author\\\/admin\\\/\"}]}<\/script>\n<!-- \/ Yoast SEO plugin. -->","yoast_head_json":{"title":"VOC\u00ca EST\u00c1 DESEMPREGADO? Funde um maracatu, curr\u00edculo | Ronaldo Correia de Brito","description":"Voc\u00ea est\u00e1 desempregado, cansou de fazer concurso e deixar curr\u00edculo em empresa? Funde um Maracatu! \u00c9 isso mesmo, voc\u00ea leu bem. Funde o seu maracatu...","robots":{"index":"index","follow":"follow","max-snippet":"max-snippet:-1","max-image-preview":"max-image-preview:large","max-video-preview":"max-video-preview:-1"},"canonical":"https:\/\/www.ronaldocorreiadebrito.com.br\/site2\/2017\/04\/voce-esta-desempregado-curriculo-maracatu\/","og_locale":"pt_BR","og_type":"article","og_title":"VOC\u00ca EST\u00c1 DESEMPREGADO? Funde um maracatu, curr\u00edculo | Ronaldo Correia de Brito","og_description":"Voc\u00ea est\u00e1 desempregado, cansou de fazer concurso e deixar curr\u00edculo em empresa? Funde um Maracatu! \u00c9 isso mesmo, voc\u00ea leu bem. Funde o seu maracatu...","og_url":"https:\/\/www.ronaldocorreiadebrito.com.br\/site2\/2017\/04\/voce-esta-desempregado-curriculo-maracatu\/","og_site_name":"Ronaldo Correia de Brito | site oficial","article_publisher":"https:\/\/www.facebook.com\/ronaldocorreiadebrito.oficial","article_published_time":"2017-04-19T13:28:40+00:00","og_image":[{"width":480,"height":250,"url":"https:\/\/www.ronaldocorreiadebrito.com.br\/site2\/wp-content\/uploads\/2017\/04\/maracatu-11.jpg","type":"image\/jpeg"}],"author":"admin","twitter_card":"summary_large_image","twitter_misc":{"Escrito por":"admin","Est. tempo de leitura":"3 minutos"},"schema":{"@context":"https:\/\/schema.org","@graph":[{"@type":"Article","@id":"https:\/\/www.ronaldocorreiadebrito.com.br\/site2\/2017\/04\/voce-esta-desempregado-curriculo-maracatu\/#article","isPartOf":{"@id":"https:\/\/www.ronaldocorreiadebrito.com.br\/site2\/2017\/04\/voce-esta-desempregado-curriculo-maracatu\/"},"author":{"name":"admin","@id":"https:\/\/www.ronaldocorreiadebrito.com.br\/site2\/#\/schema\/person\/99a164d0eaaff7f78b11899bc7d5e7c9"},"headline":"VOC\u00ca EST\u00c1 DESEMPREGADO? Funde um Maracatu!","datePublished":"2017-04-19T13:28:40+00:00","mainEntityOfPage":{"@id":"https:\/\/www.ronaldocorreiadebrito.com.br\/site2\/2017\/04\/voce-esta-desempregado-curriculo-maracatu\/"},"wordCount":556,"commentCount":0,"image":{"@id":"https:\/\/www.ronaldocorreiadebrito.com.br\/site2\/2017\/04\/voce-esta-desempregado-curriculo-maracatu\/#primaryimage"},"thumbnailUrl":"https:\/\/www.ronaldocorreiadebrito.com.br\/site2\/wp-content\/uploads\/2017\/04\/maracatu-11.jpg","articleSection":["Blog","Slider"],"inLanguage":"pt-BR","potentialAction":[{"@type":"CommentAction","name":"Comment","target":["https:\/\/www.ronaldocorreiadebrito.com.br\/site2\/2017\/04\/voce-esta-desempregado-curriculo-maracatu\/#respond"]}]},{"@type":"WebPage","@id":"https:\/\/www.ronaldocorreiadebrito.com.br\/site2\/2017\/04\/voce-esta-desempregado-curriculo-maracatu\/","url":"https:\/\/www.ronaldocorreiadebrito.com.br\/site2\/2017\/04\/voce-esta-desempregado-curriculo-maracatu\/","name":"VOC\u00ca EST\u00c1 DESEMPREGADO? Funde um maracatu, curr\u00edculo | Ronaldo Correia de Brito","isPartOf":{"@id":"https:\/\/www.ronaldocorreiadebrito.com.br\/site2\/#website"},"primaryImageOfPage":{"@id":"https:\/\/www.ronaldocorreiadebrito.com.br\/site2\/2017\/04\/voce-esta-desempregado-curriculo-maracatu\/#primaryimage"},"image":{"@id":"https:\/\/www.ronaldocorreiadebrito.com.br\/site2\/2017\/04\/voce-esta-desempregado-curriculo-maracatu\/#primaryimage"},"thumbnailUrl":"https:\/\/www.ronaldocorreiadebrito.com.br\/site2\/wp-content\/uploads\/2017\/04\/maracatu-11.jpg","datePublished":"2017-04-19T13:28:40+00:00","author":{"@id":"https:\/\/www.ronaldocorreiadebrito.com.br\/site2\/#\/schema\/person\/99a164d0eaaff7f78b11899bc7d5e7c9"},"description":"Voc\u00ea est\u00e1 desempregado, cansou de fazer concurso e deixar curr\u00edculo em empresa? Funde um Maracatu! \u00c9 isso mesmo, voc\u00ea leu bem. Funde o seu maracatu...","breadcrumb":{"@id":"https:\/\/www.ronaldocorreiadebrito.com.br\/site2\/2017\/04\/voce-esta-desempregado-curriculo-maracatu\/#breadcrumb"},"inLanguage":"pt-BR","potentialAction":[{"@type":"ReadAction","target":["https:\/\/www.ronaldocorreiadebrito.com.br\/site2\/2017\/04\/voce-esta-desempregado-curriculo-maracatu\/"]}]},{"@type":"ImageObject","inLanguage":"pt-BR","@id":"https:\/\/www.ronaldocorreiadebrito.com.br\/site2\/2017\/04\/voce-esta-desempregado-curriculo-maracatu\/#primaryimage","url":"https:\/\/www.ronaldocorreiadebrito.com.br\/site2\/wp-content\/uploads\/2017\/04\/maracatu-11.jpg","contentUrl":"https:\/\/www.ronaldocorreiadebrito.com.br\/site2\/wp-content\/uploads\/2017\/04\/maracatu-11.jpg","width":480,"height":250,"caption":"Maracatu: \u00e9 um ritmo tradicional do nordeste do Brasil. Em Recife e Olinda no cora\u00e7\u00e3o de Pernambuco, desenvolve-se a mais de 400 anos da m\u00fasica e tradi\u00e7\u00e3o dos escravos provenientes da \u00c1frica na maioria no Congo da tribo de Nag\u00f4."},{"@type":"BreadcrumbList","@id":"https:\/\/www.ronaldocorreiadebrito.com.br\/site2\/2017\/04\/voce-esta-desempregado-curriculo-maracatu\/#breadcrumb","itemListElement":[{"@type":"ListItem","position":1,"name":"In\u00edcio","item":"https:\/\/www.ronaldocorreiadebrito.com.br\/site2\/"},{"@type":"ListItem","position":2,"name":"VOC\u00ca EST\u00c1 DESEMPREGADO? Funde um Maracatu!"}]},{"@type":"WebSite","@id":"https:\/\/www.ronaldocorreiadebrito.com.br\/site2\/#website","url":"https:\/\/www.ronaldocorreiadebrito.com.br\/site2\/","name":"Ronaldo Correia de Brito | site oficial","description":"Site oficial do escritor Ronaldo Correia de Brito","potentialAction":[{"@type":"SearchAction","target":{"@type":"EntryPoint","urlTemplate":"https:\/\/www.ronaldocorreiadebrito.com.br\/site2\/?s={search_term_string}"},"query-input":{"@type":"PropertyValueSpecification","valueRequired":true,"valueName":"search_term_string"}}],"inLanguage":"pt-BR"},{"@type":"Person","@id":"https:\/\/www.ronaldocorreiadebrito.com.br\/site2\/#\/schema\/person\/99a164d0eaaff7f78b11899bc7d5e7c9","name":"admin","url":"https:\/\/www.ronaldocorreiadebrito.com.br\/site2\/author\/admin\/"}]}},"wps_subtitle":"Voc\u00ea est\u00e1 desempregado, cansou de fazer concurso e deixar curr\u00ed\u00adculo em empresa? Funde o seu maracatu...","_links":{"self":[{"href":"https:\/\/www.ronaldocorreiadebrito.com.br\/site2\/wp-json\/wp\/v2\/posts\/822","targetHints":{"allow":["GET"]}}],"collection":[{"href":"https:\/\/www.ronaldocorreiadebrito.com.br\/site2\/wp-json\/wp\/v2\/posts"}],"about":[{"href":"https:\/\/www.ronaldocorreiadebrito.com.br\/site2\/wp-json\/wp\/v2\/types\/post"}],"author":[{"embeddable":true,"href":"https:\/\/www.ronaldocorreiadebrito.com.br\/site2\/wp-json\/wp\/v2\/users\/1"}],"replies":[{"embeddable":true,"href":"https:\/\/www.ronaldocorreiadebrito.com.br\/site2\/wp-json\/wp\/v2\/comments?post=822"}],"version-history":[{"count":0,"href":"https:\/\/www.ronaldocorreiadebrito.com.br\/site2\/wp-json\/wp\/v2\/posts\/822\/revisions"}],"wp:featuredmedia":[{"embeddable":true,"href":"https:\/\/www.ronaldocorreiadebrito.com.br\/site2\/wp-json\/wp\/v2\/media\/823"}],"wp:attachment":[{"href":"https:\/\/www.ronaldocorreiadebrito.com.br\/site2\/wp-json\/wp\/v2\/media?parent=822"}],"wp:term":[{"taxonomy":"category","embeddable":true,"href":"https:\/\/www.ronaldocorreiadebrito.com.br\/site2\/wp-json\/wp\/v2\/categories?post=822"},{"taxonomy":"post_tag","embeddable":true,"href":"https:\/\/www.ronaldocorreiadebrito.com.br\/site2\/wp-json\/wp\/v2\/tags?post=822"}],"curies":[{"name":"wp","href":"https:\/\/api.w.org\/{rel}","templated":true}]}}