{"id":784,"date":"2017-03-30T14:39:30","date_gmt":"2017-03-30T17:39:30","guid":{"rendered":"http:\/\/www.ronaldocorreiadebrito.com.br\/site2\/?p=784"},"modified":"2017-03-30T14:41:47","modified_gmt":"2017-03-30T17:41:47","slug":"nem-tanto-jesus-nem-tanto-judas","status":"publish","type":"post","link":"https:\/\/www.ronaldocorreiadebrito.com.br\/site2\/2017\/03\/nem-tanto-jesus-nem-tanto-judas\/","title":{"rendered":"Nem tanto a Jesus, nem tanto a Judas"},"content":{"rendered":"<p>Nas ruas do Crato e de Juazeiro toda gente fala que <em>Pai V\u00e9i<\/em> ser\u00e1 morto. Pois morra! Morrer \u00e9 uma condi\u00e7\u00e3o pra nascer de novo. Desde a quarta-feira de trevas as vi\u00favas de <em>Pai V\u00e9i<\/em> desfilam mascaradas, as barrigas enormes, os vestidos sujos, sombrinhas partidas, esmolando comida e cacha\u00e7a para a celebra\u00e7\u00e3o da morte do marido e pai. Os filhos caretas amedrontam as crian\u00e7as com m\u00e1scaras de couro de bode, pl\u00e1stico ou papel\u00e3o pintado. A miu\u00e7alha chega perto dos caretas, ati\u00e7a, joga pedras e corre com medo de levar peia. Os caretas batem sem pena com seus relhos de crina de cavalo, semelhantes ao <em>tirso<\/em> dionis\u00edaco. Se algum marmanjo se atreve a roubar a quinta do <em>Pai V\u00e9i<\/em>, pode sair no lucro ou levar uma surra.<\/p>\n<p>E quem \u00e9 o <em>Pai V\u00e9i<\/em>, <em>Pai V\u00e9io ou<\/em> <em>Pai Velho<\/em>, que ir\u00e1 morrer no S\u00e1bado de Aleluia ou no Domingo da Ressurrei\u00e7\u00e3o? O Judas, respondem seus filhos e suas esposas gr\u00e1vidas, as vozes abafadas pelas m\u00e1scaras. Os brincantes populares ignoram a origem da brincadeira. Repetem o que os mais velhos celebravam, pouco ligando se estudiosos chamam aquilo de cultura primitiva, quando o correto seria cham\u00e1-la de arcaica. Ao inv\u00e9s de elucubrarem, eles brincam e se divertem. Mas, o que significa o boneco com a cabe\u00e7a de estopim, preso a um mastro, num s\u00edtio improvisado \u2013 a quinta de <em>Pai V\u00e9i<\/em> \u2013, numa pra\u00e7a ou num terreno baldio, cercado de canas e bananeiras roubadas na vizinhan\u00e7a? Nenhum careta da matan\u00e7a do Judas ouviu falar no sacrif\u00edcio do Rei Divino, nem conhece a geografia da Mesopot\u00e2mia, do Egito ou da Bo\u00eamia, onde esse mesmo ritual era praticado. A celebra\u00e7\u00e3o se repete por imita\u00e7\u00e3o, mesmo que desprovida de seus antigos significados.<\/p>\n<p>Na Antiguidade, era necess\u00e1rio sacrificar o rei que envelhecera \u201cpara que sua decrepitude n\u00e3o acarretasse um desfalecimento correspondente da energia vital dos cereais, do gado e dos homens\u201d. Se n\u00e3o fosse o pr\u00f3prio rei, o seu simulacro, um boneco de pano, ou de folhas, costume que se manteve no norte europeu at\u00e9 bem pouco tempo, saudando a chegada da primavera. O cristianismo incorporou a festa pag\u00e3 ao seu calend\u00e1rio, cuja data coincidiu com Paix\u00e3o e Ressurrei\u00e7\u00e3o do Cristo. Os brincantes se encarregaram de batizar como Judas esse rei sacrificado.<\/p>\n<p>O carnaval se vai e com ele a festa da carne. Chegam a quaresma magra, o peixe e a contri\u00e7\u00e3o pelos excessos cometidos. O vermelho d\u00e1 lugar ao roxo. Aproxima-se o dia em que ser\u00e3o representados, mais uma vez, a vida e a morte de outro Rei Divino, O Cristo. Durante uma semana se reproduzir\u00e3o seus passos, a subida \u00e0 cruz, agonia e morte, descida em meio ao pranto das mulheres, a gloriosa ressurrei\u00e7\u00e3o. No ritual da missa, o corpo do Cristo ser\u00e1 repartido em peda\u00e7os e comido, seu sangue dividido em po\u00e7\u00f5es e bebido.<\/p>\n<p>O homem que o traiu foi Judas, pela quantia de trinta dinheiros, entregando-o com um beijo na face e um olhar de esguelha. Todos os brincantes \u2013 caretas e esposas prenhes \u2013 conhecem uma \u00e1rvore que n\u00e3o possui formato de cruz nem \u00e9 a \u00e1rvore da salva\u00e7\u00e3o, onde o<em> Pai V\u00e9i<\/em> ser\u00e1 pendurado e enforcado, depois de um julgamento p\u00fablico e da leitura de seu testamento burlesco. O ritual sagrado se transforma em profano. Sem distinguir-se do Rei Divino, O Judas tamb\u00e9m ser\u00e1 morto, o corpo dilacerado, os membros esquartejados, sob os gritos da turba insana.<\/p>\n<p>As bandas caba\u00e7ais e as orquestras improvisadas puxam o cortejo pelas ruas das cidadezinhas nordestinas. Dan\u00e7ando atr\u00e1s do jumento, que carrega o boneco espalhafatoso e de sorriso aberto, os caretas agitam os relhos, correm atr\u00e1s das crian\u00e7as, pedem dinheiro e roubam. Embriagados e possessos arrastam <em>O Pai<\/em> para a quinta. As vi\u00favas choram e mostram as barrigas indecentes, reclamam do que <em>O Pai Velho<\/em> fez nelas. \u00c9 o ciclo da fertilidade. O carnaval recome\u00e7a. A vida brota.<\/p>\n<p>Nas noites silenciosas de Barbalha e V\u00e1rzea Alegre, penitentes ainda dilaceram as costas com pequenas l\u00e2minas, pranteando em benditos o Inocente que morrer\u00e1 na cruz. A m\u00e3o direita n\u00e3o sabe o que faz a m\u00e3o esquerda. O Filho ignora os des\u00edgnios do Pai. Todos ocultam a dor e o rosto.<\/p>\n<p>Enlouquecidos, os caretas balan\u00e7am chocalhos, ritmando passos de dan\u00e7a, no auto de f\u00e9 profano. As m\u00e1scaras de couro de bode estampam a escandalosa alegria de quem leva o pai \u00e0 forca.<\/p>\n<p>Ao som das matracas, sob sud\u00e1rio, vai seguindo o Senhor Morto em prociss\u00e3o, carregado num ata\u00fade.<\/p>\n<p>Sob pedradas e vaias, desce o cortejo de <em>Pai V\u00e9i<\/em>, o boneco de bra\u00e7os abertos, a m\u00e3o segurando um cigarro no lugar de um ramo verde.<\/p>\n<p>Comprimidos no interior da igreja, os fi\u00e9is aguardam a meia-noite do s\u00e1bado, quando as cortinas roxas desabar\u00e3o dos trilhos e os sinos tocar\u00e3o dobrados, abafando o grito de Aleluia.<\/p>\n<p>Dispersos na pra\u00e7a, girando os tirsos de couro, filhos e esposas do Judas esperam o instante em que sua cabe\u00e7a explodir\u00e1, para se atirarem enfurecidos sobre o corpo de trapos e palha.<\/p>\n<p>Jesus e Judas igualados, num mesmo ritual de morte e ressurrei\u00e7\u00e3o.<\/p>\n","protected":false},"excerpt":{"rendered":"<p>Nas ruas do Crato e de Juazeiro toda gente fala que Pai V\u00e9i ser\u00e1 morto. Pois morra! Morrer \u00e9 uma condi\u00e7\u00e3o pra nascer de novo. Desde a quarta-feira de trevas as vi\u00favas de Pai V\u00e9i desfilam mascaradas, as barrigas enormes, os vestidos sujos, sombrinhas partidas,&#8230;<\/p>\n","protected":false},"author":1,"featured_media":785,"comment_status":"open","ping_status":"closed","sticky":false,"template":"","format":"standard","meta":{"sfsi_plus_gutenberg_text_before_share":"","sfsi_plus_gutenberg_show_text_before_share":"","sfsi_plus_gutenberg_icon_type":"","sfsi_plus_gutenberg_icon_alignemt":"","sfsi_plus_gutenburg_max_per_row":"","footnotes":""},"categories":[8,45],"tags":[11,98],"class_list":["post-784","post","type-post","status-publish","format-standard","has-post-thumbnail","hentry","category-blog","category-slider","tag-judas","tag-pascoa"],"yoast_head":"<!-- This site is optimized with the Yoast SEO plugin v27.5 - https:\/\/yoast.com\/product\/yoast-seo-wordpress\/ -->\n<title>Nem tanto a Jesus, nem tanto a Judas | Ronaldo Correia de Brito | site oficial<\/title>\n<meta name=\"robots\" content=\"index, follow, max-snippet:-1, max-image-preview:large, max-video-preview:-1\" \/>\n<link rel=\"canonical\" href=\"https:\/\/www.ronaldocorreiadebrito.com.br\/site2\/2017\/03\/nem-tanto-jesus-nem-tanto-judas\/\" \/>\n<meta property=\"og:locale\" content=\"pt_BR\" \/>\n<meta property=\"og:type\" content=\"article\" \/>\n<meta property=\"og:title\" content=\"Nem tanto a Jesus, nem tanto a Judas | Ronaldo Correia de Brito | site oficial\" \/>\n<meta property=\"og:description\" content=\"Nas ruas do Crato e de Juazeiro toda gente fala que Pai V\u00e9i ser\u00e1 morto. Pois morra! Morrer \u00e9 uma condi\u00e7\u00e3o pra nascer de novo. Desde a quarta-feira de trevas as vi\u00favas de Pai V\u00e9i desfilam mascaradas, as barrigas enormes, os vestidos sujos, sombrinhas partidas,...\" \/>\n<meta property=\"og:url\" content=\"https:\/\/www.ronaldocorreiadebrito.com.br\/site2\/2017\/03\/nem-tanto-jesus-nem-tanto-judas\/\" \/>\n<meta property=\"og:site_name\" content=\"Ronaldo Correia de Brito | site oficial\" \/>\n<meta property=\"article:publisher\" content=\"https:\/\/www.facebook.com\/ronaldocorreiadebrito.oficial\" \/>\n<meta property=\"article:published_time\" content=\"2017-03-30T17:39:30+00:00\" \/>\n<meta property=\"article:modified_time\" content=\"2017-03-30T17:41:47+00:00\" \/>\n<meta property=\"og:image\" content=\"https:\/\/www.ronaldocorreiadebrito.com.br\/site2\/wp-content\/uploads\/2017\/03\/judas.jpg\" \/>\n\t<meta property=\"og:image:width\" content=\"1100\" \/>\n\t<meta property=\"og:image:height\" content=\"400\" \/>\n\t<meta property=\"og:image:type\" content=\"image\/jpeg\" \/>\n<meta name=\"author\" content=\"admin\" \/>\n<meta name=\"twitter:card\" content=\"summary_large_image\" \/>\n<meta name=\"twitter:label1\" content=\"Escrito por\" \/>\n\t<meta name=\"twitter:data1\" content=\"admin\" \/>\n\t<meta name=\"twitter:label2\" content=\"Est. tempo de leitura\" \/>\n\t<meta name=\"twitter:data2\" content=\"5 minutos\" \/>\n<script type=\"application\/ld+json\" class=\"yoast-schema-graph\">{\"@context\":\"https:\\\/\\\/schema.org\",\"@graph\":[{\"@type\":\"Article\",\"@id\":\"https:\\\/\\\/www.ronaldocorreiadebrito.com.br\\\/site2\\\/2017\\\/03\\\/nem-tanto-jesus-nem-tanto-judas\\\/#article\",\"isPartOf\":{\"@id\":\"https:\\\/\\\/www.ronaldocorreiadebrito.com.br\\\/site2\\\/2017\\\/03\\\/nem-tanto-jesus-nem-tanto-judas\\\/\"},\"author\":{\"name\":\"admin\",\"@id\":\"https:\\\/\\\/www.ronaldocorreiadebrito.com.br\\\/site2\\\/#\\\/schema\\\/person\\\/99a164d0eaaff7f78b11899bc7d5e7c9\"},\"headline\":\"Nem tanto a Jesus, nem tanto a Judas\",\"datePublished\":\"2017-03-30T17:39:30+00:00\",\"dateModified\":\"2017-03-30T17:41:47+00:00\",\"mainEntityOfPage\":{\"@id\":\"https:\\\/\\\/www.ronaldocorreiadebrito.com.br\\\/site2\\\/2017\\\/03\\\/nem-tanto-jesus-nem-tanto-judas\\\/\"},\"wordCount\":915,\"commentCount\":0,\"image\":{\"@id\":\"https:\\\/\\\/www.ronaldocorreiadebrito.com.br\\\/site2\\\/2017\\\/03\\\/nem-tanto-jesus-nem-tanto-judas\\\/#primaryimage\"},\"thumbnailUrl\":\"https:\\\/\\\/www.ronaldocorreiadebrito.com.br\\\/site2\\\/wp-content\\\/uploads\\\/2017\\\/03\\\/judas.jpg\",\"keywords\":[\"judas\",\"p\u00e1scoa\"],\"articleSection\":[\"Blog\",\"Slider\"],\"inLanguage\":\"pt-BR\",\"potentialAction\":[{\"@type\":\"CommentAction\",\"name\":\"Comment\",\"target\":[\"https:\\\/\\\/www.ronaldocorreiadebrito.com.br\\\/site2\\\/2017\\\/03\\\/nem-tanto-jesus-nem-tanto-judas\\\/#respond\"]}]},{\"@type\":\"WebPage\",\"@id\":\"https:\\\/\\\/www.ronaldocorreiadebrito.com.br\\\/site2\\\/2017\\\/03\\\/nem-tanto-jesus-nem-tanto-judas\\\/\",\"url\":\"https:\\\/\\\/www.ronaldocorreiadebrito.com.br\\\/site2\\\/2017\\\/03\\\/nem-tanto-jesus-nem-tanto-judas\\\/\",\"name\":\"Nem tanto a Jesus, nem tanto a Judas | Ronaldo Correia de Brito | site oficial\",\"isPartOf\":{\"@id\":\"https:\\\/\\\/www.ronaldocorreiadebrito.com.br\\\/site2\\\/#website\"},\"primaryImageOfPage\":{\"@id\":\"https:\\\/\\\/www.ronaldocorreiadebrito.com.br\\\/site2\\\/2017\\\/03\\\/nem-tanto-jesus-nem-tanto-judas\\\/#primaryimage\"},\"image\":{\"@id\":\"https:\\\/\\\/www.ronaldocorreiadebrito.com.br\\\/site2\\\/2017\\\/03\\\/nem-tanto-jesus-nem-tanto-judas\\\/#primaryimage\"},\"thumbnailUrl\":\"https:\\\/\\\/www.ronaldocorreiadebrito.com.br\\\/site2\\\/wp-content\\\/uploads\\\/2017\\\/03\\\/judas.jpg\",\"datePublished\":\"2017-03-30T17:39:30+00:00\",\"dateModified\":\"2017-03-30T17:41:47+00:00\",\"author\":{\"@id\":\"https:\\\/\\\/www.ronaldocorreiadebrito.com.br\\\/site2\\\/#\\\/schema\\\/person\\\/99a164d0eaaff7f78b11899bc7d5e7c9\"},\"breadcrumb\":{\"@id\":\"https:\\\/\\\/www.ronaldocorreiadebrito.com.br\\\/site2\\\/2017\\\/03\\\/nem-tanto-jesus-nem-tanto-judas\\\/#breadcrumb\"},\"inLanguage\":\"pt-BR\",\"potentialAction\":[{\"@type\":\"ReadAction\",\"target\":[\"https:\\\/\\\/www.ronaldocorreiadebrito.com.br\\\/site2\\\/2017\\\/03\\\/nem-tanto-jesus-nem-tanto-judas\\\/\"]}]},{\"@type\":\"ImageObject\",\"inLanguage\":\"pt-BR\",\"@id\":\"https:\\\/\\\/www.ronaldocorreiadebrito.com.br\\\/site2\\\/2017\\\/03\\\/nem-tanto-jesus-nem-tanto-judas\\\/#primaryimage\",\"url\":\"https:\\\/\\\/www.ronaldocorreiadebrito.com.br\\\/site2\\\/wp-content\\\/uploads\\\/2017\\\/03\\\/judas.jpg\",\"contentUrl\":\"https:\\\/\\\/www.ronaldocorreiadebrito.com.br\\\/site2\\\/wp-content\\\/uploads\\\/2017\\\/03\\\/judas.jpg\",\"width\":1100,\"height\":400},{\"@type\":\"BreadcrumbList\",\"@id\":\"https:\\\/\\\/www.ronaldocorreiadebrito.com.br\\\/site2\\\/2017\\\/03\\\/nem-tanto-jesus-nem-tanto-judas\\\/#breadcrumb\",\"itemListElement\":[{\"@type\":\"ListItem\",\"position\":1,\"name\":\"In\u00edcio\",\"item\":\"https:\\\/\\\/www.ronaldocorreiadebrito.com.br\\\/site2\\\/\"},{\"@type\":\"ListItem\",\"position\":2,\"name\":\"Nem tanto a Jesus, nem tanto a Judas\"}]},{\"@type\":\"WebSite\",\"@id\":\"https:\\\/\\\/www.ronaldocorreiadebrito.com.br\\\/site2\\\/#website\",\"url\":\"https:\\\/\\\/www.ronaldocorreiadebrito.com.br\\\/site2\\\/\",\"name\":\"Ronaldo Correia de Brito | site oficial\",\"description\":\"Site oficial do escritor Ronaldo Correia de Brito\",\"potentialAction\":[{\"@type\":\"SearchAction\",\"target\":{\"@type\":\"EntryPoint\",\"urlTemplate\":\"https:\\\/\\\/www.ronaldocorreiadebrito.com.br\\\/site2\\\/?s={search_term_string}\"},\"query-input\":{\"@type\":\"PropertyValueSpecification\",\"valueRequired\":true,\"valueName\":\"search_term_string\"}}],\"inLanguage\":\"pt-BR\"},{\"@type\":\"Person\",\"@id\":\"https:\\\/\\\/www.ronaldocorreiadebrito.com.br\\\/site2\\\/#\\\/schema\\\/person\\\/99a164d0eaaff7f78b11899bc7d5e7c9\",\"name\":\"admin\",\"url\":\"https:\\\/\\\/www.ronaldocorreiadebrito.com.br\\\/site2\\\/author\\\/admin\\\/\"}]}<\/script>\n<!-- \/ Yoast SEO plugin. -->","yoast_head_json":{"title":"Nem tanto a Jesus, nem tanto a Judas | Ronaldo Correia de Brito | site oficial","robots":{"index":"index","follow":"follow","max-snippet":"max-snippet:-1","max-image-preview":"max-image-preview:large","max-video-preview":"max-video-preview:-1"},"canonical":"https:\/\/www.ronaldocorreiadebrito.com.br\/site2\/2017\/03\/nem-tanto-jesus-nem-tanto-judas\/","og_locale":"pt_BR","og_type":"article","og_title":"Nem tanto a Jesus, nem tanto a Judas | Ronaldo Correia de Brito | site oficial","og_description":"Nas ruas do Crato e de Juazeiro toda gente fala que Pai V\u00e9i ser\u00e1 morto. Pois morra! Morrer \u00e9 uma condi\u00e7\u00e3o pra nascer de novo. Desde a quarta-feira de trevas as vi\u00favas de Pai V\u00e9i desfilam mascaradas, as barrigas enormes, os vestidos sujos, sombrinhas partidas,...","og_url":"https:\/\/www.ronaldocorreiadebrito.com.br\/site2\/2017\/03\/nem-tanto-jesus-nem-tanto-judas\/","og_site_name":"Ronaldo Correia de Brito | site oficial","article_publisher":"https:\/\/www.facebook.com\/ronaldocorreiadebrito.oficial","article_published_time":"2017-03-30T17:39:30+00:00","article_modified_time":"2017-03-30T17:41:47+00:00","og_image":[{"width":1100,"height":400,"url":"https:\/\/www.ronaldocorreiadebrito.com.br\/site2\/wp-content\/uploads\/2017\/03\/judas.jpg","type":"image\/jpeg"}],"author":"admin","twitter_card":"summary_large_image","twitter_misc":{"Escrito por":"admin","Est. tempo de leitura":"5 minutos"},"schema":{"@context":"https:\/\/schema.org","@graph":[{"@type":"Article","@id":"https:\/\/www.ronaldocorreiadebrito.com.br\/site2\/2017\/03\/nem-tanto-jesus-nem-tanto-judas\/#article","isPartOf":{"@id":"https:\/\/www.ronaldocorreiadebrito.com.br\/site2\/2017\/03\/nem-tanto-jesus-nem-tanto-judas\/"},"author":{"name":"admin","@id":"https:\/\/www.ronaldocorreiadebrito.com.br\/site2\/#\/schema\/person\/99a164d0eaaff7f78b11899bc7d5e7c9"},"headline":"Nem tanto a Jesus, nem tanto a Judas","datePublished":"2017-03-30T17:39:30+00:00","dateModified":"2017-03-30T17:41:47+00:00","mainEntityOfPage":{"@id":"https:\/\/www.ronaldocorreiadebrito.com.br\/site2\/2017\/03\/nem-tanto-jesus-nem-tanto-judas\/"},"wordCount":915,"commentCount":0,"image":{"@id":"https:\/\/www.ronaldocorreiadebrito.com.br\/site2\/2017\/03\/nem-tanto-jesus-nem-tanto-judas\/#primaryimage"},"thumbnailUrl":"https:\/\/www.ronaldocorreiadebrito.com.br\/site2\/wp-content\/uploads\/2017\/03\/judas.jpg","keywords":["judas","p\u00e1scoa"],"articleSection":["Blog","Slider"],"inLanguage":"pt-BR","potentialAction":[{"@type":"CommentAction","name":"Comment","target":["https:\/\/www.ronaldocorreiadebrito.com.br\/site2\/2017\/03\/nem-tanto-jesus-nem-tanto-judas\/#respond"]}]},{"@type":"WebPage","@id":"https:\/\/www.ronaldocorreiadebrito.com.br\/site2\/2017\/03\/nem-tanto-jesus-nem-tanto-judas\/","url":"https:\/\/www.ronaldocorreiadebrito.com.br\/site2\/2017\/03\/nem-tanto-jesus-nem-tanto-judas\/","name":"Nem tanto a Jesus, nem tanto a Judas | Ronaldo Correia de Brito | site oficial","isPartOf":{"@id":"https:\/\/www.ronaldocorreiadebrito.com.br\/site2\/#website"},"primaryImageOfPage":{"@id":"https:\/\/www.ronaldocorreiadebrito.com.br\/site2\/2017\/03\/nem-tanto-jesus-nem-tanto-judas\/#primaryimage"},"image":{"@id":"https:\/\/www.ronaldocorreiadebrito.com.br\/site2\/2017\/03\/nem-tanto-jesus-nem-tanto-judas\/#primaryimage"},"thumbnailUrl":"https:\/\/www.ronaldocorreiadebrito.com.br\/site2\/wp-content\/uploads\/2017\/03\/judas.jpg","datePublished":"2017-03-30T17:39:30+00:00","dateModified":"2017-03-30T17:41:47+00:00","author":{"@id":"https:\/\/www.ronaldocorreiadebrito.com.br\/site2\/#\/schema\/person\/99a164d0eaaff7f78b11899bc7d5e7c9"},"breadcrumb":{"@id":"https:\/\/www.ronaldocorreiadebrito.com.br\/site2\/2017\/03\/nem-tanto-jesus-nem-tanto-judas\/#breadcrumb"},"inLanguage":"pt-BR","potentialAction":[{"@type":"ReadAction","target":["https:\/\/www.ronaldocorreiadebrito.com.br\/site2\/2017\/03\/nem-tanto-jesus-nem-tanto-judas\/"]}]},{"@type":"ImageObject","inLanguage":"pt-BR","@id":"https:\/\/www.ronaldocorreiadebrito.com.br\/site2\/2017\/03\/nem-tanto-jesus-nem-tanto-judas\/#primaryimage","url":"https:\/\/www.ronaldocorreiadebrito.com.br\/site2\/wp-content\/uploads\/2017\/03\/judas.jpg","contentUrl":"https:\/\/www.ronaldocorreiadebrito.com.br\/site2\/wp-content\/uploads\/2017\/03\/judas.jpg","width":1100,"height":400},{"@type":"BreadcrumbList","@id":"https:\/\/www.ronaldocorreiadebrito.com.br\/site2\/2017\/03\/nem-tanto-jesus-nem-tanto-judas\/#breadcrumb","itemListElement":[{"@type":"ListItem","position":1,"name":"In\u00edcio","item":"https:\/\/www.ronaldocorreiadebrito.com.br\/site2\/"},{"@type":"ListItem","position":2,"name":"Nem tanto a Jesus, nem tanto a Judas"}]},{"@type":"WebSite","@id":"https:\/\/www.ronaldocorreiadebrito.com.br\/site2\/#website","url":"https:\/\/www.ronaldocorreiadebrito.com.br\/site2\/","name":"Ronaldo Correia de Brito | site oficial","description":"Site oficial do escritor Ronaldo Correia de Brito","potentialAction":[{"@type":"SearchAction","target":{"@type":"EntryPoint","urlTemplate":"https:\/\/www.ronaldocorreiadebrito.com.br\/site2\/?s={search_term_string}"},"query-input":{"@type":"PropertyValueSpecification","valueRequired":true,"valueName":"search_term_string"}}],"inLanguage":"pt-BR"},{"@type":"Person","@id":"https:\/\/www.ronaldocorreiadebrito.com.br\/site2\/#\/schema\/person\/99a164d0eaaff7f78b11899bc7d5e7c9","name":"admin","url":"https:\/\/www.ronaldocorreiadebrito.com.br\/site2\/author\/admin\/"}]}},"wps_subtitle":"","_links":{"self":[{"href":"https:\/\/www.ronaldocorreiadebrito.com.br\/site2\/wp-json\/wp\/v2\/posts\/784","targetHints":{"allow":["GET"]}}],"collection":[{"href":"https:\/\/www.ronaldocorreiadebrito.com.br\/site2\/wp-json\/wp\/v2\/posts"}],"about":[{"href":"https:\/\/www.ronaldocorreiadebrito.com.br\/site2\/wp-json\/wp\/v2\/types\/post"}],"author":[{"embeddable":true,"href":"https:\/\/www.ronaldocorreiadebrito.com.br\/site2\/wp-json\/wp\/v2\/users\/1"}],"replies":[{"embeddable":true,"href":"https:\/\/www.ronaldocorreiadebrito.com.br\/site2\/wp-json\/wp\/v2\/comments?post=784"}],"version-history":[{"count":0,"href":"https:\/\/www.ronaldocorreiadebrito.com.br\/site2\/wp-json\/wp\/v2\/posts\/784\/revisions"}],"wp:featuredmedia":[{"embeddable":true,"href":"https:\/\/www.ronaldocorreiadebrito.com.br\/site2\/wp-json\/wp\/v2\/media\/785"}],"wp:attachment":[{"href":"https:\/\/www.ronaldocorreiadebrito.com.br\/site2\/wp-json\/wp\/v2\/media?parent=784"}],"wp:term":[{"taxonomy":"category","embeddable":true,"href":"https:\/\/www.ronaldocorreiadebrito.com.br\/site2\/wp-json\/wp\/v2\/categories?post=784"},{"taxonomy":"post_tag","embeddable":true,"href":"https:\/\/www.ronaldocorreiadebrito.com.br\/site2\/wp-json\/wp\/v2\/tags?post=784"}],"curies":[{"name":"wp","href":"https:\/\/api.w.org\/{rel}","templated":true}]}}