{"id":771,"date":"2017-03-15T11:32:36","date_gmt":"2017-03-15T14:32:36","guid":{"rendered":"http:\/\/www.ronaldocorreiadebrito.com.br\/site2\/?p=771"},"modified":"2017-03-15T11:32:36","modified_gmt":"2017-03-15T14:32:36","slug":"paris-e-um-sonho","status":"publish","type":"post","link":"https:\/\/www.ronaldocorreiadebrito.com.br\/site2\/2017\/03\/paris-e-um-sonho\/","title":{"rendered":"Paris \u00e9 um sonho"},"content":{"rendered":"<p>Paris \u00e9 um sonho<\/p>\n<p>Quando soube que eu viajaria a Paris, um amigo se apressou em mandar-me uma lista de lugares que eu n\u00e3o poderia deixar de visitar: Ile de la Cit\u00e9, Notre Dame, os Halles, Centre Pompidou, H\u00f4tel de Ville, o Marais, Rive droite, em suma, uma infinidade de endere\u00e7os. Escolhi v\u00e1rios nomes ao acaso e anotei-os na agenda. Na entrada do hotel, dezenas de folhetos indicavam outros passeios tur\u00edsticos, viagens de barco pelo rio Sena, excurs\u00f5es ao interior, casas noturnas, restaurantes, bistr\u00f4s, shows, museus, teatros etc. e mais etc., muito mais, um verdadeiro massacre.<\/p>\n<p>Embora as leituras do americano Joseph Campbell me convencessem a preferir a catedral de Chartres \u00e0 de Notre Dame, escolhi a segunda porque ficava a apenas quarenta minutos do hotel, caminhando debaixo de uma chuva fina, num frio de quatro graus, s\u00e1bado \u00e0 tarde. Avistei a igreja de longe, com suas torres alt\u00edssimas, constru\u00eddas com a inten\u00e7\u00e3o de tornar o homem bem pequeno, infinitamente menor do que Deus. A arquitetura g\u00f3tica da catedral assusta mais que as g\u00e1rgulas que a rodeiam para afastar os dem\u00f4nios.<\/p>\n<p>Molhado e com frio, espero numa longa fila a oportunidade de entrar e acolher-me na Casa de Deus. Penso nas igrejas barrocas do Recife com suas paredes caiadas de branco, os tons azul, vermelho e ocre, em meio ao ouro dos altares. O mais apavorante em Notre Dame \u00e9 a pequenez a que somos reduzidos ao entrar na constru\u00e7\u00e3o desproporcional, um templo sem acolhimento ou paz, com a frieza da pedra, a sisudez do negro e do cinza, que nem os vitrais coloridos conseguem disfar\u00e7ar. Tudo \u00e9 monstruosamente aumentado e o sentimento que nos provoca \u00e9 de esmagamento e terror. Essa mesma monumentalidade se repetir\u00e1 por toda Paris, sobrepondo-se ao charme dos edif\u00edcios pintados nos tons de ocre, cinza e rosa desbotada.<\/p>\n<p>A onda de visitantes me arrasta por naus, capelas e altares. Resguardados por cordas, alguns fi\u00e9is tentam concentrar-se numa missa, enquanto m\u00e1quinas fotogr\u00e1ficas iluminam a escurid\u00e3o da igreja com o rel\u00e2mpago fugaz de seus flashes. N\u00e3o consigo imaginar uma outra fun\u00e7\u00e3o para aquele templo supostamente sagrado que a de express\u00e3o de poder da Igreja Cat\u00f3lica, assim como foram express\u00f5es do poder da monarquia e do imp\u00e9rio o pal\u00e1cio do Louvre, Versailles e o arco do Triunfo.<\/p>\n<p>Notre Dame \u00e9 um museu da Igreja Cat\u00f3lica, como s\u00e3o museus quase todas as igrejas da Europa. Elas sobrevivem do com\u00e9rcio de velas e lembran\u00e7as devotas, que os turistas compram menos por f\u00e9 do que pelo ato social de acender uma vela na Notre Dame de Paris e levar um escapul\u00e1rio para uma tia beata. As igrejas s\u00e3o pr\u00e9dios constru\u00eddos por arquitetos, artes\u00e3os, pedreiros, pintores, entalhadores, marceneiros, artistas de muitos of\u00edcios. Nelas, o que hoje se reverencia \u00e9 a perman\u00eancia da obra desses artistas, e muito pouco a presen\u00e7a de Deus.<\/p>\n<p>Felizmente, logo atr\u00e1s da Notre Dame, existem sorveterias com os sabores mais extravagantes. Tomei um que se chamava \u201cpaix\u00e3o selvagem\u201d. Era delicioso, um lampejo de sabor, como o dos milh\u00f5es de flashes que pipocam a cada segundo em Paris, nos obrigando a repetir o chav\u00e3o de que Paris \u00e9 um sonho, mesmo com o seu g\u00f3tico humilhante.<\/p>\n","protected":false},"excerpt":{"rendered":"<p>Paris \u00e9 um sonho Quando soube que eu viajaria a Paris, um amigo se apressou em mandar-me uma lista de lugares que eu n\u00e3o poderia deixar de visitar: Ile de la Cit\u00e9, Notre Dame, os Halles, Centre Pompidou, H\u00f4tel de Ville, o Marais, Rive droite,&#8230;<\/p>\n","protected":false},"author":1,"featured_media":776,"comment_status":"open","ping_status":"closed","sticky":false,"template":"","format":"standard","meta":{"sfsi_plus_gutenberg_text_before_share":"","sfsi_plus_gutenberg_show_text_before_share":"","sfsi_plus_gutenberg_icon_type":"","sfsi_plus_gutenberg_icon_alignemt":"","sfsi_plus_gutenburg_max_per_row":"","footnotes":""},"categories":[8,45],"tags":[95,96],"class_list":["post-771","post","type-post","status-publish","format-standard","has-post-thumbnail","hentry","category-blog","category-slider","tag-paris","tag-viagem"],"yoast_head":"<!-- This site is optimized with the Yoast SEO plugin v27.5 - https:\/\/yoast.com\/product\/yoast-seo-wordpress\/ -->\n<title>Paris \u00e9 um sonho | Ronaldo Correia de Brito | site oficial<\/title>\n<meta name=\"robots\" content=\"index, follow, max-snippet:-1, max-image-preview:large, max-video-preview:-1\" \/>\n<link rel=\"canonical\" href=\"https:\/\/www.ronaldocorreiadebrito.com.br\/site2\/2017\/03\/paris-e-um-sonho\/\" \/>\n<meta property=\"og:locale\" content=\"pt_BR\" \/>\n<meta property=\"og:type\" content=\"article\" \/>\n<meta property=\"og:title\" content=\"Paris \u00e9 um sonho | Ronaldo Correia de Brito | site oficial\" \/>\n<meta property=\"og:description\" content=\"Paris \u00e9 um sonho Quando soube que eu viajaria a Paris, um amigo se apressou em mandar-me uma lista de lugares que eu n\u00e3o poderia deixar de visitar: Ile de la Cit\u00e9, Notre Dame, os Halles, Centre Pompidou, H\u00f4tel de Ville, o Marais, Rive droite,...\" \/>\n<meta property=\"og:url\" content=\"https:\/\/www.ronaldocorreiadebrito.com.br\/site2\/2017\/03\/paris-e-um-sonho\/\" \/>\n<meta property=\"og:site_name\" content=\"Ronaldo Correia de Brito | site oficial\" \/>\n<meta property=\"article:publisher\" content=\"https:\/\/www.facebook.com\/ronaldocorreiadebrito.oficial\" \/>\n<meta property=\"article:published_time\" content=\"2017-03-15T14:32:36+00:00\" \/>\n<meta property=\"og:image\" content=\"https:\/\/www.ronaldocorreiadebrito.com.br\/site2\/wp-content\/uploads\/2017\/03\/paris.jpg\" \/>\n\t<meta property=\"og:image:width\" content=\"1100\" \/>\n\t<meta property=\"og:image:height\" content=\"400\" \/>\n\t<meta property=\"og:image:type\" content=\"image\/jpeg\" \/>\n<meta name=\"author\" content=\"admin\" \/>\n<meta name=\"twitter:card\" content=\"summary_large_image\" \/>\n<meta name=\"twitter:label1\" content=\"Escrito por\" \/>\n\t<meta name=\"twitter:data1\" content=\"admin\" \/>\n\t<meta name=\"twitter:label2\" content=\"Est. tempo de leitura\" \/>\n\t<meta name=\"twitter:data2\" content=\"3 minutos\" \/>\n<script type=\"application\/ld+json\" class=\"yoast-schema-graph\">{\"@context\":\"https:\\\/\\\/schema.org\",\"@graph\":[{\"@type\":\"Article\",\"@id\":\"https:\\\/\\\/www.ronaldocorreiadebrito.com.br\\\/site2\\\/2017\\\/03\\\/paris-e-um-sonho\\\/#article\",\"isPartOf\":{\"@id\":\"https:\\\/\\\/www.ronaldocorreiadebrito.com.br\\\/site2\\\/2017\\\/03\\\/paris-e-um-sonho\\\/\"},\"author\":{\"name\":\"admin\",\"@id\":\"https:\\\/\\\/www.ronaldocorreiadebrito.com.br\\\/site2\\\/#\\\/schema\\\/person\\\/99a164d0eaaff7f78b11899bc7d5e7c9\"},\"headline\":\"Paris \u00e9 um sonho\",\"datePublished\":\"2017-03-15T14:32:36+00:00\",\"mainEntityOfPage\":{\"@id\":\"https:\\\/\\\/www.ronaldocorreiadebrito.com.br\\\/site2\\\/2017\\\/03\\\/paris-e-um-sonho\\\/\"},\"wordCount\":567,\"commentCount\":0,\"image\":{\"@id\":\"https:\\\/\\\/www.ronaldocorreiadebrito.com.br\\\/site2\\\/2017\\\/03\\\/paris-e-um-sonho\\\/#primaryimage\"},\"thumbnailUrl\":\"https:\\\/\\\/www.ronaldocorreiadebrito.com.br\\\/site2\\\/wp-content\\\/uploads\\\/2017\\\/03\\\/paris.jpg\",\"keywords\":[\"paris\",\"viagem\"],\"articleSection\":[\"Blog\",\"Slider\"],\"inLanguage\":\"pt-BR\",\"potentialAction\":[{\"@type\":\"CommentAction\",\"name\":\"Comment\",\"target\":[\"https:\\\/\\\/www.ronaldocorreiadebrito.com.br\\\/site2\\\/2017\\\/03\\\/paris-e-um-sonho\\\/#respond\"]}]},{\"@type\":\"WebPage\",\"@id\":\"https:\\\/\\\/www.ronaldocorreiadebrito.com.br\\\/site2\\\/2017\\\/03\\\/paris-e-um-sonho\\\/\",\"url\":\"https:\\\/\\\/www.ronaldocorreiadebrito.com.br\\\/site2\\\/2017\\\/03\\\/paris-e-um-sonho\\\/\",\"name\":\"Paris \u00e9 um sonho | Ronaldo Correia de Brito | site oficial\",\"isPartOf\":{\"@id\":\"https:\\\/\\\/www.ronaldocorreiadebrito.com.br\\\/site2\\\/#website\"},\"primaryImageOfPage\":{\"@id\":\"https:\\\/\\\/www.ronaldocorreiadebrito.com.br\\\/site2\\\/2017\\\/03\\\/paris-e-um-sonho\\\/#primaryimage\"},\"image\":{\"@id\":\"https:\\\/\\\/www.ronaldocorreiadebrito.com.br\\\/site2\\\/2017\\\/03\\\/paris-e-um-sonho\\\/#primaryimage\"},\"thumbnailUrl\":\"https:\\\/\\\/www.ronaldocorreiadebrito.com.br\\\/site2\\\/wp-content\\\/uploads\\\/2017\\\/03\\\/paris.jpg\",\"datePublished\":\"2017-03-15T14:32:36+00:00\",\"author\":{\"@id\":\"https:\\\/\\\/www.ronaldocorreiadebrito.com.br\\\/site2\\\/#\\\/schema\\\/person\\\/99a164d0eaaff7f78b11899bc7d5e7c9\"},\"breadcrumb\":{\"@id\":\"https:\\\/\\\/www.ronaldocorreiadebrito.com.br\\\/site2\\\/2017\\\/03\\\/paris-e-um-sonho\\\/#breadcrumb\"},\"inLanguage\":\"pt-BR\",\"potentialAction\":[{\"@type\":\"ReadAction\",\"target\":[\"https:\\\/\\\/www.ronaldocorreiadebrito.com.br\\\/site2\\\/2017\\\/03\\\/paris-e-um-sonho\\\/\"]}]},{\"@type\":\"ImageObject\",\"inLanguage\":\"pt-BR\",\"@id\":\"https:\\\/\\\/www.ronaldocorreiadebrito.com.br\\\/site2\\\/2017\\\/03\\\/paris-e-um-sonho\\\/#primaryimage\",\"url\":\"https:\\\/\\\/www.ronaldocorreiadebrito.com.br\\\/site2\\\/wp-content\\\/uploads\\\/2017\\\/03\\\/paris.jpg\",\"contentUrl\":\"https:\\\/\\\/www.ronaldocorreiadebrito.com.br\\\/site2\\\/wp-content\\\/uploads\\\/2017\\\/03\\\/paris.jpg\",\"width\":1100,\"height\":400},{\"@type\":\"BreadcrumbList\",\"@id\":\"https:\\\/\\\/www.ronaldocorreiadebrito.com.br\\\/site2\\\/2017\\\/03\\\/paris-e-um-sonho\\\/#breadcrumb\",\"itemListElement\":[{\"@type\":\"ListItem\",\"position\":1,\"name\":\"In\u00edcio\",\"item\":\"https:\\\/\\\/www.ronaldocorreiadebrito.com.br\\\/site2\\\/\"},{\"@type\":\"ListItem\",\"position\":2,\"name\":\"Paris \u00e9 um sonho\"}]},{\"@type\":\"WebSite\",\"@id\":\"https:\\\/\\\/www.ronaldocorreiadebrito.com.br\\\/site2\\\/#website\",\"url\":\"https:\\\/\\\/www.ronaldocorreiadebrito.com.br\\\/site2\\\/\",\"name\":\"Ronaldo Correia de Brito | site oficial\",\"description\":\"Site oficial do escritor Ronaldo Correia de Brito\",\"potentialAction\":[{\"@type\":\"SearchAction\",\"target\":{\"@type\":\"EntryPoint\",\"urlTemplate\":\"https:\\\/\\\/www.ronaldocorreiadebrito.com.br\\\/site2\\\/?s={search_term_string}\"},\"query-input\":{\"@type\":\"PropertyValueSpecification\",\"valueRequired\":true,\"valueName\":\"search_term_string\"}}],\"inLanguage\":\"pt-BR\"},{\"@type\":\"Person\",\"@id\":\"https:\\\/\\\/www.ronaldocorreiadebrito.com.br\\\/site2\\\/#\\\/schema\\\/person\\\/99a164d0eaaff7f78b11899bc7d5e7c9\",\"name\":\"admin\",\"url\":\"https:\\\/\\\/www.ronaldocorreiadebrito.com.br\\\/site2\\\/author\\\/admin\\\/\"}]}<\/script>\n<!-- \/ Yoast SEO plugin. -->","yoast_head_json":{"title":"Paris \u00e9 um sonho | Ronaldo Correia de Brito | site oficial","robots":{"index":"index","follow":"follow","max-snippet":"max-snippet:-1","max-image-preview":"max-image-preview:large","max-video-preview":"max-video-preview:-1"},"canonical":"https:\/\/www.ronaldocorreiadebrito.com.br\/site2\/2017\/03\/paris-e-um-sonho\/","og_locale":"pt_BR","og_type":"article","og_title":"Paris \u00e9 um sonho | Ronaldo Correia de Brito | site oficial","og_description":"Paris \u00e9 um sonho Quando soube que eu viajaria a Paris, um amigo se apressou em mandar-me uma lista de lugares que eu n\u00e3o poderia deixar de visitar: Ile de la Cit\u00e9, Notre Dame, os Halles, Centre Pompidou, H\u00f4tel de Ville, o Marais, Rive droite,...","og_url":"https:\/\/www.ronaldocorreiadebrito.com.br\/site2\/2017\/03\/paris-e-um-sonho\/","og_site_name":"Ronaldo Correia de Brito | site oficial","article_publisher":"https:\/\/www.facebook.com\/ronaldocorreiadebrito.oficial","article_published_time":"2017-03-15T14:32:36+00:00","og_image":[{"width":1100,"height":400,"url":"https:\/\/www.ronaldocorreiadebrito.com.br\/site2\/wp-content\/uploads\/2017\/03\/paris.jpg","type":"image\/jpeg"}],"author":"admin","twitter_card":"summary_large_image","twitter_misc":{"Escrito por":"admin","Est. tempo de leitura":"3 minutos"},"schema":{"@context":"https:\/\/schema.org","@graph":[{"@type":"Article","@id":"https:\/\/www.ronaldocorreiadebrito.com.br\/site2\/2017\/03\/paris-e-um-sonho\/#article","isPartOf":{"@id":"https:\/\/www.ronaldocorreiadebrito.com.br\/site2\/2017\/03\/paris-e-um-sonho\/"},"author":{"name":"admin","@id":"https:\/\/www.ronaldocorreiadebrito.com.br\/site2\/#\/schema\/person\/99a164d0eaaff7f78b11899bc7d5e7c9"},"headline":"Paris \u00e9 um sonho","datePublished":"2017-03-15T14:32:36+00:00","mainEntityOfPage":{"@id":"https:\/\/www.ronaldocorreiadebrito.com.br\/site2\/2017\/03\/paris-e-um-sonho\/"},"wordCount":567,"commentCount":0,"image":{"@id":"https:\/\/www.ronaldocorreiadebrito.com.br\/site2\/2017\/03\/paris-e-um-sonho\/#primaryimage"},"thumbnailUrl":"https:\/\/www.ronaldocorreiadebrito.com.br\/site2\/wp-content\/uploads\/2017\/03\/paris.jpg","keywords":["paris","viagem"],"articleSection":["Blog","Slider"],"inLanguage":"pt-BR","potentialAction":[{"@type":"CommentAction","name":"Comment","target":["https:\/\/www.ronaldocorreiadebrito.com.br\/site2\/2017\/03\/paris-e-um-sonho\/#respond"]}]},{"@type":"WebPage","@id":"https:\/\/www.ronaldocorreiadebrito.com.br\/site2\/2017\/03\/paris-e-um-sonho\/","url":"https:\/\/www.ronaldocorreiadebrito.com.br\/site2\/2017\/03\/paris-e-um-sonho\/","name":"Paris \u00e9 um sonho | Ronaldo Correia de Brito | site oficial","isPartOf":{"@id":"https:\/\/www.ronaldocorreiadebrito.com.br\/site2\/#website"},"primaryImageOfPage":{"@id":"https:\/\/www.ronaldocorreiadebrito.com.br\/site2\/2017\/03\/paris-e-um-sonho\/#primaryimage"},"image":{"@id":"https:\/\/www.ronaldocorreiadebrito.com.br\/site2\/2017\/03\/paris-e-um-sonho\/#primaryimage"},"thumbnailUrl":"https:\/\/www.ronaldocorreiadebrito.com.br\/site2\/wp-content\/uploads\/2017\/03\/paris.jpg","datePublished":"2017-03-15T14:32:36+00:00","author":{"@id":"https:\/\/www.ronaldocorreiadebrito.com.br\/site2\/#\/schema\/person\/99a164d0eaaff7f78b11899bc7d5e7c9"},"breadcrumb":{"@id":"https:\/\/www.ronaldocorreiadebrito.com.br\/site2\/2017\/03\/paris-e-um-sonho\/#breadcrumb"},"inLanguage":"pt-BR","potentialAction":[{"@type":"ReadAction","target":["https:\/\/www.ronaldocorreiadebrito.com.br\/site2\/2017\/03\/paris-e-um-sonho\/"]}]},{"@type":"ImageObject","inLanguage":"pt-BR","@id":"https:\/\/www.ronaldocorreiadebrito.com.br\/site2\/2017\/03\/paris-e-um-sonho\/#primaryimage","url":"https:\/\/www.ronaldocorreiadebrito.com.br\/site2\/wp-content\/uploads\/2017\/03\/paris.jpg","contentUrl":"https:\/\/www.ronaldocorreiadebrito.com.br\/site2\/wp-content\/uploads\/2017\/03\/paris.jpg","width":1100,"height":400},{"@type":"BreadcrumbList","@id":"https:\/\/www.ronaldocorreiadebrito.com.br\/site2\/2017\/03\/paris-e-um-sonho\/#breadcrumb","itemListElement":[{"@type":"ListItem","position":1,"name":"In\u00edcio","item":"https:\/\/www.ronaldocorreiadebrito.com.br\/site2\/"},{"@type":"ListItem","position":2,"name":"Paris \u00e9 um sonho"}]},{"@type":"WebSite","@id":"https:\/\/www.ronaldocorreiadebrito.com.br\/site2\/#website","url":"https:\/\/www.ronaldocorreiadebrito.com.br\/site2\/","name":"Ronaldo Correia de Brito | site oficial","description":"Site oficial do escritor Ronaldo Correia de Brito","potentialAction":[{"@type":"SearchAction","target":{"@type":"EntryPoint","urlTemplate":"https:\/\/www.ronaldocorreiadebrito.com.br\/site2\/?s={search_term_string}"},"query-input":{"@type":"PropertyValueSpecification","valueRequired":true,"valueName":"search_term_string"}}],"inLanguage":"pt-BR"},{"@type":"Person","@id":"https:\/\/www.ronaldocorreiadebrito.com.br\/site2\/#\/schema\/person\/99a164d0eaaff7f78b11899bc7d5e7c9","name":"admin","url":"https:\/\/www.ronaldocorreiadebrito.com.br\/site2\/author\/admin\/"}]}},"wps_subtitle":"","_links":{"self":[{"href":"https:\/\/www.ronaldocorreiadebrito.com.br\/site2\/wp-json\/wp\/v2\/posts\/771","targetHints":{"allow":["GET"]}}],"collection":[{"href":"https:\/\/www.ronaldocorreiadebrito.com.br\/site2\/wp-json\/wp\/v2\/posts"}],"about":[{"href":"https:\/\/www.ronaldocorreiadebrito.com.br\/site2\/wp-json\/wp\/v2\/types\/post"}],"author":[{"embeddable":true,"href":"https:\/\/www.ronaldocorreiadebrito.com.br\/site2\/wp-json\/wp\/v2\/users\/1"}],"replies":[{"embeddable":true,"href":"https:\/\/www.ronaldocorreiadebrito.com.br\/site2\/wp-json\/wp\/v2\/comments?post=771"}],"version-history":[{"count":0,"href":"https:\/\/www.ronaldocorreiadebrito.com.br\/site2\/wp-json\/wp\/v2\/posts\/771\/revisions"}],"wp:featuredmedia":[{"embeddable":true,"href":"https:\/\/www.ronaldocorreiadebrito.com.br\/site2\/wp-json\/wp\/v2\/media\/776"}],"wp:attachment":[{"href":"https:\/\/www.ronaldocorreiadebrito.com.br\/site2\/wp-json\/wp\/v2\/media?parent=771"}],"wp:term":[{"taxonomy":"category","embeddable":true,"href":"https:\/\/www.ronaldocorreiadebrito.com.br\/site2\/wp-json\/wp\/v2\/categories?post=771"},{"taxonomy":"post_tag","embeddable":true,"href":"https:\/\/www.ronaldocorreiadebrito.com.br\/site2\/wp-json\/wp\/v2\/tags?post=771"}],"curies":[{"name":"wp","href":"https:\/\/api.w.org\/{rel}","templated":true}]}}