{"id":620,"date":"2016-09-28T19:08:28","date_gmt":"2016-09-28T22:08:28","guid":{"rendered":"http:\/\/www.ronaldocorreiadebrito.com.br\/site2\/?p=620"},"modified":"2016-10-18T18:49:02","modified_gmt":"2016-10-18T21:49:02","slug":"e-por-falar-em-viagens","status":"publish","type":"post","link":"https:\/\/www.ronaldocorreiadebrito.com.br\/site2\/2016\/09\/e-por-falar-em-viagens\/","title":{"rendered":"E por falar em viagens&#8230;"},"content":{"rendered":"<p>Encontrei um amigo, professor de f\u00edsica na universidade. Fiz a besteira de perguntar:<\/p>\n<p>\u2013 E a\u00ed, como vai?<\/p>\n<p>Ele nem me deu tempo de refazer a pergunta num conceito menos cinem\u00e1tico. Embora seja especialista em qu\u00e2ntica, gastou suas milhas.<\/p>\n<p>\u2013 Agora em setembro, fico quinze dias em Ohio. Em outubro viajo ao Jap\u00e3o, para um congresso. Em novembro, passo uma semana em Madri. Em dezembro, volto duas vezes aos Estados Unidos.<\/p>\n<p>Eu desejava saber como ele ia de sa\u00fade, no casamento e no esporte a vela. Esqueci o quanto se tornou perigoso conjugar o verbo \u201cir\u201d nas frases interrogativas. Tenha cuidado ao faz\u00ea-lo, poder\u00e1 ser bombardeado com narrativas t\u00e3o enfadonhas quanto as viagens do veneziano Marco Polo, ou os relatos de cidade invis\u00edveis como as de \u00cdtalo Calvino.<\/p>\n<p>\u2013 Mas voc\u00ea est\u00e1 bem? \u2013 tento reverter a pergunta.<br \/>\n\u2013 Quem n\u00e3o estaria bem na perspectiva de um Ano Novo em Paris?<\/p>\n<p>Mesmo alojado numa \u00e1gua furtada, no sexto andar de um pr\u00e9dio sem elevador, no bairro de Montmartre. No c\u00f4modo ex\u00edguo, fica-se de p\u00e9 em pouco mais de seis metros quadrados. No espa\u00e7o restante, \u00e9 preciso engatinhar.<\/p>\n<p>\u2013 E sua maravilhosa casa na V\u00e1rzea, com jardins tropicais? N\u00e3o sente falta da amplid\u00e3o? \u2013 me arrisco t\u00edmido.<br \/>\n\u2013 Paris \u00e9 Paris.<br \/>\n\u2013 Bela frase \u2013 comento para disfar\u00e7ar o riso.<br \/>\n\u2013 Em Paris vive-se nas ruas e nos caf\u00e9s.<br \/>\n\u2013 Um pouco complicado para mim, sou escritor e s\u00f3 consigo trabalhar em casa.<br \/>\n\u2013 A grande literatura francesa foi produzida em caf\u00e9s.<br \/>\n\u2013 Faz algum tempo, n\u00e3o? Na vez em que estive em Paris pagava-se uma fortuna por um cafezinho. De p\u00e9, no balc\u00e3o, custava um pre\u00e7o. Sentado dentro da cafeteria, outro valor. Na cal\u00e7ada, com direito a cadeira e mesinha, o equivalente ao sal\u00e1rio de um m\u00eas. E o rel\u00f3gio marcava as horas.<br \/>\n\u2013 Exagero! Pra que \u00e9 que se ganha dinheiro?<br \/>\n\u2013 Pra gastar&#8230;<br \/>\n\u2013 Isso mesmo, pra gastar nas viagens. N\u00e3o reparou que todo mundo est\u00e1 viajando?<br \/>\n\u2013 \u00c9 verdade, alguns bem desconfort\u00e1veis. Viu os document\u00e1rios sobre imigrantes tentando entrar na Europa?<br \/>\n\u2013 Nunca vi.<br \/>\n\u2013 Seria bom ver.<br \/>\n\u2013 Viajo como professor, pago pela universidade.<br \/>\n\u2013 \u00c9 bem melhor.<br \/>\n\u2013 Em maio estarei em Berlim, num congresso.<br \/>\n\u2013 Puxa. E tua mulher?<br \/>\n\u2013 Tamb\u00e9m faz as viagens dela, pelo Departamento de Matem\u00e1tica.<\/p>\n<p>Arrisco mais uma pergunta:<\/p>\n<p>\u2013 E voc\u00eas se encontram?<\/p>\n<p>Ele ri seguro. Nada como a convic\u00e7\u00e3o dos f\u00edsicos e matem\u00e1ticos, sabem exatamente o que desejam e por isso escolheram \u201cexatas\u201d, no vestibular. Escritores optam por \u201chumanas\u201d, um caminho tortuoso e escorregadio, bem mais complicado.<\/p>\n<p>\u2013 Quando os congressos coincidem na mesma cidade, costumo v\u00ea-la.<\/p>\n<p>Tento dizer alguma coisa, mas ele se antecipa:<\/p>\n<p>\u2013 Por qual motivo nosso casamento duraria tanto tempo?<\/p>\n","protected":false},"excerpt":{"rendered":"<p>Encontrei um amigo, professor de f\u00edsica na universidade. Fiz a besteira de perguntar: \u2013 E a\u00ed, como vai? Ele nem me deu tempo de refazer a pergunta num conceito menos cinem\u00e1tico. Embora seja especialista em qu\u00e2ntica, gastou suas milhas. \u2013 Agora em setembro, fico quinze&#8230;<\/p>\n","protected":false},"author":1,"featured_media":650,"comment_status":"open","ping_status":"closed","sticky":false,"template":"","format":"standard","meta":{"sfsi_plus_gutenberg_text_before_share":"","sfsi_plus_gutenberg_show_text_before_share":"","sfsi_plus_gutenberg_icon_type":"","sfsi_plus_gutenberg_icon_alignemt":"","sfsi_plus_gutenburg_max_per_row":"","footnotes":""},"categories":[8,45],"tags":[66,53,67],"class_list":["post-620","post","type-post","status-publish","format-standard","has-post-thumbnail","hentry","category-blog","category-slider","tag-casamento","tag-cronica","tag-viagens"],"yoast_head":"<!-- This site is optimized with the Yoast SEO plugin v27.4 - https:\/\/yoast.com\/product\/yoast-seo-wordpress\/ -->\n<title>E por falar em viagens... | Ronaldo Correia de Brito | site oficial<\/title>\n<meta name=\"robots\" content=\"index, follow, max-snippet:-1, max-image-preview:large, max-video-preview:-1\" \/>\n<link rel=\"canonical\" href=\"https:\/\/www.ronaldocorreiadebrito.com.br\/site2\/2016\/09\/e-por-falar-em-viagens\/\" \/>\n<meta property=\"og:locale\" content=\"pt_BR\" \/>\n<meta property=\"og:type\" content=\"article\" \/>\n<meta property=\"og:title\" content=\"E por falar em viagens... | Ronaldo Correia de Brito | site oficial\" \/>\n<meta property=\"og:description\" content=\"Encontrei um amigo, professor de f\u00edsica na universidade. Fiz a besteira de perguntar: \u2013 E a\u00ed, como vai? Ele nem me deu tempo de refazer a pergunta num conceito menos cinem\u00e1tico. Embora seja especialista em qu\u00e2ntica, gastou suas milhas. \u2013 Agora em setembro, fico quinze...\" \/>\n<meta property=\"og:url\" content=\"https:\/\/www.ronaldocorreiadebrito.com.br\/site2\/2016\/09\/e-por-falar-em-viagens\/\" \/>\n<meta property=\"og:site_name\" content=\"Ronaldo Correia de Brito | site oficial\" \/>\n<meta property=\"article:publisher\" content=\"https:\/\/www.facebook.com\/ronaldocorreiadebrito.oficial\" \/>\n<meta property=\"article:published_time\" content=\"2016-09-28T22:08:28+00:00\" \/>\n<meta property=\"article:modified_time\" content=\"2016-10-18T21:49:02+00:00\" \/>\n<meta property=\"og:image\" content=\"https:\/\/www.ronaldocorreiadebrito.com.br\/site2\/wp-content\/uploads\/2016\/09\/paris.jpg\" \/>\n\t<meta property=\"og:image:width\" content=\"1000\" \/>\n\t<meta property=\"og:image:height\" content=\"400\" \/>\n\t<meta property=\"og:image:type\" content=\"image\/jpeg\" \/>\n<meta name=\"author\" content=\"admin\" \/>\n<meta name=\"twitter:card\" content=\"summary_large_image\" \/>\n<meta name=\"twitter:label1\" content=\"Escrito por\" \/>\n\t<meta name=\"twitter:data1\" content=\"admin\" \/>\n\t<meta name=\"twitter:label2\" content=\"Est. tempo de leitura\" \/>\n\t<meta name=\"twitter:data2\" content=\"2 minutos\" \/>\n<script type=\"application\/ld+json\" class=\"yoast-schema-graph\">{\"@context\":\"https:\\\/\\\/schema.org\",\"@graph\":[{\"@type\":\"Article\",\"@id\":\"https:\\\/\\\/www.ronaldocorreiadebrito.com.br\\\/site2\\\/2016\\\/09\\\/e-por-falar-em-viagens\\\/#article\",\"isPartOf\":{\"@id\":\"https:\\\/\\\/www.ronaldocorreiadebrito.com.br\\\/site2\\\/2016\\\/09\\\/e-por-falar-em-viagens\\\/\"},\"author\":{\"name\":\"admin\",\"@id\":\"https:\\\/\\\/www.ronaldocorreiadebrito.com.br\\\/site2\\\/#\\\/schema\\\/person\\\/99a164d0eaaff7f78b11899bc7d5e7c9\"},\"headline\":\"E por falar em viagens&#8230;\",\"datePublished\":\"2016-09-28T22:08:28+00:00\",\"dateModified\":\"2016-10-18T21:49:02+00:00\",\"mainEntityOfPage\":{\"@id\":\"https:\\\/\\\/www.ronaldocorreiadebrito.com.br\\\/site2\\\/2016\\\/09\\\/e-por-falar-em-viagens\\\/\"},\"wordCount\":465,\"commentCount\":0,\"image\":{\"@id\":\"https:\\\/\\\/www.ronaldocorreiadebrito.com.br\\\/site2\\\/2016\\\/09\\\/e-por-falar-em-viagens\\\/#primaryimage\"},\"thumbnailUrl\":\"https:\\\/\\\/www.ronaldocorreiadebrito.com.br\\\/site2\\\/wp-content\\\/uploads\\\/2016\\\/09\\\/paris.jpg\",\"keywords\":[\"casamento\",\"cr\u00f4nica\",\"viagens\"],\"articleSection\":[\"Blog\",\"Slider\"],\"inLanguage\":\"pt-BR\",\"potentialAction\":[{\"@type\":\"CommentAction\",\"name\":\"Comment\",\"target\":[\"https:\\\/\\\/www.ronaldocorreiadebrito.com.br\\\/site2\\\/2016\\\/09\\\/e-por-falar-em-viagens\\\/#respond\"]}]},{\"@type\":\"WebPage\",\"@id\":\"https:\\\/\\\/www.ronaldocorreiadebrito.com.br\\\/site2\\\/2016\\\/09\\\/e-por-falar-em-viagens\\\/\",\"url\":\"https:\\\/\\\/www.ronaldocorreiadebrito.com.br\\\/site2\\\/2016\\\/09\\\/e-por-falar-em-viagens\\\/\",\"name\":\"E por falar em viagens... | Ronaldo Correia de Brito | site oficial\",\"isPartOf\":{\"@id\":\"https:\\\/\\\/www.ronaldocorreiadebrito.com.br\\\/site2\\\/#website\"},\"primaryImageOfPage\":{\"@id\":\"https:\\\/\\\/www.ronaldocorreiadebrito.com.br\\\/site2\\\/2016\\\/09\\\/e-por-falar-em-viagens\\\/#primaryimage\"},\"image\":{\"@id\":\"https:\\\/\\\/www.ronaldocorreiadebrito.com.br\\\/site2\\\/2016\\\/09\\\/e-por-falar-em-viagens\\\/#primaryimage\"},\"thumbnailUrl\":\"https:\\\/\\\/www.ronaldocorreiadebrito.com.br\\\/site2\\\/wp-content\\\/uploads\\\/2016\\\/09\\\/paris.jpg\",\"datePublished\":\"2016-09-28T22:08:28+00:00\",\"dateModified\":\"2016-10-18T21:49:02+00:00\",\"author\":{\"@id\":\"https:\\\/\\\/www.ronaldocorreiadebrito.com.br\\\/site2\\\/#\\\/schema\\\/person\\\/99a164d0eaaff7f78b11899bc7d5e7c9\"},\"breadcrumb\":{\"@id\":\"https:\\\/\\\/www.ronaldocorreiadebrito.com.br\\\/site2\\\/2016\\\/09\\\/e-por-falar-em-viagens\\\/#breadcrumb\"},\"inLanguage\":\"pt-BR\",\"potentialAction\":[{\"@type\":\"ReadAction\",\"target\":[\"https:\\\/\\\/www.ronaldocorreiadebrito.com.br\\\/site2\\\/2016\\\/09\\\/e-por-falar-em-viagens\\\/\"]}]},{\"@type\":\"ImageObject\",\"inLanguage\":\"pt-BR\",\"@id\":\"https:\\\/\\\/www.ronaldocorreiadebrito.com.br\\\/site2\\\/2016\\\/09\\\/e-por-falar-em-viagens\\\/#primaryimage\",\"url\":\"https:\\\/\\\/www.ronaldocorreiadebrito.com.br\\\/site2\\\/wp-content\\\/uploads\\\/2016\\\/09\\\/paris.jpg\",\"contentUrl\":\"https:\\\/\\\/www.ronaldocorreiadebrito.com.br\\\/site2\\\/wp-content\\\/uploads\\\/2016\\\/09\\\/paris.jpg\",\"width\":1000,\"height\":400},{\"@type\":\"BreadcrumbList\",\"@id\":\"https:\\\/\\\/www.ronaldocorreiadebrito.com.br\\\/site2\\\/2016\\\/09\\\/e-por-falar-em-viagens\\\/#breadcrumb\",\"itemListElement\":[{\"@type\":\"ListItem\",\"position\":1,\"name\":\"In\u00edcio\",\"item\":\"https:\\\/\\\/www.ronaldocorreiadebrito.com.br\\\/site2\\\/\"},{\"@type\":\"ListItem\",\"position\":2,\"name\":\"E por falar em viagens&#8230;\"}]},{\"@type\":\"WebSite\",\"@id\":\"https:\\\/\\\/www.ronaldocorreiadebrito.com.br\\\/site2\\\/#website\",\"url\":\"https:\\\/\\\/www.ronaldocorreiadebrito.com.br\\\/site2\\\/\",\"name\":\"Ronaldo Correia de Brito | site oficial\",\"description\":\"Site oficial do escritor Ronaldo Correia de Brito\",\"potentialAction\":[{\"@type\":\"SearchAction\",\"target\":{\"@type\":\"EntryPoint\",\"urlTemplate\":\"https:\\\/\\\/www.ronaldocorreiadebrito.com.br\\\/site2\\\/?s={search_term_string}\"},\"query-input\":{\"@type\":\"PropertyValueSpecification\",\"valueRequired\":true,\"valueName\":\"search_term_string\"}}],\"inLanguage\":\"pt-BR\"},{\"@type\":\"Person\",\"@id\":\"https:\\\/\\\/www.ronaldocorreiadebrito.com.br\\\/site2\\\/#\\\/schema\\\/person\\\/99a164d0eaaff7f78b11899bc7d5e7c9\",\"name\":\"admin\",\"url\":\"https:\\\/\\\/www.ronaldocorreiadebrito.com.br\\\/site2\\\/author\\\/admin\\\/\"}]}<\/script>\n<!-- \/ Yoast SEO plugin. -->","yoast_head_json":{"title":"E por falar em viagens... | Ronaldo Correia de Brito | site oficial","robots":{"index":"index","follow":"follow","max-snippet":"max-snippet:-1","max-image-preview":"max-image-preview:large","max-video-preview":"max-video-preview:-1"},"canonical":"https:\/\/www.ronaldocorreiadebrito.com.br\/site2\/2016\/09\/e-por-falar-em-viagens\/","og_locale":"pt_BR","og_type":"article","og_title":"E por falar em viagens... | Ronaldo Correia de Brito | site oficial","og_description":"Encontrei um amigo, professor de f\u00edsica na universidade. Fiz a besteira de perguntar: \u2013 E a\u00ed, como vai? Ele nem me deu tempo de refazer a pergunta num conceito menos cinem\u00e1tico. Embora seja especialista em qu\u00e2ntica, gastou suas milhas. \u2013 Agora em setembro, fico quinze...","og_url":"https:\/\/www.ronaldocorreiadebrito.com.br\/site2\/2016\/09\/e-por-falar-em-viagens\/","og_site_name":"Ronaldo Correia de Brito | site oficial","article_publisher":"https:\/\/www.facebook.com\/ronaldocorreiadebrito.oficial","article_published_time":"2016-09-28T22:08:28+00:00","article_modified_time":"2016-10-18T21:49:02+00:00","og_image":[{"width":1000,"height":400,"url":"https:\/\/www.ronaldocorreiadebrito.com.br\/site2\/wp-content\/uploads\/2016\/09\/paris.jpg","type":"image\/jpeg"}],"author":"admin","twitter_card":"summary_large_image","twitter_misc":{"Escrito por":"admin","Est. tempo de leitura":"2 minutos"},"schema":{"@context":"https:\/\/schema.org","@graph":[{"@type":"Article","@id":"https:\/\/www.ronaldocorreiadebrito.com.br\/site2\/2016\/09\/e-por-falar-em-viagens\/#article","isPartOf":{"@id":"https:\/\/www.ronaldocorreiadebrito.com.br\/site2\/2016\/09\/e-por-falar-em-viagens\/"},"author":{"name":"admin","@id":"https:\/\/www.ronaldocorreiadebrito.com.br\/site2\/#\/schema\/person\/99a164d0eaaff7f78b11899bc7d5e7c9"},"headline":"E por falar em viagens&#8230;","datePublished":"2016-09-28T22:08:28+00:00","dateModified":"2016-10-18T21:49:02+00:00","mainEntityOfPage":{"@id":"https:\/\/www.ronaldocorreiadebrito.com.br\/site2\/2016\/09\/e-por-falar-em-viagens\/"},"wordCount":465,"commentCount":0,"image":{"@id":"https:\/\/www.ronaldocorreiadebrito.com.br\/site2\/2016\/09\/e-por-falar-em-viagens\/#primaryimage"},"thumbnailUrl":"https:\/\/www.ronaldocorreiadebrito.com.br\/site2\/wp-content\/uploads\/2016\/09\/paris.jpg","keywords":["casamento","cr\u00f4nica","viagens"],"articleSection":["Blog","Slider"],"inLanguage":"pt-BR","potentialAction":[{"@type":"CommentAction","name":"Comment","target":["https:\/\/www.ronaldocorreiadebrito.com.br\/site2\/2016\/09\/e-por-falar-em-viagens\/#respond"]}]},{"@type":"WebPage","@id":"https:\/\/www.ronaldocorreiadebrito.com.br\/site2\/2016\/09\/e-por-falar-em-viagens\/","url":"https:\/\/www.ronaldocorreiadebrito.com.br\/site2\/2016\/09\/e-por-falar-em-viagens\/","name":"E por falar em viagens... | Ronaldo Correia de Brito | site oficial","isPartOf":{"@id":"https:\/\/www.ronaldocorreiadebrito.com.br\/site2\/#website"},"primaryImageOfPage":{"@id":"https:\/\/www.ronaldocorreiadebrito.com.br\/site2\/2016\/09\/e-por-falar-em-viagens\/#primaryimage"},"image":{"@id":"https:\/\/www.ronaldocorreiadebrito.com.br\/site2\/2016\/09\/e-por-falar-em-viagens\/#primaryimage"},"thumbnailUrl":"https:\/\/www.ronaldocorreiadebrito.com.br\/site2\/wp-content\/uploads\/2016\/09\/paris.jpg","datePublished":"2016-09-28T22:08:28+00:00","dateModified":"2016-10-18T21:49:02+00:00","author":{"@id":"https:\/\/www.ronaldocorreiadebrito.com.br\/site2\/#\/schema\/person\/99a164d0eaaff7f78b11899bc7d5e7c9"},"breadcrumb":{"@id":"https:\/\/www.ronaldocorreiadebrito.com.br\/site2\/2016\/09\/e-por-falar-em-viagens\/#breadcrumb"},"inLanguage":"pt-BR","potentialAction":[{"@type":"ReadAction","target":["https:\/\/www.ronaldocorreiadebrito.com.br\/site2\/2016\/09\/e-por-falar-em-viagens\/"]}]},{"@type":"ImageObject","inLanguage":"pt-BR","@id":"https:\/\/www.ronaldocorreiadebrito.com.br\/site2\/2016\/09\/e-por-falar-em-viagens\/#primaryimage","url":"https:\/\/www.ronaldocorreiadebrito.com.br\/site2\/wp-content\/uploads\/2016\/09\/paris.jpg","contentUrl":"https:\/\/www.ronaldocorreiadebrito.com.br\/site2\/wp-content\/uploads\/2016\/09\/paris.jpg","width":1000,"height":400},{"@type":"BreadcrumbList","@id":"https:\/\/www.ronaldocorreiadebrito.com.br\/site2\/2016\/09\/e-por-falar-em-viagens\/#breadcrumb","itemListElement":[{"@type":"ListItem","position":1,"name":"In\u00edcio","item":"https:\/\/www.ronaldocorreiadebrito.com.br\/site2\/"},{"@type":"ListItem","position":2,"name":"E por falar em viagens&#8230;"}]},{"@type":"WebSite","@id":"https:\/\/www.ronaldocorreiadebrito.com.br\/site2\/#website","url":"https:\/\/www.ronaldocorreiadebrito.com.br\/site2\/","name":"Ronaldo Correia de Brito | site oficial","description":"Site oficial do escritor Ronaldo Correia de Brito","potentialAction":[{"@type":"SearchAction","target":{"@type":"EntryPoint","urlTemplate":"https:\/\/www.ronaldocorreiadebrito.com.br\/site2\/?s={search_term_string}"},"query-input":{"@type":"PropertyValueSpecification","valueRequired":true,"valueName":"search_term_string"}}],"inLanguage":"pt-BR"},{"@type":"Person","@id":"https:\/\/www.ronaldocorreiadebrito.com.br\/site2\/#\/schema\/person\/99a164d0eaaff7f78b11899bc7d5e7c9","name":"admin","url":"https:\/\/www.ronaldocorreiadebrito.com.br\/site2\/author\/admin\/"}]}},"wps_subtitle":"","_links":{"self":[{"href":"https:\/\/www.ronaldocorreiadebrito.com.br\/site2\/wp-json\/wp\/v2\/posts\/620","targetHints":{"allow":["GET"]}}],"collection":[{"href":"https:\/\/www.ronaldocorreiadebrito.com.br\/site2\/wp-json\/wp\/v2\/posts"}],"about":[{"href":"https:\/\/www.ronaldocorreiadebrito.com.br\/site2\/wp-json\/wp\/v2\/types\/post"}],"author":[{"embeddable":true,"href":"https:\/\/www.ronaldocorreiadebrito.com.br\/site2\/wp-json\/wp\/v2\/users\/1"}],"replies":[{"embeddable":true,"href":"https:\/\/www.ronaldocorreiadebrito.com.br\/site2\/wp-json\/wp\/v2\/comments?post=620"}],"version-history":[{"count":0,"href":"https:\/\/www.ronaldocorreiadebrito.com.br\/site2\/wp-json\/wp\/v2\/posts\/620\/revisions"}],"wp:featuredmedia":[{"embeddable":true,"href":"https:\/\/www.ronaldocorreiadebrito.com.br\/site2\/wp-json\/wp\/v2\/media\/650"}],"wp:attachment":[{"href":"https:\/\/www.ronaldocorreiadebrito.com.br\/site2\/wp-json\/wp\/v2\/media?parent=620"}],"wp:term":[{"taxonomy":"category","embeddable":true,"href":"https:\/\/www.ronaldocorreiadebrito.com.br\/site2\/wp-json\/wp\/v2\/categories?post=620"},{"taxonomy":"post_tag","embeddable":true,"href":"https:\/\/www.ronaldocorreiadebrito.com.br\/site2\/wp-json\/wp\/v2\/tags?post=620"}],"curies":[{"name":"wp","href":"https:\/\/api.w.org\/{rel}","templated":true}]}}