{"id":1750,"date":"2021-08-11T22:41:49","date_gmt":"2021-08-12T01:41:49","guid":{"rendered":"https:\/\/www.ronaldocorreiadebrito.com.br\/site2\/?p=1750"},"modified":"2021-08-11T22:41:49","modified_gmt":"2021-08-12T01:41:49","slug":"os-personagens-da-commedia-dellarte","status":"publish","type":"post","link":"https:\/\/www.ronaldocorreiadebrito.com.br\/site2\/2021\/08\/os-personagens-da-commedia-dellarte\/","title":{"rendered":"Os personagens da Commedia\u00a0dell\u2019arte"},"content":{"rendered":"<p class=\"p4\"><span class=\"s1\">Muita gente ficou curiosa em saber um pouco mais sobre a ilustra\u00e7\u00e3o do texto de agosto, na Revista Continente: <i>Disparates em tom prof\u00e9tico<\/i>. Trata-se do personagem Il Capitano ou O Capit\u00e3o, do teatro de Commedia dell\u2019ate. Recortei alguns verbetes, que n\u00e3o s\u00e3o de minha autoria, e publico a seguir.<\/span><\/p>\n<p class=\"p4\"><span class=\"s1\">Quando a Commedia dell\u2019arte surgiu na It\u00e1lia, no come\u00e7o do s\u00e9culo XVI, significava uma delimita\u00e7\u00e3o entre o teatro liter\u00e1rio culto e a com\u00e9dia erudita. Os atores dell\u2019arte eram, no sentido original da palavra, artes\u00e3os de sua arte, a do teatro. Foram, ao contr\u00e1rio dos grupos amadores acad\u00eamicos, os primeiros atores profissionais. Tiveram por ancestrais os m\u00edmicos ambulantes, os prestidigitadores e os improvisadores. Seu come\u00e7o veio do carnaval, com os cortejos mascarados, a s\u00e1tira social dos figurinos de seus buf\u00f5es, as apresenta\u00e7\u00f5es de n\u00fameros acrob\u00e1ticos e pantomimas. <\/span><\/p>\n<p class=\"p4\"><span class=\"s1\">As companhias de commedia dell\u2019arte mantinham forte tradi\u00e7\u00e3o familiar e artesanal. Itinerantes, percorriam toda a Europa, apresentando-se em vilas, cidades e lugarejos. A habilidade de improvisa\u00e7\u00e3o se adequava bem \u00e0s condi\u00e7\u00f5es que encontravam no caminho, pois nem sempre havia lugar adequado para as apresenta\u00e7\u00f5es. Se, \u00e0s vezes, se apresentavam em sal\u00f5es de pal\u00e1cios, patrocinados por nobres, noutras mostravam seu trabalho nas ruas e pra\u00e7as, sobre tablados, dispensando cen\u00e1rios e outros elementos de cena.<\/span><\/p>\n<p class=\"p4\"><span class=\"s1\">As performances seguiam um repert\u00f3rio de situa\u00e7\u00f5es constantes: adult\u00e9rio, ci\u00fames, velhice, amor. Os di\u00e1logos e a\u00e7\u00f5es podiam ser facilmente ajustadas para satirizar esc\u00e2ndalos locais, eventos recentes, gostos regionais, misturados com piadas antigas. Os personagens eram identificados atrav\u00e9s dos figurinos e m\u00e1scaras. <\/span><\/p>\n<p class=\"p4\"><span class=\"s1\">O roteiro tradicional era dos apaixonados (innamorati) e seu desejo em casar. Entretanto, um velho (vecchio) ou v\u00e1rios velhos, tentavam evitar o casamento e, envolviam nessa tentativa, um ou mais servos (zanni). Mas tudo acabava bem, com o casamentos dos enamorados e o perd\u00e3o de todas as maldades. <\/span><\/p>\n<p class=\"p4\"><span class=\"s1\">Existem incont\u00e1veis varia\u00e7\u00f5es desta hist\u00f3ria. A fixa\u00e7\u00e3o de tipos tornou-se tra\u00e7o caracter\u00edstico da Commedia dell\u2019arte. O contraste da linguagem, status, sagacidade ou estupidez de personagens predeterminadas assegurava o efeito c\u00f4mico. A tipifica\u00e7\u00e3o levava os int\u00e9rpretes a especializar-se numa personagem em particular, que representavam a vida inteira.<\/span><\/p>\n<p class=\"p4\"><span class=\"s1\">Eles eram divididos em tr\u00eas categorias: os criados (<a href=\"http:\/\/en.wikipedia.org\/wiki\/Zanni\">zanni<\/a>), personagens de classe social mais baixa; os patr\u00f5es (<a href=\"http:\/\/en.wikipedia.org\/wiki\/Vecchi\">vecchi<\/a>), que representam os de classe social mais abastada; e os\u00a0amantes (<a href=\"http:\/\/en.wikipedia.org\/wiki\/Innamorati\">innamorati<\/a>), que querem se casar.<\/span><\/p>\n<p class=\"p4\"><span class=\"s1\">Vamos falar de um deles:<\/span><\/p>\n<p class=\"p7\"><span class=\"s1\"><b>Il Capitano<\/b>, ou <b>O Capit\u00e3o<\/b>, provavelmente nunca foi um &#8220;Capit\u00e3o&#8221;, mas se apropriou do nome para si mesmo. \u00c9 frequentemente um fanfarr\u00e3o e um arrogante, que pode manter suas reivindica\u00e7\u00f5es apenas pelo fato de que nenhum dos habitantes o conhece a fundo, sabendo quem na verdade ele \u00e9. <\/span><\/p>\n<p class=\"p8\"><span class=\"s1\">Forte e imponente, mas n\u00e3o necessariamente heroico, geralmente usa uniforme militar, mas de forma exagerada e desnecessariamente pomposa. Conta vantagens como guerreiro e conquistador, mas acaba desmentido. Capa e espada s\u00e3o adere\u00e7os obrigat\u00f3rios.<\/span><\/p>\n","protected":false},"excerpt":{"rendered":"<p>Muita gente ficou curiosa em saber um pouco mais sobre a ilustra\u00e7\u00e3o do texto de agosto, na Revista Continente: Disparates em tom prof\u00e9tico. Trata-se do personagem Il Capitano ou O Capit\u00e3o, do teatro de Commedia dell\u2019ate. Recortei alguns verbetes, que n\u00e3o s\u00e3o de minha autoria,&#8230;<\/p>\n","protected":false},"author":1,"featured_media":1751,"comment_status":"open","ping_status":"closed","sticky":false,"template":"","format":"standard","meta":{"sfsi_plus_gutenberg_text_before_share":"","sfsi_plus_gutenberg_show_text_before_share":"","sfsi_plus_gutenberg_icon_type":"","sfsi_plus_gutenberg_icon_alignemt":"","sfsi_plus_gutenburg_max_per_row":"","footnotes":""},"categories":[8,46,45],"tags":[],"class_list":["post-1750","post","type-post","status-publish","format-standard","has-post-thumbnail","hentry","category-blog","category-links","category-slider"],"yoast_head":"<!-- This site is optimized with the Yoast SEO plugin v27.4 - https:\/\/yoast.com\/product\/yoast-seo-wordpress\/ -->\n<title>Os personagens da Commedia\u00a0dell\u2019arte | Ronaldo Correia de Brito | site oficial<\/title>\n<meta name=\"robots\" content=\"index, follow, max-snippet:-1, max-image-preview:large, max-video-preview:-1\" \/>\n<link rel=\"canonical\" href=\"https:\/\/www.ronaldocorreiadebrito.com.br\/site2\/2021\/08\/os-personagens-da-commedia-dellarte\/\" \/>\n<meta property=\"og:locale\" content=\"pt_BR\" \/>\n<meta property=\"og:type\" content=\"article\" \/>\n<meta property=\"og:title\" content=\"Os personagens da Commedia\u00a0dell\u2019arte | Ronaldo Correia de Brito | site oficial\" \/>\n<meta property=\"og:description\" content=\"Muita gente ficou curiosa em saber um pouco mais sobre a ilustra\u00e7\u00e3o do texto de agosto, na Revista Continente: Disparates em tom prof\u00e9tico. Trata-se do personagem Il Capitano ou O Capit\u00e3o, do teatro de Commedia dell\u2019ate. Recortei alguns verbetes, que n\u00e3o s\u00e3o de minha autoria,...\" \/>\n<meta property=\"og:url\" content=\"https:\/\/www.ronaldocorreiadebrito.com.br\/site2\/2021\/08\/os-personagens-da-commedia-dellarte\/\" \/>\n<meta property=\"og:site_name\" content=\"Ronaldo Correia de Brito | site oficial\" \/>\n<meta property=\"article:publisher\" content=\"https:\/\/www.facebook.com\/ronaldocorreiadebrito.oficial\" \/>\n<meta property=\"article:published_time\" content=\"2021-08-12T01:41:49+00:00\" \/>\n<meta property=\"og:image\" content=\"https:\/\/www.ronaldocorreiadebrito.com.br\/site2\/wp-content\/uploads\/2021\/08\/Fava-mask_L.jpeg\" \/>\n\t<meta property=\"og:image:width\" content=\"761\" \/>\n\t<meta property=\"og:image:height\" content=\"352\" \/>\n\t<meta property=\"og:image:type\" content=\"image\/jpeg\" \/>\n<meta name=\"author\" content=\"admin\" \/>\n<meta name=\"twitter:card\" content=\"summary_large_image\" \/>\n<meta name=\"twitter:label1\" content=\"Escrito por\" \/>\n\t<meta name=\"twitter:data1\" content=\"admin\" \/>\n\t<meta name=\"twitter:label2\" content=\"Est. tempo de leitura\" \/>\n\t<meta name=\"twitter:data2\" content=\"3 minutos\" \/>\n<script type=\"application\/ld+json\" class=\"yoast-schema-graph\">{\"@context\":\"https:\\\/\\\/schema.org\",\"@graph\":[{\"@type\":\"Article\",\"@id\":\"https:\\\/\\\/www.ronaldocorreiadebrito.com.br\\\/site2\\\/2021\\\/08\\\/os-personagens-da-commedia-dellarte\\\/#article\",\"isPartOf\":{\"@id\":\"https:\\\/\\\/www.ronaldocorreiadebrito.com.br\\\/site2\\\/2021\\\/08\\\/os-personagens-da-commedia-dellarte\\\/\"},\"author\":{\"name\":\"admin\",\"@id\":\"https:\\\/\\\/www.ronaldocorreiadebrito.com.br\\\/site2\\\/#\\\/schema\\\/person\\\/99a164d0eaaff7f78b11899bc7d5e7c9\"},\"headline\":\"Os personagens da Commedia\u00a0dell\u2019arte\",\"datePublished\":\"2021-08-12T01:41:49+00:00\",\"mainEntityOfPage\":{\"@id\":\"https:\\\/\\\/www.ronaldocorreiadebrito.com.br\\\/site2\\\/2021\\\/08\\\/os-personagens-da-commedia-dellarte\\\/\"},\"wordCount\":531,\"commentCount\":0,\"image\":{\"@id\":\"https:\\\/\\\/www.ronaldocorreiadebrito.com.br\\\/site2\\\/2021\\\/08\\\/os-personagens-da-commedia-dellarte\\\/#primaryimage\"},\"thumbnailUrl\":\"https:\\\/\\\/www.ronaldocorreiadebrito.com.br\\\/site2\\\/wp-content\\\/uploads\\\/2021\\\/08\\\/Fava-mask_L.jpeg\",\"articleSection\":[\"Blog\",\"Links\",\"Slider\"],\"inLanguage\":\"pt-BR\",\"potentialAction\":[{\"@type\":\"CommentAction\",\"name\":\"Comment\",\"target\":[\"https:\\\/\\\/www.ronaldocorreiadebrito.com.br\\\/site2\\\/2021\\\/08\\\/os-personagens-da-commedia-dellarte\\\/#respond\"]}]},{\"@type\":\"WebPage\",\"@id\":\"https:\\\/\\\/www.ronaldocorreiadebrito.com.br\\\/site2\\\/2021\\\/08\\\/os-personagens-da-commedia-dellarte\\\/\",\"url\":\"https:\\\/\\\/www.ronaldocorreiadebrito.com.br\\\/site2\\\/2021\\\/08\\\/os-personagens-da-commedia-dellarte\\\/\",\"name\":\"Os personagens da Commedia\u00a0dell\u2019arte | Ronaldo Correia de Brito | site oficial\",\"isPartOf\":{\"@id\":\"https:\\\/\\\/www.ronaldocorreiadebrito.com.br\\\/site2\\\/#website\"},\"primaryImageOfPage\":{\"@id\":\"https:\\\/\\\/www.ronaldocorreiadebrito.com.br\\\/site2\\\/2021\\\/08\\\/os-personagens-da-commedia-dellarte\\\/#primaryimage\"},\"image\":{\"@id\":\"https:\\\/\\\/www.ronaldocorreiadebrito.com.br\\\/site2\\\/2021\\\/08\\\/os-personagens-da-commedia-dellarte\\\/#primaryimage\"},\"thumbnailUrl\":\"https:\\\/\\\/www.ronaldocorreiadebrito.com.br\\\/site2\\\/wp-content\\\/uploads\\\/2021\\\/08\\\/Fava-mask_L.jpeg\",\"datePublished\":\"2021-08-12T01:41:49+00:00\",\"author\":{\"@id\":\"https:\\\/\\\/www.ronaldocorreiadebrito.com.br\\\/site2\\\/#\\\/schema\\\/person\\\/99a164d0eaaff7f78b11899bc7d5e7c9\"},\"breadcrumb\":{\"@id\":\"https:\\\/\\\/www.ronaldocorreiadebrito.com.br\\\/site2\\\/2021\\\/08\\\/os-personagens-da-commedia-dellarte\\\/#breadcrumb\"},\"inLanguage\":\"pt-BR\",\"potentialAction\":[{\"@type\":\"ReadAction\",\"target\":[\"https:\\\/\\\/www.ronaldocorreiadebrito.com.br\\\/site2\\\/2021\\\/08\\\/os-personagens-da-commedia-dellarte\\\/\"]}]},{\"@type\":\"ImageObject\",\"inLanguage\":\"pt-BR\",\"@id\":\"https:\\\/\\\/www.ronaldocorreiadebrito.com.br\\\/site2\\\/2021\\\/08\\\/os-personagens-da-commedia-dellarte\\\/#primaryimage\",\"url\":\"https:\\\/\\\/www.ronaldocorreiadebrito.com.br\\\/site2\\\/wp-content\\\/uploads\\\/2021\\\/08\\\/Fava-mask_L.jpeg\",\"contentUrl\":\"https:\\\/\\\/www.ronaldocorreiadebrito.com.br\\\/site2\\\/wp-content\\\/uploads\\\/2021\\\/08\\\/Fava-mask_L.jpeg\",\"width\":761,\"height\":352},{\"@type\":\"BreadcrumbList\",\"@id\":\"https:\\\/\\\/www.ronaldocorreiadebrito.com.br\\\/site2\\\/2021\\\/08\\\/os-personagens-da-commedia-dellarte\\\/#breadcrumb\",\"itemListElement\":[{\"@type\":\"ListItem\",\"position\":1,\"name\":\"In\u00edcio\",\"item\":\"https:\\\/\\\/www.ronaldocorreiadebrito.com.br\\\/site2\\\/\"},{\"@type\":\"ListItem\",\"position\":2,\"name\":\"Os personagens da Commedia\u00a0dell\u2019arte\"}]},{\"@type\":\"WebSite\",\"@id\":\"https:\\\/\\\/www.ronaldocorreiadebrito.com.br\\\/site2\\\/#website\",\"url\":\"https:\\\/\\\/www.ronaldocorreiadebrito.com.br\\\/site2\\\/\",\"name\":\"Ronaldo Correia de Brito | site oficial\",\"description\":\"Site oficial do escritor Ronaldo Correia de Brito\",\"potentialAction\":[{\"@type\":\"SearchAction\",\"target\":{\"@type\":\"EntryPoint\",\"urlTemplate\":\"https:\\\/\\\/www.ronaldocorreiadebrito.com.br\\\/site2\\\/?s={search_term_string}\"},\"query-input\":{\"@type\":\"PropertyValueSpecification\",\"valueRequired\":true,\"valueName\":\"search_term_string\"}}],\"inLanguage\":\"pt-BR\"},{\"@type\":\"Person\",\"@id\":\"https:\\\/\\\/www.ronaldocorreiadebrito.com.br\\\/site2\\\/#\\\/schema\\\/person\\\/99a164d0eaaff7f78b11899bc7d5e7c9\",\"name\":\"admin\",\"url\":\"https:\\\/\\\/www.ronaldocorreiadebrito.com.br\\\/site2\\\/author\\\/admin\\\/\"}]}<\/script>\n<!-- \/ Yoast SEO plugin. -->","yoast_head_json":{"title":"Os personagens da Commedia\u00a0dell\u2019arte | Ronaldo Correia de Brito | site oficial","robots":{"index":"index","follow":"follow","max-snippet":"max-snippet:-1","max-image-preview":"max-image-preview:large","max-video-preview":"max-video-preview:-1"},"canonical":"https:\/\/www.ronaldocorreiadebrito.com.br\/site2\/2021\/08\/os-personagens-da-commedia-dellarte\/","og_locale":"pt_BR","og_type":"article","og_title":"Os personagens da Commedia\u00a0dell\u2019arte | Ronaldo Correia de Brito | site oficial","og_description":"Muita gente ficou curiosa em saber um pouco mais sobre a ilustra\u00e7\u00e3o do texto de agosto, na Revista Continente: Disparates em tom prof\u00e9tico. Trata-se do personagem Il Capitano ou O Capit\u00e3o, do teatro de Commedia dell\u2019ate. Recortei alguns verbetes, que n\u00e3o s\u00e3o de minha autoria,...","og_url":"https:\/\/www.ronaldocorreiadebrito.com.br\/site2\/2021\/08\/os-personagens-da-commedia-dellarte\/","og_site_name":"Ronaldo Correia de Brito | site oficial","article_publisher":"https:\/\/www.facebook.com\/ronaldocorreiadebrito.oficial","article_published_time":"2021-08-12T01:41:49+00:00","og_image":[{"width":761,"height":352,"url":"https:\/\/www.ronaldocorreiadebrito.com.br\/site2\/wp-content\/uploads\/2021\/08\/Fava-mask_L.jpeg","type":"image\/jpeg"}],"author":"admin","twitter_card":"summary_large_image","twitter_misc":{"Escrito por":"admin","Est. tempo de leitura":"3 minutos"},"schema":{"@context":"https:\/\/schema.org","@graph":[{"@type":"Article","@id":"https:\/\/www.ronaldocorreiadebrito.com.br\/site2\/2021\/08\/os-personagens-da-commedia-dellarte\/#article","isPartOf":{"@id":"https:\/\/www.ronaldocorreiadebrito.com.br\/site2\/2021\/08\/os-personagens-da-commedia-dellarte\/"},"author":{"name":"admin","@id":"https:\/\/www.ronaldocorreiadebrito.com.br\/site2\/#\/schema\/person\/99a164d0eaaff7f78b11899bc7d5e7c9"},"headline":"Os personagens da Commedia\u00a0dell\u2019arte","datePublished":"2021-08-12T01:41:49+00:00","mainEntityOfPage":{"@id":"https:\/\/www.ronaldocorreiadebrito.com.br\/site2\/2021\/08\/os-personagens-da-commedia-dellarte\/"},"wordCount":531,"commentCount":0,"image":{"@id":"https:\/\/www.ronaldocorreiadebrito.com.br\/site2\/2021\/08\/os-personagens-da-commedia-dellarte\/#primaryimage"},"thumbnailUrl":"https:\/\/www.ronaldocorreiadebrito.com.br\/site2\/wp-content\/uploads\/2021\/08\/Fava-mask_L.jpeg","articleSection":["Blog","Links","Slider"],"inLanguage":"pt-BR","potentialAction":[{"@type":"CommentAction","name":"Comment","target":["https:\/\/www.ronaldocorreiadebrito.com.br\/site2\/2021\/08\/os-personagens-da-commedia-dellarte\/#respond"]}]},{"@type":"WebPage","@id":"https:\/\/www.ronaldocorreiadebrito.com.br\/site2\/2021\/08\/os-personagens-da-commedia-dellarte\/","url":"https:\/\/www.ronaldocorreiadebrito.com.br\/site2\/2021\/08\/os-personagens-da-commedia-dellarte\/","name":"Os personagens da Commedia\u00a0dell\u2019arte | Ronaldo Correia de Brito | site oficial","isPartOf":{"@id":"https:\/\/www.ronaldocorreiadebrito.com.br\/site2\/#website"},"primaryImageOfPage":{"@id":"https:\/\/www.ronaldocorreiadebrito.com.br\/site2\/2021\/08\/os-personagens-da-commedia-dellarte\/#primaryimage"},"image":{"@id":"https:\/\/www.ronaldocorreiadebrito.com.br\/site2\/2021\/08\/os-personagens-da-commedia-dellarte\/#primaryimage"},"thumbnailUrl":"https:\/\/www.ronaldocorreiadebrito.com.br\/site2\/wp-content\/uploads\/2021\/08\/Fava-mask_L.jpeg","datePublished":"2021-08-12T01:41:49+00:00","author":{"@id":"https:\/\/www.ronaldocorreiadebrito.com.br\/site2\/#\/schema\/person\/99a164d0eaaff7f78b11899bc7d5e7c9"},"breadcrumb":{"@id":"https:\/\/www.ronaldocorreiadebrito.com.br\/site2\/2021\/08\/os-personagens-da-commedia-dellarte\/#breadcrumb"},"inLanguage":"pt-BR","potentialAction":[{"@type":"ReadAction","target":["https:\/\/www.ronaldocorreiadebrito.com.br\/site2\/2021\/08\/os-personagens-da-commedia-dellarte\/"]}]},{"@type":"ImageObject","inLanguage":"pt-BR","@id":"https:\/\/www.ronaldocorreiadebrito.com.br\/site2\/2021\/08\/os-personagens-da-commedia-dellarte\/#primaryimage","url":"https:\/\/www.ronaldocorreiadebrito.com.br\/site2\/wp-content\/uploads\/2021\/08\/Fava-mask_L.jpeg","contentUrl":"https:\/\/www.ronaldocorreiadebrito.com.br\/site2\/wp-content\/uploads\/2021\/08\/Fava-mask_L.jpeg","width":761,"height":352},{"@type":"BreadcrumbList","@id":"https:\/\/www.ronaldocorreiadebrito.com.br\/site2\/2021\/08\/os-personagens-da-commedia-dellarte\/#breadcrumb","itemListElement":[{"@type":"ListItem","position":1,"name":"In\u00edcio","item":"https:\/\/www.ronaldocorreiadebrito.com.br\/site2\/"},{"@type":"ListItem","position":2,"name":"Os personagens da Commedia\u00a0dell\u2019arte"}]},{"@type":"WebSite","@id":"https:\/\/www.ronaldocorreiadebrito.com.br\/site2\/#website","url":"https:\/\/www.ronaldocorreiadebrito.com.br\/site2\/","name":"Ronaldo Correia de Brito | site oficial","description":"Site oficial do escritor Ronaldo Correia de Brito","potentialAction":[{"@type":"SearchAction","target":{"@type":"EntryPoint","urlTemplate":"https:\/\/www.ronaldocorreiadebrito.com.br\/site2\/?s={search_term_string}"},"query-input":{"@type":"PropertyValueSpecification","valueRequired":true,"valueName":"search_term_string"}}],"inLanguage":"pt-BR"},{"@type":"Person","@id":"https:\/\/www.ronaldocorreiadebrito.com.br\/site2\/#\/schema\/person\/99a164d0eaaff7f78b11899bc7d5e7c9","name":"admin","url":"https:\/\/www.ronaldocorreiadebrito.com.br\/site2\/author\/admin\/"}]}},"wps_subtitle":"","_links":{"self":[{"href":"https:\/\/www.ronaldocorreiadebrito.com.br\/site2\/wp-json\/wp\/v2\/posts\/1750","targetHints":{"allow":["GET"]}}],"collection":[{"href":"https:\/\/www.ronaldocorreiadebrito.com.br\/site2\/wp-json\/wp\/v2\/posts"}],"about":[{"href":"https:\/\/www.ronaldocorreiadebrito.com.br\/site2\/wp-json\/wp\/v2\/types\/post"}],"author":[{"embeddable":true,"href":"https:\/\/www.ronaldocorreiadebrito.com.br\/site2\/wp-json\/wp\/v2\/users\/1"}],"replies":[{"embeddable":true,"href":"https:\/\/www.ronaldocorreiadebrito.com.br\/site2\/wp-json\/wp\/v2\/comments?post=1750"}],"version-history":[{"count":0,"href":"https:\/\/www.ronaldocorreiadebrito.com.br\/site2\/wp-json\/wp\/v2\/posts\/1750\/revisions"}],"wp:featuredmedia":[{"embeddable":true,"href":"https:\/\/www.ronaldocorreiadebrito.com.br\/site2\/wp-json\/wp\/v2\/media\/1751"}],"wp:attachment":[{"href":"https:\/\/www.ronaldocorreiadebrito.com.br\/site2\/wp-json\/wp\/v2\/media?parent=1750"}],"wp:term":[{"taxonomy":"category","embeddable":true,"href":"https:\/\/www.ronaldocorreiadebrito.com.br\/site2\/wp-json\/wp\/v2\/categories?post=1750"},{"taxonomy":"post_tag","embeddable":true,"href":"https:\/\/www.ronaldocorreiadebrito.com.br\/site2\/wp-json\/wp\/v2\/tags?post=1750"}],"curies":[{"name":"wp","href":"https:\/\/api.w.org\/{rel}","templated":true}]}}