{"id":1743,"date":"2021-08-08T12:30:47","date_gmt":"2021-08-08T15:30:47","guid":{"rendered":"https:\/\/www.ronaldocorreiadebrito.com.br\/site2\/?p=1743"},"modified":"2021-08-08T12:30:47","modified_gmt":"2021-08-08T15:30:47","slug":"os-trabalhos-e-as-horas","status":"publish","type":"post","link":"https:\/\/www.ronaldocorreiadebrito.com.br\/site2\/2021\/08\/os-trabalhos-e-as-horas\/","title":{"rendered":"Os trabalhos e as horas"},"content":{"rendered":"<p>Faz alguns dias que meu pai morreu. H\u00e1 dois anos havia sido diagnosticado um c\u00e2ncer nas cordas vocais, uma les\u00e3o insignificante, mas o oncologista aconselhou que fosse irradiada. Como sequela das 35 sess\u00f5es de radioterapia, ficou rouco e com dificuldade para deglutir. Fumante desde a adolesc\u00eancia, chegara \u00e0 marca dos 40 cigarros di\u00e1rios. Quando o radiologista examinou a tomografia de pesco\u00e7o e t\u00f3rax, espantou-se que valorizassem a mancha vermelha na laringe e n\u00e3o dessem import\u00e2ncia ao enfisema pulmonar. Meu pai sempre tapeou a morte. At\u00e9 os 87 anos nunca sofreu doen\u00e7as, dormia e comia bem. Cumpria rigorosa jornada de trabalho, s\u00f3 descansando no s\u00e1bado \u00e0 tarde. Aos domingos, fazia a feira e ia para a cozinha preparar o almo\u00e7o da fam\u00edlia. Sangrava, escaldava, depenava e tratava a galinha comprada viva. Cortava, punha nos temperos e deixava cozinhar. Sentia orgulho de sua for\u00e7a e vitalidade. Humilhava os irm\u00e3os cheios de achaques, enquanto ele vendia sa\u00fade.<\/p>\n<p>\u00c0s v\u00e9speras de completar 90 anos, papai ainda tocava seu com\u00e9rcio. Os filhos o proibiram de dirigir, temendo a seguran\u00e7a dele e das pessoas. A radioterapia se revelou mais danosa do que curativa: o pesco\u00e7o tornou-se\u00a0\u00a0 r\u00edgido, a laringe perdeu a sensibilidade, a glote amea\u00e7ava fechar. Comer exigia sacrif\u00edcio, por conta da tosse e dos engasgos. Papai, que sempre se orgulhara de ser imune ao fumo, sentiu que os cigarros cobravam a conta. Surgiram os sintomas da doen\u00e7a pulmonar obstrutiva, por\u00e9m ele nunca se queixava, nem faltava ao trabalho um \u00fanico dia.<\/p>\n<p>Eu o visitava com frequ\u00eancia e numa das viagens ao Crato ele me confessou: estou acabado. N\u00e3o havia pesar na sua voz, nem lam\u00faria, nem dor. Era uma constata\u00e7\u00e3o pragm\u00e1tica. Minhas irm\u00e3s faziam guerra para que deixasse de fumar. Do outro lado do front eu permitia que fumasse, pois n\u00e3o se pode tirar de um homem de 90 anos seu derradeiro prazer. H\u00e1 bem pouco tempo ele perdera a esposa, com quem esteve casado durante 70 anos. Mam\u00e3e sofria de uma doen\u00e7a cr\u00f4nica, que a obrigou a viver dentro de uma unidade semi-intensiva, na pr\u00f3pria casa transformada em hospital. Sempre me comoveu o sil\u00eancio de papai nesses tr\u00eas anos em que mam\u00e3e respirava gra\u00e7as a um aparelho e mal abria os olhos.<\/p>\n<p>Numa das visitas, ele me chamou at\u00e9 o jardim. Percebi que desejava comunicar algo importante.<\/p>\n<p>\u2013 Meu filho, vou lhe dizer uma coisa: eu n\u00e3o acredito em outro mundo. Pra mim, alma n\u00e3o existe. A gente finda quando morre. N\u00e3o h\u00e1 mais nada al\u00e9m dessa vida. Morreu, pronto, acabou-se tudo.<\/p>\n<p>Fiquei calado, com vontade de pedir um cigarro e propor fumarmos juntos. Ele saiu para um passeio na beira do canal, no lugar onde antigamente corria um rio, o Granjeiro, agora transformado em esgoto a c\u00e9u aberto. Entristecia-me ver papai fumando escondido, achava humilhante, uma degrada\u00e7\u00e3o.<\/p>\n<p>Na pen\u00faltima vez em que fui ao seu encontro, achei-o cansado, eliminando muita secre\u00e7\u00e3o dos br\u00f4nquios. Apresentara ind\u00edcios de uma parada respirat\u00f3ria. Insisti que consultasse o cirurgi\u00e3o de cabe\u00e7a e pesco\u00e7o e fizesse uma nova laringoscopia. O exame mostrou a glote quase fechada. O m\u00e9dico prop\u00f4s cirurgia ou traqueostomia. Ele recusou a cirurgia, falou que estava no fim, preparado para morrer. O jovem cirurgi\u00e3o exp\u00f4s os riscos de um procedimento de urg\u00eancia, caso a glote fechasse. Era uma sexta-feira e papai s\u00f3 pensava na feira do Crato, na segunda, quando o seu armaz\u00e9m tinha um pique de vendas.\u00a0 \u2013 Fazemos na ter\u00e7a, fechou quest\u00e3o. De volta a casa, quando tentou se alimentar, teve outra amea\u00e7a de parada respirat\u00f3ria. Acionamos o m\u00e9dico, foi realizado o procedimento de urg\u00eancia, ocorreram complica\u00e7\u00f5es. Contrariando o que sempre desejara, papai acabou num leito de UTI, de onde saiu morto depois de sete dias.<\/p>\n<p>Foi um curto sofrimento para quem sempre viveu bem. No s\u00e9timo dia, os filhos tomaram a decis\u00e3o de lev\u00e1-lo a um quarto, onde poderia passar as \u00faltimas horas, junto \u00e0 fam\u00edlia. Os protocolos m\u00e9dicos da UTI contrariavam o pragmatismo do homem Jo\u00e3o Leandro. Mesmo sem o recurso da fala, por conta do traque\u00f3stomo e do respirador, administrava seu com\u00e9rcio com gestos e garatujas mal escritas. Infelizmente, continuou na terapia intensiva. Em meio \u00e0 agonia de morrer, brincava com as visitas, s\u00f3 perdendo a consci\u00eancia quando o sedaram com o prop\u00f3sito de minimizar o desconforto da dispneia.<\/p>\n<p>A presen\u00e7a carinhosa dos filhos e netos n\u00e3o provocou suas l\u00e1grimas, pois nunca costumava chorar. \u00a0 Por\u00e9m houve uma hora em que o homem firme cedeu ao pranto. Semelhante ao relato de Her\u00f3doto, que serviu de mote ao ensaio de Walter Benjamim sobre a distens\u00e3o. Quando conquistou M\u00eanfis, o persa Cambises para humilhar o rei Psam\u00e9nito mandou desfilar \u00e0 frente dele sua filha vestida de escrava, na companhia de outras jovens da nobreza. Os pais ca\u00edram no pranto, mas Psam\u00e9nito apenas baixou a cabe\u00e7a. Depois Cambises ordenou que desfilasse um cortejo com dez mil jovens da mais alta casta, entre eles o filho do rei, todos com uma corda no pesco\u00e7o e um freio \u00e0 boca. Iam ser executados. O rei soube controlar os sentimentos e igualmente quando viu a filha, n\u00e3o chorou. Logo ap\u00f3s passarem os jovens, Psam\u00e9nito botou os olhos sobre um velho e andrajoso mendigo e reconheceu nele um dos seus comensais. Despojado de sua antiga riqueza, ele ia de porta em porta implorando um pouco de alimento. Diante da cena, o soberano n\u00e3o se conteve, chamou o homem pelo nome e caiu no pranto. Quando foi interrogado por que procedera dessa maneira, Psam\u00e9nito falou: \u201cAs desgra\u00e7as de minha fam\u00edlia s\u00e3o muito grandes para que eu as possa chorar; mas a triste sorte de um amigo que, j\u00e1 na velhice, cai na indig\u00eancia, merece minhas l\u00e1grimas sinceras\u201d.<\/p>\n<p>Papai chorou uma \u00fanica vez, nos seus derradeiros dias. Foi quando entrou para visit\u00e1-lo um velho empregado, que passava o tempo com ele no armaz\u00e9m onde os dois trabalhavam. Papai j\u00e1 n\u00e3o conseguia falar e por isso eu n\u00e3o perguntei o motivo das suas l\u00e1grimas. Talvez ele se preocupasse com o futuro do estimado ajudante. Ou talvez se lembrasse com saudade dos trabalhos e das horas que viveram juntos.<\/p>\n<p>Amar o trabalho acima de todas as coisas era um mandamento para meu pai.<\/p>\n","protected":false},"excerpt":{"rendered":"<p>Faz alguns dias que meu pai morreu. H\u00e1 dois anos havia sido diagnosticado um c\u00e2ncer nas cordas vocais, uma les\u00e3o insignificante, mas o oncologista aconselhou que fosse irradiada. Como sequela das 35 sess\u00f5es de radioterapia, ficou rouco e com dificuldade para deglutir. Fumante desde a&#8230;<\/p>\n","protected":false},"author":1,"featured_media":1744,"comment_status":"open","ping_status":"closed","sticky":false,"template":"","format":"standard","meta":{"sfsi_plus_gutenberg_text_before_share":"","sfsi_plus_gutenberg_show_text_before_share":"","sfsi_plus_gutenberg_icon_type":"","sfsi_plus_gutenberg_icon_alignemt":"","sfsi_plus_gutenburg_max_per_row":"","footnotes":""},"categories":[8,46,45],"tags":[],"class_list":["post-1743","post","type-post","status-publish","format-standard","has-post-thumbnail","hentry","category-blog","category-links","category-slider"],"yoast_head":"<!-- This site is optimized with the Yoast SEO plugin v27.4 - https:\/\/yoast.com\/product\/yoast-seo-wordpress\/ -->\n<title>Os trabalhos e as horas | Ronaldo Correia de Brito | site oficial<\/title>\n<meta name=\"robots\" content=\"index, follow, max-snippet:-1, max-image-preview:large, max-video-preview:-1\" \/>\n<link rel=\"canonical\" href=\"https:\/\/www.ronaldocorreiadebrito.com.br\/site2\/2021\/08\/os-trabalhos-e-as-horas\/\" \/>\n<meta property=\"og:locale\" content=\"pt_BR\" \/>\n<meta property=\"og:type\" content=\"article\" \/>\n<meta property=\"og:title\" content=\"Os trabalhos e as horas | Ronaldo Correia de Brito | site oficial\" \/>\n<meta property=\"og:description\" content=\"Faz alguns dias que meu pai morreu. H\u00e1 dois anos havia sido diagnosticado um c\u00e2ncer nas cordas vocais, uma les\u00e3o insignificante, mas o oncologista aconselhou que fosse irradiada. Como sequela das 35 sess\u00f5es de radioterapia, ficou rouco e com dificuldade para deglutir. Fumante desde a...\" \/>\n<meta property=\"og:url\" content=\"https:\/\/www.ronaldocorreiadebrito.com.br\/site2\/2021\/08\/os-trabalhos-e-as-horas\/\" \/>\n<meta property=\"og:site_name\" content=\"Ronaldo Correia de Brito | site oficial\" \/>\n<meta property=\"article:publisher\" content=\"https:\/\/www.facebook.com\/ronaldocorreiadebrito.oficial\" \/>\n<meta property=\"article:published_time\" content=\"2021-08-08T15:30:47+00:00\" \/>\n<meta property=\"og:image\" content=\"https:\/\/www.ronaldocorreiadebrito.com.br\/site2\/wp-content\/uploads\/2021\/08\/IMG-20200212-WA0015.jpeg\" \/>\n\t<meta property=\"og:image:width\" content=\"1011\" \/>\n\t<meta property=\"og:image:height\" content=\"758\" \/>\n\t<meta property=\"og:image:type\" content=\"image\/jpeg\" \/>\n<meta name=\"author\" content=\"admin\" \/>\n<meta name=\"twitter:card\" content=\"summary_large_image\" \/>\n<meta name=\"twitter:label1\" content=\"Escrito por\" \/>\n\t<meta name=\"twitter:data1\" content=\"admin\" \/>\n\t<meta name=\"twitter:label2\" content=\"Est. tempo de leitura\" \/>\n\t<meta name=\"twitter:data2\" content=\"6 minutos\" \/>\n<script type=\"application\/ld+json\" class=\"yoast-schema-graph\">{\"@context\":\"https:\\\/\\\/schema.org\",\"@graph\":[{\"@type\":\"Article\",\"@id\":\"https:\\\/\\\/www.ronaldocorreiadebrito.com.br\\\/site2\\\/2021\\\/08\\\/os-trabalhos-e-as-horas\\\/#article\",\"isPartOf\":{\"@id\":\"https:\\\/\\\/www.ronaldocorreiadebrito.com.br\\\/site2\\\/2021\\\/08\\\/os-trabalhos-e-as-horas\\\/\"},\"author\":{\"name\":\"admin\",\"@id\":\"https:\\\/\\\/www.ronaldocorreiadebrito.com.br\\\/site2\\\/#\\\/schema\\\/person\\\/99a164d0eaaff7f78b11899bc7d5e7c9\"},\"headline\":\"Os trabalhos e as horas\",\"datePublished\":\"2021-08-08T15:30:47+00:00\",\"mainEntityOfPage\":{\"@id\":\"https:\\\/\\\/www.ronaldocorreiadebrito.com.br\\\/site2\\\/2021\\\/08\\\/os-trabalhos-e-as-horas\\\/\"},\"wordCount\":1115,\"commentCount\":0,\"image\":{\"@id\":\"https:\\\/\\\/www.ronaldocorreiadebrito.com.br\\\/site2\\\/2021\\\/08\\\/os-trabalhos-e-as-horas\\\/#primaryimage\"},\"thumbnailUrl\":\"https:\\\/\\\/www.ronaldocorreiadebrito.com.br\\\/site2\\\/wp-content\\\/uploads\\\/2021\\\/08\\\/IMG-20200212-WA0015.jpeg\",\"articleSection\":[\"Blog\",\"Links\",\"Slider\"],\"inLanguage\":\"pt-BR\",\"potentialAction\":[{\"@type\":\"CommentAction\",\"name\":\"Comment\",\"target\":[\"https:\\\/\\\/www.ronaldocorreiadebrito.com.br\\\/site2\\\/2021\\\/08\\\/os-trabalhos-e-as-horas\\\/#respond\"]}]},{\"@type\":\"WebPage\",\"@id\":\"https:\\\/\\\/www.ronaldocorreiadebrito.com.br\\\/site2\\\/2021\\\/08\\\/os-trabalhos-e-as-horas\\\/\",\"url\":\"https:\\\/\\\/www.ronaldocorreiadebrito.com.br\\\/site2\\\/2021\\\/08\\\/os-trabalhos-e-as-horas\\\/\",\"name\":\"Os trabalhos e as horas | Ronaldo Correia de Brito | site oficial\",\"isPartOf\":{\"@id\":\"https:\\\/\\\/www.ronaldocorreiadebrito.com.br\\\/site2\\\/#website\"},\"primaryImageOfPage\":{\"@id\":\"https:\\\/\\\/www.ronaldocorreiadebrito.com.br\\\/site2\\\/2021\\\/08\\\/os-trabalhos-e-as-horas\\\/#primaryimage\"},\"image\":{\"@id\":\"https:\\\/\\\/www.ronaldocorreiadebrito.com.br\\\/site2\\\/2021\\\/08\\\/os-trabalhos-e-as-horas\\\/#primaryimage\"},\"thumbnailUrl\":\"https:\\\/\\\/www.ronaldocorreiadebrito.com.br\\\/site2\\\/wp-content\\\/uploads\\\/2021\\\/08\\\/IMG-20200212-WA0015.jpeg\",\"datePublished\":\"2021-08-08T15:30:47+00:00\",\"author\":{\"@id\":\"https:\\\/\\\/www.ronaldocorreiadebrito.com.br\\\/site2\\\/#\\\/schema\\\/person\\\/99a164d0eaaff7f78b11899bc7d5e7c9\"},\"breadcrumb\":{\"@id\":\"https:\\\/\\\/www.ronaldocorreiadebrito.com.br\\\/site2\\\/2021\\\/08\\\/os-trabalhos-e-as-horas\\\/#breadcrumb\"},\"inLanguage\":\"pt-BR\",\"potentialAction\":[{\"@type\":\"ReadAction\",\"target\":[\"https:\\\/\\\/www.ronaldocorreiadebrito.com.br\\\/site2\\\/2021\\\/08\\\/os-trabalhos-e-as-horas\\\/\"]}]},{\"@type\":\"ImageObject\",\"inLanguage\":\"pt-BR\",\"@id\":\"https:\\\/\\\/www.ronaldocorreiadebrito.com.br\\\/site2\\\/2021\\\/08\\\/os-trabalhos-e-as-horas\\\/#primaryimage\",\"url\":\"https:\\\/\\\/www.ronaldocorreiadebrito.com.br\\\/site2\\\/wp-content\\\/uploads\\\/2021\\\/08\\\/IMG-20200212-WA0015.jpeg\",\"contentUrl\":\"https:\\\/\\\/www.ronaldocorreiadebrito.com.br\\\/site2\\\/wp-content\\\/uploads\\\/2021\\\/08\\\/IMG-20200212-WA0015.jpeg\",\"width\":1011,\"height\":758},{\"@type\":\"BreadcrumbList\",\"@id\":\"https:\\\/\\\/www.ronaldocorreiadebrito.com.br\\\/site2\\\/2021\\\/08\\\/os-trabalhos-e-as-horas\\\/#breadcrumb\",\"itemListElement\":[{\"@type\":\"ListItem\",\"position\":1,\"name\":\"In\u00edcio\",\"item\":\"https:\\\/\\\/www.ronaldocorreiadebrito.com.br\\\/site2\\\/\"},{\"@type\":\"ListItem\",\"position\":2,\"name\":\"Os trabalhos e as horas\"}]},{\"@type\":\"WebSite\",\"@id\":\"https:\\\/\\\/www.ronaldocorreiadebrito.com.br\\\/site2\\\/#website\",\"url\":\"https:\\\/\\\/www.ronaldocorreiadebrito.com.br\\\/site2\\\/\",\"name\":\"Ronaldo Correia de Brito | site oficial\",\"description\":\"Site oficial do escritor Ronaldo Correia de Brito\",\"potentialAction\":[{\"@type\":\"SearchAction\",\"target\":{\"@type\":\"EntryPoint\",\"urlTemplate\":\"https:\\\/\\\/www.ronaldocorreiadebrito.com.br\\\/site2\\\/?s={search_term_string}\"},\"query-input\":{\"@type\":\"PropertyValueSpecification\",\"valueRequired\":true,\"valueName\":\"search_term_string\"}}],\"inLanguage\":\"pt-BR\"},{\"@type\":\"Person\",\"@id\":\"https:\\\/\\\/www.ronaldocorreiadebrito.com.br\\\/site2\\\/#\\\/schema\\\/person\\\/99a164d0eaaff7f78b11899bc7d5e7c9\",\"name\":\"admin\",\"url\":\"https:\\\/\\\/www.ronaldocorreiadebrito.com.br\\\/site2\\\/author\\\/admin\\\/\"}]}<\/script>\n<!-- \/ Yoast SEO plugin. -->","yoast_head_json":{"title":"Os trabalhos e as horas | Ronaldo Correia de Brito | site oficial","robots":{"index":"index","follow":"follow","max-snippet":"max-snippet:-1","max-image-preview":"max-image-preview:large","max-video-preview":"max-video-preview:-1"},"canonical":"https:\/\/www.ronaldocorreiadebrito.com.br\/site2\/2021\/08\/os-trabalhos-e-as-horas\/","og_locale":"pt_BR","og_type":"article","og_title":"Os trabalhos e as horas | Ronaldo Correia de Brito | site oficial","og_description":"Faz alguns dias que meu pai morreu. H\u00e1 dois anos havia sido diagnosticado um c\u00e2ncer nas cordas vocais, uma les\u00e3o insignificante, mas o oncologista aconselhou que fosse irradiada. Como sequela das 35 sess\u00f5es de radioterapia, ficou rouco e com dificuldade para deglutir. Fumante desde a...","og_url":"https:\/\/www.ronaldocorreiadebrito.com.br\/site2\/2021\/08\/os-trabalhos-e-as-horas\/","og_site_name":"Ronaldo Correia de Brito | site oficial","article_publisher":"https:\/\/www.facebook.com\/ronaldocorreiadebrito.oficial","article_published_time":"2021-08-08T15:30:47+00:00","og_image":[{"width":1011,"height":758,"url":"https:\/\/www.ronaldocorreiadebrito.com.br\/site2\/wp-content\/uploads\/2021\/08\/IMG-20200212-WA0015.jpeg","type":"image\/jpeg"}],"author":"admin","twitter_card":"summary_large_image","twitter_misc":{"Escrito por":"admin","Est. tempo de leitura":"6 minutos"},"schema":{"@context":"https:\/\/schema.org","@graph":[{"@type":"Article","@id":"https:\/\/www.ronaldocorreiadebrito.com.br\/site2\/2021\/08\/os-trabalhos-e-as-horas\/#article","isPartOf":{"@id":"https:\/\/www.ronaldocorreiadebrito.com.br\/site2\/2021\/08\/os-trabalhos-e-as-horas\/"},"author":{"name":"admin","@id":"https:\/\/www.ronaldocorreiadebrito.com.br\/site2\/#\/schema\/person\/99a164d0eaaff7f78b11899bc7d5e7c9"},"headline":"Os trabalhos e as horas","datePublished":"2021-08-08T15:30:47+00:00","mainEntityOfPage":{"@id":"https:\/\/www.ronaldocorreiadebrito.com.br\/site2\/2021\/08\/os-trabalhos-e-as-horas\/"},"wordCount":1115,"commentCount":0,"image":{"@id":"https:\/\/www.ronaldocorreiadebrito.com.br\/site2\/2021\/08\/os-trabalhos-e-as-horas\/#primaryimage"},"thumbnailUrl":"https:\/\/www.ronaldocorreiadebrito.com.br\/site2\/wp-content\/uploads\/2021\/08\/IMG-20200212-WA0015.jpeg","articleSection":["Blog","Links","Slider"],"inLanguage":"pt-BR","potentialAction":[{"@type":"CommentAction","name":"Comment","target":["https:\/\/www.ronaldocorreiadebrito.com.br\/site2\/2021\/08\/os-trabalhos-e-as-horas\/#respond"]}]},{"@type":"WebPage","@id":"https:\/\/www.ronaldocorreiadebrito.com.br\/site2\/2021\/08\/os-trabalhos-e-as-horas\/","url":"https:\/\/www.ronaldocorreiadebrito.com.br\/site2\/2021\/08\/os-trabalhos-e-as-horas\/","name":"Os trabalhos e as horas | Ronaldo Correia de Brito | site oficial","isPartOf":{"@id":"https:\/\/www.ronaldocorreiadebrito.com.br\/site2\/#website"},"primaryImageOfPage":{"@id":"https:\/\/www.ronaldocorreiadebrito.com.br\/site2\/2021\/08\/os-trabalhos-e-as-horas\/#primaryimage"},"image":{"@id":"https:\/\/www.ronaldocorreiadebrito.com.br\/site2\/2021\/08\/os-trabalhos-e-as-horas\/#primaryimage"},"thumbnailUrl":"https:\/\/www.ronaldocorreiadebrito.com.br\/site2\/wp-content\/uploads\/2021\/08\/IMG-20200212-WA0015.jpeg","datePublished":"2021-08-08T15:30:47+00:00","author":{"@id":"https:\/\/www.ronaldocorreiadebrito.com.br\/site2\/#\/schema\/person\/99a164d0eaaff7f78b11899bc7d5e7c9"},"breadcrumb":{"@id":"https:\/\/www.ronaldocorreiadebrito.com.br\/site2\/2021\/08\/os-trabalhos-e-as-horas\/#breadcrumb"},"inLanguage":"pt-BR","potentialAction":[{"@type":"ReadAction","target":["https:\/\/www.ronaldocorreiadebrito.com.br\/site2\/2021\/08\/os-trabalhos-e-as-horas\/"]}]},{"@type":"ImageObject","inLanguage":"pt-BR","@id":"https:\/\/www.ronaldocorreiadebrito.com.br\/site2\/2021\/08\/os-trabalhos-e-as-horas\/#primaryimage","url":"https:\/\/www.ronaldocorreiadebrito.com.br\/site2\/wp-content\/uploads\/2021\/08\/IMG-20200212-WA0015.jpeg","contentUrl":"https:\/\/www.ronaldocorreiadebrito.com.br\/site2\/wp-content\/uploads\/2021\/08\/IMG-20200212-WA0015.jpeg","width":1011,"height":758},{"@type":"BreadcrumbList","@id":"https:\/\/www.ronaldocorreiadebrito.com.br\/site2\/2021\/08\/os-trabalhos-e-as-horas\/#breadcrumb","itemListElement":[{"@type":"ListItem","position":1,"name":"In\u00edcio","item":"https:\/\/www.ronaldocorreiadebrito.com.br\/site2\/"},{"@type":"ListItem","position":2,"name":"Os trabalhos e as horas"}]},{"@type":"WebSite","@id":"https:\/\/www.ronaldocorreiadebrito.com.br\/site2\/#website","url":"https:\/\/www.ronaldocorreiadebrito.com.br\/site2\/","name":"Ronaldo Correia de Brito | site oficial","description":"Site oficial do escritor Ronaldo Correia de Brito","potentialAction":[{"@type":"SearchAction","target":{"@type":"EntryPoint","urlTemplate":"https:\/\/www.ronaldocorreiadebrito.com.br\/site2\/?s={search_term_string}"},"query-input":{"@type":"PropertyValueSpecification","valueRequired":true,"valueName":"search_term_string"}}],"inLanguage":"pt-BR"},{"@type":"Person","@id":"https:\/\/www.ronaldocorreiadebrito.com.br\/site2\/#\/schema\/person\/99a164d0eaaff7f78b11899bc7d5e7c9","name":"admin","url":"https:\/\/www.ronaldocorreiadebrito.com.br\/site2\/author\/admin\/"}]}},"wps_subtitle":"","_links":{"self":[{"href":"https:\/\/www.ronaldocorreiadebrito.com.br\/site2\/wp-json\/wp\/v2\/posts\/1743","targetHints":{"allow":["GET"]}}],"collection":[{"href":"https:\/\/www.ronaldocorreiadebrito.com.br\/site2\/wp-json\/wp\/v2\/posts"}],"about":[{"href":"https:\/\/www.ronaldocorreiadebrito.com.br\/site2\/wp-json\/wp\/v2\/types\/post"}],"author":[{"embeddable":true,"href":"https:\/\/www.ronaldocorreiadebrito.com.br\/site2\/wp-json\/wp\/v2\/users\/1"}],"replies":[{"embeddable":true,"href":"https:\/\/www.ronaldocorreiadebrito.com.br\/site2\/wp-json\/wp\/v2\/comments?post=1743"}],"version-history":[{"count":0,"href":"https:\/\/www.ronaldocorreiadebrito.com.br\/site2\/wp-json\/wp\/v2\/posts\/1743\/revisions"}],"wp:featuredmedia":[{"embeddable":true,"href":"https:\/\/www.ronaldocorreiadebrito.com.br\/site2\/wp-json\/wp\/v2\/media\/1744"}],"wp:attachment":[{"href":"https:\/\/www.ronaldocorreiadebrito.com.br\/site2\/wp-json\/wp\/v2\/media?parent=1743"}],"wp:term":[{"taxonomy":"category","embeddable":true,"href":"https:\/\/www.ronaldocorreiadebrito.com.br\/site2\/wp-json\/wp\/v2\/categories?post=1743"},{"taxonomy":"post_tag","embeddable":true,"href":"https:\/\/www.ronaldocorreiadebrito.com.br\/site2\/wp-json\/wp\/v2\/tags?post=1743"}],"curies":[{"name":"wp","href":"https:\/\/api.w.org\/{rel}","templated":true}]}}