{"id":1736,"date":"2021-08-03T18:15:59","date_gmt":"2021-08-03T21:15:59","guid":{"rendered":"https:\/\/www.ronaldocorreiadebrito.com.br\/site2\/?p=1736"},"modified":"2021-08-04T12:16:14","modified_gmt":"2021-08-04T15:16:14","slug":"meu-livro-de-cabeceira","status":"publish","type":"post","link":"https:\/\/www.ronaldocorreiadebrito.com.br\/site2\/2021\/08\/meu-livro-de-cabeceira\/","title":{"rendered":"Meu livro de cabeceira"},"content":{"rendered":"<p class=\"p1\"><span class=\"s1\">Meu livro de cabeceira<\/span><\/p>\n<p class=\"p1\"><span class=\"s1\">Mas o que \u00e9 mesmo um livro de cabeceira? O que lemos antes de dormir? Nesse caso, eu n\u00e3o tenho nenhum, n\u00e3o gosto de livros no quarto e n\u00e3o tenho o h\u00e1bito de ler \u00e0 noite. Imagino os livros como entidades vivas, pulsantes, cheias de perip\u00e9cias. Temo que os personagens saiam das p\u00e1ginas, movimentem-se fora das frases e perturbem meu sono. <\/span><\/p>\n<p class=\"p3\"><span class=\"s1\">Qual seria o livro de cabeceira que, sem frequentar o quarto, sempre esteve ao meu lado? Que livro se confunde comigo a ponto de eu misturar a fic\u00e7\u00e3o com a vida? Uma velha <i>Hist\u00f3ria Sagrada<\/i>, a seleta de textos da <i>B\u00edblia <\/i>hebraica, apresentada em dois subt\u00edtulos: <i>Antigo Testamento<\/i> e <i>Novo Testamento<\/i>. N\u00e3o sei se a mem\u00f3ria confundiu-me, ou se era mesmo ilustrada por Gustave Dor\u00e9, o ilustrador da <i>Divina Com\u00e9dia<\/i>, de <i>Dom Quixote<\/i>, dos <i>Contos de Perrault<\/i>, das <i>Aventuras do Bar\u00e3o de Munchausen<\/i> e das <i>F\u00e1bulas de La Fontaine<\/i>. <\/span><\/p>\n<p class=\"p3\"><span class=\"s1\">Mam\u00e3e trouxera para o sert\u00e3o essas duas preciosidades, guardadas como joias num caixotezinho onde tamb\u00e9m se espremiam os livros de hist\u00f3ria, geografia, portugu\u00eas e aritm\u00e9tica, seu resumido esp\u00f3lio de professora prim\u00e1ria. Naquele mundo ermo, os livros eram rel\u00edquias, a ponto de serem inventariados em testamentos, como as terras, os bois e as casas. <\/span><\/p>\n<p class=\"p3\"><span class=\"s1\">De noite \u2013 nesse tempo eu lia \u00e0 noite \u2013, meu pai consertava arreios e celas, minha m\u00e3e tecia varandas para as redes, e eu, deitado no ch\u00e3o de tijoleira, folheava o livro sagrado, \u00e0 luz de uma lamparina. Ainda n\u00e3o emendava as letras em palavras, mas seduzia-me pelas gravuras de tra\u00e7os finos, em que predominavam os tons do preto, acentuando o fant\u00e1stico. Possu\u00eda vagas ideias do que significavam. <\/span><\/p>\n<p class=\"p3\"><span class=\"s1\">Instru\u00eddo por minha av\u00f3, soube da exist\u00eancia de um Cristo, o mesmo homem barbudo e de olhar sereno que ocupava a parede principal da nossa sala, o cora\u00e7\u00e3o coroado de espinhos. No livro, ele aparecia carregando uma cruz, a\u00e7oitado, ca\u00eddo ao ch\u00e3o. Tamanha barbaridade contra o pobre inocente merecia castigo. Os algozes n\u00e3o podiam ficar impunes e eu estava ali para exercer a justi\u00e7a, embora tardia. Orientado por meu pai, impaciente com o couro e a sovela, identificava os homens cru\u00e9is, vez por outra errando o culpado e castigando um inocente ap\u00f3stolo. <\/span><\/p>\n<p class=\"p3\"><span class=\"s1\">\u2013 E esse? \u2013 perguntava a papai.<\/span><\/p>\n<p class=\"p3\"><span class=\"s1\">\u2013 Esse \u00e9 ruim, pode matar.<\/span><\/p>\n<p class=\"p3\"><span class=\"s1\">Impiedoso, eu molhava o pequeno dedo no cuspe da boca e esfregava a figura do soldado at\u00e9 que n\u00e3o restasse sombra do fac\u00ednora. E assim, dizimei legi\u00f5es inteiras, numa precoce leitura. Antecipei as pedagogias modernas, os m\u00e9todos de aprendizado em que se valoriza o tato, o olfato e o paladar. <\/span><\/p>\n<p class=\"p3\"><span class=\"s1\">A <i>B\u00edblia <\/i>tornou-se meu livro de cabeceira, ou o mais visceral de todos os livros de que me aproximei. Alheio aos significados religiosos, aos c\u00e2nones de judeus, cat\u00f3licos e protestantes, pude deliciar-me em sua vasta literatura, na poesia, na hist\u00f3ria, no mar de narrativas emendadas umas nas outras, como nas <i>Mil e uma Noites<\/i>. Decifrando suas p\u00e1ginas, tive ci\u00eancia da leitura e da escrita, que considero os mais elevados conhecimentos legados ao homem. Reconheci nas paragens b\u00edblicas, os mesmos desertos de sert\u00f5es nordestinos. Nos pastores de bois, carneiros e cabras, os meus familiares.<span class=\"Apple-converted-space\">\u00a0 <\/span>Nas leis de hospitalidade e nos c\u00f3digos de honra, as semelhan\u00e7as sertanejas. At\u00e9 as hist\u00f3rias se repetiam.<\/span><\/p>\n<p class=\"p3\"><span class=\"s1\">Um tio da primeira leva de povoadores, padre e vaqueiro, amancebou-se com uma \u00edndia juc\u00e1, e gerou doze filhos. Imaginei-os homens, e suas casas como as doze tribos de Israel. Se foi ou n\u00e3o assim, n\u00e3o tem a menor import\u00e2ncia, pois os livros se escrevem misturando realidade e mentira. Preenchemos com literatura \u201ca falta\u201d, afirmaria um psicanalista, querendo dizer com isso que as certezas s\u00e3o fragment\u00e1rias, talvez nem existam, e que nossa hist\u00f3ria pessoal se refaz com muita fabula\u00e7\u00e3o. <\/span><\/p>\n<p class=\"p3\"><span class=\"s1\">Ou de maneira bem mais simples, o poeta Pinto do Monteiro recitava: \u201cEu s\u00f3 comparo esta vida \/ \u00e0 curva da letra \u2018s\u2019 \/ tem uma ponta que sobe \/ tem outra ponta que desce \/ e a volta que d\u00e1 no meio \/ nem todo mundo conhece\u201d. <\/span><\/p>\n<p class=\"p3\"><span class=\"s1\">A <i>B\u00edblia<\/i>, um livro poss\u00edvel de ler de v\u00e1rias maneiras, \u00e9 o lastro de hist\u00f3rias a que podemos recorrer sem credo religioso ou com f\u00e9 religiosa. Inesgot\u00e1vel, possui as imagens dos sonhos, a \u00e9pica, a trag\u00e9dia, a poesia, a sabedoria, a inven\u00e7\u00e3o, a genealogia, a ret\u00f3rica e os n\u00fameros. Livro que cont\u00e9m todos os livros. Merece ser lido como o lia na inf\u00e2ncia, imaginando-o escrito pelo povo sertanejo, pessoas iguais ao pai ateu e ao tio procriador, que povoaram as terras cearenses de gado e de filhos, num novo G\u00eanese. <\/span><\/p>\n","protected":false},"excerpt":{"rendered":"<p>Meu livro de cabeceira Mas o que \u00e9 mesmo um livro de cabeceira? O que lemos antes de dormir? Nesse caso, eu n\u00e3o tenho nenhum, n\u00e3o gosto de livros no quarto e n\u00e3o tenho o h\u00e1bito de ler \u00e0 noite. Imagino os livros como entidades&#8230;<\/p>\n","protected":false},"author":1,"featured_media":1737,"comment_status":"open","ping_status":"closed","sticky":false,"template":"","format":"standard","meta":{"sfsi_plus_gutenberg_text_before_share":"","sfsi_plus_gutenberg_show_text_before_share":"","sfsi_plus_gutenberg_icon_type":"","sfsi_plus_gutenberg_icon_alignemt":"","sfsi_plus_gutenburg_max_per_row":"","footnotes":""},"categories":[8,46,45],"tags":[],"class_list":["post-1736","post","type-post","status-publish","format-standard","has-post-thumbnail","hentry","category-blog","category-links","category-slider"],"yoast_head":"<!-- This site is optimized with the Yoast SEO plugin v27.4 - https:\/\/yoast.com\/product\/yoast-seo-wordpress\/ -->\n<title>Meu livro de cabeceira | Ronaldo Correia de Brito | site oficial<\/title>\n<meta name=\"robots\" content=\"index, follow, max-snippet:-1, max-image-preview:large, max-video-preview:-1\" \/>\n<link rel=\"canonical\" href=\"https:\/\/www.ronaldocorreiadebrito.com.br\/site2\/2021\/08\/meu-livro-de-cabeceira\/\" \/>\n<meta property=\"og:locale\" content=\"pt_BR\" \/>\n<meta property=\"og:type\" content=\"article\" \/>\n<meta property=\"og:title\" content=\"Meu livro de cabeceira | Ronaldo Correia de Brito | site oficial\" \/>\n<meta property=\"og:description\" content=\"Meu livro de cabeceira Mas o que \u00e9 mesmo um livro de cabeceira? O que lemos antes de dormir? Nesse caso, eu n\u00e3o tenho nenhum, n\u00e3o gosto de livros no quarto e n\u00e3o tenho o h\u00e1bito de ler \u00e0 noite. Imagino os livros como entidades...\" \/>\n<meta property=\"og:url\" content=\"https:\/\/www.ronaldocorreiadebrito.com.br\/site2\/2021\/08\/meu-livro-de-cabeceira\/\" \/>\n<meta property=\"og:site_name\" content=\"Ronaldo Correia de Brito | site oficial\" \/>\n<meta property=\"article:publisher\" content=\"https:\/\/www.facebook.com\/ronaldocorreiadebrito.oficial\" \/>\n<meta property=\"article:published_time\" content=\"2021-08-03T21:15:59+00:00\" \/>\n<meta property=\"article:modified_time\" content=\"2021-08-04T15:16:14+00:00\" \/>\n<meta property=\"og:image\" content=\"https:\/\/www.ronaldocorreiadebrito.com.br\/site2\/wp-content\/uploads\/2021\/08\/livros-direito-ambiental.jpeg\" \/>\n\t<meta property=\"og:image:width\" content=\"744\" \/>\n\t<meta property=\"og:image:height\" content=\"391\" \/>\n\t<meta property=\"og:image:type\" content=\"image\/jpeg\" \/>\n<meta name=\"author\" content=\"admin\" \/>\n<meta name=\"twitter:card\" content=\"summary_large_image\" \/>\n<meta name=\"twitter:label1\" content=\"Escrito por\" \/>\n\t<meta name=\"twitter:data1\" content=\"admin\" \/>\n\t<meta name=\"twitter:label2\" content=\"Est. tempo de leitura\" \/>\n\t<meta name=\"twitter:data2\" content=\"4 minutos\" \/>\n<script type=\"application\/ld+json\" class=\"yoast-schema-graph\">{\"@context\":\"https:\\\/\\\/schema.org\",\"@graph\":[{\"@type\":\"Article\",\"@id\":\"https:\\\/\\\/www.ronaldocorreiadebrito.com.br\\\/site2\\\/2021\\\/08\\\/meu-livro-de-cabeceira\\\/#article\",\"isPartOf\":{\"@id\":\"https:\\\/\\\/www.ronaldocorreiadebrito.com.br\\\/site2\\\/2021\\\/08\\\/meu-livro-de-cabeceira\\\/\"},\"author\":{\"name\":\"admin\",\"@id\":\"https:\\\/\\\/www.ronaldocorreiadebrito.com.br\\\/site2\\\/#\\\/schema\\\/person\\\/99a164d0eaaff7f78b11899bc7d5e7c9\"},\"headline\":\"Meu livro de cabeceira\",\"datePublished\":\"2021-08-03T21:15:59+00:00\",\"dateModified\":\"2021-08-04T15:16:14+00:00\",\"mainEntityOfPage\":{\"@id\":\"https:\\\/\\\/www.ronaldocorreiadebrito.com.br\\\/site2\\\/2021\\\/08\\\/meu-livro-de-cabeceira\\\/\"},\"wordCount\":819,\"commentCount\":0,\"image\":{\"@id\":\"https:\\\/\\\/www.ronaldocorreiadebrito.com.br\\\/site2\\\/2021\\\/08\\\/meu-livro-de-cabeceira\\\/#primaryimage\"},\"thumbnailUrl\":\"https:\\\/\\\/www.ronaldocorreiadebrito.com.br\\\/site2\\\/wp-content\\\/uploads\\\/2021\\\/08\\\/livros-direito-ambiental.jpeg\",\"articleSection\":[\"Blog\",\"Links\",\"Slider\"],\"inLanguage\":\"pt-BR\",\"potentialAction\":[{\"@type\":\"CommentAction\",\"name\":\"Comment\",\"target\":[\"https:\\\/\\\/www.ronaldocorreiadebrito.com.br\\\/site2\\\/2021\\\/08\\\/meu-livro-de-cabeceira\\\/#respond\"]}]},{\"@type\":\"WebPage\",\"@id\":\"https:\\\/\\\/www.ronaldocorreiadebrito.com.br\\\/site2\\\/2021\\\/08\\\/meu-livro-de-cabeceira\\\/\",\"url\":\"https:\\\/\\\/www.ronaldocorreiadebrito.com.br\\\/site2\\\/2021\\\/08\\\/meu-livro-de-cabeceira\\\/\",\"name\":\"Meu livro de cabeceira | Ronaldo Correia de Brito | site oficial\",\"isPartOf\":{\"@id\":\"https:\\\/\\\/www.ronaldocorreiadebrito.com.br\\\/site2\\\/#website\"},\"primaryImageOfPage\":{\"@id\":\"https:\\\/\\\/www.ronaldocorreiadebrito.com.br\\\/site2\\\/2021\\\/08\\\/meu-livro-de-cabeceira\\\/#primaryimage\"},\"image\":{\"@id\":\"https:\\\/\\\/www.ronaldocorreiadebrito.com.br\\\/site2\\\/2021\\\/08\\\/meu-livro-de-cabeceira\\\/#primaryimage\"},\"thumbnailUrl\":\"https:\\\/\\\/www.ronaldocorreiadebrito.com.br\\\/site2\\\/wp-content\\\/uploads\\\/2021\\\/08\\\/livros-direito-ambiental.jpeg\",\"datePublished\":\"2021-08-03T21:15:59+00:00\",\"dateModified\":\"2021-08-04T15:16:14+00:00\",\"author\":{\"@id\":\"https:\\\/\\\/www.ronaldocorreiadebrito.com.br\\\/site2\\\/#\\\/schema\\\/person\\\/99a164d0eaaff7f78b11899bc7d5e7c9\"},\"breadcrumb\":{\"@id\":\"https:\\\/\\\/www.ronaldocorreiadebrito.com.br\\\/site2\\\/2021\\\/08\\\/meu-livro-de-cabeceira\\\/#breadcrumb\"},\"inLanguage\":\"pt-BR\",\"potentialAction\":[{\"@type\":\"ReadAction\",\"target\":[\"https:\\\/\\\/www.ronaldocorreiadebrito.com.br\\\/site2\\\/2021\\\/08\\\/meu-livro-de-cabeceira\\\/\"]}]},{\"@type\":\"ImageObject\",\"inLanguage\":\"pt-BR\",\"@id\":\"https:\\\/\\\/www.ronaldocorreiadebrito.com.br\\\/site2\\\/2021\\\/08\\\/meu-livro-de-cabeceira\\\/#primaryimage\",\"url\":\"https:\\\/\\\/www.ronaldocorreiadebrito.com.br\\\/site2\\\/wp-content\\\/uploads\\\/2021\\\/08\\\/livros-direito-ambiental.jpeg\",\"contentUrl\":\"https:\\\/\\\/www.ronaldocorreiadebrito.com.br\\\/site2\\\/wp-content\\\/uploads\\\/2021\\\/08\\\/livros-direito-ambiental.jpeg\",\"width\":744,\"height\":391},{\"@type\":\"BreadcrumbList\",\"@id\":\"https:\\\/\\\/www.ronaldocorreiadebrito.com.br\\\/site2\\\/2021\\\/08\\\/meu-livro-de-cabeceira\\\/#breadcrumb\",\"itemListElement\":[{\"@type\":\"ListItem\",\"position\":1,\"name\":\"In\u00edcio\",\"item\":\"https:\\\/\\\/www.ronaldocorreiadebrito.com.br\\\/site2\\\/\"},{\"@type\":\"ListItem\",\"position\":2,\"name\":\"Meu livro de cabeceira\"}]},{\"@type\":\"WebSite\",\"@id\":\"https:\\\/\\\/www.ronaldocorreiadebrito.com.br\\\/site2\\\/#website\",\"url\":\"https:\\\/\\\/www.ronaldocorreiadebrito.com.br\\\/site2\\\/\",\"name\":\"Ronaldo Correia de Brito | site oficial\",\"description\":\"Site oficial do escritor Ronaldo Correia de Brito\",\"potentialAction\":[{\"@type\":\"SearchAction\",\"target\":{\"@type\":\"EntryPoint\",\"urlTemplate\":\"https:\\\/\\\/www.ronaldocorreiadebrito.com.br\\\/site2\\\/?s={search_term_string}\"},\"query-input\":{\"@type\":\"PropertyValueSpecification\",\"valueRequired\":true,\"valueName\":\"search_term_string\"}}],\"inLanguage\":\"pt-BR\"},{\"@type\":\"Person\",\"@id\":\"https:\\\/\\\/www.ronaldocorreiadebrito.com.br\\\/site2\\\/#\\\/schema\\\/person\\\/99a164d0eaaff7f78b11899bc7d5e7c9\",\"name\":\"admin\",\"url\":\"https:\\\/\\\/www.ronaldocorreiadebrito.com.br\\\/site2\\\/author\\\/admin\\\/\"}]}<\/script>\n<!-- \/ Yoast SEO plugin. -->","yoast_head_json":{"title":"Meu livro de cabeceira | Ronaldo Correia de Brito | site oficial","robots":{"index":"index","follow":"follow","max-snippet":"max-snippet:-1","max-image-preview":"max-image-preview:large","max-video-preview":"max-video-preview:-1"},"canonical":"https:\/\/www.ronaldocorreiadebrito.com.br\/site2\/2021\/08\/meu-livro-de-cabeceira\/","og_locale":"pt_BR","og_type":"article","og_title":"Meu livro de cabeceira | Ronaldo Correia de Brito | site oficial","og_description":"Meu livro de cabeceira Mas o que \u00e9 mesmo um livro de cabeceira? O que lemos antes de dormir? Nesse caso, eu n\u00e3o tenho nenhum, n\u00e3o gosto de livros no quarto e n\u00e3o tenho o h\u00e1bito de ler \u00e0 noite. Imagino os livros como entidades...","og_url":"https:\/\/www.ronaldocorreiadebrito.com.br\/site2\/2021\/08\/meu-livro-de-cabeceira\/","og_site_name":"Ronaldo Correia de Brito | site oficial","article_publisher":"https:\/\/www.facebook.com\/ronaldocorreiadebrito.oficial","article_published_time":"2021-08-03T21:15:59+00:00","article_modified_time":"2021-08-04T15:16:14+00:00","og_image":[{"width":744,"height":391,"url":"https:\/\/www.ronaldocorreiadebrito.com.br\/site2\/wp-content\/uploads\/2021\/08\/livros-direito-ambiental.jpeg","type":"image\/jpeg"}],"author":"admin","twitter_card":"summary_large_image","twitter_misc":{"Escrito por":"admin","Est. tempo de leitura":"4 minutos"},"schema":{"@context":"https:\/\/schema.org","@graph":[{"@type":"Article","@id":"https:\/\/www.ronaldocorreiadebrito.com.br\/site2\/2021\/08\/meu-livro-de-cabeceira\/#article","isPartOf":{"@id":"https:\/\/www.ronaldocorreiadebrito.com.br\/site2\/2021\/08\/meu-livro-de-cabeceira\/"},"author":{"name":"admin","@id":"https:\/\/www.ronaldocorreiadebrito.com.br\/site2\/#\/schema\/person\/99a164d0eaaff7f78b11899bc7d5e7c9"},"headline":"Meu livro de cabeceira","datePublished":"2021-08-03T21:15:59+00:00","dateModified":"2021-08-04T15:16:14+00:00","mainEntityOfPage":{"@id":"https:\/\/www.ronaldocorreiadebrito.com.br\/site2\/2021\/08\/meu-livro-de-cabeceira\/"},"wordCount":819,"commentCount":0,"image":{"@id":"https:\/\/www.ronaldocorreiadebrito.com.br\/site2\/2021\/08\/meu-livro-de-cabeceira\/#primaryimage"},"thumbnailUrl":"https:\/\/www.ronaldocorreiadebrito.com.br\/site2\/wp-content\/uploads\/2021\/08\/livros-direito-ambiental.jpeg","articleSection":["Blog","Links","Slider"],"inLanguage":"pt-BR","potentialAction":[{"@type":"CommentAction","name":"Comment","target":["https:\/\/www.ronaldocorreiadebrito.com.br\/site2\/2021\/08\/meu-livro-de-cabeceira\/#respond"]}]},{"@type":"WebPage","@id":"https:\/\/www.ronaldocorreiadebrito.com.br\/site2\/2021\/08\/meu-livro-de-cabeceira\/","url":"https:\/\/www.ronaldocorreiadebrito.com.br\/site2\/2021\/08\/meu-livro-de-cabeceira\/","name":"Meu livro de cabeceira | Ronaldo Correia de Brito | site oficial","isPartOf":{"@id":"https:\/\/www.ronaldocorreiadebrito.com.br\/site2\/#website"},"primaryImageOfPage":{"@id":"https:\/\/www.ronaldocorreiadebrito.com.br\/site2\/2021\/08\/meu-livro-de-cabeceira\/#primaryimage"},"image":{"@id":"https:\/\/www.ronaldocorreiadebrito.com.br\/site2\/2021\/08\/meu-livro-de-cabeceira\/#primaryimage"},"thumbnailUrl":"https:\/\/www.ronaldocorreiadebrito.com.br\/site2\/wp-content\/uploads\/2021\/08\/livros-direito-ambiental.jpeg","datePublished":"2021-08-03T21:15:59+00:00","dateModified":"2021-08-04T15:16:14+00:00","author":{"@id":"https:\/\/www.ronaldocorreiadebrito.com.br\/site2\/#\/schema\/person\/99a164d0eaaff7f78b11899bc7d5e7c9"},"breadcrumb":{"@id":"https:\/\/www.ronaldocorreiadebrito.com.br\/site2\/2021\/08\/meu-livro-de-cabeceira\/#breadcrumb"},"inLanguage":"pt-BR","potentialAction":[{"@type":"ReadAction","target":["https:\/\/www.ronaldocorreiadebrito.com.br\/site2\/2021\/08\/meu-livro-de-cabeceira\/"]}]},{"@type":"ImageObject","inLanguage":"pt-BR","@id":"https:\/\/www.ronaldocorreiadebrito.com.br\/site2\/2021\/08\/meu-livro-de-cabeceira\/#primaryimage","url":"https:\/\/www.ronaldocorreiadebrito.com.br\/site2\/wp-content\/uploads\/2021\/08\/livros-direito-ambiental.jpeg","contentUrl":"https:\/\/www.ronaldocorreiadebrito.com.br\/site2\/wp-content\/uploads\/2021\/08\/livros-direito-ambiental.jpeg","width":744,"height":391},{"@type":"BreadcrumbList","@id":"https:\/\/www.ronaldocorreiadebrito.com.br\/site2\/2021\/08\/meu-livro-de-cabeceira\/#breadcrumb","itemListElement":[{"@type":"ListItem","position":1,"name":"In\u00edcio","item":"https:\/\/www.ronaldocorreiadebrito.com.br\/site2\/"},{"@type":"ListItem","position":2,"name":"Meu livro de cabeceira"}]},{"@type":"WebSite","@id":"https:\/\/www.ronaldocorreiadebrito.com.br\/site2\/#website","url":"https:\/\/www.ronaldocorreiadebrito.com.br\/site2\/","name":"Ronaldo Correia de Brito | site oficial","description":"Site oficial do escritor Ronaldo Correia de Brito","potentialAction":[{"@type":"SearchAction","target":{"@type":"EntryPoint","urlTemplate":"https:\/\/www.ronaldocorreiadebrito.com.br\/site2\/?s={search_term_string}"},"query-input":{"@type":"PropertyValueSpecification","valueRequired":true,"valueName":"search_term_string"}}],"inLanguage":"pt-BR"},{"@type":"Person","@id":"https:\/\/www.ronaldocorreiadebrito.com.br\/site2\/#\/schema\/person\/99a164d0eaaff7f78b11899bc7d5e7c9","name":"admin","url":"https:\/\/www.ronaldocorreiadebrito.com.br\/site2\/author\/admin\/"}]}},"wps_subtitle":"","_links":{"self":[{"href":"https:\/\/www.ronaldocorreiadebrito.com.br\/site2\/wp-json\/wp\/v2\/posts\/1736","targetHints":{"allow":["GET"]}}],"collection":[{"href":"https:\/\/www.ronaldocorreiadebrito.com.br\/site2\/wp-json\/wp\/v2\/posts"}],"about":[{"href":"https:\/\/www.ronaldocorreiadebrito.com.br\/site2\/wp-json\/wp\/v2\/types\/post"}],"author":[{"embeddable":true,"href":"https:\/\/www.ronaldocorreiadebrito.com.br\/site2\/wp-json\/wp\/v2\/users\/1"}],"replies":[{"embeddable":true,"href":"https:\/\/www.ronaldocorreiadebrito.com.br\/site2\/wp-json\/wp\/v2\/comments?post=1736"}],"version-history":[{"count":0,"href":"https:\/\/www.ronaldocorreiadebrito.com.br\/site2\/wp-json\/wp\/v2\/posts\/1736\/revisions"}],"wp:featuredmedia":[{"embeddable":true,"href":"https:\/\/www.ronaldocorreiadebrito.com.br\/site2\/wp-json\/wp\/v2\/media\/1737"}],"wp:attachment":[{"href":"https:\/\/www.ronaldocorreiadebrito.com.br\/site2\/wp-json\/wp\/v2\/media?parent=1736"}],"wp:term":[{"taxonomy":"category","embeddable":true,"href":"https:\/\/www.ronaldocorreiadebrito.com.br\/site2\/wp-json\/wp\/v2\/categories?post=1736"},{"taxonomy":"post_tag","embeddable":true,"href":"https:\/\/www.ronaldocorreiadebrito.com.br\/site2\/wp-json\/wp\/v2\/tags?post=1736"}],"curies":[{"name":"wp","href":"https:\/\/api.w.org\/{rel}","templated":true}]}}