{"id":1729,"date":"2021-07-25T13:34:00","date_gmt":"2021-07-25T16:34:00","guid":{"rendered":"https:\/\/www.ronaldocorreiadebrito.com.br\/site2\/?p=1729"},"modified":"2021-07-25T13:34:00","modified_gmt":"2021-07-25T16:34:00","slug":"o-rifle-e-lanca-2","status":"publish","type":"post","link":"https:\/\/www.ronaldocorreiadebrito.com.br\/site2\/2021\/07\/o-rifle-e-lanca-2\/","title":{"rendered":"O rifle e a lan\u00e7a"},"content":{"rendered":"<p>Acho que se chamava Otac\u00edlio Valdevino, tamb\u00e9m poderia ser Vicente Moreno, o nome j\u00e1 n\u00e3o possui significado. As fitas cassete em que registrei sua voz foram esquecidas em gavetas ou tornaram-se imposs\u00edveis de reproduzir. Transcritas, suas hist\u00f3rias ganharam edi\u00e7\u00e3o em livro, mas os gestos do narrador, as modula\u00e7\u00f5es da fala e as longas pausas com que deixava a plateia suspensa se perderam. Talvez. Muitos que o escutavam repetem movimentos de m\u00e3os, meneios de cabe\u00e7a, tons de voz, sem reconhecerem a gen\u00e9tica dessa heran\u00e7a. Esqueceram Otac\u00edlio ou Vicente \u2013 o nome n\u00e3o importa \u2013, mas o personagem continua neles, como os restos org\u00e2nicos de um mundo primitivo.<\/p>\n<p>Apressado e sem sutileza, eu queria registrar o m\u00e1ximo de narrativas, pouco ligando para as exig\u00eancias do narrador.<\/p>\n<p>\u2013 Assim eu n\u00e3o consigo. De dia? Quem j\u00e1 se viu contar hist\u00f3ria de dia? E falando pra essa m\u00e1quina? Tenho de relembrar coisas antigas, a mem\u00f3ria cobriu-se de poeira.<\/p>\n<p>Eu insistia e ele emperrava.<\/p>\n<p>\u2013 Arranje um bando de meninos, traga aqui em casa de noite, a\u00ed eu fa\u00e7o uns arremedos.<\/p>\n<p>De noite, havia apenas a luz de um candeeiro e ti\u00e7\u00f5es acesos no fog\u00e3o de lenha. O velho sentava na rede como se montasse um cavalo, os p\u00e9s tocando o ch\u00e3o de leve, num impulso de balan\u00e7ar. Meninos e vizinhos chegavam atra\u00eddos pelo gravador \u2013 m\u00e1quina prec\u00e1ria, parando a intervalos para mudar a posi\u00e7\u00e3o da fita ou substitu\u00ed-la.<\/p>\n<p>\u2013 E quem falou que eu sei contar hist\u00f3ria?<\/p>\n<p>Era a f\u00f3rmula do come\u00e7o. A plateia se manifestava em vozes desencontradas, enfatizando as qualidades do narrador. A esposa, sem paci\u00eancia com os adiamentos, implorava do seu lugar.<\/p>\n<p>\u2013 Vai homem, deixa de conversa fiada e conta logo!<\/p>\n<p>Ainda faltava enrolar o fumo em palha de milho, acend\u00ea-lo na chama do candeeiro, tragar fundo.<\/p>\n<p>\u2013 Voc\u00eas querem ouvir o que?<\/p>\n<p>Nesse segundo pr\u00f3logo, ouviam-se as sugest\u00f5es.<\/p>\n<p>Arbitr\u00e1rio, o narrador n\u00e3o realizava desejos. Puxava o fio de uma hist\u00f3ria que havia preparado, acrescentava detalhes e emendava peda\u00e7os de outras narrativas. Tinha sensibilidade art\u00edstica, o narrar era tamb\u00e9m reflex\u00e3o, n\u00e3o se confundia com o indefin\u00edvel.<\/p>\n<p>&nbsp;<\/p>\n<p>Todas as dores tornam-se suport\u00e1veis se voc\u00ea as puser numa hist\u00f3ria ou contar uma hist\u00f3ria sobre elas. Otac\u00edlio ou Vicente nunca falaram isso, mesmo que pensassem dessa maneira. Uma mulher que usava um nome falso de homem \u2013 Isak Dinesen \u2013 j\u00e1 escrevera a frase antes. Possu\u00eda uma fazenda no Qu\u00eania, onde plantava caf\u00e9. Quando seu amante a visitava, pedia que contasse hist\u00f3rias. Finch-Hatton, o aventureiro, se afastava por longas temporadas, conduzindo ca\u00e7adores em saf\u00e1ris. Nessas aus\u00eancias, Karen Blixen \u2013 o nome verdadeiro da escritora \u2013 criava as hist\u00f3rias que contava depois, em noites de amor e vig\u00edlia.<\/p>\n<p>Desde a primeira metade do s\u00e9culo passado, observou-se que as pessoas ditas civilizadas j\u00e1 n\u00e3o tinham paci\u00eancia nem perdiam tempo narrando e ouvindo hist\u00f3rias. Preferiam a companhia solit\u00e1ria de um livro, assimilar o que fora registrado em caracteres, supostamente fixos e imut\u00e1veis. Uma atitude bem estranha ao mundo africano, onde os registros se faziam atrav\u00e9s da mem\u00f3ria das pessoas, sendo pass\u00edveis de acr\u00e9scimos e decr\u00e9scimos. Karen Blixen, como os somalis, quicuios e massais do Qu\u00eania, o Otac\u00edlio ou o Vicente do nordeste brasileiro, ou uma ancestral mais antiga, a Sherazade das<i>\u00a0Mil e uma noites<\/i>, que barganhava a pr\u00f3pria sobreviv\u00eancia emendando fios de hist\u00f3rias, gostava de ouvir e narrar.<\/p>\n<p>Embora tivesse publicado um livro de contos aos vinte anos e fosse encorajada a continuar escrevendo, Karen \u201cnunca quis ser uma escritora\u201d, \u201ctinha um medo intuitivo de ficar presa\u201d, pois \u201cqualquer profiss\u00e3o, por designar invariavelmente um papel definido na vida, seria uma armadilha, escudando-a contra as infinitas possibilidades da pr\u00f3pria vida\u201d. Quando publicou o segundo livro, estava perto dos 50 anos. Enquanto viveu na \u00c1frica, entre os nativos para quem o corpo e a fala representavam os mais perfeitos instrumentos de narra\u00e7\u00e3o, ela acumulou a sabedoria que transformou em linguagem.<\/p>\n<p>Karen Blixen mudou-se para a \u00c1frica num tempo de expans\u00e3o colonialista, quando a Europa parecia esvaziada do sentido de sua exist\u00eancia, uma desordem que resultou nas duas grandes guerras. Primeiro ela busca viver intensamente sua aventura, para s\u00f3 depois narr\u00e1-la. O que sempre me pareceu contradit\u00f3rio na vida dessa escritora \u00e9 que, apesar de sua sensibilidade, do requinte com que analisa as filigranas da alma e do comportamento humano, ela nunca discute sua a\u00e7\u00e3o colonizadora, o fato de apropriar-se de territ\u00f3rios e bens de povos milenarmente assentados e vivendo numa \u00c1frica transformada em territ\u00f3rio de explora\u00e7\u00e3o colonialista e de ca\u00e7a.<\/p>\n<p>No cap\u00edtulo \u201cAsas\u201d de seu livro mais famoso,\u00a0<i>A fazenda africana<\/i>, ela confessa o sonho juvenil de abater um esp\u00e9cime de cada tipo de ca\u00e7a existente. E quando narra um voo de aeroplano com o amante Finch-Hatton, sobrevoando uma manada de b\u00fafalos da montanha, n\u00e3o deixa de fazer um coment\u00e1rio predat\u00f3rio \u2013 \u201cse quis\u00e9ssemos, poder\u00edamos abat\u00ea-los a tiros\u201d.<\/p>\n<p>Os bens de cultura s\u00e3o comuns a todos os homens como os livros de uma biblioteca, que lemos ao nosso gosto. Mas, apropriar-se de territ\u00f3rios alheios, no papel de colonizador, \u00e9 sempre uma a\u00e7\u00e3o nefasta. Algumas sociedades primitivas evitam, outras buscam o contato com o mundo exterior, pelo qual se transformam ou extinguem.<\/p>\n<p>Otac\u00edlio \u00e9 um representante da sociedade onde nasceu e viveu. O jovem de gravador em punho j\u00e1 n\u00e3o pertence a essa sociedade, mas busca registr\u00e1-la e represent\u00e1-la. Karen Blixen foi sens\u00edvel \u00e0 \u00c1frica, aonde chegou com seu projeto de colonizadora. As sociedades tribais levaram-na a repensar o papel do narrador, mas ela nunca chegou a ser uma voz da \u00c1frica, igual ao escritor nigeriano Chinua Achebe. Da mesma maneira, o sentido pelo qual matava le\u00f5es, armada de rifle possante, n\u00e3o era o mesmo de um guerreiro massai, munido apenas de lan\u00e7a e escudo.<\/p>\n","protected":false},"excerpt":{"rendered":"<p>Acho que se chamava Otac\u00edlio Valdevino, tamb\u00e9m poderia ser Vicente Moreno, o nome j\u00e1 n\u00e3o possui significado. As fitas cassete em que registrei sua voz foram esquecidas em gavetas ou tornaram-se imposs\u00edveis de reproduzir. Transcritas, suas hist\u00f3rias ganharam edi\u00e7\u00e3o em livro, mas os gestos do&#8230;<\/p>\n","protected":false},"author":1,"featured_media":1730,"comment_status":"open","ping_status":"closed","sticky":false,"template":"","format":"standard","meta":{"sfsi_plus_gutenberg_text_before_share":"","sfsi_plus_gutenberg_show_text_before_share":"","sfsi_plus_gutenberg_icon_type":"","sfsi_plus_gutenberg_icon_alignemt":"","sfsi_plus_gutenburg_max_per_row":"","footnotes":""},"categories":[8,46,45],"tags":[],"class_list":["post-1729","post","type-post","status-publish","format-standard","has-post-thumbnail","hentry","category-blog","category-links","category-slider"],"yoast_head":"<!-- This site is optimized with the Yoast SEO plugin v27.4 - https:\/\/yoast.com\/product\/yoast-seo-wordpress\/ -->\n<title>O rifle e a lan\u00e7a | Ronaldo Correia de Brito | site oficial<\/title>\n<meta name=\"robots\" content=\"index, follow, max-snippet:-1, max-image-preview:large, max-video-preview:-1\" \/>\n<link rel=\"canonical\" href=\"https:\/\/www.ronaldocorreiadebrito.com.br\/site2\/2021\/07\/o-rifle-e-lanca-2\/\" \/>\n<meta property=\"og:locale\" content=\"pt_BR\" \/>\n<meta property=\"og:type\" content=\"article\" \/>\n<meta property=\"og:title\" content=\"O rifle e a lan\u00e7a | Ronaldo Correia de Brito | site oficial\" \/>\n<meta property=\"og:description\" content=\"Acho que se chamava Otac\u00edlio Valdevino, tamb\u00e9m poderia ser Vicente Moreno, o nome j\u00e1 n\u00e3o possui significado. As fitas cassete em que registrei sua voz foram esquecidas em gavetas ou tornaram-se imposs\u00edveis de reproduzir. Transcritas, suas hist\u00f3rias ganharam edi\u00e7\u00e3o em livro, mas os gestos do...\" \/>\n<meta property=\"og:url\" content=\"https:\/\/www.ronaldocorreiadebrito.com.br\/site2\/2021\/07\/o-rifle-e-lanca-2\/\" \/>\n<meta property=\"og:site_name\" content=\"Ronaldo Correia de Brito | site oficial\" \/>\n<meta property=\"article:publisher\" content=\"https:\/\/www.facebook.com\/ronaldocorreiadebrito.oficial\" \/>\n<meta property=\"article:published_time\" content=\"2021-07-25T16:34:00+00:00\" \/>\n<meta property=\"og:image\" content=\"https:\/\/www.ronaldocorreiadebrito.com.br\/site2\/wp-content\/uploads\/2021\/07\/karen-blixen-owl1.jpeg\" \/>\n\t<meta property=\"og:image:width\" content=\"1600\" \/>\n\t<meta property=\"og:image:height\" content=\"1204\" \/>\n\t<meta property=\"og:image:type\" content=\"image\/jpeg\" \/>\n<meta name=\"author\" content=\"admin\" \/>\n<meta name=\"twitter:card\" content=\"summary_large_image\" \/>\n<meta name=\"twitter:label1\" content=\"Escrito por\" \/>\n\t<meta name=\"twitter:data1\" content=\"admin\" \/>\n\t<meta name=\"twitter:label2\" content=\"Est. tempo de leitura\" \/>\n\t<meta name=\"twitter:data2\" content=\"5 minutos\" \/>\n<script type=\"application\/ld+json\" class=\"yoast-schema-graph\">{\"@context\":\"https:\\\/\\\/schema.org\",\"@graph\":[{\"@type\":\"Article\",\"@id\":\"https:\\\/\\\/www.ronaldocorreiadebrito.com.br\\\/site2\\\/2021\\\/07\\\/o-rifle-e-lanca-2\\\/#article\",\"isPartOf\":{\"@id\":\"https:\\\/\\\/www.ronaldocorreiadebrito.com.br\\\/site2\\\/2021\\\/07\\\/o-rifle-e-lanca-2\\\/\"},\"author\":{\"name\":\"admin\",\"@id\":\"https:\\\/\\\/www.ronaldocorreiadebrito.com.br\\\/site2\\\/#\\\/schema\\\/person\\\/99a164d0eaaff7f78b11899bc7d5e7c9\"},\"headline\":\"O rifle e a lan\u00e7a\",\"datePublished\":\"2021-07-25T16:34:00+00:00\",\"mainEntityOfPage\":{\"@id\":\"https:\\\/\\\/www.ronaldocorreiadebrito.com.br\\\/site2\\\/2021\\\/07\\\/o-rifle-e-lanca-2\\\/\"},\"wordCount\":1045,\"commentCount\":0,\"image\":{\"@id\":\"https:\\\/\\\/www.ronaldocorreiadebrito.com.br\\\/site2\\\/2021\\\/07\\\/o-rifle-e-lanca-2\\\/#primaryimage\"},\"thumbnailUrl\":\"https:\\\/\\\/www.ronaldocorreiadebrito.com.br\\\/site2\\\/wp-content\\\/uploads\\\/2021\\\/07\\\/karen-blixen-owl1.jpeg\",\"articleSection\":[\"Blog\",\"Links\",\"Slider\"],\"inLanguage\":\"pt-BR\",\"potentialAction\":[{\"@type\":\"CommentAction\",\"name\":\"Comment\",\"target\":[\"https:\\\/\\\/www.ronaldocorreiadebrito.com.br\\\/site2\\\/2021\\\/07\\\/o-rifle-e-lanca-2\\\/#respond\"]}]},{\"@type\":\"WebPage\",\"@id\":\"https:\\\/\\\/www.ronaldocorreiadebrito.com.br\\\/site2\\\/2021\\\/07\\\/o-rifle-e-lanca-2\\\/\",\"url\":\"https:\\\/\\\/www.ronaldocorreiadebrito.com.br\\\/site2\\\/2021\\\/07\\\/o-rifle-e-lanca-2\\\/\",\"name\":\"O rifle e a lan\u00e7a | Ronaldo Correia de Brito | site oficial\",\"isPartOf\":{\"@id\":\"https:\\\/\\\/www.ronaldocorreiadebrito.com.br\\\/site2\\\/#website\"},\"primaryImageOfPage\":{\"@id\":\"https:\\\/\\\/www.ronaldocorreiadebrito.com.br\\\/site2\\\/2021\\\/07\\\/o-rifle-e-lanca-2\\\/#primaryimage\"},\"image\":{\"@id\":\"https:\\\/\\\/www.ronaldocorreiadebrito.com.br\\\/site2\\\/2021\\\/07\\\/o-rifle-e-lanca-2\\\/#primaryimage\"},\"thumbnailUrl\":\"https:\\\/\\\/www.ronaldocorreiadebrito.com.br\\\/site2\\\/wp-content\\\/uploads\\\/2021\\\/07\\\/karen-blixen-owl1.jpeg\",\"datePublished\":\"2021-07-25T16:34:00+00:00\",\"author\":{\"@id\":\"https:\\\/\\\/www.ronaldocorreiadebrito.com.br\\\/site2\\\/#\\\/schema\\\/person\\\/99a164d0eaaff7f78b11899bc7d5e7c9\"},\"breadcrumb\":{\"@id\":\"https:\\\/\\\/www.ronaldocorreiadebrito.com.br\\\/site2\\\/2021\\\/07\\\/o-rifle-e-lanca-2\\\/#breadcrumb\"},\"inLanguage\":\"pt-BR\",\"potentialAction\":[{\"@type\":\"ReadAction\",\"target\":[\"https:\\\/\\\/www.ronaldocorreiadebrito.com.br\\\/site2\\\/2021\\\/07\\\/o-rifle-e-lanca-2\\\/\"]}]},{\"@type\":\"ImageObject\",\"inLanguage\":\"pt-BR\",\"@id\":\"https:\\\/\\\/www.ronaldocorreiadebrito.com.br\\\/site2\\\/2021\\\/07\\\/o-rifle-e-lanca-2\\\/#primaryimage\",\"url\":\"https:\\\/\\\/www.ronaldocorreiadebrito.com.br\\\/site2\\\/wp-content\\\/uploads\\\/2021\\\/07\\\/karen-blixen-owl1.jpeg\",\"contentUrl\":\"https:\\\/\\\/www.ronaldocorreiadebrito.com.br\\\/site2\\\/wp-content\\\/uploads\\\/2021\\\/07\\\/karen-blixen-owl1.jpeg\",\"width\":1600,\"height\":1204},{\"@type\":\"BreadcrumbList\",\"@id\":\"https:\\\/\\\/www.ronaldocorreiadebrito.com.br\\\/site2\\\/2021\\\/07\\\/o-rifle-e-lanca-2\\\/#breadcrumb\",\"itemListElement\":[{\"@type\":\"ListItem\",\"position\":1,\"name\":\"In\u00edcio\",\"item\":\"https:\\\/\\\/www.ronaldocorreiadebrito.com.br\\\/site2\\\/\"},{\"@type\":\"ListItem\",\"position\":2,\"name\":\"O rifle e a lan\u00e7a\"}]},{\"@type\":\"WebSite\",\"@id\":\"https:\\\/\\\/www.ronaldocorreiadebrito.com.br\\\/site2\\\/#website\",\"url\":\"https:\\\/\\\/www.ronaldocorreiadebrito.com.br\\\/site2\\\/\",\"name\":\"Ronaldo Correia de Brito | site oficial\",\"description\":\"Site oficial do escritor Ronaldo Correia de Brito\",\"potentialAction\":[{\"@type\":\"SearchAction\",\"target\":{\"@type\":\"EntryPoint\",\"urlTemplate\":\"https:\\\/\\\/www.ronaldocorreiadebrito.com.br\\\/site2\\\/?s={search_term_string}\"},\"query-input\":{\"@type\":\"PropertyValueSpecification\",\"valueRequired\":true,\"valueName\":\"search_term_string\"}}],\"inLanguage\":\"pt-BR\"},{\"@type\":\"Person\",\"@id\":\"https:\\\/\\\/www.ronaldocorreiadebrito.com.br\\\/site2\\\/#\\\/schema\\\/person\\\/99a164d0eaaff7f78b11899bc7d5e7c9\",\"name\":\"admin\",\"url\":\"https:\\\/\\\/www.ronaldocorreiadebrito.com.br\\\/site2\\\/author\\\/admin\\\/\"}]}<\/script>\n<!-- \/ Yoast SEO plugin. -->","yoast_head_json":{"title":"O rifle e a lan\u00e7a | Ronaldo Correia de Brito | site oficial","robots":{"index":"index","follow":"follow","max-snippet":"max-snippet:-1","max-image-preview":"max-image-preview:large","max-video-preview":"max-video-preview:-1"},"canonical":"https:\/\/www.ronaldocorreiadebrito.com.br\/site2\/2021\/07\/o-rifle-e-lanca-2\/","og_locale":"pt_BR","og_type":"article","og_title":"O rifle e a lan\u00e7a | Ronaldo Correia de Brito | site oficial","og_description":"Acho que se chamava Otac\u00edlio Valdevino, tamb\u00e9m poderia ser Vicente Moreno, o nome j\u00e1 n\u00e3o possui significado. As fitas cassete em que registrei sua voz foram esquecidas em gavetas ou tornaram-se imposs\u00edveis de reproduzir. Transcritas, suas hist\u00f3rias ganharam edi\u00e7\u00e3o em livro, mas os gestos do...","og_url":"https:\/\/www.ronaldocorreiadebrito.com.br\/site2\/2021\/07\/o-rifle-e-lanca-2\/","og_site_name":"Ronaldo Correia de Brito | site oficial","article_publisher":"https:\/\/www.facebook.com\/ronaldocorreiadebrito.oficial","article_published_time":"2021-07-25T16:34:00+00:00","og_image":[{"width":1600,"height":1204,"url":"https:\/\/www.ronaldocorreiadebrito.com.br\/site2\/wp-content\/uploads\/2021\/07\/karen-blixen-owl1.jpeg","type":"image\/jpeg"}],"author":"admin","twitter_card":"summary_large_image","twitter_misc":{"Escrito por":"admin","Est. tempo de leitura":"5 minutos"},"schema":{"@context":"https:\/\/schema.org","@graph":[{"@type":"Article","@id":"https:\/\/www.ronaldocorreiadebrito.com.br\/site2\/2021\/07\/o-rifle-e-lanca-2\/#article","isPartOf":{"@id":"https:\/\/www.ronaldocorreiadebrito.com.br\/site2\/2021\/07\/o-rifle-e-lanca-2\/"},"author":{"name":"admin","@id":"https:\/\/www.ronaldocorreiadebrito.com.br\/site2\/#\/schema\/person\/99a164d0eaaff7f78b11899bc7d5e7c9"},"headline":"O rifle e a lan\u00e7a","datePublished":"2021-07-25T16:34:00+00:00","mainEntityOfPage":{"@id":"https:\/\/www.ronaldocorreiadebrito.com.br\/site2\/2021\/07\/o-rifle-e-lanca-2\/"},"wordCount":1045,"commentCount":0,"image":{"@id":"https:\/\/www.ronaldocorreiadebrito.com.br\/site2\/2021\/07\/o-rifle-e-lanca-2\/#primaryimage"},"thumbnailUrl":"https:\/\/www.ronaldocorreiadebrito.com.br\/site2\/wp-content\/uploads\/2021\/07\/karen-blixen-owl1.jpeg","articleSection":["Blog","Links","Slider"],"inLanguage":"pt-BR","potentialAction":[{"@type":"CommentAction","name":"Comment","target":["https:\/\/www.ronaldocorreiadebrito.com.br\/site2\/2021\/07\/o-rifle-e-lanca-2\/#respond"]}]},{"@type":"WebPage","@id":"https:\/\/www.ronaldocorreiadebrito.com.br\/site2\/2021\/07\/o-rifle-e-lanca-2\/","url":"https:\/\/www.ronaldocorreiadebrito.com.br\/site2\/2021\/07\/o-rifle-e-lanca-2\/","name":"O rifle e a lan\u00e7a | Ronaldo Correia de Brito | site oficial","isPartOf":{"@id":"https:\/\/www.ronaldocorreiadebrito.com.br\/site2\/#website"},"primaryImageOfPage":{"@id":"https:\/\/www.ronaldocorreiadebrito.com.br\/site2\/2021\/07\/o-rifle-e-lanca-2\/#primaryimage"},"image":{"@id":"https:\/\/www.ronaldocorreiadebrito.com.br\/site2\/2021\/07\/o-rifle-e-lanca-2\/#primaryimage"},"thumbnailUrl":"https:\/\/www.ronaldocorreiadebrito.com.br\/site2\/wp-content\/uploads\/2021\/07\/karen-blixen-owl1.jpeg","datePublished":"2021-07-25T16:34:00+00:00","author":{"@id":"https:\/\/www.ronaldocorreiadebrito.com.br\/site2\/#\/schema\/person\/99a164d0eaaff7f78b11899bc7d5e7c9"},"breadcrumb":{"@id":"https:\/\/www.ronaldocorreiadebrito.com.br\/site2\/2021\/07\/o-rifle-e-lanca-2\/#breadcrumb"},"inLanguage":"pt-BR","potentialAction":[{"@type":"ReadAction","target":["https:\/\/www.ronaldocorreiadebrito.com.br\/site2\/2021\/07\/o-rifle-e-lanca-2\/"]}]},{"@type":"ImageObject","inLanguage":"pt-BR","@id":"https:\/\/www.ronaldocorreiadebrito.com.br\/site2\/2021\/07\/o-rifle-e-lanca-2\/#primaryimage","url":"https:\/\/www.ronaldocorreiadebrito.com.br\/site2\/wp-content\/uploads\/2021\/07\/karen-blixen-owl1.jpeg","contentUrl":"https:\/\/www.ronaldocorreiadebrito.com.br\/site2\/wp-content\/uploads\/2021\/07\/karen-blixen-owl1.jpeg","width":1600,"height":1204},{"@type":"BreadcrumbList","@id":"https:\/\/www.ronaldocorreiadebrito.com.br\/site2\/2021\/07\/o-rifle-e-lanca-2\/#breadcrumb","itemListElement":[{"@type":"ListItem","position":1,"name":"In\u00edcio","item":"https:\/\/www.ronaldocorreiadebrito.com.br\/site2\/"},{"@type":"ListItem","position":2,"name":"O rifle e a lan\u00e7a"}]},{"@type":"WebSite","@id":"https:\/\/www.ronaldocorreiadebrito.com.br\/site2\/#website","url":"https:\/\/www.ronaldocorreiadebrito.com.br\/site2\/","name":"Ronaldo Correia de Brito | site oficial","description":"Site oficial do escritor Ronaldo Correia de Brito","potentialAction":[{"@type":"SearchAction","target":{"@type":"EntryPoint","urlTemplate":"https:\/\/www.ronaldocorreiadebrito.com.br\/site2\/?s={search_term_string}"},"query-input":{"@type":"PropertyValueSpecification","valueRequired":true,"valueName":"search_term_string"}}],"inLanguage":"pt-BR"},{"@type":"Person","@id":"https:\/\/www.ronaldocorreiadebrito.com.br\/site2\/#\/schema\/person\/99a164d0eaaff7f78b11899bc7d5e7c9","name":"admin","url":"https:\/\/www.ronaldocorreiadebrito.com.br\/site2\/author\/admin\/"}]}},"wps_subtitle":"","_links":{"self":[{"href":"https:\/\/www.ronaldocorreiadebrito.com.br\/site2\/wp-json\/wp\/v2\/posts\/1729","targetHints":{"allow":["GET"]}}],"collection":[{"href":"https:\/\/www.ronaldocorreiadebrito.com.br\/site2\/wp-json\/wp\/v2\/posts"}],"about":[{"href":"https:\/\/www.ronaldocorreiadebrito.com.br\/site2\/wp-json\/wp\/v2\/types\/post"}],"author":[{"embeddable":true,"href":"https:\/\/www.ronaldocorreiadebrito.com.br\/site2\/wp-json\/wp\/v2\/users\/1"}],"replies":[{"embeddable":true,"href":"https:\/\/www.ronaldocorreiadebrito.com.br\/site2\/wp-json\/wp\/v2\/comments?post=1729"}],"version-history":[{"count":0,"href":"https:\/\/www.ronaldocorreiadebrito.com.br\/site2\/wp-json\/wp\/v2\/posts\/1729\/revisions"}],"wp:featuredmedia":[{"embeddable":true,"href":"https:\/\/www.ronaldocorreiadebrito.com.br\/site2\/wp-json\/wp\/v2\/media\/1730"}],"wp:attachment":[{"href":"https:\/\/www.ronaldocorreiadebrito.com.br\/site2\/wp-json\/wp\/v2\/media?parent=1729"}],"wp:term":[{"taxonomy":"category","embeddable":true,"href":"https:\/\/www.ronaldocorreiadebrito.com.br\/site2\/wp-json\/wp\/v2\/categories?post=1729"},{"taxonomy":"post_tag","embeddable":true,"href":"https:\/\/www.ronaldocorreiadebrito.com.br\/site2\/wp-json\/wp\/v2\/tags?post=1729"}],"curies":[{"name":"wp","href":"https:\/\/api.w.org\/{rel}","templated":true}]}}