{"id":1723,"date":"2021-07-21T10:40:42","date_gmt":"2021-07-21T13:40:42","guid":{"rendered":"https:\/\/www.ronaldocorreiadebrito.com.br\/site2\/?p=1723"},"modified":"2021-07-21T10:40:42","modified_gmt":"2021-07-21T13:40:42","slug":"ouvi-o-galo-cantar-mas-nao-sei-onde","status":"publish","type":"post","link":"https:\/\/www.ronaldocorreiadebrito.com.br\/site2\/2021\/07\/ouvi-o-galo-cantar-mas-nao-sei-onde\/","title":{"rendered":"Ouvi o galo cantar, mas n\u00e3o sei onde"},"content":{"rendered":"<p class=\"p3\"><span class=\"s1\">Escutamos um galo nos arredores do pr\u00e9dio onde moro, em Casa Amarela. Estranhei um galo cocoricando no barulhento Recife, e n\u00e3o apenas no correr da madrugada, tamb\u00e9m durante o dia. Ocupamos um d\u00e9cimo primeiro andar, \u00e9 comum sermos acordados pelos passarinhos, gorjeando na copa das \u00e1rvores. At\u00e9 sabi\u00e1 do peito branco eu j\u00e1 vi pousado num jambeiro. Mas galo&#8230; A cozinheira jura que o canto \u00e9 mec\u00e2nico, como o toque falso dos sinos das igrejas. <\/span><\/p>\n<p class=\"p1\"><span class=\"s1\"> \u201cH\u00e1 muito calaram sinos,<\/span><\/p>\n<p class=\"p3\"><span class=\"s1\">Pois n\u00e3o h\u00e1 quem os tanger.<\/span><\/p>\n<p class=\"p3\"><span class=\"s1\">Nem meninas nem meninos<\/span><\/p>\n<p class=\"p3\"><span class=\"s1\">Tangem sinos em seu ser:<\/span><\/p>\n<p class=\"p3\"><span class=\"s1\">Calaram os sinos do mundo<\/span><\/p>\n<p class=\"p3\"><span class=\"s1\">E eu sinto a alma doer.\u201d<\/span><span class=\"s2\">*1<\/span><\/p>\n<p class=\"p3\"><span class=\"s1\">Percorri a vizinhan\u00e7a, investigando de quem era o galo. Aconselharam-me a n\u00e3o fazer isso, podiam imaginar-me um fiscal do Ibama. Sentei-me quieto. At\u00e9 os dezesseis anos, vivi nas fazendas dos meus pais, da av\u00f3 materna, de tios e amigos da fam\u00edlia, todas com currais de gado e poleiros de aves em volta das casas. Era um conforto acordar nas madrugadas, escutando cantos, balidos e chocalhos. Afirmam que nada de ruim acontece, todos os perigos v\u00e3o embora quando um galo canta ou um boi muge. Confiante nessa cren\u00e7a, eu dormia tranquilo.\u00a0<\/span><\/p>\n<p class=\"p3\"><span class=\"s1\">Minha filha confessou a mesma sensa\u00e7\u00e3o de aconchego. Durante trinta anos moramos em casa com quintal, jardins e \u00e1rvores, parecendo s\u00edtio. Um amigo que transformara sua ch\u00e1cara numa arca de No\u00e9, presenteou a fam\u00edlia com um galo e seis galinhas de ra\u00e7a polonesa. Presente de grego. \u00c0s pressas, constru\u00edmos galinheiro e instalamos as aves esquisitas, meio cegas porque as penas da cabe\u00e7a ca\u00edam sobre os olhos. Alegria para as crian\u00e7as. De madrugada, o galo cinza e polig\u00e2mico, que conhecia a aritm\u00e9tica de subir no poleiro e ficar com tr\u00eas companheiras de cada lado, come\u00e7ava sua cantoria. Minha filha perdeu os receios de dormir sozinha, o cocoric\u00f3 era um v\u00e9u m\u00e1gico a proteg\u00ea-la.<\/span><\/p>\n<p class=\"p3\"><span class=\"s1\">Abri m\u00e3o de descobrir onde o galo canta, prefiro deleitar-me com sua voz. Na feira de Casa Amarela, um verdureiro me disse criar sete can\u00e1rios da terra, em gaiolas. Gosta do chilreado dos p\u00e1ssaros. Mas por que sete?, perguntei curioso. Porque \u00e9 a conta do mentiroso. Um cunhado trouxe-os de Goi\u00e1s, aqui eles j\u00e1 n\u00e3o existem. Meu irm\u00e3o mais velho contribuiu para o exterm\u00ednio dos can\u00e1rios. Desde pequeno criava-os para brigar. Chegou a ser preso numa rinha. O instinto perverso n\u00e3o ficava por a\u00ed. Se os p\u00e1ssaros perdiam as brigas, ele furava os olhos ou os depenava e depois os largava soltos, sem chances de sobreviv\u00eancia. <\/span><\/p>\n<p class=\"p3\"><span class=\"s1\">Nos prim\u00f3rdios da coloniza\u00e7\u00e3o cearense, \u00e0s margens do rio Jaguaribe, no sert\u00e3o onde eu nasci, havia um n\u00famero incalcul\u00e1vel de periquitos, ararinhas azuis \u2013 essas que foram extintas \u2013, maracan\u00e3s, papagaios e outras esp\u00e9cies da mesma fam\u00edlia. Os poderosos criadores de rebanhos, propriet\u00e1rios de grandes extens\u00f5es de terra \u2013 sempre eles \u2013 e os senhores da \u201clei\u201d determinaram que todos os habitantes matassem um certo n\u00famero de periquitos anualmente, e apresentassem as cabe\u00e7as ao procurador, que delas daria recibo para abatimento de multa financeira. Segundo eles, os p\u00e1ssaros comiam as planta\u00e7\u00f5es de feij\u00e3o e milho, que alimentavam as fam\u00edlias brancas e o seu gado. <\/span><\/p>\n<p class=\"p3\"><span class=\"s1\">Matan\u00e7a semelhante \u00e0 dos \u00edndios Juc\u00e1s, Inhamuns, Jenipapos, Cari\u00fas, Cariris e v\u00e1rias outras tribos. Nertan Macedo registrou que \u201cEm 1708 \u2013 no sert\u00e3o do Jaguaribe \u2013 os \u00edndios estavam desesperados. N\u00e3o queriam habitar as aldeias mission\u00e1rias, expulsos que foram das suas terras. Rebelaram-se contra os colonos. Arrasaram fazendas. Trucidavam quem encontrassem. Nesse mesmo ano o governador de Pernambuco deu ordem ao capit\u00e3o-mor do Cear\u00e1 para que movesse guerra de exterm\u00ednio aos \u00edndios. O que foi, efetivamente, feito.\u201d<\/span><\/p>\n<p class=\"p3\"><span class=\"s1\">Igual massacre sofreram os Caet\u00e9s, na chegada de Duarte Coelho \u00e0 Feitoria de Pernambuco, em 1535. A expedi\u00e7\u00e3o desembarcou \u00e0s margens do Canal de Santa Cruz e avan\u00e7ou at\u00e9 a foz do Canal de Igarassu. Ali, fundou uma povoa\u00e7\u00e3o e travou luta com os \u00edndios. Garantem que Duarte Coelho agiu da mesma maneira que Pedro \u00c1lvares Cabral, nosso descobridor. Cabral deu ordens \u00e0 armada, com a qual chegara \u00e0s \u00cdndias, para destruir Calecute e seus habitantes. Foi uma carnificina. Dos navios, Duarte Coelho e os seus homens bombardearam a aldeia dos Caet\u00e9s, situada num monte onde ele mandou construir a Igreja dos Santos Cosme e Dami\u00e3o, a primeira do Brasil.<\/span><\/p>\n<p class=\"p1\"><span class=\"s1\"> \u201cEm torno de mim matan\u00e7as<\/span><\/p>\n<p class=\"p3\"><span class=\"s1\">Despertam o sangue enjaulado,<\/span><\/p>\n<p class=\"p3\"><span class=\"s1\">O gume calmo dos ossos<\/span><\/p>\n<p class=\"p3\"><span class=\"s1\">E a paz de um homem calado:<\/span><\/p>\n<p class=\"p3\"><span class=\"s1\">Serei ent\u00e3o lei e rei<\/span><\/p>\n<p class=\"p3\"><span class=\"s1\">De um pa\u00eds desenganado.\u201d<\/span><span class=\"s2\">*2<\/span><\/p>\n<p class=\"p3\"><span class=\"s1\">Acontece o exterm\u00ednio de v\u00e1rias formas, por todos os lados, sempre. Relataram-me que nos arredores de Petrolina, num s\u00edtio \u00e0s margens do S\u00e3o Francisco, sobrevive uma pequena reserva de caatinga. No meio dela, alguns tipos de gato do mato \u2013 jaguatirica, maracaj\u00e1, pequeno, grande, palheiro, mourisco, su\u00e7uarana, pintada. Digo os nomes mas n\u00e3o tenho a certeza dos tipos que ainda moram. Fica o dito. E a not\u00edcia de que os propriet\u00e1rios de terras matam os gatos porque eles comem as galinhas e talvez algum galo, cantor das madrugadas, afugentador de medos.<\/span><\/p>\n<p class=\"p3\"><span class=\"s1\">Morrem milh\u00f5es de seres vivos no inc\u00eandio da Austr\u00e1lia. N\u00famero superior nas terras amaz\u00f4nicas e do Pantanal. E tamb\u00e9m \u00edndios e gentes. \u00c0 direita e \u00e0 esquerda v\u00e3o caindo \u00e1rvores, p\u00e1ssaros, peixes, as esp\u00e9cies em que se inclui o desvairado homem. \u00c0 direita e \u00e0 esquerda h\u00e1 ordens para a destrui\u00e7\u00e3o. Pelo fogo da Amaz\u00f4nia, no atual desgoverno. Pela barragem das \u00e1guas no Belo Monte da Amaz\u00f4nia, no governo anterior. \u00c0 direita e \u00e0 esquerda tombam os seres vivos, igualmente tombaram os Mour\u00f5es de Gerardo Mello: descal\u00e7os, maltrapilhos, pobres, de farda de gala, bot\u00f5es de ouro e patente de capit\u00e3o, hier\u00e1rquicos e cronol\u00f3gicos. <\/span><\/p>\n<p class=\"p3\"><span class=\"s1\">Todos tombar\u00e3o, agora ou noutro dia qualquer.<\/span><\/p>\n<p class=\"p3\"><span class=\"s1\">E, talvez, reste apenas o canto mec\u00e2nico de um galo ou rouxinol, como na hist\u00f3ria do dinamarqu\u00eas Andersen.<\/span><\/p>\n<p class=\"p3\"><span class=\"s2\">*1*2<\/span><span class=\"s1\"> \u00c2ngelo Monteiro, <i>Armorial de um ca\u00e7ador de nuvens<\/i><\/span><\/p>\n","protected":false},"excerpt":{"rendered":"<p>Escutamos um galo nos arredores do pr\u00e9dio onde moro, em Casa Amarela. Estranhei um galo cocoricando no barulhento Recife, e n\u00e3o apenas no correr da madrugada, tamb\u00e9m durante o dia. Ocupamos um d\u00e9cimo primeiro andar, \u00e9 comum sermos acordados pelos passarinhos, gorjeando na copa das&#8230;<\/p>\n","protected":false},"author":1,"featured_media":1724,"comment_status":"open","ping_status":"closed","sticky":false,"template":"","format":"standard","meta":{"sfsi_plus_gutenberg_text_before_share":"","sfsi_plus_gutenberg_show_text_before_share":"","sfsi_plus_gutenberg_icon_type":"","sfsi_plus_gutenberg_icon_alignemt":"","sfsi_plus_gutenburg_max_per_row":"","footnotes":""},"categories":[8,46,45],"tags":[],"class_list":["post-1723","post","type-post","status-publish","format-standard","has-post-thumbnail","hentry","category-blog","category-links","category-slider"],"yoast_head":"<!-- This site is optimized with the Yoast SEO plugin v27.4 - https:\/\/yoast.com\/product\/yoast-seo-wordpress\/ -->\n<title>Ouvi o galo cantar, mas n\u00e3o sei onde | Ronaldo Correia de Brito | site oficial<\/title>\n<meta name=\"robots\" content=\"index, follow, max-snippet:-1, max-image-preview:large, max-video-preview:-1\" \/>\n<link rel=\"canonical\" href=\"https:\/\/www.ronaldocorreiadebrito.com.br\/site2\/2021\/07\/ouvi-o-galo-cantar-mas-nao-sei-onde\/\" \/>\n<meta property=\"og:locale\" content=\"pt_BR\" \/>\n<meta property=\"og:type\" content=\"article\" \/>\n<meta property=\"og:title\" content=\"Ouvi o galo cantar, mas n\u00e3o sei onde | Ronaldo Correia de Brito | site oficial\" \/>\n<meta property=\"og:description\" content=\"Escutamos um galo nos arredores do pr\u00e9dio onde moro, em Casa Amarela. Estranhei um galo cocoricando no barulhento Recife, e n\u00e3o apenas no correr da madrugada, tamb\u00e9m durante o dia. Ocupamos um d\u00e9cimo primeiro andar, \u00e9 comum sermos acordados pelos passarinhos, gorjeando na copa das...\" \/>\n<meta property=\"og:url\" content=\"https:\/\/www.ronaldocorreiadebrito.com.br\/site2\/2021\/07\/ouvi-o-galo-cantar-mas-nao-sei-onde\/\" \/>\n<meta property=\"og:site_name\" content=\"Ronaldo Correia de Brito | site oficial\" \/>\n<meta property=\"article:publisher\" content=\"https:\/\/www.facebook.com\/ronaldocorreiadebrito.oficial\" \/>\n<meta property=\"article:published_time\" content=\"2021-07-21T13:40:42+00:00\" \/>\n<meta property=\"og:image\" content=\"https:\/\/www.ronaldocorreiadebrito.com.br\/site2\/wp-content\/uploads\/2021\/07\/A1jjQd2Wi5L._SS500_.jpg\" \/>\n\t<meta property=\"og:image:width\" content=\"500\" \/>\n\t<meta property=\"og:image:height\" content=\"500\" \/>\n\t<meta property=\"og:image:type\" content=\"image\/jpeg\" \/>\n<meta name=\"author\" content=\"admin\" \/>\n<meta name=\"twitter:card\" content=\"summary_large_image\" \/>\n<meta name=\"twitter:label1\" content=\"Escrito por\" \/>\n\t<meta name=\"twitter:data1\" content=\"admin\" \/>\n\t<meta name=\"twitter:label2\" content=\"Est. tempo de leitura\" \/>\n\t<meta name=\"twitter:data2\" content=\"5 minutos\" \/>\n<script type=\"application\/ld+json\" class=\"yoast-schema-graph\">{\"@context\":\"https:\\\/\\\/schema.org\",\"@graph\":[{\"@type\":\"Article\",\"@id\":\"https:\\\/\\\/www.ronaldocorreiadebrito.com.br\\\/site2\\\/2021\\\/07\\\/ouvi-o-galo-cantar-mas-nao-sei-onde\\\/#article\",\"isPartOf\":{\"@id\":\"https:\\\/\\\/www.ronaldocorreiadebrito.com.br\\\/site2\\\/2021\\\/07\\\/ouvi-o-galo-cantar-mas-nao-sei-onde\\\/\"},\"author\":{\"name\":\"admin\",\"@id\":\"https:\\\/\\\/www.ronaldocorreiadebrito.com.br\\\/site2\\\/#\\\/schema\\\/person\\\/99a164d0eaaff7f78b11899bc7d5e7c9\"},\"headline\":\"Ouvi o galo cantar, mas n\u00e3o sei onde\",\"datePublished\":\"2021-07-21T13:40:42+00:00\",\"mainEntityOfPage\":{\"@id\":\"https:\\\/\\\/www.ronaldocorreiadebrito.com.br\\\/site2\\\/2021\\\/07\\\/ouvi-o-galo-cantar-mas-nao-sei-onde\\\/\"},\"wordCount\":1052,\"commentCount\":0,\"image\":{\"@id\":\"https:\\\/\\\/www.ronaldocorreiadebrito.com.br\\\/site2\\\/2021\\\/07\\\/ouvi-o-galo-cantar-mas-nao-sei-onde\\\/#primaryimage\"},\"thumbnailUrl\":\"https:\\\/\\\/www.ronaldocorreiadebrito.com.br\\\/site2\\\/wp-content\\\/uploads\\\/2021\\\/07\\\/A1jjQd2Wi5L._SS500_.jpg\",\"articleSection\":[\"Blog\",\"Links\",\"Slider\"],\"inLanguage\":\"pt-BR\",\"potentialAction\":[{\"@type\":\"CommentAction\",\"name\":\"Comment\",\"target\":[\"https:\\\/\\\/www.ronaldocorreiadebrito.com.br\\\/site2\\\/2021\\\/07\\\/ouvi-o-galo-cantar-mas-nao-sei-onde\\\/#respond\"]}]},{\"@type\":\"WebPage\",\"@id\":\"https:\\\/\\\/www.ronaldocorreiadebrito.com.br\\\/site2\\\/2021\\\/07\\\/ouvi-o-galo-cantar-mas-nao-sei-onde\\\/\",\"url\":\"https:\\\/\\\/www.ronaldocorreiadebrito.com.br\\\/site2\\\/2021\\\/07\\\/ouvi-o-galo-cantar-mas-nao-sei-onde\\\/\",\"name\":\"Ouvi o galo cantar, mas n\u00e3o sei onde | Ronaldo Correia de Brito | site oficial\",\"isPartOf\":{\"@id\":\"https:\\\/\\\/www.ronaldocorreiadebrito.com.br\\\/site2\\\/#website\"},\"primaryImageOfPage\":{\"@id\":\"https:\\\/\\\/www.ronaldocorreiadebrito.com.br\\\/site2\\\/2021\\\/07\\\/ouvi-o-galo-cantar-mas-nao-sei-onde\\\/#primaryimage\"},\"image\":{\"@id\":\"https:\\\/\\\/www.ronaldocorreiadebrito.com.br\\\/site2\\\/2021\\\/07\\\/ouvi-o-galo-cantar-mas-nao-sei-onde\\\/#primaryimage\"},\"thumbnailUrl\":\"https:\\\/\\\/www.ronaldocorreiadebrito.com.br\\\/site2\\\/wp-content\\\/uploads\\\/2021\\\/07\\\/A1jjQd2Wi5L._SS500_.jpg\",\"datePublished\":\"2021-07-21T13:40:42+00:00\",\"author\":{\"@id\":\"https:\\\/\\\/www.ronaldocorreiadebrito.com.br\\\/site2\\\/#\\\/schema\\\/person\\\/99a164d0eaaff7f78b11899bc7d5e7c9\"},\"breadcrumb\":{\"@id\":\"https:\\\/\\\/www.ronaldocorreiadebrito.com.br\\\/site2\\\/2021\\\/07\\\/ouvi-o-galo-cantar-mas-nao-sei-onde\\\/#breadcrumb\"},\"inLanguage\":\"pt-BR\",\"potentialAction\":[{\"@type\":\"ReadAction\",\"target\":[\"https:\\\/\\\/www.ronaldocorreiadebrito.com.br\\\/site2\\\/2021\\\/07\\\/ouvi-o-galo-cantar-mas-nao-sei-onde\\\/\"]}]},{\"@type\":\"ImageObject\",\"inLanguage\":\"pt-BR\",\"@id\":\"https:\\\/\\\/www.ronaldocorreiadebrito.com.br\\\/site2\\\/2021\\\/07\\\/ouvi-o-galo-cantar-mas-nao-sei-onde\\\/#primaryimage\",\"url\":\"https:\\\/\\\/www.ronaldocorreiadebrito.com.br\\\/site2\\\/wp-content\\\/uploads\\\/2021\\\/07\\\/A1jjQd2Wi5L._SS500_.jpg\",\"contentUrl\":\"https:\\\/\\\/www.ronaldocorreiadebrito.com.br\\\/site2\\\/wp-content\\\/uploads\\\/2021\\\/07\\\/A1jjQd2Wi5L._SS500_.jpg\",\"width\":500,\"height\":500},{\"@type\":\"BreadcrumbList\",\"@id\":\"https:\\\/\\\/www.ronaldocorreiadebrito.com.br\\\/site2\\\/2021\\\/07\\\/ouvi-o-galo-cantar-mas-nao-sei-onde\\\/#breadcrumb\",\"itemListElement\":[{\"@type\":\"ListItem\",\"position\":1,\"name\":\"In\u00edcio\",\"item\":\"https:\\\/\\\/www.ronaldocorreiadebrito.com.br\\\/site2\\\/\"},{\"@type\":\"ListItem\",\"position\":2,\"name\":\"Ouvi o galo cantar, mas n\u00e3o sei onde\"}]},{\"@type\":\"WebSite\",\"@id\":\"https:\\\/\\\/www.ronaldocorreiadebrito.com.br\\\/site2\\\/#website\",\"url\":\"https:\\\/\\\/www.ronaldocorreiadebrito.com.br\\\/site2\\\/\",\"name\":\"Ronaldo Correia de Brito | site oficial\",\"description\":\"Site oficial do escritor Ronaldo Correia de Brito\",\"potentialAction\":[{\"@type\":\"SearchAction\",\"target\":{\"@type\":\"EntryPoint\",\"urlTemplate\":\"https:\\\/\\\/www.ronaldocorreiadebrito.com.br\\\/site2\\\/?s={search_term_string}\"},\"query-input\":{\"@type\":\"PropertyValueSpecification\",\"valueRequired\":true,\"valueName\":\"search_term_string\"}}],\"inLanguage\":\"pt-BR\"},{\"@type\":\"Person\",\"@id\":\"https:\\\/\\\/www.ronaldocorreiadebrito.com.br\\\/site2\\\/#\\\/schema\\\/person\\\/99a164d0eaaff7f78b11899bc7d5e7c9\",\"name\":\"admin\",\"url\":\"https:\\\/\\\/www.ronaldocorreiadebrito.com.br\\\/site2\\\/author\\\/admin\\\/\"}]}<\/script>\n<!-- \/ Yoast SEO plugin. -->","yoast_head_json":{"title":"Ouvi o galo cantar, mas n\u00e3o sei onde | Ronaldo Correia de Brito | site oficial","robots":{"index":"index","follow":"follow","max-snippet":"max-snippet:-1","max-image-preview":"max-image-preview:large","max-video-preview":"max-video-preview:-1"},"canonical":"https:\/\/www.ronaldocorreiadebrito.com.br\/site2\/2021\/07\/ouvi-o-galo-cantar-mas-nao-sei-onde\/","og_locale":"pt_BR","og_type":"article","og_title":"Ouvi o galo cantar, mas n\u00e3o sei onde | Ronaldo Correia de Brito | site oficial","og_description":"Escutamos um galo nos arredores do pr\u00e9dio onde moro, em Casa Amarela. Estranhei um galo cocoricando no barulhento Recife, e n\u00e3o apenas no correr da madrugada, tamb\u00e9m durante o dia. Ocupamos um d\u00e9cimo primeiro andar, \u00e9 comum sermos acordados pelos passarinhos, gorjeando na copa das...","og_url":"https:\/\/www.ronaldocorreiadebrito.com.br\/site2\/2021\/07\/ouvi-o-galo-cantar-mas-nao-sei-onde\/","og_site_name":"Ronaldo Correia de Brito | site oficial","article_publisher":"https:\/\/www.facebook.com\/ronaldocorreiadebrito.oficial","article_published_time":"2021-07-21T13:40:42+00:00","og_image":[{"width":500,"height":500,"url":"https:\/\/www.ronaldocorreiadebrito.com.br\/site2\/wp-content\/uploads\/2021\/07\/A1jjQd2Wi5L._SS500_.jpg","type":"image\/jpeg"}],"author":"admin","twitter_card":"summary_large_image","twitter_misc":{"Escrito por":"admin","Est. tempo de leitura":"5 minutos"},"schema":{"@context":"https:\/\/schema.org","@graph":[{"@type":"Article","@id":"https:\/\/www.ronaldocorreiadebrito.com.br\/site2\/2021\/07\/ouvi-o-galo-cantar-mas-nao-sei-onde\/#article","isPartOf":{"@id":"https:\/\/www.ronaldocorreiadebrito.com.br\/site2\/2021\/07\/ouvi-o-galo-cantar-mas-nao-sei-onde\/"},"author":{"name":"admin","@id":"https:\/\/www.ronaldocorreiadebrito.com.br\/site2\/#\/schema\/person\/99a164d0eaaff7f78b11899bc7d5e7c9"},"headline":"Ouvi o galo cantar, mas n\u00e3o sei onde","datePublished":"2021-07-21T13:40:42+00:00","mainEntityOfPage":{"@id":"https:\/\/www.ronaldocorreiadebrito.com.br\/site2\/2021\/07\/ouvi-o-galo-cantar-mas-nao-sei-onde\/"},"wordCount":1052,"commentCount":0,"image":{"@id":"https:\/\/www.ronaldocorreiadebrito.com.br\/site2\/2021\/07\/ouvi-o-galo-cantar-mas-nao-sei-onde\/#primaryimage"},"thumbnailUrl":"https:\/\/www.ronaldocorreiadebrito.com.br\/site2\/wp-content\/uploads\/2021\/07\/A1jjQd2Wi5L._SS500_.jpg","articleSection":["Blog","Links","Slider"],"inLanguage":"pt-BR","potentialAction":[{"@type":"CommentAction","name":"Comment","target":["https:\/\/www.ronaldocorreiadebrito.com.br\/site2\/2021\/07\/ouvi-o-galo-cantar-mas-nao-sei-onde\/#respond"]}]},{"@type":"WebPage","@id":"https:\/\/www.ronaldocorreiadebrito.com.br\/site2\/2021\/07\/ouvi-o-galo-cantar-mas-nao-sei-onde\/","url":"https:\/\/www.ronaldocorreiadebrito.com.br\/site2\/2021\/07\/ouvi-o-galo-cantar-mas-nao-sei-onde\/","name":"Ouvi o galo cantar, mas n\u00e3o sei onde | Ronaldo Correia de Brito | site oficial","isPartOf":{"@id":"https:\/\/www.ronaldocorreiadebrito.com.br\/site2\/#website"},"primaryImageOfPage":{"@id":"https:\/\/www.ronaldocorreiadebrito.com.br\/site2\/2021\/07\/ouvi-o-galo-cantar-mas-nao-sei-onde\/#primaryimage"},"image":{"@id":"https:\/\/www.ronaldocorreiadebrito.com.br\/site2\/2021\/07\/ouvi-o-galo-cantar-mas-nao-sei-onde\/#primaryimage"},"thumbnailUrl":"https:\/\/www.ronaldocorreiadebrito.com.br\/site2\/wp-content\/uploads\/2021\/07\/A1jjQd2Wi5L._SS500_.jpg","datePublished":"2021-07-21T13:40:42+00:00","author":{"@id":"https:\/\/www.ronaldocorreiadebrito.com.br\/site2\/#\/schema\/person\/99a164d0eaaff7f78b11899bc7d5e7c9"},"breadcrumb":{"@id":"https:\/\/www.ronaldocorreiadebrito.com.br\/site2\/2021\/07\/ouvi-o-galo-cantar-mas-nao-sei-onde\/#breadcrumb"},"inLanguage":"pt-BR","potentialAction":[{"@type":"ReadAction","target":["https:\/\/www.ronaldocorreiadebrito.com.br\/site2\/2021\/07\/ouvi-o-galo-cantar-mas-nao-sei-onde\/"]}]},{"@type":"ImageObject","inLanguage":"pt-BR","@id":"https:\/\/www.ronaldocorreiadebrito.com.br\/site2\/2021\/07\/ouvi-o-galo-cantar-mas-nao-sei-onde\/#primaryimage","url":"https:\/\/www.ronaldocorreiadebrito.com.br\/site2\/wp-content\/uploads\/2021\/07\/A1jjQd2Wi5L._SS500_.jpg","contentUrl":"https:\/\/www.ronaldocorreiadebrito.com.br\/site2\/wp-content\/uploads\/2021\/07\/A1jjQd2Wi5L._SS500_.jpg","width":500,"height":500},{"@type":"BreadcrumbList","@id":"https:\/\/www.ronaldocorreiadebrito.com.br\/site2\/2021\/07\/ouvi-o-galo-cantar-mas-nao-sei-onde\/#breadcrumb","itemListElement":[{"@type":"ListItem","position":1,"name":"In\u00edcio","item":"https:\/\/www.ronaldocorreiadebrito.com.br\/site2\/"},{"@type":"ListItem","position":2,"name":"Ouvi o galo cantar, mas n\u00e3o sei onde"}]},{"@type":"WebSite","@id":"https:\/\/www.ronaldocorreiadebrito.com.br\/site2\/#website","url":"https:\/\/www.ronaldocorreiadebrito.com.br\/site2\/","name":"Ronaldo Correia de Brito | site oficial","description":"Site oficial do escritor Ronaldo Correia de Brito","potentialAction":[{"@type":"SearchAction","target":{"@type":"EntryPoint","urlTemplate":"https:\/\/www.ronaldocorreiadebrito.com.br\/site2\/?s={search_term_string}"},"query-input":{"@type":"PropertyValueSpecification","valueRequired":true,"valueName":"search_term_string"}}],"inLanguage":"pt-BR"},{"@type":"Person","@id":"https:\/\/www.ronaldocorreiadebrito.com.br\/site2\/#\/schema\/person\/99a164d0eaaff7f78b11899bc7d5e7c9","name":"admin","url":"https:\/\/www.ronaldocorreiadebrito.com.br\/site2\/author\/admin\/"}]}},"wps_subtitle":"","_links":{"self":[{"href":"https:\/\/www.ronaldocorreiadebrito.com.br\/site2\/wp-json\/wp\/v2\/posts\/1723","targetHints":{"allow":["GET"]}}],"collection":[{"href":"https:\/\/www.ronaldocorreiadebrito.com.br\/site2\/wp-json\/wp\/v2\/posts"}],"about":[{"href":"https:\/\/www.ronaldocorreiadebrito.com.br\/site2\/wp-json\/wp\/v2\/types\/post"}],"author":[{"embeddable":true,"href":"https:\/\/www.ronaldocorreiadebrito.com.br\/site2\/wp-json\/wp\/v2\/users\/1"}],"replies":[{"embeddable":true,"href":"https:\/\/www.ronaldocorreiadebrito.com.br\/site2\/wp-json\/wp\/v2\/comments?post=1723"}],"version-history":[{"count":0,"href":"https:\/\/www.ronaldocorreiadebrito.com.br\/site2\/wp-json\/wp\/v2\/posts\/1723\/revisions"}],"wp:featuredmedia":[{"embeddable":true,"href":"https:\/\/www.ronaldocorreiadebrito.com.br\/site2\/wp-json\/wp\/v2\/media\/1724"}],"wp:attachment":[{"href":"https:\/\/www.ronaldocorreiadebrito.com.br\/site2\/wp-json\/wp\/v2\/media?parent=1723"}],"wp:term":[{"taxonomy":"category","embeddable":true,"href":"https:\/\/www.ronaldocorreiadebrito.com.br\/site2\/wp-json\/wp\/v2\/categories?post=1723"},{"taxonomy":"post_tag","embeddable":true,"href":"https:\/\/www.ronaldocorreiadebrito.com.br\/site2\/wp-json\/wp\/v2\/tags?post=1723"}],"curies":[{"name":"wp","href":"https:\/\/api.w.org\/{rel}","templated":true}]}}