{"id":1720,"date":"2021-07-20T14:04:36","date_gmt":"2021-07-20T17:04:36","guid":{"rendered":"https:\/\/www.ronaldocorreiadebrito.com.br\/site2\/?p=1720"},"modified":"2021-07-20T14:04:36","modified_gmt":"2021-07-20T17:04:36","slug":"representacao-do-tempo-que-vivemos","status":"publish","type":"post","link":"https:\/\/www.ronaldocorreiadebrito.com.br\/site2\/2021\/07\/representacao-do-tempo-que-vivemos\/","title":{"rendered":"A representa\u00e7\u00e3o do tempo que vivemos"},"content":{"rendered":"<p class=\"p1\"><span class=\"s1\">Vi a foto de um hospital norte americano, durante a epidemia de gripe espanhola, em que mais de vinte milh\u00f5es de pessoas morreram, nos anos dezoito e dezenove do s\u00e9culo passado. Na imagem em preto e branco, aparecem dezenas de camas arrumadas em duas fileiras, num pavilh\u00e3o comprido, onde mal se enxerga o fim. N\u00e3o h\u00e1 revestimento de azulejo nas paredes, o que revela improviso. Quem escapou \u00e0 Primeira Guerra, correu o risco de morrer pela influenza. <\/span><\/p>\n<p class=\"p1\"><span class=\"s1\">Esta representa\u00e7\u00e3o do sofrimento durante a gripe n\u00e3o lembra em nada as terr\u00edveis pinturas a \u00f3leo da Peste Negra, de pintores como Bruegel, Bosch e Tintoretto. A aus\u00eancia de cores na foto talvez contribua para a diferen\u00e7a. O preto e o branco, a sombra e a luz sugerem sil\u00eancio e calma, uma quase placidez. Mas ser\u00e1 apenas pelo efeito das cores e da luz que os artistas alcan\u00e7aram comunicar grada\u00e7\u00f5es diferentes do horror? <\/span><\/p>\n<p class=\"p1\"><span class=\"s1\">No retrato da gripe espanhola a ordem do ambiente, a disposi\u00e7\u00e3o dos m\u00f3veis e a postura de m\u00e9dicos e enfermeiras contribuem para a aparente serenidade. Os pacientes est\u00e3o deitados em camas, com livros abertos nas m\u00e3os, parecendo concentrados na leitura. Ao v\u00ea-los, ningu\u00e9m imagina que sofrem de febre, dores musculares, cefaleia, falta de ar e outros sintomas. Mas o olhar desse fot\u00f3grafo n\u00e3o \u00e9 o mesmo dos pintores Klimt e Munch, que tamb\u00e9m representaram em suas obras a pandemia espanhola. <\/span><\/p>\n<p class=\"p1\"><span class=\"s1\">Por que diferem tanto as imagens? Alguns pintores medievais e renascentistas viam epidemias, guerras, doen\u00e7as e morte como sobrenaturais, castigos divinos por pecados cometidos. Num plano de seus quadros, anjos tentam salvar os justos, enquanto dem\u00f4nios arrastam os maus para o inferno. Noutro plano, devassos s\u00e3o cozinhados em caldeir\u00f5es com azeite fervendo ou agonizam empalados. A sexualidade aparece disforme e patol\u00f3gica. <\/span><\/p>\n<p class=\"p1\"><span class=\"s1\">A Igreja Cat\u00f3lica reprimia Eros e suas manifesta\u00e7\u00f5es, simbolizando na Peste Negra o castigo pelos excessos. No terceiro plano de um quadro, no mais elevado c\u00e9u, Deus contempla os horrores do mundo terrestre, interferindo vez ou outra atrav\u00e9s de seus anjos, a favor de alguma alma piedosa.<\/span><\/p>\n<p class=\"p1\"><span class=\"s1\">N\u00e3o lembro se h\u00e1 na fotografia norte americana, no alto de alguma parede, a imagem do Cristo. Esse crucifixo t\u00e3o comum nos pavilh\u00f5es dos hospitais brasileiros, mantidos na maioria por institui\u00e7\u00f5es cat\u00f3licas, n\u00e3o deveria existir nos Estados Unidos, um pa\u00eds em que predominou o protestantismo. <\/span><\/p>\n<p class=\"p1\"><span class=\"s1\">Na foto, tamb\u00e9m \u00e9 poss\u00edvel a leitura de uma hierarquia, diversa da que descrevemos na pintura medieval. Os pacientes est\u00e3o deitados em camas de ferro, supostamente pintadas de branco e, acima deles, firmes e de p\u00e9, os m\u00e9dicos e as enfermeiras. S\u00e3o os representantes de uma nova hierarquia de poder, n\u00e3o mais religiosa: a Ci\u00eancia. Somente ela explica as doen\u00e7as e pode cur\u00e1-las. <\/span><\/p>\n<p class=\"p1\"><span class=\"s1\">\u00c9 poss\u00edvel que o artista que retratou a cena desejasse expressar a nova ordem do mundo, num pa\u00eds que desde a metade do s\u00e9culo dezenove cantava atrav\u00e9s dos seus poetas as conquistas do progresso, da tecnologia e das ci\u00eancias naturais. Deus at\u00e9 poderia agir, mas se o fizesse, seria atrav\u00e9s de mapas e roteiros tra\u00e7ados no plano terrestre, em que tudo se explica nos fen\u00f4menos f\u00edsicos, qu\u00edmicos e biol\u00f3gicos.<\/span><\/p>\n<p class=\"p1\"><span class=\"s1\">Por que a lembran\u00e7a dessa fotografia retornou ao meu consciente, se estava guardada no esquecimento? Porque desejo saber o que sobreviver\u00e1 na literatura, poesia, cinema, m\u00fasica, dan\u00e7a, fotografia, pintura e outras artes sobre a pandemia que atravessamos. Constatamos que a Ci\u00eancia, que ocupou o lugar de Deus, ainda n\u00e3o nos deixa seguros quanto ao nosso futuro. <\/span><\/p>\n<p class=\"p1\"><span class=\"s1\">O filme Ran, de Akira Kurosawa, termina com a seguinte met\u00e1fora: no crep\u00fasculo, um cego caminha entre as ru\u00ednas de um castelo, \u00e0 beira de um precip\u00edcio. Carrega um \u00edcone de Buda em seus bra\u00e7os. D\u00e1 um passo e a imagem divina cai no abismo. Sozinho e cego, desamparado de Deus, apenas a noite e o vazio espreitam o pobre homem.<\/span><\/p>\n<p class=\"p3\"><span class=\"s1\"><span class=\"Apple-converted-space\">\u00a0 \u00a0 \u00a0<\/span><\/span><\/p>\n","protected":false},"excerpt":{"rendered":"<p>Vi a foto de um hospital norte americano, durante a epidemia de gripe espanhola, em que mais de vinte milh\u00f5es de pessoas morreram, nos anos dezoito e dezenove do s\u00e9culo passado. Na imagem em preto e branco, aparecem dezenas de camas arrumadas em duas fileiras,&#8230;<\/p>\n","protected":false},"author":1,"featured_media":1721,"comment_status":"open","ping_status":"closed","sticky":false,"template":"","format":"standard","meta":{"sfsi_plus_gutenberg_text_before_share":"","sfsi_plus_gutenberg_show_text_before_share":"","sfsi_plus_gutenberg_icon_type":"","sfsi_plus_gutenberg_icon_alignemt":"","sfsi_plus_gutenburg_max_per_row":"","footnotes":""},"categories":[8,46,45],"tags":[],"class_list":["post-1720","post","type-post","status-publish","format-standard","has-post-thumbnail","hentry","category-blog","category-links","category-slider"],"yoast_head":"<!-- This site is optimized with the Yoast SEO plugin v27.4 - https:\/\/yoast.com\/product\/yoast-seo-wordpress\/ -->\n<title>A representa\u00e7\u00e3o do tempo que vivemos | Ronaldo Correia de Brito | site oficial<\/title>\n<meta name=\"robots\" content=\"index, follow, max-snippet:-1, max-image-preview:large, max-video-preview:-1\" \/>\n<link rel=\"canonical\" href=\"https:\/\/www.ronaldocorreiadebrito.com.br\/site2\/2021\/07\/representacao-do-tempo-que-vivemos\/\" \/>\n<meta property=\"og:locale\" content=\"pt_BR\" \/>\n<meta property=\"og:type\" content=\"article\" \/>\n<meta property=\"og:title\" content=\"A representa\u00e7\u00e3o do tempo que vivemos | Ronaldo Correia de Brito | site oficial\" \/>\n<meta property=\"og:description\" content=\"Vi a foto de um hospital norte americano, durante a epidemia de gripe espanhola, em que mais de vinte milh\u00f5es de pessoas morreram, nos anos dezoito e dezenove do s\u00e9culo passado. Na imagem em preto e branco, aparecem dezenas de camas arrumadas em duas fileiras,...\" \/>\n<meta property=\"og:url\" content=\"https:\/\/www.ronaldocorreiadebrito.com.br\/site2\/2021\/07\/representacao-do-tempo-que-vivemos\/\" \/>\n<meta property=\"og:site_name\" content=\"Ronaldo Correia de Brito | site oficial\" \/>\n<meta property=\"article:publisher\" content=\"https:\/\/www.facebook.com\/ronaldocorreiadebrito.oficial\" \/>\n<meta property=\"article:published_time\" content=\"2021-07-20T17:04:36+00:00\" \/>\n<meta property=\"og:image\" content=\"https:\/\/www.ronaldocorreiadebrito.com.br\/site2\/wp-content\/uploads\/2021\/07\/735713.jpg\" \/>\n\t<meta property=\"og:image:width\" content=\"1024\" \/>\n\t<meta property=\"og:image:height\" content=\"729\" \/>\n\t<meta property=\"og:image:type\" content=\"image\/jpeg\" \/>\n<meta name=\"author\" content=\"admin\" \/>\n<meta name=\"twitter:card\" content=\"summary_large_image\" \/>\n<meta name=\"twitter:label1\" content=\"Escrito por\" \/>\n\t<meta name=\"twitter:data1\" content=\"admin\" \/>\n\t<meta name=\"twitter:label2\" content=\"Est. tempo de leitura\" \/>\n\t<meta name=\"twitter:data2\" content=\"3 minutos\" \/>\n<script type=\"application\/ld+json\" class=\"yoast-schema-graph\">{\"@context\":\"https:\\\/\\\/schema.org\",\"@graph\":[{\"@type\":\"Article\",\"@id\":\"https:\\\/\\\/www.ronaldocorreiadebrito.com.br\\\/site2\\\/2021\\\/07\\\/representacao-do-tempo-que-vivemos\\\/#article\",\"isPartOf\":{\"@id\":\"https:\\\/\\\/www.ronaldocorreiadebrito.com.br\\\/site2\\\/2021\\\/07\\\/representacao-do-tempo-que-vivemos\\\/\"},\"author\":{\"name\":\"admin\",\"@id\":\"https:\\\/\\\/www.ronaldocorreiadebrito.com.br\\\/site2\\\/#\\\/schema\\\/person\\\/99a164d0eaaff7f78b11899bc7d5e7c9\"},\"headline\":\"A representa\u00e7\u00e3o do tempo que vivemos\",\"datePublished\":\"2021-07-20T17:04:36+00:00\",\"mainEntityOfPage\":{\"@id\":\"https:\\\/\\\/www.ronaldocorreiadebrito.com.br\\\/site2\\\/2021\\\/07\\\/representacao-do-tempo-que-vivemos\\\/\"},\"wordCount\":702,\"commentCount\":0,\"image\":{\"@id\":\"https:\\\/\\\/www.ronaldocorreiadebrito.com.br\\\/site2\\\/2021\\\/07\\\/representacao-do-tempo-que-vivemos\\\/#primaryimage\"},\"thumbnailUrl\":\"https:\\\/\\\/www.ronaldocorreiadebrito.com.br\\\/site2\\\/wp-content\\\/uploads\\\/2021\\\/07\\\/735713.jpg\",\"articleSection\":[\"Blog\",\"Links\",\"Slider\"],\"inLanguage\":\"pt-BR\",\"potentialAction\":[{\"@type\":\"CommentAction\",\"name\":\"Comment\",\"target\":[\"https:\\\/\\\/www.ronaldocorreiadebrito.com.br\\\/site2\\\/2021\\\/07\\\/representacao-do-tempo-que-vivemos\\\/#respond\"]}]},{\"@type\":\"WebPage\",\"@id\":\"https:\\\/\\\/www.ronaldocorreiadebrito.com.br\\\/site2\\\/2021\\\/07\\\/representacao-do-tempo-que-vivemos\\\/\",\"url\":\"https:\\\/\\\/www.ronaldocorreiadebrito.com.br\\\/site2\\\/2021\\\/07\\\/representacao-do-tempo-que-vivemos\\\/\",\"name\":\"A representa\u00e7\u00e3o do tempo que vivemos | Ronaldo Correia de Brito | site oficial\",\"isPartOf\":{\"@id\":\"https:\\\/\\\/www.ronaldocorreiadebrito.com.br\\\/site2\\\/#website\"},\"primaryImageOfPage\":{\"@id\":\"https:\\\/\\\/www.ronaldocorreiadebrito.com.br\\\/site2\\\/2021\\\/07\\\/representacao-do-tempo-que-vivemos\\\/#primaryimage\"},\"image\":{\"@id\":\"https:\\\/\\\/www.ronaldocorreiadebrito.com.br\\\/site2\\\/2021\\\/07\\\/representacao-do-tempo-que-vivemos\\\/#primaryimage\"},\"thumbnailUrl\":\"https:\\\/\\\/www.ronaldocorreiadebrito.com.br\\\/site2\\\/wp-content\\\/uploads\\\/2021\\\/07\\\/735713.jpg\",\"datePublished\":\"2021-07-20T17:04:36+00:00\",\"author\":{\"@id\":\"https:\\\/\\\/www.ronaldocorreiadebrito.com.br\\\/site2\\\/#\\\/schema\\\/person\\\/99a164d0eaaff7f78b11899bc7d5e7c9\"},\"breadcrumb\":{\"@id\":\"https:\\\/\\\/www.ronaldocorreiadebrito.com.br\\\/site2\\\/2021\\\/07\\\/representacao-do-tempo-que-vivemos\\\/#breadcrumb\"},\"inLanguage\":\"pt-BR\",\"potentialAction\":[{\"@type\":\"ReadAction\",\"target\":[\"https:\\\/\\\/www.ronaldocorreiadebrito.com.br\\\/site2\\\/2021\\\/07\\\/representacao-do-tempo-que-vivemos\\\/\"]}]},{\"@type\":\"ImageObject\",\"inLanguage\":\"pt-BR\",\"@id\":\"https:\\\/\\\/www.ronaldocorreiadebrito.com.br\\\/site2\\\/2021\\\/07\\\/representacao-do-tempo-que-vivemos\\\/#primaryimage\",\"url\":\"https:\\\/\\\/www.ronaldocorreiadebrito.com.br\\\/site2\\\/wp-content\\\/uploads\\\/2021\\\/07\\\/735713.jpg\",\"contentUrl\":\"https:\\\/\\\/www.ronaldocorreiadebrito.com.br\\\/site2\\\/wp-content\\\/uploads\\\/2021\\\/07\\\/735713.jpg\",\"width\":1024,\"height\":729},{\"@type\":\"BreadcrumbList\",\"@id\":\"https:\\\/\\\/www.ronaldocorreiadebrito.com.br\\\/site2\\\/2021\\\/07\\\/representacao-do-tempo-que-vivemos\\\/#breadcrumb\",\"itemListElement\":[{\"@type\":\"ListItem\",\"position\":1,\"name\":\"In\u00edcio\",\"item\":\"https:\\\/\\\/www.ronaldocorreiadebrito.com.br\\\/site2\\\/\"},{\"@type\":\"ListItem\",\"position\":2,\"name\":\"A representa\u00e7\u00e3o do tempo que vivemos\"}]},{\"@type\":\"WebSite\",\"@id\":\"https:\\\/\\\/www.ronaldocorreiadebrito.com.br\\\/site2\\\/#website\",\"url\":\"https:\\\/\\\/www.ronaldocorreiadebrito.com.br\\\/site2\\\/\",\"name\":\"Ronaldo Correia de Brito | site oficial\",\"description\":\"Site oficial do escritor Ronaldo Correia de Brito\",\"potentialAction\":[{\"@type\":\"SearchAction\",\"target\":{\"@type\":\"EntryPoint\",\"urlTemplate\":\"https:\\\/\\\/www.ronaldocorreiadebrito.com.br\\\/site2\\\/?s={search_term_string}\"},\"query-input\":{\"@type\":\"PropertyValueSpecification\",\"valueRequired\":true,\"valueName\":\"search_term_string\"}}],\"inLanguage\":\"pt-BR\"},{\"@type\":\"Person\",\"@id\":\"https:\\\/\\\/www.ronaldocorreiadebrito.com.br\\\/site2\\\/#\\\/schema\\\/person\\\/99a164d0eaaff7f78b11899bc7d5e7c9\",\"name\":\"admin\",\"url\":\"https:\\\/\\\/www.ronaldocorreiadebrito.com.br\\\/site2\\\/author\\\/admin\\\/\"}]}<\/script>\n<!-- \/ Yoast SEO plugin. -->","yoast_head_json":{"title":"A representa\u00e7\u00e3o do tempo que vivemos | Ronaldo Correia de Brito | site oficial","robots":{"index":"index","follow":"follow","max-snippet":"max-snippet:-1","max-image-preview":"max-image-preview:large","max-video-preview":"max-video-preview:-1"},"canonical":"https:\/\/www.ronaldocorreiadebrito.com.br\/site2\/2021\/07\/representacao-do-tempo-que-vivemos\/","og_locale":"pt_BR","og_type":"article","og_title":"A representa\u00e7\u00e3o do tempo que vivemos | Ronaldo Correia de Brito | site oficial","og_description":"Vi a foto de um hospital norte americano, durante a epidemia de gripe espanhola, em que mais de vinte milh\u00f5es de pessoas morreram, nos anos dezoito e dezenove do s\u00e9culo passado. Na imagem em preto e branco, aparecem dezenas de camas arrumadas em duas fileiras,...","og_url":"https:\/\/www.ronaldocorreiadebrito.com.br\/site2\/2021\/07\/representacao-do-tempo-que-vivemos\/","og_site_name":"Ronaldo Correia de Brito | site oficial","article_publisher":"https:\/\/www.facebook.com\/ronaldocorreiadebrito.oficial","article_published_time":"2021-07-20T17:04:36+00:00","og_image":[{"width":1024,"height":729,"url":"https:\/\/www.ronaldocorreiadebrito.com.br\/site2\/wp-content\/uploads\/2021\/07\/735713.jpg","type":"image\/jpeg"}],"author":"admin","twitter_card":"summary_large_image","twitter_misc":{"Escrito por":"admin","Est. tempo de leitura":"3 minutos"},"schema":{"@context":"https:\/\/schema.org","@graph":[{"@type":"Article","@id":"https:\/\/www.ronaldocorreiadebrito.com.br\/site2\/2021\/07\/representacao-do-tempo-que-vivemos\/#article","isPartOf":{"@id":"https:\/\/www.ronaldocorreiadebrito.com.br\/site2\/2021\/07\/representacao-do-tempo-que-vivemos\/"},"author":{"name":"admin","@id":"https:\/\/www.ronaldocorreiadebrito.com.br\/site2\/#\/schema\/person\/99a164d0eaaff7f78b11899bc7d5e7c9"},"headline":"A representa\u00e7\u00e3o do tempo que vivemos","datePublished":"2021-07-20T17:04:36+00:00","mainEntityOfPage":{"@id":"https:\/\/www.ronaldocorreiadebrito.com.br\/site2\/2021\/07\/representacao-do-tempo-que-vivemos\/"},"wordCount":702,"commentCount":0,"image":{"@id":"https:\/\/www.ronaldocorreiadebrito.com.br\/site2\/2021\/07\/representacao-do-tempo-que-vivemos\/#primaryimage"},"thumbnailUrl":"https:\/\/www.ronaldocorreiadebrito.com.br\/site2\/wp-content\/uploads\/2021\/07\/735713.jpg","articleSection":["Blog","Links","Slider"],"inLanguage":"pt-BR","potentialAction":[{"@type":"CommentAction","name":"Comment","target":["https:\/\/www.ronaldocorreiadebrito.com.br\/site2\/2021\/07\/representacao-do-tempo-que-vivemos\/#respond"]}]},{"@type":"WebPage","@id":"https:\/\/www.ronaldocorreiadebrito.com.br\/site2\/2021\/07\/representacao-do-tempo-que-vivemos\/","url":"https:\/\/www.ronaldocorreiadebrito.com.br\/site2\/2021\/07\/representacao-do-tempo-que-vivemos\/","name":"A representa\u00e7\u00e3o do tempo que vivemos | Ronaldo Correia de Brito | site oficial","isPartOf":{"@id":"https:\/\/www.ronaldocorreiadebrito.com.br\/site2\/#website"},"primaryImageOfPage":{"@id":"https:\/\/www.ronaldocorreiadebrito.com.br\/site2\/2021\/07\/representacao-do-tempo-que-vivemos\/#primaryimage"},"image":{"@id":"https:\/\/www.ronaldocorreiadebrito.com.br\/site2\/2021\/07\/representacao-do-tempo-que-vivemos\/#primaryimage"},"thumbnailUrl":"https:\/\/www.ronaldocorreiadebrito.com.br\/site2\/wp-content\/uploads\/2021\/07\/735713.jpg","datePublished":"2021-07-20T17:04:36+00:00","author":{"@id":"https:\/\/www.ronaldocorreiadebrito.com.br\/site2\/#\/schema\/person\/99a164d0eaaff7f78b11899bc7d5e7c9"},"breadcrumb":{"@id":"https:\/\/www.ronaldocorreiadebrito.com.br\/site2\/2021\/07\/representacao-do-tempo-que-vivemos\/#breadcrumb"},"inLanguage":"pt-BR","potentialAction":[{"@type":"ReadAction","target":["https:\/\/www.ronaldocorreiadebrito.com.br\/site2\/2021\/07\/representacao-do-tempo-que-vivemos\/"]}]},{"@type":"ImageObject","inLanguage":"pt-BR","@id":"https:\/\/www.ronaldocorreiadebrito.com.br\/site2\/2021\/07\/representacao-do-tempo-que-vivemos\/#primaryimage","url":"https:\/\/www.ronaldocorreiadebrito.com.br\/site2\/wp-content\/uploads\/2021\/07\/735713.jpg","contentUrl":"https:\/\/www.ronaldocorreiadebrito.com.br\/site2\/wp-content\/uploads\/2021\/07\/735713.jpg","width":1024,"height":729},{"@type":"BreadcrumbList","@id":"https:\/\/www.ronaldocorreiadebrito.com.br\/site2\/2021\/07\/representacao-do-tempo-que-vivemos\/#breadcrumb","itemListElement":[{"@type":"ListItem","position":1,"name":"In\u00edcio","item":"https:\/\/www.ronaldocorreiadebrito.com.br\/site2\/"},{"@type":"ListItem","position":2,"name":"A representa\u00e7\u00e3o do tempo que vivemos"}]},{"@type":"WebSite","@id":"https:\/\/www.ronaldocorreiadebrito.com.br\/site2\/#website","url":"https:\/\/www.ronaldocorreiadebrito.com.br\/site2\/","name":"Ronaldo Correia de Brito | site oficial","description":"Site oficial do escritor Ronaldo Correia de Brito","potentialAction":[{"@type":"SearchAction","target":{"@type":"EntryPoint","urlTemplate":"https:\/\/www.ronaldocorreiadebrito.com.br\/site2\/?s={search_term_string}"},"query-input":{"@type":"PropertyValueSpecification","valueRequired":true,"valueName":"search_term_string"}}],"inLanguage":"pt-BR"},{"@type":"Person","@id":"https:\/\/www.ronaldocorreiadebrito.com.br\/site2\/#\/schema\/person\/99a164d0eaaff7f78b11899bc7d5e7c9","name":"admin","url":"https:\/\/www.ronaldocorreiadebrito.com.br\/site2\/author\/admin\/"}]}},"wps_subtitle":"","_links":{"self":[{"href":"https:\/\/www.ronaldocorreiadebrito.com.br\/site2\/wp-json\/wp\/v2\/posts\/1720","targetHints":{"allow":["GET"]}}],"collection":[{"href":"https:\/\/www.ronaldocorreiadebrito.com.br\/site2\/wp-json\/wp\/v2\/posts"}],"about":[{"href":"https:\/\/www.ronaldocorreiadebrito.com.br\/site2\/wp-json\/wp\/v2\/types\/post"}],"author":[{"embeddable":true,"href":"https:\/\/www.ronaldocorreiadebrito.com.br\/site2\/wp-json\/wp\/v2\/users\/1"}],"replies":[{"embeddable":true,"href":"https:\/\/www.ronaldocorreiadebrito.com.br\/site2\/wp-json\/wp\/v2\/comments?post=1720"}],"version-history":[{"count":0,"href":"https:\/\/www.ronaldocorreiadebrito.com.br\/site2\/wp-json\/wp\/v2\/posts\/1720\/revisions"}],"wp:featuredmedia":[{"embeddable":true,"href":"https:\/\/www.ronaldocorreiadebrito.com.br\/site2\/wp-json\/wp\/v2\/media\/1721"}],"wp:attachment":[{"href":"https:\/\/www.ronaldocorreiadebrito.com.br\/site2\/wp-json\/wp\/v2\/media?parent=1720"}],"wp:term":[{"taxonomy":"category","embeddable":true,"href":"https:\/\/www.ronaldocorreiadebrito.com.br\/site2\/wp-json\/wp\/v2\/categories?post=1720"},{"taxonomy":"post_tag","embeddable":true,"href":"https:\/\/www.ronaldocorreiadebrito.com.br\/site2\/wp-json\/wp\/v2\/tags?post=1720"}],"curies":[{"name":"wp","href":"https:\/\/api.w.org\/{rel}","templated":true}]}}