{"id":1708,"date":"2021-07-14T16:37:11","date_gmt":"2021-07-14T19:37:11","guid":{"rendered":"https:\/\/www.ronaldocorreiadebrito.com.br\/site2\/?p=1708"},"modified":"2021-07-15T09:28:18","modified_gmt":"2021-07-15T12:28:18","slug":"medeia-e-o-movimento-feminino","status":"publish","type":"post","link":"https:\/\/www.ronaldocorreiadebrito.com.br\/site2\/2021\/07\/medeia-e-o-movimento-feminino\/","title":{"rendered":"Med\u00e9ia e o movimento feminino"},"content":{"rendered":"<p class=\"p3\"><span class=\"s1\">No filme de Pasolini, Med\u00e9ia olha o corpo adormecido de Jas\u00e3o e sente-se perdida. Nem Eur\u00edpides, nem S\u00eaneca referem os pensamentos da mulher, ao avistar o estrangeiro que veio da Gr\u00e9cia para roubar o Velo de Ouro, uma pele de carneiro que os habitantes da C\u00f3lquida adoravam. Os dois poetas narram que a princesa se apaixonara ao ponto de trair o seu povo e matar o pr\u00f3prio irm\u00e3o, quando fugia com o argonauta. Al\u00e9m da dist\u00e2ncia geogr\u00e1fica, cren\u00e7as e costumes separavam os mundos de Med\u00e9ia e Jas\u00e3o. Na C\u00f3lquida, mais a oriente, a natureza e seus fen\u00f4menos ainda eram sagrados; na Gr\u00e9cia, buscou-se a explica\u00e7\u00e3o do mundo pela ci\u00eancia.<\/span><\/p>\n<p class=\"p1\"><span class=\"s1\"> Na noite em que se entregou ao belo Jas\u00e3o, Med\u00e9ia fugiu da tenda de peles de cabra, onde se abrigavam, e correu como louca pelos campos desertos. Implorava \u00e0 Terra, \u00e0 Lua e ao Sol que a ouvissem.<span class=\"Apple-converted-space\">\u00a0 <\/span>Mas os astros, com os quais costumava falar, n\u00e3o respondiam. A feiticeira j\u00e1 n\u00e3o tinha poderes, esquecera sortil\u00e9gios ao se apaixonar pelo homem estranho aos seus rituais. Agora, se encaminhava sozinha para um mundo sem magias, onde seria vista como estrangeira e inimiga.\u00a0<\/span><\/p>\n<p class=\"p1\"><span class=\"s1\"> Cansada de suplicar aos astros, Med\u00e9ia retorna \u00e0 tenda, onde Jas\u00e3o dormia. Contemplou p\u00e9s, joelhos, coxas, peito e ombros, as curvas nas quais se extraviara. Pensou no que deixaria para tr\u00e1s e lhe ocorreu que ao se desfazer dos mist\u00e9rios, se desfizera do melhor de si mesma. Olhou o rosto de Jas\u00e3o, o pomo saliente do pesco\u00e7o, e teve a irremedi\u00e1vel consci\u00eancia de que j\u00e1 n\u00e3o podia retornar \u00e0 C\u00f3lquida. Iluminada por uma candeia, despiu a t\u00fanica, o v\u00e9u, os colares, as pulseiras, as sand\u00e1lias e guardou-os numa arca. Em seguida, vestiu-se como se fosse uma mulher grega.\u00a0<\/span><\/p>\n<p class=\"p1\"><span class=\"s1\"> O que a aguardava? Fez essa pergunta como se estivesse no limiar de uma nova porta. Valeria a pena transp\u00f4-la? A experi\u00eancia do novo pressup\u00f5e a morte de cren\u00e7as antigas. Seduzida por Jas\u00e3o e pelo desejo do desconhecido, partira em busca de um mundo que apenas sonhara. H\u00e1 muitos anos, do ocidente para o qual ela se dirigia, viera a pele de carneiro. O seu povo a adorava, atribuindo-lhe um significado m\u00e1gico. Mas para os argonautas gregos que se atreviam a roub\u00e1-la, significava apenas gl\u00f3ria e poder.<\/span><\/p>\n<p class=\"p1\"><span class=\"s1\"> <i>&#8230;<\/i><\/span><\/p>\n<p class=\"p1\"><span class=\"s1\"> Med\u00e9ia morou com Jas\u00e3o e lhe deu tr\u00eas filhos. \u00c9 poss\u00edvel que ele n\u00e3o a tenha amado e \u00e9 certo que nunca compreendeu seus modos estranhos. Ela se esfor\u00e7ava em parecer uma grega, mas nunca deixou de nutrir as paix\u00f5es do mundo arcaico em que vivera. E se o que dorme no \u00edntimo das pessoas apenas aguarda o momento de ser desperto, n\u00e3o demorou para que esse dia chegasse. <\/span><\/p>\n<p class=\"p1\"><span class=\"s1\"> <i>&#8230;<\/i><\/span><\/p>\n<p class=\"p3\"><span class=\"s1\">Jas\u00e3o apaixonou-se pela princesa Glauce, filha de Creonte, rei de Corinto, e pediu-a em casamento. Creonte comunica a Medeia sua decis\u00e3o de expuls\u00e1-la do reino, manda que ela e os filhos partam imediatamente e avisa que ir\u00e1 certificar-se de sua ida. Med\u00e9ia procura o marido e o encontra se exercitando em lutas com outros rapazes. Ao reconhecer o rosto e as coxas que a atormentam, sente o mesmo inc\u00f4modo que sentira na primeira noite em que percorreu com os olhos embriagados o corpo nu de Jas\u00e3o.<\/span><\/p>\n<p class=\"p1\"><span class=\"s1\"> A ca\u00e7a sucumbe \u00e0 armadilha uma primeira vez. Se escapa e se deixa apreender uma segunda vez, \u00e9 porque gosta do sacrif\u00edcio. Med\u00e9ia conhecia as armadilhas do amor. Mandou chamar Jas\u00e3o no pal\u00e1cio da rival e queixou-se de abandono. O marido garantiu que se casava por causa dos filhos, para assegurar-lhes cidadania e prote\u00e7\u00e3o. Med\u00e9ia implorou que Jas\u00e3o a possu\u00edsse uma \u00faltima vez. Urdia uma vingan\u00e7a e dissimulava o \u00f3dio com falsa ternura. Jurou ao marido que o perdoava e desejou-lhe felicidade. <\/span><\/p>\n<p class=\"p1\"><span class=\"s1\"> Quando ele foi embora de casa, Med\u00e9ia despertou do sonho em que vivera desde que se apaixonara. Correu enlouquecida pelos campos, evocou o sol e pediu que falasse novamente com ela. O astro brilhou com um vermelho estranho, que apenas Med\u00e9ia conhecia. Os sortil\u00e9gios retornaram \u00e0 feiticeira e ela p\u00f4de usar suas m\u00e1gicas. Desenterrou os antigos pertences, as roupas e joias que trouxera da C\u00f3lquida. Mandou-as pelos filhos de presente a Glauce e suplicou que ela as usasse.<\/span><\/p>\n<p class=\"p1\"><span class=\"s1\"> Se a luz \u00e9 um bem para os homens, porque sem ela nada enxergamos, seu excesso pode matar. O resto dessa hist\u00f3ria s\u00e3o inc\u00eandios. Quando vestiu a roupa, Glauce ardeu em chamas e se atirou dos muros da cidade. O pai, na esperan\u00e7a de salv\u00e1-la, sofreu o mesmo destino. Med\u00e9ia assassinou os filhos e ateou fogo na casa. Jas\u00e3o correu para junto das crian\u00e7as, mas era tarde. Med\u00e9ia fugia numa carruagem puxada por um drag\u00e3o e do meio das chamas o insultava. <\/span><\/p>\n<p class=\"p1\"><span class=\"s1\"> <i>&#8230;<\/i><\/span><\/p>\n<p class=\"p1\"><span class=\"s1\"> <i>Zeus, do alto do Olimpo, determina o rumo de muitos acontecimentos. Muitas vezes os deuses enganam nossas previs\u00f5es na execu\u00e7\u00e3o de seus des\u00edgnios. O que se esperava n\u00e3o acontece. E um deus franqueia o caminho aos acontecimentos menos previs\u00edveis.<\/i><\/span><\/p>\n","protected":false},"excerpt":{"rendered":"<p>No filme de Pasolini, Med\u00e9ia olha o corpo adormecido de Jas\u00e3o e sente-se perdida. Nem Eur\u00edpides, nem S\u00eaneca referem os pensamentos da mulher, ao avistar o estrangeiro que veio da Gr\u00e9cia para roubar o Velo de Ouro, uma pele de carneiro que os habitantes da&#8230;<\/p>\n","protected":false},"author":1,"featured_media":1709,"comment_status":"open","ping_status":"closed","sticky":false,"template":"","format":"standard","meta":{"sfsi_plus_gutenberg_text_before_share":"","sfsi_plus_gutenberg_show_text_before_share":"","sfsi_plus_gutenberg_icon_type":"","sfsi_plus_gutenberg_icon_alignemt":"","sfsi_plus_gutenburg_max_per_row":"","footnotes":""},"categories":[8,46,45],"tags":[],"class_list":["post-1708","post","type-post","status-publish","format-standard","has-post-thumbnail","hentry","category-blog","category-links","category-slider"],"yoast_head":"<!-- This site is optimized with the Yoast SEO plugin v27.4 - https:\/\/yoast.com\/product\/yoast-seo-wordpress\/ -->\n<title>Med\u00e9ia e o movimento feminino | Ronaldo Correia de Brito | site oficial<\/title>\n<meta name=\"robots\" content=\"index, follow, max-snippet:-1, max-image-preview:large, max-video-preview:-1\" \/>\n<link rel=\"canonical\" href=\"https:\/\/www.ronaldocorreiadebrito.com.br\/site2\/2021\/07\/medeia-e-o-movimento-feminino\/\" \/>\n<meta property=\"og:locale\" content=\"pt_BR\" \/>\n<meta property=\"og:type\" content=\"article\" \/>\n<meta property=\"og:title\" content=\"Med\u00e9ia e o movimento feminino | Ronaldo Correia de Brito | site oficial\" \/>\n<meta property=\"og:description\" content=\"No filme de Pasolini, Med\u00e9ia olha o corpo adormecido de Jas\u00e3o e sente-se perdida. Nem Eur\u00edpides, nem S\u00eaneca referem os pensamentos da mulher, ao avistar o estrangeiro que veio da Gr\u00e9cia para roubar o Velo de Ouro, uma pele de carneiro que os habitantes da...\" \/>\n<meta property=\"og:url\" content=\"https:\/\/www.ronaldocorreiadebrito.com.br\/site2\/2021\/07\/medeia-e-o-movimento-feminino\/\" \/>\n<meta property=\"og:site_name\" content=\"Ronaldo Correia de Brito | site oficial\" \/>\n<meta property=\"article:publisher\" content=\"https:\/\/www.facebook.com\/ronaldocorreiadebrito.oficial\" \/>\n<meta property=\"article:published_time\" content=\"2021-07-14T19:37:11+00:00\" \/>\n<meta property=\"article:modified_time\" content=\"2021-07-15T12:28:18+00:00\" \/>\n<meta property=\"og:image\" content=\"https:\/\/www.ronaldocorreiadebrito.com.br\/site2\/wp-content\/uploads\/2021\/07\/thenewyorker_movie-of-the-week-medea.jpeg\" \/>\n\t<meta property=\"og:image:width\" content=\"800\" \/>\n\t<meta property=\"og:image:height\" content=\"450\" \/>\n\t<meta property=\"og:image:type\" content=\"image\/jpeg\" \/>\n<meta name=\"author\" content=\"admin\" \/>\n<meta name=\"twitter:card\" content=\"summary_large_image\" \/>\n<meta name=\"twitter:label1\" content=\"Escrito por\" \/>\n\t<meta name=\"twitter:data1\" content=\"admin\" \/>\n\t<meta name=\"twitter:label2\" content=\"Est. tempo de leitura\" \/>\n\t<meta name=\"twitter:data2\" content=\"4 minutos\" \/>\n<script type=\"application\/ld+json\" class=\"yoast-schema-graph\">{\"@context\":\"https:\\\/\\\/schema.org\",\"@graph\":[{\"@type\":\"Article\",\"@id\":\"https:\\\/\\\/www.ronaldocorreiadebrito.com.br\\\/site2\\\/2021\\\/07\\\/medeia-e-o-movimento-feminino\\\/#article\",\"isPartOf\":{\"@id\":\"https:\\\/\\\/www.ronaldocorreiadebrito.com.br\\\/site2\\\/2021\\\/07\\\/medeia-e-o-movimento-feminino\\\/\"},\"author\":{\"name\":\"admin\",\"@id\":\"https:\\\/\\\/www.ronaldocorreiadebrito.com.br\\\/site2\\\/#\\\/schema\\\/person\\\/99a164d0eaaff7f78b11899bc7d5e7c9\"},\"headline\":\"Med\u00e9ia e o movimento feminino\",\"datePublished\":\"2021-07-14T19:37:11+00:00\",\"dateModified\":\"2021-07-15T12:28:18+00:00\",\"mainEntityOfPage\":{\"@id\":\"https:\\\/\\\/www.ronaldocorreiadebrito.com.br\\\/site2\\\/2021\\\/07\\\/medeia-e-o-movimento-feminino\\\/\"},\"wordCount\":898,\"commentCount\":0,\"image\":{\"@id\":\"https:\\\/\\\/www.ronaldocorreiadebrito.com.br\\\/site2\\\/2021\\\/07\\\/medeia-e-o-movimento-feminino\\\/#primaryimage\"},\"thumbnailUrl\":\"https:\\\/\\\/www.ronaldocorreiadebrito.com.br\\\/site2\\\/wp-content\\\/uploads\\\/2021\\\/07\\\/thenewyorker_movie-of-the-week-medea.jpeg\",\"articleSection\":[\"Blog\",\"Links\",\"Slider\"],\"inLanguage\":\"pt-BR\",\"potentialAction\":[{\"@type\":\"CommentAction\",\"name\":\"Comment\",\"target\":[\"https:\\\/\\\/www.ronaldocorreiadebrito.com.br\\\/site2\\\/2021\\\/07\\\/medeia-e-o-movimento-feminino\\\/#respond\"]}]},{\"@type\":\"WebPage\",\"@id\":\"https:\\\/\\\/www.ronaldocorreiadebrito.com.br\\\/site2\\\/2021\\\/07\\\/medeia-e-o-movimento-feminino\\\/\",\"url\":\"https:\\\/\\\/www.ronaldocorreiadebrito.com.br\\\/site2\\\/2021\\\/07\\\/medeia-e-o-movimento-feminino\\\/\",\"name\":\"Med\u00e9ia e o movimento feminino | Ronaldo Correia de Brito | site oficial\",\"isPartOf\":{\"@id\":\"https:\\\/\\\/www.ronaldocorreiadebrito.com.br\\\/site2\\\/#website\"},\"primaryImageOfPage\":{\"@id\":\"https:\\\/\\\/www.ronaldocorreiadebrito.com.br\\\/site2\\\/2021\\\/07\\\/medeia-e-o-movimento-feminino\\\/#primaryimage\"},\"image\":{\"@id\":\"https:\\\/\\\/www.ronaldocorreiadebrito.com.br\\\/site2\\\/2021\\\/07\\\/medeia-e-o-movimento-feminino\\\/#primaryimage\"},\"thumbnailUrl\":\"https:\\\/\\\/www.ronaldocorreiadebrito.com.br\\\/site2\\\/wp-content\\\/uploads\\\/2021\\\/07\\\/thenewyorker_movie-of-the-week-medea.jpeg\",\"datePublished\":\"2021-07-14T19:37:11+00:00\",\"dateModified\":\"2021-07-15T12:28:18+00:00\",\"author\":{\"@id\":\"https:\\\/\\\/www.ronaldocorreiadebrito.com.br\\\/site2\\\/#\\\/schema\\\/person\\\/99a164d0eaaff7f78b11899bc7d5e7c9\"},\"breadcrumb\":{\"@id\":\"https:\\\/\\\/www.ronaldocorreiadebrito.com.br\\\/site2\\\/2021\\\/07\\\/medeia-e-o-movimento-feminino\\\/#breadcrumb\"},\"inLanguage\":\"pt-BR\",\"potentialAction\":[{\"@type\":\"ReadAction\",\"target\":[\"https:\\\/\\\/www.ronaldocorreiadebrito.com.br\\\/site2\\\/2021\\\/07\\\/medeia-e-o-movimento-feminino\\\/\"]}]},{\"@type\":\"ImageObject\",\"inLanguage\":\"pt-BR\",\"@id\":\"https:\\\/\\\/www.ronaldocorreiadebrito.com.br\\\/site2\\\/2021\\\/07\\\/medeia-e-o-movimento-feminino\\\/#primaryimage\",\"url\":\"https:\\\/\\\/www.ronaldocorreiadebrito.com.br\\\/site2\\\/wp-content\\\/uploads\\\/2021\\\/07\\\/thenewyorker_movie-of-the-week-medea.jpeg\",\"contentUrl\":\"https:\\\/\\\/www.ronaldocorreiadebrito.com.br\\\/site2\\\/wp-content\\\/uploads\\\/2021\\\/07\\\/thenewyorker_movie-of-the-week-medea.jpeg\",\"width\":800,\"height\":450},{\"@type\":\"BreadcrumbList\",\"@id\":\"https:\\\/\\\/www.ronaldocorreiadebrito.com.br\\\/site2\\\/2021\\\/07\\\/medeia-e-o-movimento-feminino\\\/#breadcrumb\",\"itemListElement\":[{\"@type\":\"ListItem\",\"position\":1,\"name\":\"In\u00edcio\",\"item\":\"https:\\\/\\\/www.ronaldocorreiadebrito.com.br\\\/site2\\\/\"},{\"@type\":\"ListItem\",\"position\":2,\"name\":\"Med\u00e9ia e o movimento feminino\"}]},{\"@type\":\"WebSite\",\"@id\":\"https:\\\/\\\/www.ronaldocorreiadebrito.com.br\\\/site2\\\/#website\",\"url\":\"https:\\\/\\\/www.ronaldocorreiadebrito.com.br\\\/site2\\\/\",\"name\":\"Ronaldo Correia de Brito | site oficial\",\"description\":\"Site oficial do escritor Ronaldo Correia de Brito\",\"potentialAction\":[{\"@type\":\"SearchAction\",\"target\":{\"@type\":\"EntryPoint\",\"urlTemplate\":\"https:\\\/\\\/www.ronaldocorreiadebrito.com.br\\\/site2\\\/?s={search_term_string}\"},\"query-input\":{\"@type\":\"PropertyValueSpecification\",\"valueRequired\":true,\"valueName\":\"search_term_string\"}}],\"inLanguage\":\"pt-BR\"},{\"@type\":\"Person\",\"@id\":\"https:\\\/\\\/www.ronaldocorreiadebrito.com.br\\\/site2\\\/#\\\/schema\\\/person\\\/99a164d0eaaff7f78b11899bc7d5e7c9\",\"name\":\"admin\",\"url\":\"https:\\\/\\\/www.ronaldocorreiadebrito.com.br\\\/site2\\\/author\\\/admin\\\/\"}]}<\/script>\n<!-- \/ Yoast SEO plugin. -->","yoast_head_json":{"title":"Med\u00e9ia e o movimento feminino | Ronaldo Correia de Brito | site oficial","robots":{"index":"index","follow":"follow","max-snippet":"max-snippet:-1","max-image-preview":"max-image-preview:large","max-video-preview":"max-video-preview:-1"},"canonical":"https:\/\/www.ronaldocorreiadebrito.com.br\/site2\/2021\/07\/medeia-e-o-movimento-feminino\/","og_locale":"pt_BR","og_type":"article","og_title":"Med\u00e9ia e o movimento feminino | Ronaldo Correia de Brito | site oficial","og_description":"No filme de Pasolini, Med\u00e9ia olha o corpo adormecido de Jas\u00e3o e sente-se perdida. Nem Eur\u00edpides, nem S\u00eaneca referem os pensamentos da mulher, ao avistar o estrangeiro que veio da Gr\u00e9cia para roubar o Velo de Ouro, uma pele de carneiro que os habitantes da...","og_url":"https:\/\/www.ronaldocorreiadebrito.com.br\/site2\/2021\/07\/medeia-e-o-movimento-feminino\/","og_site_name":"Ronaldo Correia de Brito | site oficial","article_publisher":"https:\/\/www.facebook.com\/ronaldocorreiadebrito.oficial","article_published_time":"2021-07-14T19:37:11+00:00","article_modified_time":"2021-07-15T12:28:18+00:00","og_image":[{"width":800,"height":450,"url":"https:\/\/www.ronaldocorreiadebrito.com.br\/site2\/wp-content\/uploads\/2021\/07\/thenewyorker_movie-of-the-week-medea.jpeg","type":"image\/jpeg"}],"author":"admin","twitter_card":"summary_large_image","twitter_misc":{"Escrito por":"admin","Est. tempo de leitura":"4 minutos"},"schema":{"@context":"https:\/\/schema.org","@graph":[{"@type":"Article","@id":"https:\/\/www.ronaldocorreiadebrito.com.br\/site2\/2021\/07\/medeia-e-o-movimento-feminino\/#article","isPartOf":{"@id":"https:\/\/www.ronaldocorreiadebrito.com.br\/site2\/2021\/07\/medeia-e-o-movimento-feminino\/"},"author":{"name":"admin","@id":"https:\/\/www.ronaldocorreiadebrito.com.br\/site2\/#\/schema\/person\/99a164d0eaaff7f78b11899bc7d5e7c9"},"headline":"Med\u00e9ia e o movimento feminino","datePublished":"2021-07-14T19:37:11+00:00","dateModified":"2021-07-15T12:28:18+00:00","mainEntityOfPage":{"@id":"https:\/\/www.ronaldocorreiadebrito.com.br\/site2\/2021\/07\/medeia-e-o-movimento-feminino\/"},"wordCount":898,"commentCount":0,"image":{"@id":"https:\/\/www.ronaldocorreiadebrito.com.br\/site2\/2021\/07\/medeia-e-o-movimento-feminino\/#primaryimage"},"thumbnailUrl":"https:\/\/www.ronaldocorreiadebrito.com.br\/site2\/wp-content\/uploads\/2021\/07\/thenewyorker_movie-of-the-week-medea.jpeg","articleSection":["Blog","Links","Slider"],"inLanguage":"pt-BR","potentialAction":[{"@type":"CommentAction","name":"Comment","target":["https:\/\/www.ronaldocorreiadebrito.com.br\/site2\/2021\/07\/medeia-e-o-movimento-feminino\/#respond"]}]},{"@type":"WebPage","@id":"https:\/\/www.ronaldocorreiadebrito.com.br\/site2\/2021\/07\/medeia-e-o-movimento-feminino\/","url":"https:\/\/www.ronaldocorreiadebrito.com.br\/site2\/2021\/07\/medeia-e-o-movimento-feminino\/","name":"Med\u00e9ia e o movimento feminino | Ronaldo Correia de Brito | site oficial","isPartOf":{"@id":"https:\/\/www.ronaldocorreiadebrito.com.br\/site2\/#website"},"primaryImageOfPage":{"@id":"https:\/\/www.ronaldocorreiadebrito.com.br\/site2\/2021\/07\/medeia-e-o-movimento-feminino\/#primaryimage"},"image":{"@id":"https:\/\/www.ronaldocorreiadebrito.com.br\/site2\/2021\/07\/medeia-e-o-movimento-feminino\/#primaryimage"},"thumbnailUrl":"https:\/\/www.ronaldocorreiadebrito.com.br\/site2\/wp-content\/uploads\/2021\/07\/thenewyorker_movie-of-the-week-medea.jpeg","datePublished":"2021-07-14T19:37:11+00:00","dateModified":"2021-07-15T12:28:18+00:00","author":{"@id":"https:\/\/www.ronaldocorreiadebrito.com.br\/site2\/#\/schema\/person\/99a164d0eaaff7f78b11899bc7d5e7c9"},"breadcrumb":{"@id":"https:\/\/www.ronaldocorreiadebrito.com.br\/site2\/2021\/07\/medeia-e-o-movimento-feminino\/#breadcrumb"},"inLanguage":"pt-BR","potentialAction":[{"@type":"ReadAction","target":["https:\/\/www.ronaldocorreiadebrito.com.br\/site2\/2021\/07\/medeia-e-o-movimento-feminino\/"]}]},{"@type":"ImageObject","inLanguage":"pt-BR","@id":"https:\/\/www.ronaldocorreiadebrito.com.br\/site2\/2021\/07\/medeia-e-o-movimento-feminino\/#primaryimage","url":"https:\/\/www.ronaldocorreiadebrito.com.br\/site2\/wp-content\/uploads\/2021\/07\/thenewyorker_movie-of-the-week-medea.jpeg","contentUrl":"https:\/\/www.ronaldocorreiadebrito.com.br\/site2\/wp-content\/uploads\/2021\/07\/thenewyorker_movie-of-the-week-medea.jpeg","width":800,"height":450},{"@type":"BreadcrumbList","@id":"https:\/\/www.ronaldocorreiadebrito.com.br\/site2\/2021\/07\/medeia-e-o-movimento-feminino\/#breadcrumb","itemListElement":[{"@type":"ListItem","position":1,"name":"In\u00edcio","item":"https:\/\/www.ronaldocorreiadebrito.com.br\/site2\/"},{"@type":"ListItem","position":2,"name":"Med\u00e9ia e o movimento feminino"}]},{"@type":"WebSite","@id":"https:\/\/www.ronaldocorreiadebrito.com.br\/site2\/#website","url":"https:\/\/www.ronaldocorreiadebrito.com.br\/site2\/","name":"Ronaldo Correia de Brito | site oficial","description":"Site oficial do escritor Ronaldo Correia de Brito","potentialAction":[{"@type":"SearchAction","target":{"@type":"EntryPoint","urlTemplate":"https:\/\/www.ronaldocorreiadebrito.com.br\/site2\/?s={search_term_string}"},"query-input":{"@type":"PropertyValueSpecification","valueRequired":true,"valueName":"search_term_string"}}],"inLanguage":"pt-BR"},{"@type":"Person","@id":"https:\/\/www.ronaldocorreiadebrito.com.br\/site2\/#\/schema\/person\/99a164d0eaaff7f78b11899bc7d5e7c9","name":"admin","url":"https:\/\/www.ronaldocorreiadebrito.com.br\/site2\/author\/admin\/"}]}},"wps_subtitle":"","_links":{"self":[{"href":"https:\/\/www.ronaldocorreiadebrito.com.br\/site2\/wp-json\/wp\/v2\/posts\/1708","targetHints":{"allow":["GET"]}}],"collection":[{"href":"https:\/\/www.ronaldocorreiadebrito.com.br\/site2\/wp-json\/wp\/v2\/posts"}],"about":[{"href":"https:\/\/www.ronaldocorreiadebrito.com.br\/site2\/wp-json\/wp\/v2\/types\/post"}],"author":[{"embeddable":true,"href":"https:\/\/www.ronaldocorreiadebrito.com.br\/site2\/wp-json\/wp\/v2\/users\/1"}],"replies":[{"embeddable":true,"href":"https:\/\/www.ronaldocorreiadebrito.com.br\/site2\/wp-json\/wp\/v2\/comments?post=1708"}],"version-history":[{"count":0,"href":"https:\/\/www.ronaldocorreiadebrito.com.br\/site2\/wp-json\/wp\/v2\/posts\/1708\/revisions"}],"wp:featuredmedia":[{"embeddable":true,"href":"https:\/\/www.ronaldocorreiadebrito.com.br\/site2\/wp-json\/wp\/v2\/media\/1709"}],"wp:attachment":[{"href":"https:\/\/www.ronaldocorreiadebrito.com.br\/site2\/wp-json\/wp\/v2\/media?parent=1708"}],"wp:term":[{"taxonomy":"category","embeddable":true,"href":"https:\/\/www.ronaldocorreiadebrito.com.br\/site2\/wp-json\/wp\/v2\/categories?post=1708"},{"taxonomy":"post_tag","embeddable":true,"href":"https:\/\/www.ronaldocorreiadebrito.com.br\/site2\/wp-json\/wp\/v2\/tags?post=1708"}],"curies":[{"name":"wp","href":"https:\/\/api.w.org\/{rel}","templated":true}]}}