{"id":1700,"date":"2021-07-05T11:12:14","date_gmt":"2021-07-05T14:12:14","guid":{"rendered":"https:\/\/www.ronaldocorreiadebrito.com.br\/site2\/?p=1700"},"modified":"2021-07-05T14:36:13","modified_gmt":"2021-07-05T17:36:13","slug":"nasceu-benjamim","status":"publish","type":"post","link":"https:\/\/www.ronaldocorreiadebrito.com.br\/site2\/2021\/07\/nasceu-benjamim\/","title":{"rendered":"Nasceu Benjamim"},"content":{"rendered":"<p class=\"p1\"><span class=\"s1\">Senti-me igual ao patriarca Jac\u00f3. Meus descendentes j\u00e1 somam oito seres vivos e amados: uma filha, dois filhos, tr\u00eas netas e dois netos. E mais duas noras e um genro.<\/span><\/p>\n<p class=\"p1\"><span class=\"s1\">Benjamim \u00e9 o neto ca\u00e7ula, filho do filho mais novo. Penso em cham\u00e1-lo Ben, que significa simplesmente filho.<\/span><\/p>\n<p class=\"p1\"><span class=\"s1\">Benjamim \u00e9 um nome familiar. Trata-se do segundo filho de Jac\u00f3 e Raquel, com quem ele tamb\u00e9m teve Jos\u00e9. Quando eu completei 7 anos, meu pai me pediu que lesse um trecho da narrativa de Jos\u00e9 do Egito, na nossa <i>Hist\u00f3ria Sagrada<\/i> de casa. Fiquei de p\u00e9 e fiz uma leitura correta. Papai olhou para mim e falou que eu abrira as portas do mundo. <\/span><\/p>\n<p class=\"p1\"><span class=\"s1\">Aconselho a voc\u00eas que releiam. A <i>B\u00edblia<\/i> \u00e9 um livro de narrativas e pode ser lida por qualquer pessoa, sem que professe f\u00e9 ou religi\u00e3o. Eu a leio como ao <i>Mahabharata<\/i>, o <i>Ramayana<\/i>, a <i>Epopeia de Gilgamesh<\/i> ou a <i>Teogonia<\/i> de Hes\u00edodo.\u00a0<\/span><\/p>\n<p class=\"p1\"><span class=\"s1\">Espero viver o bastante para contar hist\u00f3rias da tradi\u00e7\u00e3o oral e ler bons livros para Benjamim. Tive a sorte de nascer numa fam\u00edlia de narradores e leitores. Quando fiquei suspeito de Covid, disse ao filho que acaba de ingressar na paternidade que gostaria de ver Benjamin completar 10 anos. Quero muito que os meus netos me amem e lembrem-se de mim, quando eu morrer.<\/span><\/p>\n<p class=\"p1\"><span class=\"s1\">Minha av\u00f3, que viveu 97 anos, conheceu a quinta gera\u00e7\u00e3o depois dela, o neto de sua bisneta, o tetraneto. Sempre amei essa mulher longeva, n\u00e3o seria quem sou sem o exemplo de sua coragem e alegria.<\/span><\/p>\n<p class=\"p1\"><span class=\"s1\">Ah, quando relerem a Hist\u00f3ria de Jos\u00e9, na <i>B\u00edblia<\/i>, se animem em ler o romance de Thomas Mann, <i>Jos\u00e9 e seus irm\u00e3os<\/i>.<\/span><\/p>\n<p class=\"p1\"><span class=\"s1\">Aproveito o espa\u00e7o e transcrevo o belo soneto de Cam\u00f5es:<\/span><\/p>\n<p>&nbsp;<\/p>\n<p class=\"p1\"><span class=\"s1\">Sete anos de pastor Jac\u00f3 servia<br \/>\n<\/span><span class=\"s1\">Lab\u00e3o pai de Raquel, serrana bela;<br \/>\n<\/span><span class=\"s1\">mas n\u00e3o servia ao pai, servia a ela,<br \/>\n<\/span><span class=\"s1\">e a ela s\u00f3 por pr\u00eamio pretendia.<\/span><\/p>\n<p><span class=\"s1\">Os dias, na esperan\u00e7a de um s\u00f3 dia,<br \/>\n<\/span><span class=\"s1\">passava, contentando-se com v\u00ea-la;<br \/>\n<\/span><span class=\"s1\">por\u00e9m o pai, usando de cautela,<br \/>\n<\/span><span class=\"s1\">em lugar de Raquel lhe dava Lia.<\/span><\/p>\n<p class=\"p1\"><span class=\"s1\"><br \/>\nVendo o triste pastor que com enganos<br \/>\n<\/span><span class=\"s1\">lhe fora assim negada a sua pastora,<br \/>\n<\/span><span class=\"s1\">como se a n\u00e3o tivera merecida;<\/span><\/p>\n<p><span class=\"s1\">come\u00e7a de servir outros sete anos,<br \/>\n<\/span><span class=\"s1\">dizendo: \u2013 Mais servira, se n\u00e3o fora<br \/>\n<\/span><span class=\"s1\">para t\u00e3o longo amor t\u00e3o curta a vida.<\/span><\/p>\n","protected":false},"excerpt":{"rendered":"<p>Senti-me igual ao patriarca Jac\u00f3. Meus descendentes j\u00e1 somam oito seres vivos e amados: uma filha, dois filhos, tr\u00eas netas e dois netos. E mais duas noras e um genro. Benjamim \u00e9 o neto ca\u00e7ula, filho do filho mais novo. Penso em cham\u00e1-lo Ben, que&#8230;<\/p>\n","protected":false},"author":1,"featured_media":1701,"comment_status":"open","ping_status":"closed","sticky":false,"template":"","format":"standard","meta":{"sfsi_plus_gutenberg_text_before_share":"","sfsi_plus_gutenberg_show_text_before_share":"","sfsi_plus_gutenberg_icon_type":"","sfsi_plus_gutenberg_icon_alignemt":"","sfsi_plus_gutenburg_max_per_row":"","footnotes":""},"categories":[8,46,45],"tags":[],"class_list":["post-1700","post","type-post","status-publish","format-standard","has-post-thumbnail","hentry","category-blog","category-links","category-slider"],"yoast_head":"<!-- This site is optimized with the Yoast SEO plugin v27.4 - https:\/\/yoast.com\/product\/yoast-seo-wordpress\/ -->\n<title>Nasceu Benjamim | Ronaldo Correia de Brito | site oficial<\/title>\n<meta name=\"robots\" content=\"index, follow, max-snippet:-1, max-image-preview:large, max-video-preview:-1\" \/>\n<link rel=\"canonical\" href=\"https:\/\/www.ronaldocorreiadebrito.com.br\/site2\/2021\/07\/nasceu-benjamim\/\" \/>\n<meta property=\"og:locale\" content=\"pt_BR\" \/>\n<meta property=\"og:type\" content=\"article\" \/>\n<meta property=\"og:title\" content=\"Nasceu Benjamim | Ronaldo Correia de Brito | site oficial\" \/>\n<meta property=\"og:description\" content=\"Senti-me igual ao patriarca Jac\u00f3. Meus descendentes j\u00e1 somam oito seres vivos e amados: uma filha, dois filhos, tr\u00eas netas e dois netos. E mais duas noras e um genro. Benjamim \u00e9 o neto ca\u00e7ula, filho do filho mais novo. Penso em cham\u00e1-lo Ben, que...\" \/>\n<meta property=\"og:url\" content=\"https:\/\/www.ronaldocorreiadebrito.com.br\/site2\/2021\/07\/nasceu-benjamim\/\" \/>\n<meta property=\"og:site_name\" content=\"Ronaldo Correia de Brito | site oficial\" \/>\n<meta property=\"article:publisher\" content=\"https:\/\/www.facebook.com\/ronaldocorreiadebrito.oficial\" \/>\n<meta property=\"article:published_time\" content=\"2021-07-05T14:12:14+00:00\" \/>\n<meta property=\"article:modified_time\" content=\"2021-07-05T17:36:13+00:00\" \/>\n<meta property=\"og:image\" content=\"https:\/\/www.ronaldocorreiadebrito.com.br\/site2\/wp-content\/uploads\/2021\/07\/tumblr_b82934358bb9f3506c33dc99d0c8e314_b80504af_1280.jpeg\" \/>\n\t<meta property=\"og:image:width\" content=\"960\" \/>\n\t<meta property=\"og:image:height\" content=\"636\" \/>\n\t<meta property=\"og:image:type\" content=\"image\/jpeg\" \/>\n<meta name=\"author\" content=\"admin\" \/>\n<meta name=\"twitter:card\" content=\"summary_large_image\" \/>\n<meta name=\"twitter:label1\" content=\"Escrito por\" \/>\n\t<meta name=\"twitter:data1\" content=\"admin\" \/>\n\t<meta name=\"twitter:label2\" content=\"Est. tempo de leitura\" \/>\n\t<meta name=\"twitter:data2\" content=\"2 minutos\" \/>\n<script type=\"application\/ld+json\" class=\"yoast-schema-graph\">{\"@context\":\"https:\\\/\\\/schema.org\",\"@graph\":[{\"@type\":\"Article\",\"@id\":\"https:\\\/\\\/www.ronaldocorreiadebrito.com.br\\\/site2\\\/2021\\\/07\\\/nasceu-benjamim\\\/#article\",\"isPartOf\":{\"@id\":\"https:\\\/\\\/www.ronaldocorreiadebrito.com.br\\\/site2\\\/2021\\\/07\\\/nasceu-benjamim\\\/\"},\"author\":{\"name\":\"admin\",\"@id\":\"https:\\\/\\\/www.ronaldocorreiadebrito.com.br\\\/site2\\\/#\\\/schema\\\/person\\\/99a164d0eaaff7f78b11899bc7d5e7c9\"},\"headline\":\"Nasceu Benjamim\",\"datePublished\":\"2021-07-05T14:12:14+00:00\",\"dateModified\":\"2021-07-05T17:36:13+00:00\",\"mainEntityOfPage\":{\"@id\":\"https:\\\/\\\/www.ronaldocorreiadebrito.com.br\\\/site2\\\/2021\\\/07\\\/nasceu-benjamim\\\/\"},\"wordCount\":406,\"commentCount\":0,\"image\":{\"@id\":\"https:\\\/\\\/www.ronaldocorreiadebrito.com.br\\\/site2\\\/2021\\\/07\\\/nasceu-benjamim\\\/#primaryimage\"},\"thumbnailUrl\":\"https:\\\/\\\/www.ronaldocorreiadebrito.com.br\\\/site2\\\/wp-content\\\/uploads\\\/2021\\\/07\\\/tumblr_b82934358bb9f3506c33dc99d0c8e314_b80504af_1280.jpeg\",\"articleSection\":[\"Blog\",\"Links\",\"Slider\"],\"inLanguage\":\"pt-BR\",\"potentialAction\":[{\"@type\":\"CommentAction\",\"name\":\"Comment\",\"target\":[\"https:\\\/\\\/www.ronaldocorreiadebrito.com.br\\\/site2\\\/2021\\\/07\\\/nasceu-benjamim\\\/#respond\"]}]},{\"@type\":\"WebPage\",\"@id\":\"https:\\\/\\\/www.ronaldocorreiadebrito.com.br\\\/site2\\\/2021\\\/07\\\/nasceu-benjamim\\\/\",\"url\":\"https:\\\/\\\/www.ronaldocorreiadebrito.com.br\\\/site2\\\/2021\\\/07\\\/nasceu-benjamim\\\/\",\"name\":\"Nasceu Benjamim | Ronaldo Correia de Brito | site oficial\",\"isPartOf\":{\"@id\":\"https:\\\/\\\/www.ronaldocorreiadebrito.com.br\\\/site2\\\/#website\"},\"primaryImageOfPage\":{\"@id\":\"https:\\\/\\\/www.ronaldocorreiadebrito.com.br\\\/site2\\\/2021\\\/07\\\/nasceu-benjamim\\\/#primaryimage\"},\"image\":{\"@id\":\"https:\\\/\\\/www.ronaldocorreiadebrito.com.br\\\/site2\\\/2021\\\/07\\\/nasceu-benjamim\\\/#primaryimage\"},\"thumbnailUrl\":\"https:\\\/\\\/www.ronaldocorreiadebrito.com.br\\\/site2\\\/wp-content\\\/uploads\\\/2021\\\/07\\\/tumblr_b82934358bb9f3506c33dc99d0c8e314_b80504af_1280.jpeg\",\"datePublished\":\"2021-07-05T14:12:14+00:00\",\"dateModified\":\"2021-07-05T17:36:13+00:00\",\"author\":{\"@id\":\"https:\\\/\\\/www.ronaldocorreiadebrito.com.br\\\/site2\\\/#\\\/schema\\\/person\\\/99a164d0eaaff7f78b11899bc7d5e7c9\"},\"breadcrumb\":{\"@id\":\"https:\\\/\\\/www.ronaldocorreiadebrito.com.br\\\/site2\\\/2021\\\/07\\\/nasceu-benjamim\\\/#breadcrumb\"},\"inLanguage\":\"pt-BR\",\"potentialAction\":[{\"@type\":\"ReadAction\",\"target\":[\"https:\\\/\\\/www.ronaldocorreiadebrito.com.br\\\/site2\\\/2021\\\/07\\\/nasceu-benjamim\\\/\"]}]},{\"@type\":\"ImageObject\",\"inLanguage\":\"pt-BR\",\"@id\":\"https:\\\/\\\/www.ronaldocorreiadebrito.com.br\\\/site2\\\/2021\\\/07\\\/nasceu-benjamim\\\/#primaryimage\",\"url\":\"https:\\\/\\\/www.ronaldocorreiadebrito.com.br\\\/site2\\\/wp-content\\\/uploads\\\/2021\\\/07\\\/tumblr_b82934358bb9f3506c33dc99d0c8e314_b80504af_1280.jpeg\",\"contentUrl\":\"https:\\\/\\\/www.ronaldocorreiadebrito.com.br\\\/site2\\\/wp-content\\\/uploads\\\/2021\\\/07\\\/tumblr_b82934358bb9f3506c33dc99d0c8e314_b80504af_1280.jpeg\",\"width\":960,\"height\":636},{\"@type\":\"BreadcrumbList\",\"@id\":\"https:\\\/\\\/www.ronaldocorreiadebrito.com.br\\\/site2\\\/2021\\\/07\\\/nasceu-benjamim\\\/#breadcrumb\",\"itemListElement\":[{\"@type\":\"ListItem\",\"position\":1,\"name\":\"In\u00edcio\",\"item\":\"https:\\\/\\\/www.ronaldocorreiadebrito.com.br\\\/site2\\\/\"},{\"@type\":\"ListItem\",\"position\":2,\"name\":\"Nasceu Benjamim\"}]},{\"@type\":\"WebSite\",\"@id\":\"https:\\\/\\\/www.ronaldocorreiadebrito.com.br\\\/site2\\\/#website\",\"url\":\"https:\\\/\\\/www.ronaldocorreiadebrito.com.br\\\/site2\\\/\",\"name\":\"Ronaldo Correia de Brito | site oficial\",\"description\":\"Site oficial do escritor Ronaldo Correia de Brito\",\"potentialAction\":[{\"@type\":\"SearchAction\",\"target\":{\"@type\":\"EntryPoint\",\"urlTemplate\":\"https:\\\/\\\/www.ronaldocorreiadebrito.com.br\\\/site2\\\/?s={search_term_string}\"},\"query-input\":{\"@type\":\"PropertyValueSpecification\",\"valueRequired\":true,\"valueName\":\"search_term_string\"}}],\"inLanguage\":\"pt-BR\"},{\"@type\":\"Person\",\"@id\":\"https:\\\/\\\/www.ronaldocorreiadebrito.com.br\\\/site2\\\/#\\\/schema\\\/person\\\/99a164d0eaaff7f78b11899bc7d5e7c9\",\"name\":\"admin\",\"url\":\"https:\\\/\\\/www.ronaldocorreiadebrito.com.br\\\/site2\\\/author\\\/admin\\\/\"}]}<\/script>\n<!-- \/ Yoast SEO plugin. -->","yoast_head_json":{"title":"Nasceu Benjamim | Ronaldo Correia de Brito | site oficial","robots":{"index":"index","follow":"follow","max-snippet":"max-snippet:-1","max-image-preview":"max-image-preview:large","max-video-preview":"max-video-preview:-1"},"canonical":"https:\/\/www.ronaldocorreiadebrito.com.br\/site2\/2021\/07\/nasceu-benjamim\/","og_locale":"pt_BR","og_type":"article","og_title":"Nasceu Benjamim | Ronaldo Correia de Brito | site oficial","og_description":"Senti-me igual ao patriarca Jac\u00f3. Meus descendentes j\u00e1 somam oito seres vivos e amados: uma filha, dois filhos, tr\u00eas netas e dois netos. E mais duas noras e um genro. Benjamim \u00e9 o neto ca\u00e7ula, filho do filho mais novo. Penso em cham\u00e1-lo Ben, que...","og_url":"https:\/\/www.ronaldocorreiadebrito.com.br\/site2\/2021\/07\/nasceu-benjamim\/","og_site_name":"Ronaldo Correia de Brito | site oficial","article_publisher":"https:\/\/www.facebook.com\/ronaldocorreiadebrito.oficial","article_published_time":"2021-07-05T14:12:14+00:00","article_modified_time":"2021-07-05T17:36:13+00:00","og_image":[{"width":960,"height":636,"url":"https:\/\/www.ronaldocorreiadebrito.com.br\/site2\/wp-content\/uploads\/2021\/07\/tumblr_b82934358bb9f3506c33dc99d0c8e314_b80504af_1280.jpeg","type":"image\/jpeg"}],"author":"admin","twitter_card":"summary_large_image","twitter_misc":{"Escrito por":"admin","Est. tempo de leitura":"2 minutos"},"schema":{"@context":"https:\/\/schema.org","@graph":[{"@type":"Article","@id":"https:\/\/www.ronaldocorreiadebrito.com.br\/site2\/2021\/07\/nasceu-benjamim\/#article","isPartOf":{"@id":"https:\/\/www.ronaldocorreiadebrito.com.br\/site2\/2021\/07\/nasceu-benjamim\/"},"author":{"name":"admin","@id":"https:\/\/www.ronaldocorreiadebrito.com.br\/site2\/#\/schema\/person\/99a164d0eaaff7f78b11899bc7d5e7c9"},"headline":"Nasceu Benjamim","datePublished":"2021-07-05T14:12:14+00:00","dateModified":"2021-07-05T17:36:13+00:00","mainEntityOfPage":{"@id":"https:\/\/www.ronaldocorreiadebrito.com.br\/site2\/2021\/07\/nasceu-benjamim\/"},"wordCount":406,"commentCount":0,"image":{"@id":"https:\/\/www.ronaldocorreiadebrito.com.br\/site2\/2021\/07\/nasceu-benjamim\/#primaryimage"},"thumbnailUrl":"https:\/\/www.ronaldocorreiadebrito.com.br\/site2\/wp-content\/uploads\/2021\/07\/tumblr_b82934358bb9f3506c33dc99d0c8e314_b80504af_1280.jpeg","articleSection":["Blog","Links","Slider"],"inLanguage":"pt-BR","potentialAction":[{"@type":"CommentAction","name":"Comment","target":["https:\/\/www.ronaldocorreiadebrito.com.br\/site2\/2021\/07\/nasceu-benjamim\/#respond"]}]},{"@type":"WebPage","@id":"https:\/\/www.ronaldocorreiadebrito.com.br\/site2\/2021\/07\/nasceu-benjamim\/","url":"https:\/\/www.ronaldocorreiadebrito.com.br\/site2\/2021\/07\/nasceu-benjamim\/","name":"Nasceu Benjamim | Ronaldo Correia de Brito | site oficial","isPartOf":{"@id":"https:\/\/www.ronaldocorreiadebrito.com.br\/site2\/#website"},"primaryImageOfPage":{"@id":"https:\/\/www.ronaldocorreiadebrito.com.br\/site2\/2021\/07\/nasceu-benjamim\/#primaryimage"},"image":{"@id":"https:\/\/www.ronaldocorreiadebrito.com.br\/site2\/2021\/07\/nasceu-benjamim\/#primaryimage"},"thumbnailUrl":"https:\/\/www.ronaldocorreiadebrito.com.br\/site2\/wp-content\/uploads\/2021\/07\/tumblr_b82934358bb9f3506c33dc99d0c8e314_b80504af_1280.jpeg","datePublished":"2021-07-05T14:12:14+00:00","dateModified":"2021-07-05T17:36:13+00:00","author":{"@id":"https:\/\/www.ronaldocorreiadebrito.com.br\/site2\/#\/schema\/person\/99a164d0eaaff7f78b11899bc7d5e7c9"},"breadcrumb":{"@id":"https:\/\/www.ronaldocorreiadebrito.com.br\/site2\/2021\/07\/nasceu-benjamim\/#breadcrumb"},"inLanguage":"pt-BR","potentialAction":[{"@type":"ReadAction","target":["https:\/\/www.ronaldocorreiadebrito.com.br\/site2\/2021\/07\/nasceu-benjamim\/"]}]},{"@type":"ImageObject","inLanguage":"pt-BR","@id":"https:\/\/www.ronaldocorreiadebrito.com.br\/site2\/2021\/07\/nasceu-benjamim\/#primaryimage","url":"https:\/\/www.ronaldocorreiadebrito.com.br\/site2\/wp-content\/uploads\/2021\/07\/tumblr_b82934358bb9f3506c33dc99d0c8e314_b80504af_1280.jpeg","contentUrl":"https:\/\/www.ronaldocorreiadebrito.com.br\/site2\/wp-content\/uploads\/2021\/07\/tumblr_b82934358bb9f3506c33dc99d0c8e314_b80504af_1280.jpeg","width":960,"height":636},{"@type":"BreadcrumbList","@id":"https:\/\/www.ronaldocorreiadebrito.com.br\/site2\/2021\/07\/nasceu-benjamim\/#breadcrumb","itemListElement":[{"@type":"ListItem","position":1,"name":"In\u00edcio","item":"https:\/\/www.ronaldocorreiadebrito.com.br\/site2\/"},{"@type":"ListItem","position":2,"name":"Nasceu Benjamim"}]},{"@type":"WebSite","@id":"https:\/\/www.ronaldocorreiadebrito.com.br\/site2\/#website","url":"https:\/\/www.ronaldocorreiadebrito.com.br\/site2\/","name":"Ronaldo Correia de Brito | site oficial","description":"Site oficial do escritor Ronaldo Correia de Brito","potentialAction":[{"@type":"SearchAction","target":{"@type":"EntryPoint","urlTemplate":"https:\/\/www.ronaldocorreiadebrito.com.br\/site2\/?s={search_term_string}"},"query-input":{"@type":"PropertyValueSpecification","valueRequired":true,"valueName":"search_term_string"}}],"inLanguage":"pt-BR"},{"@type":"Person","@id":"https:\/\/www.ronaldocorreiadebrito.com.br\/site2\/#\/schema\/person\/99a164d0eaaff7f78b11899bc7d5e7c9","name":"admin","url":"https:\/\/www.ronaldocorreiadebrito.com.br\/site2\/author\/admin\/"}]}},"wps_subtitle":"","_links":{"self":[{"href":"https:\/\/www.ronaldocorreiadebrito.com.br\/site2\/wp-json\/wp\/v2\/posts\/1700","targetHints":{"allow":["GET"]}}],"collection":[{"href":"https:\/\/www.ronaldocorreiadebrito.com.br\/site2\/wp-json\/wp\/v2\/posts"}],"about":[{"href":"https:\/\/www.ronaldocorreiadebrito.com.br\/site2\/wp-json\/wp\/v2\/types\/post"}],"author":[{"embeddable":true,"href":"https:\/\/www.ronaldocorreiadebrito.com.br\/site2\/wp-json\/wp\/v2\/users\/1"}],"replies":[{"embeddable":true,"href":"https:\/\/www.ronaldocorreiadebrito.com.br\/site2\/wp-json\/wp\/v2\/comments?post=1700"}],"version-history":[{"count":0,"href":"https:\/\/www.ronaldocorreiadebrito.com.br\/site2\/wp-json\/wp\/v2\/posts\/1700\/revisions"}],"wp:featuredmedia":[{"embeddable":true,"href":"https:\/\/www.ronaldocorreiadebrito.com.br\/site2\/wp-json\/wp\/v2\/media\/1701"}],"wp:attachment":[{"href":"https:\/\/www.ronaldocorreiadebrito.com.br\/site2\/wp-json\/wp\/v2\/media?parent=1700"}],"wp:term":[{"taxonomy":"category","embeddable":true,"href":"https:\/\/www.ronaldocorreiadebrito.com.br\/site2\/wp-json\/wp\/v2\/categories?post=1700"},{"taxonomy":"post_tag","embeddable":true,"href":"https:\/\/www.ronaldocorreiadebrito.com.br\/site2\/wp-json\/wp\/v2\/tags?post=1700"}],"curies":[{"name":"wp","href":"https:\/\/api.w.org\/{rel}","templated":true}]}}