{"id":1697,"date":"2021-07-02T16:38:56","date_gmt":"2021-07-02T19:38:56","guid":{"rendered":"https:\/\/www.ronaldocorreiadebrito.com.br\/site2\/?p=1697"},"modified":"2021-07-02T16:43:29","modified_gmt":"2021-07-02T19:43:29","slug":"para-refletir-no-dia-do-aniversario","status":"publish","type":"post","link":"https:\/\/www.ronaldocorreiadebrito.com.br\/site2\/2021\/07\/para-refletir-no-dia-do-aniversario\/","title":{"rendered":"Para refletir no dia do anivers\u00e1rio"},"content":{"rendered":"<p>Percebo a passagem do tempo na maneira como as pessoas mais jovens me tratam. Meu nome vem precedido do respeitoso senhor, de professor ou mestre. Outras vezes usam o abomin\u00e1vel tio.<\/p>\n<p>As sociedades antigas possu\u00edam ritos de passagem para cada idade e envelhecer era um percurso natural. Ningu\u00e9m tentava escamotear o tempo. Inventaram um eufemismo para quem ultrapassa os 60 anos \u2013 terceira idade. N\u00e3o entrei na terceira idade, fui direto \u00e0 velhice, sou um velho. N\u00e3o finjo uma vitalidade que j\u00e1 n\u00e3o possuo, n\u00e3o me exibo em festinhas e jogos da terceira idade, como se fosse um macaco de circo. Ah, desculpem, esqueci que os animais est\u00e3o proibidos nos circos.<\/p>\n<p>As pessoas buscam a juventude atrav\u00e9s da reposi\u00e7\u00e3o de horm\u00f4nios, vitaminas e sais minerais, aplicando botox e silicone, fazendo implante de cabelo e cirurgia pl\u00e1stica. Na televis\u00e3o, v\u00ea-se o resultado desse esfor\u00e7o: um desfile de rostos sem express\u00e3o e sem m\u00edmica, deformados pelo clostridium tet\u00e2nico e pelo bisturi dos cirurgi\u00f5es.<\/p>\n<p>Os eg\u00edpcios se mumificavam acreditando que levariam o corpo para o al\u00e9m. Muitos se transformam em m\u00famias na vida terrena. Nada contra os cuidados com o corpo. A gin\u00e1stica, uma alimenta\u00e7\u00e3o saud\u00e1vel, a mente bem exercitada, o conv\u00edvio com amigos e familiares queridos, ter uma ocupa\u00e7\u00e3o e um bom projeto de vida s\u00e3o essenciais para envelhecer com sa\u00fade. E cuidar da apar\u00eancia \u00e9 prova de que se est\u00e1 bem. Mas que alguns exageram na receita, n\u00e3o resta d\u00favida. Mill\u00f4r Fernandes escreveu que n\u00e3o existe coisa mais rid\u00edcula do que uma \u00edndia velha do Xingu num vestido ou uma senhora de mais de oitenta anos fazendo topless em Ipanema.<\/p>\n<p>Esse culto exagerado \u00e0 beleza e \u00e0 juventude \u00e9 uma express\u00e3o do medo de morrer, uma resposta desesperada \u00e0 ansiedade e \u00e0 depress\u00e3o do s\u00e9culo XXI. Tentamos nos eternizar trocando ombros, joelhos, peitos, bundas, cabelos, pele. E quando algu\u00e9m j\u00e1 parece no fim, no ponto em que o mais digno seria morrer, \u00e9 arrastado para uma UTI, onde teimam em mant\u00ea-lo vivo.<\/p>\n<p>Se \u00e9 que bater o cora\u00e7\u00e3o e respirar significa estar vivo.<\/p>\n","protected":false},"excerpt":{"rendered":"<p>Percebo a passagem do tempo na maneira como as pessoas mais jovens me tratam. Meu nome vem precedido do respeitoso senhor, de professor ou mestre. Outras vezes usam o abomin\u00e1vel tio. As sociedades antigas possu\u00edam ritos de passagem para cada idade e envelhecer era um&#8230;<\/p>\n","protected":false},"author":1,"featured_media":1698,"comment_status":"open","ping_status":"closed","sticky":false,"template":"","format":"standard","meta":{"sfsi_plus_gutenberg_text_before_share":"","sfsi_plus_gutenberg_show_text_before_share":"","sfsi_plus_gutenberg_icon_type":"","sfsi_plus_gutenberg_icon_alignemt":"","sfsi_plus_gutenburg_max_per_row":"","footnotes":""},"categories":[8,46,45],"tags":[],"class_list":["post-1697","post","type-post","status-publish","format-standard","has-post-thumbnail","hentry","category-blog","category-links","category-slider"],"yoast_head":"<!-- This site is optimized with the Yoast SEO plugin v27.4 - https:\/\/yoast.com\/product\/yoast-seo-wordpress\/ -->\n<title>Para refletir no dia do anivers\u00e1rio | Ronaldo Correia de Brito | site oficial<\/title>\n<meta name=\"robots\" content=\"index, follow, max-snippet:-1, max-image-preview:large, max-video-preview:-1\" \/>\n<link rel=\"canonical\" href=\"https:\/\/www.ronaldocorreiadebrito.com.br\/site2\/2021\/07\/para-refletir-no-dia-do-aniversario\/\" \/>\n<meta property=\"og:locale\" content=\"pt_BR\" \/>\n<meta property=\"og:type\" content=\"article\" \/>\n<meta property=\"og:title\" content=\"Para refletir no dia do anivers\u00e1rio | Ronaldo Correia de Brito | site oficial\" \/>\n<meta property=\"og:description\" content=\"Percebo a passagem do tempo na maneira como as pessoas mais jovens me tratam. Meu nome vem precedido do respeitoso senhor, de professor ou mestre. Outras vezes usam o abomin\u00e1vel tio. As sociedades antigas possu\u00edam ritos de passagem para cada idade e envelhecer era um...\" \/>\n<meta property=\"og:url\" content=\"https:\/\/www.ronaldocorreiadebrito.com.br\/site2\/2021\/07\/para-refletir-no-dia-do-aniversario\/\" \/>\n<meta property=\"og:site_name\" content=\"Ronaldo Correia de Brito | site oficial\" \/>\n<meta property=\"article:publisher\" content=\"https:\/\/www.facebook.com\/ronaldocorreiadebrito.oficial\" \/>\n<meta property=\"article:published_time\" content=\"2021-07-02T19:38:56+00:00\" \/>\n<meta property=\"article:modified_time\" content=\"2021-07-02T19:43:29+00:00\" \/>\n<meta property=\"og:image\" content=\"https:\/\/www.ronaldocorreiadebrito.com.br\/site2\/wp-content\/uploads\/2021\/07\/RonaldoCorreiadeBrito044.jpeg\" \/>\n\t<meta property=\"og:image:width\" content=\"732\" \/>\n\t<meta property=\"og:image:height\" content=\"488\" \/>\n\t<meta property=\"og:image:type\" content=\"image\/jpeg\" \/>\n<meta name=\"author\" content=\"admin\" \/>\n<meta name=\"twitter:card\" content=\"summary_large_image\" \/>\n<meta name=\"twitter:label1\" content=\"Escrito por\" \/>\n\t<meta name=\"twitter:data1\" content=\"admin\" \/>\n\t<meta name=\"twitter:label2\" content=\"Est. tempo de leitura\" \/>\n\t<meta name=\"twitter:data2\" content=\"2 minutos\" \/>\n<script type=\"application\/ld+json\" class=\"yoast-schema-graph\">{\"@context\":\"https:\\\/\\\/schema.org\",\"@graph\":[{\"@type\":\"Article\",\"@id\":\"https:\\\/\\\/www.ronaldocorreiadebrito.com.br\\\/site2\\\/2021\\\/07\\\/para-refletir-no-dia-do-aniversario\\\/#article\",\"isPartOf\":{\"@id\":\"https:\\\/\\\/www.ronaldocorreiadebrito.com.br\\\/site2\\\/2021\\\/07\\\/para-refletir-no-dia-do-aniversario\\\/\"},\"author\":{\"name\":\"admin\",\"@id\":\"https:\\\/\\\/www.ronaldocorreiadebrito.com.br\\\/site2\\\/#\\\/schema\\\/person\\\/99a164d0eaaff7f78b11899bc7d5e7c9\"},\"headline\":\"Para refletir no dia do anivers\u00e1rio\",\"datePublished\":\"2021-07-02T19:38:56+00:00\",\"dateModified\":\"2021-07-02T19:43:29+00:00\",\"mainEntityOfPage\":{\"@id\":\"https:\\\/\\\/www.ronaldocorreiadebrito.com.br\\\/site2\\\/2021\\\/07\\\/para-refletir-no-dia-do-aniversario\\\/\"},\"wordCount\":379,\"commentCount\":0,\"image\":{\"@id\":\"https:\\\/\\\/www.ronaldocorreiadebrito.com.br\\\/site2\\\/2021\\\/07\\\/para-refletir-no-dia-do-aniversario\\\/#primaryimage\"},\"thumbnailUrl\":\"https:\\\/\\\/www.ronaldocorreiadebrito.com.br\\\/site2\\\/wp-content\\\/uploads\\\/2021\\\/07\\\/RonaldoCorreiadeBrito044.jpeg\",\"articleSection\":[\"Blog\",\"Links\",\"Slider\"],\"inLanguage\":\"pt-BR\",\"potentialAction\":[{\"@type\":\"CommentAction\",\"name\":\"Comment\",\"target\":[\"https:\\\/\\\/www.ronaldocorreiadebrito.com.br\\\/site2\\\/2021\\\/07\\\/para-refletir-no-dia-do-aniversario\\\/#respond\"]}]},{\"@type\":\"WebPage\",\"@id\":\"https:\\\/\\\/www.ronaldocorreiadebrito.com.br\\\/site2\\\/2021\\\/07\\\/para-refletir-no-dia-do-aniversario\\\/\",\"url\":\"https:\\\/\\\/www.ronaldocorreiadebrito.com.br\\\/site2\\\/2021\\\/07\\\/para-refletir-no-dia-do-aniversario\\\/\",\"name\":\"Para refletir no dia do anivers\u00e1rio | Ronaldo Correia de Brito | site oficial\",\"isPartOf\":{\"@id\":\"https:\\\/\\\/www.ronaldocorreiadebrito.com.br\\\/site2\\\/#website\"},\"primaryImageOfPage\":{\"@id\":\"https:\\\/\\\/www.ronaldocorreiadebrito.com.br\\\/site2\\\/2021\\\/07\\\/para-refletir-no-dia-do-aniversario\\\/#primaryimage\"},\"image\":{\"@id\":\"https:\\\/\\\/www.ronaldocorreiadebrito.com.br\\\/site2\\\/2021\\\/07\\\/para-refletir-no-dia-do-aniversario\\\/#primaryimage\"},\"thumbnailUrl\":\"https:\\\/\\\/www.ronaldocorreiadebrito.com.br\\\/site2\\\/wp-content\\\/uploads\\\/2021\\\/07\\\/RonaldoCorreiadeBrito044.jpeg\",\"datePublished\":\"2021-07-02T19:38:56+00:00\",\"dateModified\":\"2021-07-02T19:43:29+00:00\",\"author\":{\"@id\":\"https:\\\/\\\/www.ronaldocorreiadebrito.com.br\\\/site2\\\/#\\\/schema\\\/person\\\/99a164d0eaaff7f78b11899bc7d5e7c9\"},\"breadcrumb\":{\"@id\":\"https:\\\/\\\/www.ronaldocorreiadebrito.com.br\\\/site2\\\/2021\\\/07\\\/para-refletir-no-dia-do-aniversario\\\/#breadcrumb\"},\"inLanguage\":\"pt-BR\",\"potentialAction\":[{\"@type\":\"ReadAction\",\"target\":[\"https:\\\/\\\/www.ronaldocorreiadebrito.com.br\\\/site2\\\/2021\\\/07\\\/para-refletir-no-dia-do-aniversario\\\/\"]}]},{\"@type\":\"ImageObject\",\"inLanguage\":\"pt-BR\",\"@id\":\"https:\\\/\\\/www.ronaldocorreiadebrito.com.br\\\/site2\\\/2021\\\/07\\\/para-refletir-no-dia-do-aniversario\\\/#primaryimage\",\"url\":\"https:\\\/\\\/www.ronaldocorreiadebrito.com.br\\\/site2\\\/wp-content\\\/uploads\\\/2021\\\/07\\\/RonaldoCorreiadeBrito044.jpeg\",\"contentUrl\":\"https:\\\/\\\/www.ronaldocorreiadebrito.com.br\\\/site2\\\/wp-content\\\/uploads\\\/2021\\\/07\\\/RonaldoCorreiadeBrito044.jpeg\",\"width\":732,\"height\":488,\"caption\":\"Curitiba, Paran\u00e1, Brasil, 05 de junho de 2013. Legenda: Projeto Escritor na Biblioteca - entrevista com Ronaldo Correia de Brito. Foto: Guilherme Pupo\"},{\"@type\":\"BreadcrumbList\",\"@id\":\"https:\\\/\\\/www.ronaldocorreiadebrito.com.br\\\/site2\\\/2021\\\/07\\\/para-refletir-no-dia-do-aniversario\\\/#breadcrumb\",\"itemListElement\":[{\"@type\":\"ListItem\",\"position\":1,\"name\":\"In\u00edcio\",\"item\":\"https:\\\/\\\/www.ronaldocorreiadebrito.com.br\\\/site2\\\/\"},{\"@type\":\"ListItem\",\"position\":2,\"name\":\"Para refletir no dia do anivers\u00e1rio\"}]},{\"@type\":\"WebSite\",\"@id\":\"https:\\\/\\\/www.ronaldocorreiadebrito.com.br\\\/site2\\\/#website\",\"url\":\"https:\\\/\\\/www.ronaldocorreiadebrito.com.br\\\/site2\\\/\",\"name\":\"Ronaldo Correia de Brito | site oficial\",\"description\":\"Site oficial do escritor Ronaldo Correia de Brito\",\"potentialAction\":[{\"@type\":\"SearchAction\",\"target\":{\"@type\":\"EntryPoint\",\"urlTemplate\":\"https:\\\/\\\/www.ronaldocorreiadebrito.com.br\\\/site2\\\/?s={search_term_string}\"},\"query-input\":{\"@type\":\"PropertyValueSpecification\",\"valueRequired\":true,\"valueName\":\"search_term_string\"}}],\"inLanguage\":\"pt-BR\"},{\"@type\":\"Person\",\"@id\":\"https:\\\/\\\/www.ronaldocorreiadebrito.com.br\\\/site2\\\/#\\\/schema\\\/person\\\/99a164d0eaaff7f78b11899bc7d5e7c9\",\"name\":\"admin\",\"url\":\"https:\\\/\\\/www.ronaldocorreiadebrito.com.br\\\/site2\\\/author\\\/admin\\\/\"}]}<\/script>\n<!-- \/ Yoast SEO plugin. -->","yoast_head_json":{"title":"Para refletir no dia do anivers\u00e1rio | Ronaldo Correia de Brito | site oficial","robots":{"index":"index","follow":"follow","max-snippet":"max-snippet:-1","max-image-preview":"max-image-preview:large","max-video-preview":"max-video-preview:-1"},"canonical":"https:\/\/www.ronaldocorreiadebrito.com.br\/site2\/2021\/07\/para-refletir-no-dia-do-aniversario\/","og_locale":"pt_BR","og_type":"article","og_title":"Para refletir no dia do anivers\u00e1rio | Ronaldo Correia de Brito | site oficial","og_description":"Percebo a passagem do tempo na maneira como as pessoas mais jovens me tratam. Meu nome vem precedido do respeitoso senhor, de professor ou mestre. Outras vezes usam o abomin\u00e1vel tio. As sociedades antigas possu\u00edam ritos de passagem para cada idade e envelhecer era um...","og_url":"https:\/\/www.ronaldocorreiadebrito.com.br\/site2\/2021\/07\/para-refletir-no-dia-do-aniversario\/","og_site_name":"Ronaldo Correia de Brito | site oficial","article_publisher":"https:\/\/www.facebook.com\/ronaldocorreiadebrito.oficial","article_published_time":"2021-07-02T19:38:56+00:00","article_modified_time":"2021-07-02T19:43:29+00:00","og_image":[{"width":732,"height":488,"url":"https:\/\/www.ronaldocorreiadebrito.com.br\/site2\/wp-content\/uploads\/2021\/07\/RonaldoCorreiadeBrito044.jpeg","type":"image\/jpeg"}],"author":"admin","twitter_card":"summary_large_image","twitter_misc":{"Escrito por":"admin","Est. tempo de leitura":"2 minutos"},"schema":{"@context":"https:\/\/schema.org","@graph":[{"@type":"Article","@id":"https:\/\/www.ronaldocorreiadebrito.com.br\/site2\/2021\/07\/para-refletir-no-dia-do-aniversario\/#article","isPartOf":{"@id":"https:\/\/www.ronaldocorreiadebrito.com.br\/site2\/2021\/07\/para-refletir-no-dia-do-aniversario\/"},"author":{"name":"admin","@id":"https:\/\/www.ronaldocorreiadebrito.com.br\/site2\/#\/schema\/person\/99a164d0eaaff7f78b11899bc7d5e7c9"},"headline":"Para refletir no dia do anivers\u00e1rio","datePublished":"2021-07-02T19:38:56+00:00","dateModified":"2021-07-02T19:43:29+00:00","mainEntityOfPage":{"@id":"https:\/\/www.ronaldocorreiadebrito.com.br\/site2\/2021\/07\/para-refletir-no-dia-do-aniversario\/"},"wordCount":379,"commentCount":0,"image":{"@id":"https:\/\/www.ronaldocorreiadebrito.com.br\/site2\/2021\/07\/para-refletir-no-dia-do-aniversario\/#primaryimage"},"thumbnailUrl":"https:\/\/www.ronaldocorreiadebrito.com.br\/site2\/wp-content\/uploads\/2021\/07\/RonaldoCorreiadeBrito044.jpeg","articleSection":["Blog","Links","Slider"],"inLanguage":"pt-BR","potentialAction":[{"@type":"CommentAction","name":"Comment","target":["https:\/\/www.ronaldocorreiadebrito.com.br\/site2\/2021\/07\/para-refletir-no-dia-do-aniversario\/#respond"]}]},{"@type":"WebPage","@id":"https:\/\/www.ronaldocorreiadebrito.com.br\/site2\/2021\/07\/para-refletir-no-dia-do-aniversario\/","url":"https:\/\/www.ronaldocorreiadebrito.com.br\/site2\/2021\/07\/para-refletir-no-dia-do-aniversario\/","name":"Para refletir no dia do anivers\u00e1rio | Ronaldo Correia de Brito | site oficial","isPartOf":{"@id":"https:\/\/www.ronaldocorreiadebrito.com.br\/site2\/#website"},"primaryImageOfPage":{"@id":"https:\/\/www.ronaldocorreiadebrito.com.br\/site2\/2021\/07\/para-refletir-no-dia-do-aniversario\/#primaryimage"},"image":{"@id":"https:\/\/www.ronaldocorreiadebrito.com.br\/site2\/2021\/07\/para-refletir-no-dia-do-aniversario\/#primaryimage"},"thumbnailUrl":"https:\/\/www.ronaldocorreiadebrito.com.br\/site2\/wp-content\/uploads\/2021\/07\/RonaldoCorreiadeBrito044.jpeg","datePublished":"2021-07-02T19:38:56+00:00","dateModified":"2021-07-02T19:43:29+00:00","author":{"@id":"https:\/\/www.ronaldocorreiadebrito.com.br\/site2\/#\/schema\/person\/99a164d0eaaff7f78b11899bc7d5e7c9"},"breadcrumb":{"@id":"https:\/\/www.ronaldocorreiadebrito.com.br\/site2\/2021\/07\/para-refletir-no-dia-do-aniversario\/#breadcrumb"},"inLanguage":"pt-BR","potentialAction":[{"@type":"ReadAction","target":["https:\/\/www.ronaldocorreiadebrito.com.br\/site2\/2021\/07\/para-refletir-no-dia-do-aniversario\/"]}]},{"@type":"ImageObject","inLanguage":"pt-BR","@id":"https:\/\/www.ronaldocorreiadebrito.com.br\/site2\/2021\/07\/para-refletir-no-dia-do-aniversario\/#primaryimage","url":"https:\/\/www.ronaldocorreiadebrito.com.br\/site2\/wp-content\/uploads\/2021\/07\/RonaldoCorreiadeBrito044.jpeg","contentUrl":"https:\/\/www.ronaldocorreiadebrito.com.br\/site2\/wp-content\/uploads\/2021\/07\/RonaldoCorreiadeBrito044.jpeg","width":732,"height":488,"caption":"Curitiba, Paran\u00e1, Brasil, 05 de junho de 2013. Legenda: Projeto Escritor na Biblioteca - entrevista com Ronaldo Correia de Brito. Foto: Guilherme Pupo"},{"@type":"BreadcrumbList","@id":"https:\/\/www.ronaldocorreiadebrito.com.br\/site2\/2021\/07\/para-refletir-no-dia-do-aniversario\/#breadcrumb","itemListElement":[{"@type":"ListItem","position":1,"name":"In\u00edcio","item":"https:\/\/www.ronaldocorreiadebrito.com.br\/site2\/"},{"@type":"ListItem","position":2,"name":"Para refletir no dia do anivers\u00e1rio"}]},{"@type":"WebSite","@id":"https:\/\/www.ronaldocorreiadebrito.com.br\/site2\/#website","url":"https:\/\/www.ronaldocorreiadebrito.com.br\/site2\/","name":"Ronaldo Correia de Brito | site oficial","description":"Site oficial do escritor Ronaldo Correia de Brito","potentialAction":[{"@type":"SearchAction","target":{"@type":"EntryPoint","urlTemplate":"https:\/\/www.ronaldocorreiadebrito.com.br\/site2\/?s={search_term_string}"},"query-input":{"@type":"PropertyValueSpecification","valueRequired":true,"valueName":"search_term_string"}}],"inLanguage":"pt-BR"},{"@type":"Person","@id":"https:\/\/www.ronaldocorreiadebrito.com.br\/site2\/#\/schema\/person\/99a164d0eaaff7f78b11899bc7d5e7c9","name":"admin","url":"https:\/\/www.ronaldocorreiadebrito.com.br\/site2\/author\/admin\/"}]}},"wps_subtitle":"","_links":{"self":[{"href":"https:\/\/www.ronaldocorreiadebrito.com.br\/site2\/wp-json\/wp\/v2\/posts\/1697","targetHints":{"allow":["GET"]}}],"collection":[{"href":"https:\/\/www.ronaldocorreiadebrito.com.br\/site2\/wp-json\/wp\/v2\/posts"}],"about":[{"href":"https:\/\/www.ronaldocorreiadebrito.com.br\/site2\/wp-json\/wp\/v2\/types\/post"}],"author":[{"embeddable":true,"href":"https:\/\/www.ronaldocorreiadebrito.com.br\/site2\/wp-json\/wp\/v2\/users\/1"}],"replies":[{"embeddable":true,"href":"https:\/\/www.ronaldocorreiadebrito.com.br\/site2\/wp-json\/wp\/v2\/comments?post=1697"}],"version-history":[{"count":0,"href":"https:\/\/www.ronaldocorreiadebrito.com.br\/site2\/wp-json\/wp\/v2\/posts\/1697\/revisions"}],"wp:featuredmedia":[{"embeddable":true,"href":"https:\/\/www.ronaldocorreiadebrito.com.br\/site2\/wp-json\/wp\/v2\/media\/1698"}],"wp:attachment":[{"href":"https:\/\/www.ronaldocorreiadebrito.com.br\/site2\/wp-json\/wp\/v2\/media?parent=1697"}],"wp:term":[{"taxonomy":"category","embeddable":true,"href":"https:\/\/www.ronaldocorreiadebrito.com.br\/site2\/wp-json\/wp\/v2\/categories?post=1697"},{"taxonomy":"post_tag","embeddable":true,"href":"https:\/\/www.ronaldocorreiadebrito.com.br\/site2\/wp-json\/wp\/v2\/tags?post=1697"}],"curies":[{"name":"wp","href":"https:\/\/api.w.org\/{rel}","templated":true}]}}