{"id":1694,"date":"2021-07-01T11:51:52","date_gmt":"2021-07-01T14:51:52","guid":{"rendered":"https:\/\/www.ronaldocorreiadebrito.com.br\/site2\/?p=1694"},"modified":"2021-07-01T11:51:52","modified_gmt":"2021-07-01T14:51:52","slug":"internem-os-politicos-na-emergencia-de-um-hospital-publico","status":"publish","type":"post","link":"https:\/\/www.ronaldocorreiadebrito.com.br\/site2\/2021\/07\/internem-os-politicos-na-emergencia-de-um-hospital-publico\/","title":{"rendered":"Internem os pol\u00edticos na Emerg\u00eancia de um hospital p\u00fablico"},"content":{"rendered":"<p class=\"p4\"><span class=\"s1\">Um amigo baleado por assaltantes foi socorrido num hospital do Recife.<span class=\"Apple-converted-space\">\u00a0 <\/span>Os familiares ligaram para mim, pedindo que fosse v\u00ea-lo. Cheguei r\u00e1pido. Todas as provid\u00eancias j\u00e1 haviam sido tomadas: exame cl\u00ednico, radiografias e medica\u00e7\u00e3o. Meu amigo teve sorte. \u00c0s vezes faltam plantonistas, os aparelhos de raio x est\u00e3o quebrados e o socorro pode demorar horas.\u00a0<\/span><\/p>\n<p class=\"p4\"><span class=\"s1\"> Sempre aconselham remover os pacientes traumatizados para as emerg\u00eancias p\u00fablicas, porque elas estariam preparadas para os casos graves. Os hospitais lembram uma pra\u00e7a de guerra com boxes e corredores cheios de macas, colch\u00f5es pelo ch\u00e3o, papel\u00f5es servindo de cama. Os pacientes e familiares se amontoam. Aguardam diagn\u00f3stico, exames complementares, cirurgia, ou transfer\u00eancia para outros servi\u00e7os.<\/span><\/p>\n<p class=\"p5\"><span class=\"s1\">Os gritos e gemidos, o mau cheiro, o desconforto das macas de ferro e as l\u00e2mpadas permanentemente acesas passam a sensa\u00e7\u00e3o de uma c\u00e2mara de tortura. Os pacientes ficam dias nesse ambiente insalubre, e ao sa\u00edrem de alta est\u00e3o transtornados. Alguns entram em surto psic\u00f3tico. <\/span><\/p>\n<p class=\"p4\"><span class=\"s1\"> N\u00e3o s\u00e3o apenas os pacientes que sofrem. M\u00e9dicos, enfermeiras e auxiliares, por mais habituados que estejam ao conv\u00edvio com a dor, trabalham no limite m\u00e1ximo do estresse. As estat\u00edsticas apontam elevados \u00edndices de alcoolismo, uso de drogas, doen\u00e7as psiqui\u00e1tricas e suic\u00eddios entre os profissionais de sa\u00fade, em consequ\u00eancia das jornadas de trabalho excessivas, p\u00e9ssimos sal\u00e1rios e frustra\u00e7\u00f5es com o exerc\u00edcio da profiss\u00e3o. Bastam algumas horas dentro de uma emerg\u00eancia geral para se constatar a dura realidade dos pacientes e das equipes. <\/span><\/p>\n<p class=\"p4\"><span class=\"s1\"> Sinto admira\u00e7\u00e3o e respeito por quem trabalha em emerg\u00eancias. H\u00e1 nessas pessoas uma humanidade semelhante \u00e0 dos her\u00f3is, que desprezam o perigo e se arriscam para salvar a vida dos semelhantes. Os estudantes de sa\u00fade come\u00e7am seus est\u00e1gios de forma\u00e7\u00e3o nas emerg\u00eancias, mas poucos se mant\u00eam nelas. Al\u00e9m de preparo t\u00e9cnico, o trabalho exige coragem, amor ao risco e ren\u00fancia ao prazer.<\/span><\/p>\n<p class=\"p4\"><span class=\"s1\"> Nas campanhas eleitorais, os candidatos falam em investimentos na sa\u00fade, educa\u00e7\u00e3o e seguran\u00e7a. O discurso \u00e9 antigo e se repete. Sempre desejei que os pol\u00edticos se colocassem no lugar de cidad\u00e3os pobres e an\u00f4nimos, passando alguns dias num corredor de hospital, na condi\u00e7\u00e3o de doente precisando de ajuda. Depois da experi\u00eancia, algo mudaria neles. N\u00e3o \u00e9 poss\u00edvel que ao sentir na pele o que sentem milh\u00f5es de brasileiros, eles continuassem insens\u00edveis, pensando apenas em subtrair dinheiro da Sa\u00fade por corrup\u00e7\u00e3o. <\/span><\/p>\n<p class=\"p5\"><span class=\"s1\">\u00c9 poss\u00edvel, sim. Dizem que pol\u00edtico \u00e9 espelhado, sem sentimentos, as setas batem neles e retornam, n\u00e3o ferem, n\u00e3o tocam a alma, nem o cora\u00e7\u00e3o.<\/span><\/p>\n<p class=\"p4\"><span class=\"s1\"> E se ao inv\u00e9s do teste da Emerg\u00eancia, eles tivessem de viver um m\u00eas com um sal\u00e1rio m\u00ednimo? <\/span><\/p>\n","protected":false},"excerpt":{"rendered":"<p>Um amigo baleado por assaltantes foi socorrido num hospital do Recife.\u00a0 Os familiares ligaram para mim, pedindo que fosse v\u00ea-lo. Cheguei r\u00e1pido. Todas as provid\u00eancias j\u00e1 haviam sido tomadas: exame cl\u00ednico, radiografias e medica\u00e7\u00e3o. Meu amigo teve sorte. \u00c0s vezes faltam plantonistas, os aparelhos de&#8230;<\/p>\n","protected":false},"author":1,"featured_media":1695,"comment_status":"open","ping_status":"closed","sticky":false,"template":"","format":"standard","meta":{"sfsi_plus_gutenberg_text_before_share":"","sfsi_plus_gutenberg_show_text_before_share":"","sfsi_plus_gutenberg_icon_type":"","sfsi_plus_gutenberg_icon_alignemt":"","sfsi_plus_gutenburg_max_per_row":"","footnotes":""},"categories":[8,46,45],"tags":[],"class_list":["post-1694","post","type-post","status-publish","format-standard","has-post-thumbnail","hentry","category-blog","category-links","category-slider"],"yoast_head":"<!-- This site is optimized with the Yoast SEO plugin v27.4 - https:\/\/yoast.com\/product\/yoast-seo-wordpress\/ -->\n<title>Internem os pol\u00edticos na Emerg\u00eancia de um hospital p\u00fablico | Ronaldo Correia de Brito | site oficial<\/title>\n<meta name=\"robots\" content=\"index, follow, max-snippet:-1, max-image-preview:large, max-video-preview:-1\" \/>\n<link rel=\"canonical\" href=\"https:\/\/www.ronaldocorreiadebrito.com.br\/site2\/2021\/07\/internem-os-politicos-na-emergencia-de-um-hospital-publico\/\" \/>\n<meta property=\"og:locale\" content=\"pt_BR\" \/>\n<meta property=\"og:type\" content=\"article\" \/>\n<meta property=\"og:title\" content=\"Internem os pol\u00edticos na Emerg\u00eancia de um hospital p\u00fablico | Ronaldo Correia de Brito | site oficial\" \/>\n<meta property=\"og:description\" content=\"Um amigo baleado por assaltantes foi socorrido num hospital do Recife.\u00a0 Os familiares ligaram para mim, pedindo que fosse v\u00ea-lo. Cheguei r\u00e1pido. Todas as provid\u00eancias j\u00e1 haviam sido tomadas: exame cl\u00ednico, radiografias e medica\u00e7\u00e3o. Meu amigo teve sorte. \u00c0s vezes faltam plantonistas, os aparelhos de...\" \/>\n<meta property=\"og:url\" content=\"https:\/\/www.ronaldocorreiadebrito.com.br\/site2\/2021\/07\/internem-os-politicos-na-emergencia-de-um-hospital-publico\/\" \/>\n<meta property=\"og:site_name\" content=\"Ronaldo Correia de Brito | site oficial\" \/>\n<meta property=\"article:publisher\" content=\"https:\/\/www.facebook.com\/ronaldocorreiadebrito.oficial\" \/>\n<meta property=\"article:published_time\" content=\"2021-07-01T14:51:52+00:00\" \/>\n<meta property=\"og:image\" content=\"https:\/\/www.ronaldocorreiadebrito.com.br\/site2\/wp-content\/uploads\/2021\/07\/saude-brasil.jpeg\" \/>\n\t<meta property=\"og:image:width\" content=\"500\" \/>\n\t<meta property=\"og:image:height\" content=\"333\" \/>\n\t<meta property=\"og:image:type\" content=\"image\/jpeg\" \/>\n<meta name=\"author\" content=\"admin\" \/>\n<meta name=\"twitter:card\" content=\"summary_large_image\" \/>\n<meta name=\"twitter:label1\" content=\"Escrito por\" \/>\n\t<meta name=\"twitter:data1\" content=\"admin\" \/>\n\t<meta name=\"twitter:label2\" content=\"Est. tempo de leitura\" \/>\n\t<meta name=\"twitter:data2\" content=\"2 minutos\" \/>\n<script type=\"application\/ld+json\" class=\"yoast-schema-graph\">{\"@context\":\"https:\\\/\\\/schema.org\",\"@graph\":[{\"@type\":\"Article\",\"@id\":\"https:\\\/\\\/www.ronaldocorreiadebrito.com.br\\\/site2\\\/2021\\\/07\\\/internem-os-politicos-na-emergencia-de-um-hospital-publico\\\/#article\",\"isPartOf\":{\"@id\":\"https:\\\/\\\/www.ronaldocorreiadebrito.com.br\\\/site2\\\/2021\\\/07\\\/internem-os-politicos-na-emergencia-de-um-hospital-publico\\\/\"},\"author\":{\"name\":\"admin\",\"@id\":\"https:\\\/\\\/www.ronaldocorreiadebrito.com.br\\\/site2\\\/#\\\/schema\\\/person\\\/99a164d0eaaff7f78b11899bc7d5e7c9\"},\"headline\":\"Internem os pol\u00edticos na Emerg\u00eancia de um hospital p\u00fablico\",\"datePublished\":\"2021-07-01T14:51:52+00:00\",\"mainEntityOfPage\":{\"@id\":\"https:\\\/\\\/www.ronaldocorreiadebrito.com.br\\\/site2\\\/2021\\\/07\\\/internem-os-politicos-na-emergencia-de-um-hospital-publico\\\/\"},\"wordCount\":502,\"commentCount\":0,\"image\":{\"@id\":\"https:\\\/\\\/www.ronaldocorreiadebrito.com.br\\\/site2\\\/2021\\\/07\\\/internem-os-politicos-na-emergencia-de-um-hospital-publico\\\/#primaryimage\"},\"thumbnailUrl\":\"https:\\\/\\\/www.ronaldocorreiadebrito.com.br\\\/site2\\\/wp-content\\\/uploads\\\/2021\\\/07\\\/saude-brasil.jpeg\",\"articleSection\":[\"Blog\",\"Links\",\"Slider\"],\"inLanguage\":\"pt-BR\",\"potentialAction\":[{\"@type\":\"CommentAction\",\"name\":\"Comment\",\"target\":[\"https:\\\/\\\/www.ronaldocorreiadebrito.com.br\\\/site2\\\/2021\\\/07\\\/internem-os-politicos-na-emergencia-de-um-hospital-publico\\\/#respond\"]}]},{\"@type\":\"WebPage\",\"@id\":\"https:\\\/\\\/www.ronaldocorreiadebrito.com.br\\\/site2\\\/2021\\\/07\\\/internem-os-politicos-na-emergencia-de-um-hospital-publico\\\/\",\"url\":\"https:\\\/\\\/www.ronaldocorreiadebrito.com.br\\\/site2\\\/2021\\\/07\\\/internem-os-politicos-na-emergencia-de-um-hospital-publico\\\/\",\"name\":\"Internem os pol\u00edticos na Emerg\u00eancia de um hospital p\u00fablico | Ronaldo Correia de Brito | site oficial\",\"isPartOf\":{\"@id\":\"https:\\\/\\\/www.ronaldocorreiadebrito.com.br\\\/site2\\\/#website\"},\"primaryImageOfPage\":{\"@id\":\"https:\\\/\\\/www.ronaldocorreiadebrito.com.br\\\/site2\\\/2021\\\/07\\\/internem-os-politicos-na-emergencia-de-um-hospital-publico\\\/#primaryimage\"},\"image\":{\"@id\":\"https:\\\/\\\/www.ronaldocorreiadebrito.com.br\\\/site2\\\/2021\\\/07\\\/internem-os-politicos-na-emergencia-de-um-hospital-publico\\\/#primaryimage\"},\"thumbnailUrl\":\"https:\\\/\\\/www.ronaldocorreiadebrito.com.br\\\/site2\\\/wp-content\\\/uploads\\\/2021\\\/07\\\/saude-brasil.jpeg\",\"datePublished\":\"2021-07-01T14:51:52+00:00\",\"author\":{\"@id\":\"https:\\\/\\\/www.ronaldocorreiadebrito.com.br\\\/site2\\\/#\\\/schema\\\/person\\\/99a164d0eaaff7f78b11899bc7d5e7c9\"},\"breadcrumb\":{\"@id\":\"https:\\\/\\\/www.ronaldocorreiadebrito.com.br\\\/site2\\\/2021\\\/07\\\/internem-os-politicos-na-emergencia-de-um-hospital-publico\\\/#breadcrumb\"},\"inLanguage\":\"pt-BR\",\"potentialAction\":[{\"@type\":\"ReadAction\",\"target\":[\"https:\\\/\\\/www.ronaldocorreiadebrito.com.br\\\/site2\\\/2021\\\/07\\\/internem-os-politicos-na-emergencia-de-um-hospital-publico\\\/\"]}]},{\"@type\":\"ImageObject\",\"inLanguage\":\"pt-BR\",\"@id\":\"https:\\\/\\\/www.ronaldocorreiadebrito.com.br\\\/site2\\\/2021\\\/07\\\/internem-os-politicos-na-emergencia-de-um-hospital-publico\\\/#primaryimage\",\"url\":\"https:\\\/\\\/www.ronaldocorreiadebrito.com.br\\\/site2\\\/wp-content\\\/uploads\\\/2021\\\/07\\\/saude-brasil.jpeg\",\"contentUrl\":\"https:\\\/\\\/www.ronaldocorreiadebrito.com.br\\\/site2\\\/wp-content\\\/uploads\\\/2021\\\/07\\\/saude-brasil.jpeg\",\"width\":500,\"height\":333},{\"@type\":\"BreadcrumbList\",\"@id\":\"https:\\\/\\\/www.ronaldocorreiadebrito.com.br\\\/site2\\\/2021\\\/07\\\/internem-os-politicos-na-emergencia-de-um-hospital-publico\\\/#breadcrumb\",\"itemListElement\":[{\"@type\":\"ListItem\",\"position\":1,\"name\":\"In\u00edcio\",\"item\":\"https:\\\/\\\/www.ronaldocorreiadebrito.com.br\\\/site2\\\/\"},{\"@type\":\"ListItem\",\"position\":2,\"name\":\"Internem os pol\u00edticos na Emerg\u00eancia de um hospital p\u00fablico\"}]},{\"@type\":\"WebSite\",\"@id\":\"https:\\\/\\\/www.ronaldocorreiadebrito.com.br\\\/site2\\\/#website\",\"url\":\"https:\\\/\\\/www.ronaldocorreiadebrito.com.br\\\/site2\\\/\",\"name\":\"Ronaldo Correia de Brito | site oficial\",\"description\":\"Site oficial do escritor Ronaldo Correia de Brito\",\"potentialAction\":[{\"@type\":\"SearchAction\",\"target\":{\"@type\":\"EntryPoint\",\"urlTemplate\":\"https:\\\/\\\/www.ronaldocorreiadebrito.com.br\\\/site2\\\/?s={search_term_string}\"},\"query-input\":{\"@type\":\"PropertyValueSpecification\",\"valueRequired\":true,\"valueName\":\"search_term_string\"}}],\"inLanguage\":\"pt-BR\"},{\"@type\":\"Person\",\"@id\":\"https:\\\/\\\/www.ronaldocorreiadebrito.com.br\\\/site2\\\/#\\\/schema\\\/person\\\/99a164d0eaaff7f78b11899bc7d5e7c9\",\"name\":\"admin\",\"url\":\"https:\\\/\\\/www.ronaldocorreiadebrito.com.br\\\/site2\\\/author\\\/admin\\\/\"}]}<\/script>\n<!-- \/ Yoast SEO plugin. -->","yoast_head_json":{"title":"Internem os pol\u00edticos na Emerg\u00eancia de um hospital p\u00fablico | Ronaldo Correia de Brito | site oficial","robots":{"index":"index","follow":"follow","max-snippet":"max-snippet:-1","max-image-preview":"max-image-preview:large","max-video-preview":"max-video-preview:-1"},"canonical":"https:\/\/www.ronaldocorreiadebrito.com.br\/site2\/2021\/07\/internem-os-politicos-na-emergencia-de-um-hospital-publico\/","og_locale":"pt_BR","og_type":"article","og_title":"Internem os pol\u00edticos na Emerg\u00eancia de um hospital p\u00fablico | Ronaldo Correia de Brito | site oficial","og_description":"Um amigo baleado por assaltantes foi socorrido num hospital do Recife.\u00a0 Os familiares ligaram para mim, pedindo que fosse v\u00ea-lo. Cheguei r\u00e1pido. Todas as provid\u00eancias j\u00e1 haviam sido tomadas: exame cl\u00ednico, radiografias e medica\u00e7\u00e3o. Meu amigo teve sorte. \u00c0s vezes faltam plantonistas, os aparelhos de...","og_url":"https:\/\/www.ronaldocorreiadebrito.com.br\/site2\/2021\/07\/internem-os-politicos-na-emergencia-de-um-hospital-publico\/","og_site_name":"Ronaldo Correia de Brito | site oficial","article_publisher":"https:\/\/www.facebook.com\/ronaldocorreiadebrito.oficial","article_published_time":"2021-07-01T14:51:52+00:00","og_image":[{"width":500,"height":333,"url":"https:\/\/www.ronaldocorreiadebrito.com.br\/site2\/wp-content\/uploads\/2021\/07\/saude-brasil.jpeg","type":"image\/jpeg"}],"author":"admin","twitter_card":"summary_large_image","twitter_misc":{"Escrito por":"admin","Est. tempo de leitura":"2 minutos"},"schema":{"@context":"https:\/\/schema.org","@graph":[{"@type":"Article","@id":"https:\/\/www.ronaldocorreiadebrito.com.br\/site2\/2021\/07\/internem-os-politicos-na-emergencia-de-um-hospital-publico\/#article","isPartOf":{"@id":"https:\/\/www.ronaldocorreiadebrito.com.br\/site2\/2021\/07\/internem-os-politicos-na-emergencia-de-um-hospital-publico\/"},"author":{"name":"admin","@id":"https:\/\/www.ronaldocorreiadebrito.com.br\/site2\/#\/schema\/person\/99a164d0eaaff7f78b11899bc7d5e7c9"},"headline":"Internem os pol\u00edticos na Emerg\u00eancia de um hospital p\u00fablico","datePublished":"2021-07-01T14:51:52+00:00","mainEntityOfPage":{"@id":"https:\/\/www.ronaldocorreiadebrito.com.br\/site2\/2021\/07\/internem-os-politicos-na-emergencia-de-um-hospital-publico\/"},"wordCount":502,"commentCount":0,"image":{"@id":"https:\/\/www.ronaldocorreiadebrito.com.br\/site2\/2021\/07\/internem-os-politicos-na-emergencia-de-um-hospital-publico\/#primaryimage"},"thumbnailUrl":"https:\/\/www.ronaldocorreiadebrito.com.br\/site2\/wp-content\/uploads\/2021\/07\/saude-brasil.jpeg","articleSection":["Blog","Links","Slider"],"inLanguage":"pt-BR","potentialAction":[{"@type":"CommentAction","name":"Comment","target":["https:\/\/www.ronaldocorreiadebrito.com.br\/site2\/2021\/07\/internem-os-politicos-na-emergencia-de-um-hospital-publico\/#respond"]}]},{"@type":"WebPage","@id":"https:\/\/www.ronaldocorreiadebrito.com.br\/site2\/2021\/07\/internem-os-politicos-na-emergencia-de-um-hospital-publico\/","url":"https:\/\/www.ronaldocorreiadebrito.com.br\/site2\/2021\/07\/internem-os-politicos-na-emergencia-de-um-hospital-publico\/","name":"Internem os pol\u00edticos na Emerg\u00eancia de um hospital p\u00fablico | Ronaldo Correia de Brito | site oficial","isPartOf":{"@id":"https:\/\/www.ronaldocorreiadebrito.com.br\/site2\/#website"},"primaryImageOfPage":{"@id":"https:\/\/www.ronaldocorreiadebrito.com.br\/site2\/2021\/07\/internem-os-politicos-na-emergencia-de-um-hospital-publico\/#primaryimage"},"image":{"@id":"https:\/\/www.ronaldocorreiadebrito.com.br\/site2\/2021\/07\/internem-os-politicos-na-emergencia-de-um-hospital-publico\/#primaryimage"},"thumbnailUrl":"https:\/\/www.ronaldocorreiadebrito.com.br\/site2\/wp-content\/uploads\/2021\/07\/saude-brasil.jpeg","datePublished":"2021-07-01T14:51:52+00:00","author":{"@id":"https:\/\/www.ronaldocorreiadebrito.com.br\/site2\/#\/schema\/person\/99a164d0eaaff7f78b11899bc7d5e7c9"},"breadcrumb":{"@id":"https:\/\/www.ronaldocorreiadebrito.com.br\/site2\/2021\/07\/internem-os-politicos-na-emergencia-de-um-hospital-publico\/#breadcrumb"},"inLanguage":"pt-BR","potentialAction":[{"@type":"ReadAction","target":["https:\/\/www.ronaldocorreiadebrito.com.br\/site2\/2021\/07\/internem-os-politicos-na-emergencia-de-um-hospital-publico\/"]}]},{"@type":"ImageObject","inLanguage":"pt-BR","@id":"https:\/\/www.ronaldocorreiadebrito.com.br\/site2\/2021\/07\/internem-os-politicos-na-emergencia-de-um-hospital-publico\/#primaryimage","url":"https:\/\/www.ronaldocorreiadebrito.com.br\/site2\/wp-content\/uploads\/2021\/07\/saude-brasil.jpeg","contentUrl":"https:\/\/www.ronaldocorreiadebrito.com.br\/site2\/wp-content\/uploads\/2021\/07\/saude-brasil.jpeg","width":500,"height":333},{"@type":"BreadcrumbList","@id":"https:\/\/www.ronaldocorreiadebrito.com.br\/site2\/2021\/07\/internem-os-politicos-na-emergencia-de-um-hospital-publico\/#breadcrumb","itemListElement":[{"@type":"ListItem","position":1,"name":"In\u00edcio","item":"https:\/\/www.ronaldocorreiadebrito.com.br\/site2\/"},{"@type":"ListItem","position":2,"name":"Internem os pol\u00edticos na Emerg\u00eancia de um hospital p\u00fablico"}]},{"@type":"WebSite","@id":"https:\/\/www.ronaldocorreiadebrito.com.br\/site2\/#website","url":"https:\/\/www.ronaldocorreiadebrito.com.br\/site2\/","name":"Ronaldo Correia de Brito | site oficial","description":"Site oficial do escritor Ronaldo Correia de Brito","potentialAction":[{"@type":"SearchAction","target":{"@type":"EntryPoint","urlTemplate":"https:\/\/www.ronaldocorreiadebrito.com.br\/site2\/?s={search_term_string}"},"query-input":{"@type":"PropertyValueSpecification","valueRequired":true,"valueName":"search_term_string"}}],"inLanguage":"pt-BR"},{"@type":"Person","@id":"https:\/\/www.ronaldocorreiadebrito.com.br\/site2\/#\/schema\/person\/99a164d0eaaff7f78b11899bc7d5e7c9","name":"admin","url":"https:\/\/www.ronaldocorreiadebrito.com.br\/site2\/author\/admin\/"}]}},"wps_subtitle":"","_links":{"self":[{"href":"https:\/\/www.ronaldocorreiadebrito.com.br\/site2\/wp-json\/wp\/v2\/posts\/1694","targetHints":{"allow":["GET"]}}],"collection":[{"href":"https:\/\/www.ronaldocorreiadebrito.com.br\/site2\/wp-json\/wp\/v2\/posts"}],"about":[{"href":"https:\/\/www.ronaldocorreiadebrito.com.br\/site2\/wp-json\/wp\/v2\/types\/post"}],"author":[{"embeddable":true,"href":"https:\/\/www.ronaldocorreiadebrito.com.br\/site2\/wp-json\/wp\/v2\/users\/1"}],"replies":[{"embeddable":true,"href":"https:\/\/www.ronaldocorreiadebrito.com.br\/site2\/wp-json\/wp\/v2\/comments?post=1694"}],"version-history":[{"count":0,"href":"https:\/\/www.ronaldocorreiadebrito.com.br\/site2\/wp-json\/wp\/v2\/posts\/1694\/revisions"}],"wp:featuredmedia":[{"embeddable":true,"href":"https:\/\/www.ronaldocorreiadebrito.com.br\/site2\/wp-json\/wp\/v2\/media\/1695"}],"wp:attachment":[{"href":"https:\/\/www.ronaldocorreiadebrito.com.br\/site2\/wp-json\/wp\/v2\/media?parent=1694"}],"wp:term":[{"taxonomy":"category","embeddable":true,"href":"https:\/\/www.ronaldocorreiadebrito.com.br\/site2\/wp-json\/wp\/v2\/categories?post=1694"},{"taxonomy":"post_tag","embeddable":true,"href":"https:\/\/www.ronaldocorreiadebrito.com.br\/site2\/wp-json\/wp\/v2\/tags?post=1694"}],"curies":[{"name":"wp","href":"https:\/\/api.w.org\/{rel}","templated":true}]}}