{"id":1690,"date":"2021-06-29T11:22:39","date_gmt":"2021-06-29T14:22:39","guid":{"rendered":"https:\/\/www.ronaldocorreiadebrito.com.br\/site2\/?p=1690"},"modified":"2021-06-29T14:23:47","modified_gmt":"2021-06-29T17:23:47","slug":"dor-dor-dor-ate-quando","status":"publish","type":"post","link":"https:\/\/www.ronaldocorreiadebrito.com.br\/site2\/2021\/06\/dor-dor-dor-ate-quando\/","title":{"rendered":"Dor, dor, dor&#8230; at\u00e9 quando?"},"content":{"rendered":"<p class=\"p1\"><span class=\"s1\">Perdi o sentido de escrever. H\u00e1 tantos dramas e trag\u00e9dias oferecidos de gra\u00e7a, a cada minuto, nos mais variados formatos de jornalismo e imagens que o artista sente-se perplexo, sem a compreens\u00e3o do que seja arte. Sim, Hannah Arendt, o mal foi banalizado, muito mais do que voc\u00ea descreveu filosoficamente. Basta ver o corpo assassinado de L\u00e1zaro Barbosa, arrastado pelos policiais que o mataram, a nudez cruelmente exposta. Basta ver as comemora\u00e7\u00f5es e o j\u00fabilo pela matan\u00e7a, o esquecimento de que a miss\u00e3o policial era prender e levar a julgamento perante a lei.<\/span><\/p>\n<p class=\"p1\"><span class=\"s1\">O fil\u00f3sofo romeno E. M. Cioran lamenta que a civiliza\u00e7\u00e3o vez por outra retorne \u00e0 barb\u00e1rie. No Brasil, mergulhamos de cabe\u00e7a na barb\u00e1rie e parece que nunca mais haver\u00e1 retorno \u00e0 civiliza\u00e7\u00e3o. J\u00e1 tivemos isso algum dia? J\u00e1, sempre. O modelo fundador de nossa sociedade \u00e9 a escravid\u00e3o, praticada com uma crueldade sem limite, com o direito de explorar a liberdade de outro ser humano igual, de negar-lhe corpo e alma, sem escr\u00fapulos nem remorso, respaldado em sistemas pol\u00edticos absolutistas, no colonialismo, na falsa ci\u00eancia, na gan\u00e2ncia pelo enriquecimento e em dogmas religiosos.<\/span><\/p>\n<p class=\"p1\"><span class=\"s1\">Esse tamb\u00e9m \u00e9 o alicerce do governo Jair Bolsonaro e dos que o mant\u00eam no poder a servi\u00e7o dos mais obtusos interesses, sobretudo econ\u00f4micos, jamais o interesse do povo e da Na\u00e7\u00e3o. Ensandecidos, proclamam o Brasil acima de tudo e Deus acima de todos. Mas que Deus \u00e9 esse, Jesus? Nunca, nunca. O Cristo morreu pela nossa liberta\u00e7\u00e3o, pelo reconhecimento de nossa igualdade humana, impregnada de divino.<\/span><\/p>\n<p class=\"p1\"><span class=\"s1\">O mais elevado sentimento crist\u00e3o \u00e9 a compaix\u00e3o. Compadecer-se significa colocar-se no lugar do outro, sentir a sua dor. Tudo o que n\u00e3o vimos no espet\u00e1culo de um corpo baleado in\u00fameras vezes e arrastado como se fosse lixo. O corpo \u00e9 sagrado como toda a natureza \u00e9 sagrada. Mas isso escapa ao governo que possibilita matar 65 mil ip\u00eas e export\u00e1-los criminosamente, visando apenas o lucro de quem exporta a madeira e o de quem ganha terras para a cria\u00e7\u00e3o de gado e tornar-se mais rico.<\/span><\/p>\n<p class=\"p1\"><span class=\"s1\">Tudo obedece \u00e0 mesma l\u00f3gica da escraviza\u00e7\u00e3o em que se fundou este pa\u00eds perverso, a de olhar os seres vivos e enxergar neles apenas a possibilidade do lucro. Milh\u00f5es de assassinatos pesam no inconsciente formador do Brasil. \u00c9 necess\u00e1rio traz\u00ea-los para o consciente e expi\u00e1-los.<\/span><\/p>\n","protected":false},"excerpt":{"rendered":"<p>Perdi o sentido de escrever. H\u00e1 tantos dramas e trag\u00e9dias oferecidos de gra\u00e7a, a cada minuto, nos mais variados formatos de jornalismo e imagens que o artista sente-se perplexo, sem a compreens\u00e3o do que seja arte. Sim, Hannah Arendt, o mal foi banalizado, muito mais&#8230;<\/p>\n","protected":false},"author":1,"featured_media":1691,"comment_status":"open","ping_status":"closed","sticky":false,"template":"","format":"standard","meta":{"sfsi_plus_gutenberg_text_before_share":"","sfsi_plus_gutenberg_show_text_before_share":"","sfsi_plus_gutenberg_icon_type":"","sfsi_plus_gutenberg_icon_alignemt":"","sfsi_plus_gutenburg_max_per_row":"","footnotes":""},"categories":[8,46,45],"tags":[],"class_list":["post-1690","post","type-post","status-publish","format-standard","has-post-thumbnail","hentry","category-blog","category-links","category-slider"],"yoast_head":"<!-- This site is optimized with the Yoast SEO plugin v27.4 - https:\/\/yoast.com\/product\/yoast-seo-wordpress\/ -->\n<title>Dor, dor, dor... at\u00e9 quando? | Ronaldo Correia de Brito | site oficial<\/title>\n<meta name=\"robots\" content=\"index, follow, max-snippet:-1, max-image-preview:large, max-video-preview:-1\" \/>\n<link rel=\"canonical\" href=\"https:\/\/www.ronaldocorreiadebrito.com.br\/site2\/2021\/06\/dor-dor-dor-ate-quando\/\" \/>\n<meta property=\"og:locale\" content=\"pt_BR\" \/>\n<meta property=\"og:type\" content=\"article\" \/>\n<meta property=\"og:title\" content=\"Dor, dor, dor... at\u00e9 quando? | Ronaldo Correia de Brito | site oficial\" \/>\n<meta property=\"og:description\" content=\"Perdi o sentido de escrever. H\u00e1 tantos dramas e trag\u00e9dias oferecidos de gra\u00e7a, a cada minuto, nos mais variados formatos de jornalismo e imagens que o artista sente-se perplexo, sem a compreens\u00e3o do que seja arte. Sim, Hannah Arendt, o mal foi banalizado, muito mais...\" \/>\n<meta property=\"og:url\" content=\"https:\/\/www.ronaldocorreiadebrito.com.br\/site2\/2021\/06\/dor-dor-dor-ate-quando\/\" \/>\n<meta property=\"og:site_name\" content=\"Ronaldo Correia de Brito | site oficial\" \/>\n<meta property=\"article:publisher\" content=\"https:\/\/www.facebook.com\/ronaldocorreiadebrito.oficial\" \/>\n<meta property=\"article:published_time\" content=\"2021-06-29T14:22:39+00:00\" \/>\n<meta property=\"article:modified_time\" content=\"2021-06-29T17:23:47+00:00\" \/>\n<meta property=\"og:image\" content=\"https:\/\/www.ronaldocorreiadebrito.com.br\/site2\/wp-content\/uploads\/2021\/06\/depressao-dor-na-alma.jpeg\" \/>\n\t<meta property=\"og:image:width\" content=\"766\" \/>\n\t<meta property=\"og:image:height\" content=\"400\" \/>\n\t<meta property=\"og:image:type\" content=\"image\/jpeg\" \/>\n<meta name=\"author\" content=\"admin\" \/>\n<meta name=\"twitter:card\" content=\"summary_large_image\" \/>\n<meta name=\"twitter:label1\" content=\"Escrito por\" \/>\n\t<meta name=\"twitter:data1\" content=\"admin\" \/>\n\t<meta name=\"twitter:label2\" content=\"Est. tempo de leitura\" \/>\n\t<meta name=\"twitter:data2\" content=\"2 minutos\" \/>\n<script type=\"application\/ld+json\" class=\"yoast-schema-graph\">{\"@context\":\"https:\\\/\\\/schema.org\",\"@graph\":[{\"@type\":\"Article\",\"@id\":\"https:\\\/\\\/www.ronaldocorreiadebrito.com.br\\\/site2\\\/2021\\\/06\\\/dor-dor-dor-ate-quando\\\/#article\",\"isPartOf\":{\"@id\":\"https:\\\/\\\/www.ronaldocorreiadebrito.com.br\\\/site2\\\/2021\\\/06\\\/dor-dor-dor-ate-quando\\\/\"},\"author\":{\"name\":\"admin\",\"@id\":\"https:\\\/\\\/www.ronaldocorreiadebrito.com.br\\\/site2\\\/#\\\/schema\\\/person\\\/99a164d0eaaff7f78b11899bc7d5e7c9\"},\"headline\":\"Dor, dor, dor&#8230; at\u00e9 quando?\",\"datePublished\":\"2021-06-29T14:22:39+00:00\",\"dateModified\":\"2021-06-29T17:23:47+00:00\",\"mainEntityOfPage\":{\"@id\":\"https:\\\/\\\/www.ronaldocorreiadebrito.com.br\\\/site2\\\/2021\\\/06\\\/dor-dor-dor-ate-quando\\\/\"},\"wordCount\":418,\"commentCount\":0,\"image\":{\"@id\":\"https:\\\/\\\/www.ronaldocorreiadebrito.com.br\\\/site2\\\/2021\\\/06\\\/dor-dor-dor-ate-quando\\\/#primaryimage\"},\"thumbnailUrl\":\"https:\\\/\\\/www.ronaldocorreiadebrito.com.br\\\/site2\\\/wp-content\\\/uploads\\\/2021\\\/06\\\/depressao-dor-na-alma.jpeg\",\"articleSection\":[\"Blog\",\"Links\",\"Slider\"],\"inLanguage\":\"pt-BR\",\"potentialAction\":[{\"@type\":\"CommentAction\",\"name\":\"Comment\",\"target\":[\"https:\\\/\\\/www.ronaldocorreiadebrito.com.br\\\/site2\\\/2021\\\/06\\\/dor-dor-dor-ate-quando\\\/#respond\"]}]},{\"@type\":\"WebPage\",\"@id\":\"https:\\\/\\\/www.ronaldocorreiadebrito.com.br\\\/site2\\\/2021\\\/06\\\/dor-dor-dor-ate-quando\\\/\",\"url\":\"https:\\\/\\\/www.ronaldocorreiadebrito.com.br\\\/site2\\\/2021\\\/06\\\/dor-dor-dor-ate-quando\\\/\",\"name\":\"Dor, dor, dor... at\u00e9 quando? | Ronaldo Correia de Brito | site oficial\",\"isPartOf\":{\"@id\":\"https:\\\/\\\/www.ronaldocorreiadebrito.com.br\\\/site2\\\/#website\"},\"primaryImageOfPage\":{\"@id\":\"https:\\\/\\\/www.ronaldocorreiadebrito.com.br\\\/site2\\\/2021\\\/06\\\/dor-dor-dor-ate-quando\\\/#primaryimage\"},\"image\":{\"@id\":\"https:\\\/\\\/www.ronaldocorreiadebrito.com.br\\\/site2\\\/2021\\\/06\\\/dor-dor-dor-ate-quando\\\/#primaryimage\"},\"thumbnailUrl\":\"https:\\\/\\\/www.ronaldocorreiadebrito.com.br\\\/site2\\\/wp-content\\\/uploads\\\/2021\\\/06\\\/depressao-dor-na-alma.jpeg\",\"datePublished\":\"2021-06-29T14:22:39+00:00\",\"dateModified\":\"2021-06-29T17:23:47+00:00\",\"author\":{\"@id\":\"https:\\\/\\\/www.ronaldocorreiadebrito.com.br\\\/site2\\\/#\\\/schema\\\/person\\\/99a164d0eaaff7f78b11899bc7d5e7c9\"},\"breadcrumb\":{\"@id\":\"https:\\\/\\\/www.ronaldocorreiadebrito.com.br\\\/site2\\\/2021\\\/06\\\/dor-dor-dor-ate-quando\\\/#breadcrumb\"},\"inLanguage\":\"pt-BR\",\"potentialAction\":[{\"@type\":\"ReadAction\",\"target\":[\"https:\\\/\\\/www.ronaldocorreiadebrito.com.br\\\/site2\\\/2021\\\/06\\\/dor-dor-dor-ate-quando\\\/\"]}]},{\"@type\":\"ImageObject\",\"inLanguage\":\"pt-BR\",\"@id\":\"https:\\\/\\\/www.ronaldocorreiadebrito.com.br\\\/site2\\\/2021\\\/06\\\/dor-dor-dor-ate-quando\\\/#primaryimage\",\"url\":\"https:\\\/\\\/www.ronaldocorreiadebrito.com.br\\\/site2\\\/wp-content\\\/uploads\\\/2021\\\/06\\\/depressao-dor-na-alma.jpeg\",\"contentUrl\":\"https:\\\/\\\/www.ronaldocorreiadebrito.com.br\\\/site2\\\/wp-content\\\/uploads\\\/2021\\\/06\\\/depressao-dor-na-alma.jpeg\",\"width\":766,\"height\":400},{\"@type\":\"BreadcrumbList\",\"@id\":\"https:\\\/\\\/www.ronaldocorreiadebrito.com.br\\\/site2\\\/2021\\\/06\\\/dor-dor-dor-ate-quando\\\/#breadcrumb\",\"itemListElement\":[{\"@type\":\"ListItem\",\"position\":1,\"name\":\"In\u00edcio\",\"item\":\"https:\\\/\\\/www.ronaldocorreiadebrito.com.br\\\/site2\\\/\"},{\"@type\":\"ListItem\",\"position\":2,\"name\":\"Dor, dor, dor&#8230; at\u00e9 quando?\"}]},{\"@type\":\"WebSite\",\"@id\":\"https:\\\/\\\/www.ronaldocorreiadebrito.com.br\\\/site2\\\/#website\",\"url\":\"https:\\\/\\\/www.ronaldocorreiadebrito.com.br\\\/site2\\\/\",\"name\":\"Ronaldo Correia de Brito | site oficial\",\"description\":\"Site oficial do escritor Ronaldo Correia de Brito\",\"potentialAction\":[{\"@type\":\"SearchAction\",\"target\":{\"@type\":\"EntryPoint\",\"urlTemplate\":\"https:\\\/\\\/www.ronaldocorreiadebrito.com.br\\\/site2\\\/?s={search_term_string}\"},\"query-input\":{\"@type\":\"PropertyValueSpecification\",\"valueRequired\":true,\"valueName\":\"search_term_string\"}}],\"inLanguage\":\"pt-BR\"},{\"@type\":\"Person\",\"@id\":\"https:\\\/\\\/www.ronaldocorreiadebrito.com.br\\\/site2\\\/#\\\/schema\\\/person\\\/99a164d0eaaff7f78b11899bc7d5e7c9\",\"name\":\"admin\",\"url\":\"https:\\\/\\\/www.ronaldocorreiadebrito.com.br\\\/site2\\\/author\\\/admin\\\/\"}]}<\/script>\n<!-- \/ Yoast SEO plugin. -->","yoast_head_json":{"title":"Dor, dor, dor... at\u00e9 quando? | Ronaldo Correia de Brito | site oficial","robots":{"index":"index","follow":"follow","max-snippet":"max-snippet:-1","max-image-preview":"max-image-preview:large","max-video-preview":"max-video-preview:-1"},"canonical":"https:\/\/www.ronaldocorreiadebrito.com.br\/site2\/2021\/06\/dor-dor-dor-ate-quando\/","og_locale":"pt_BR","og_type":"article","og_title":"Dor, dor, dor... at\u00e9 quando? | Ronaldo Correia de Brito | site oficial","og_description":"Perdi o sentido de escrever. H\u00e1 tantos dramas e trag\u00e9dias oferecidos de gra\u00e7a, a cada minuto, nos mais variados formatos de jornalismo e imagens que o artista sente-se perplexo, sem a compreens\u00e3o do que seja arte. Sim, Hannah Arendt, o mal foi banalizado, muito mais...","og_url":"https:\/\/www.ronaldocorreiadebrito.com.br\/site2\/2021\/06\/dor-dor-dor-ate-quando\/","og_site_name":"Ronaldo Correia de Brito | site oficial","article_publisher":"https:\/\/www.facebook.com\/ronaldocorreiadebrito.oficial","article_published_time":"2021-06-29T14:22:39+00:00","article_modified_time":"2021-06-29T17:23:47+00:00","og_image":[{"width":766,"height":400,"url":"https:\/\/www.ronaldocorreiadebrito.com.br\/site2\/wp-content\/uploads\/2021\/06\/depressao-dor-na-alma.jpeg","type":"image\/jpeg"}],"author":"admin","twitter_card":"summary_large_image","twitter_misc":{"Escrito por":"admin","Est. tempo de leitura":"2 minutos"},"schema":{"@context":"https:\/\/schema.org","@graph":[{"@type":"Article","@id":"https:\/\/www.ronaldocorreiadebrito.com.br\/site2\/2021\/06\/dor-dor-dor-ate-quando\/#article","isPartOf":{"@id":"https:\/\/www.ronaldocorreiadebrito.com.br\/site2\/2021\/06\/dor-dor-dor-ate-quando\/"},"author":{"name":"admin","@id":"https:\/\/www.ronaldocorreiadebrito.com.br\/site2\/#\/schema\/person\/99a164d0eaaff7f78b11899bc7d5e7c9"},"headline":"Dor, dor, dor&#8230; at\u00e9 quando?","datePublished":"2021-06-29T14:22:39+00:00","dateModified":"2021-06-29T17:23:47+00:00","mainEntityOfPage":{"@id":"https:\/\/www.ronaldocorreiadebrito.com.br\/site2\/2021\/06\/dor-dor-dor-ate-quando\/"},"wordCount":418,"commentCount":0,"image":{"@id":"https:\/\/www.ronaldocorreiadebrito.com.br\/site2\/2021\/06\/dor-dor-dor-ate-quando\/#primaryimage"},"thumbnailUrl":"https:\/\/www.ronaldocorreiadebrito.com.br\/site2\/wp-content\/uploads\/2021\/06\/depressao-dor-na-alma.jpeg","articleSection":["Blog","Links","Slider"],"inLanguage":"pt-BR","potentialAction":[{"@type":"CommentAction","name":"Comment","target":["https:\/\/www.ronaldocorreiadebrito.com.br\/site2\/2021\/06\/dor-dor-dor-ate-quando\/#respond"]}]},{"@type":"WebPage","@id":"https:\/\/www.ronaldocorreiadebrito.com.br\/site2\/2021\/06\/dor-dor-dor-ate-quando\/","url":"https:\/\/www.ronaldocorreiadebrito.com.br\/site2\/2021\/06\/dor-dor-dor-ate-quando\/","name":"Dor, dor, dor... at\u00e9 quando? | Ronaldo Correia de Brito | site oficial","isPartOf":{"@id":"https:\/\/www.ronaldocorreiadebrito.com.br\/site2\/#website"},"primaryImageOfPage":{"@id":"https:\/\/www.ronaldocorreiadebrito.com.br\/site2\/2021\/06\/dor-dor-dor-ate-quando\/#primaryimage"},"image":{"@id":"https:\/\/www.ronaldocorreiadebrito.com.br\/site2\/2021\/06\/dor-dor-dor-ate-quando\/#primaryimage"},"thumbnailUrl":"https:\/\/www.ronaldocorreiadebrito.com.br\/site2\/wp-content\/uploads\/2021\/06\/depressao-dor-na-alma.jpeg","datePublished":"2021-06-29T14:22:39+00:00","dateModified":"2021-06-29T17:23:47+00:00","author":{"@id":"https:\/\/www.ronaldocorreiadebrito.com.br\/site2\/#\/schema\/person\/99a164d0eaaff7f78b11899bc7d5e7c9"},"breadcrumb":{"@id":"https:\/\/www.ronaldocorreiadebrito.com.br\/site2\/2021\/06\/dor-dor-dor-ate-quando\/#breadcrumb"},"inLanguage":"pt-BR","potentialAction":[{"@type":"ReadAction","target":["https:\/\/www.ronaldocorreiadebrito.com.br\/site2\/2021\/06\/dor-dor-dor-ate-quando\/"]}]},{"@type":"ImageObject","inLanguage":"pt-BR","@id":"https:\/\/www.ronaldocorreiadebrito.com.br\/site2\/2021\/06\/dor-dor-dor-ate-quando\/#primaryimage","url":"https:\/\/www.ronaldocorreiadebrito.com.br\/site2\/wp-content\/uploads\/2021\/06\/depressao-dor-na-alma.jpeg","contentUrl":"https:\/\/www.ronaldocorreiadebrito.com.br\/site2\/wp-content\/uploads\/2021\/06\/depressao-dor-na-alma.jpeg","width":766,"height":400},{"@type":"BreadcrumbList","@id":"https:\/\/www.ronaldocorreiadebrito.com.br\/site2\/2021\/06\/dor-dor-dor-ate-quando\/#breadcrumb","itemListElement":[{"@type":"ListItem","position":1,"name":"In\u00edcio","item":"https:\/\/www.ronaldocorreiadebrito.com.br\/site2\/"},{"@type":"ListItem","position":2,"name":"Dor, dor, dor&#8230; at\u00e9 quando?"}]},{"@type":"WebSite","@id":"https:\/\/www.ronaldocorreiadebrito.com.br\/site2\/#website","url":"https:\/\/www.ronaldocorreiadebrito.com.br\/site2\/","name":"Ronaldo Correia de Brito | site oficial","description":"Site oficial do escritor Ronaldo Correia de Brito","potentialAction":[{"@type":"SearchAction","target":{"@type":"EntryPoint","urlTemplate":"https:\/\/www.ronaldocorreiadebrito.com.br\/site2\/?s={search_term_string}"},"query-input":{"@type":"PropertyValueSpecification","valueRequired":true,"valueName":"search_term_string"}}],"inLanguage":"pt-BR"},{"@type":"Person","@id":"https:\/\/www.ronaldocorreiadebrito.com.br\/site2\/#\/schema\/person\/99a164d0eaaff7f78b11899bc7d5e7c9","name":"admin","url":"https:\/\/www.ronaldocorreiadebrito.com.br\/site2\/author\/admin\/"}]}},"wps_subtitle":"","_links":{"self":[{"href":"https:\/\/www.ronaldocorreiadebrito.com.br\/site2\/wp-json\/wp\/v2\/posts\/1690","targetHints":{"allow":["GET"]}}],"collection":[{"href":"https:\/\/www.ronaldocorreiadebrito.com.br\/site2\/wp-json\/wp\/v2\/posts"}],"about":[{"href":"https:\/\/www.ronaldocorreiadebrito.com.br\/site2\/wp-json\/wp\/v2\/types\/post"}],"author":[{"embeddable":true,"href":"https:\/\/www.ronaldocorreiadebrito.com.br\/site2\/wp-json\/wp\/v2\/users\/1"}],"replies":[{"embeddable":true,"href":"https:\/\/www.ronaldocorreiadebrito.com.br\/site2\/wp-json\/wp\/v2\/comments?post=1690"}],"version-history":[{"count":0,"href":"https:\/\/www.ronaldocorreiadebrito.com.br\/site2\/wp-json\/wp\/v2\/posts\/1690\/revisions"}],"wp:featuredmedia":[{"embeddable":true,"href":"https:\/\/www.ronaldocorreiadebrito.com.br\/site2\/wp-json\/wp\/v2\/media\/1691"}],"wp:attachment":[{"href":"https:\/\/www.ronaldocorreiadebrito.com.br\/site2\/wp-json\/wp\/v2\/media?parent=1690"}],"wp:term":[{"taxonomy":"category","embeddable":true,"href":"https:\/\/www.ronaldocorreiadebrito.com.br\/site2\/wp-json\/wp\/v2\/categories?post=1690"},{"taxonomy":"post_tag","embeddable":true,"href":"https:\/\/www.ronaldocorreiadebrito.com.br\/site2\/wp-json\/wp\/v2\/tags?post=1690"}],"curies":[{"name":"wp","href":"https:\/\/api.w.org\/{rel}","templated":true}]}}