{"id":1659,"date":"2021-05-11T12:20:03","date_gmt":"2021-05-11T15:20:03","guid":{"rendered":"https:\/\/www.ronaldocorreiadebrito.com.br\/site2\/?p=1659"},"modified":"2021-05-11T12:20:03","modified_gmt":"2021-05-11T15:20:03","slug":"assim-nao-fazemos-nada","status":"publish","type":"post","link":"https:\/\/www.ronaldocorreiadebrito.com.br\/site2\/2021\/05\/assim-nao-fazemos-nada\/","title":{"rendered":"Assim n\u00e3o fazemos nada"},"content":{"rendered":"<p class=\"p1\"><span class=\"s1\">Num domingo \u00e0 tarde sa\u00ed a passeio pelo centro de Genebra. Numa rua, pessoas portando cartazes pediam abra\u00e7os. Fiquei chocado com o apelo. Nunca imaginei que nosso isolamento humano levaria a esse tipo de s\u00faplica. Felizmente, pensei, no Brasil isso nunca acontecer\u00e1.<\/span><\/p>\n<p class=\"p1\"><span class=\"s1\">Aconteceu.<\/span><\/p>\n<p class=\"p1\"><span class=\"s1\">Sinto-me carente de abra\u00e7os e n\u00e3o adianta sair \u00e0 rua com um cartaz, porque ningu\u00e9m que siga o protocolo de controle da pandemia ir\u00e1 me atender. H\u00e1 uma lei e uma \u00e9tica sanit\u00e1ria que pro\u00edbe os abra\u00e7os.<\/span><\/p>\n<p class=\"p1\"><span class=\"s1\">Durante a Inquisi\u00e7\u00e3o, o terror era exercido pela Igreja com a amea\u00e7a do Inferno. Transgredir a lei podia levar \u00e0 fogueira na Terra e a queimar para sempre nos Infernos.<\/span><\/p>\n<p class=\"p1\"><span class=\"s1\">Abra\u00e7ar tornou-se crime sanit\u00e1rio, uma proibi\u00e7\u00e3o do Estado e da Organiza\u00e7\u00e3o Mundial de Sa\u00fade. Ningu\u00e9m vai preso, mas \u00e9 culposo. Podemos contrair a Covid-19 ou contaminar outras pessoas.<\/span><\/p>\n<p class=\"p1\"><span class=\"s1\">\u00c9 bem complexo. O isolamento por medidas sanit\u00e1rias est\u00e1 sendo bom para os regimes de for\u00e7a. No Brasil, ningu\u00e9m sai \u00e0s ruas em protesto, aconte\u00e7a o que acontecer. Fomos amorda\u00e7ados com m\u00e1scaras e acorrentados pelo medo.<\/span><\/p>\n<p class=\"p1\"><span class=\"s1\">As medidas sanit\u00e1rias servem \u00e0 preven\u00e7\u00e3o da Covid e a quem deseja que fiquemos parados, inativos, dando sinais de vida apenas pelas redes sociais.<\/span><\/p>\n<p class=\"p1\"><span class=\"s1\">Trata-se de um novo tipo de encarceramento, eficaz e \u00fatil ao poder manipulador.<\/span><\/p>\n<p class=\"p1\"><span class=\"s1\">A imprensa esclarece, mas tamb\u00e9m serve ao terror.<\/span><\/p>\n<p class=\"p1\"><span class=\"s1\">Ainda n\u00e3o compreendi a que mundo chegaremos. N\u00e3o sei aonde querem nos levar. <\/span><\/p>\n<p class=\"p1\"><span class=\"s1\">A sensa\u00e7\u00e3o \u00e9 a de que deixei de ser um homem livre.<\/span><\/p>\n","protected":false},"excerpt":{"rendered":"<p>Num domingo \u00e0 tarde sa\u00ed a passeio pelo centro de Genebra. Numa rua, pessoas portando cartazes pediam abra\u00e7os. Fiquei chocado com o apelo. Nunca imaginei que nosso isolamento humano levaria a esse tipo de s\u00faplica. Felizmente, pensei, no Brasil isso nunca acontecer\u00e1. Aconteceu. Sinto-me carente&#8230;<\/p>\n","protected":false},"author":1,"featured_media":1660,"comment_status":"open","ping_status":"closed","sticky":false,"template":"","format":"standard","meta":{"sfsi_plus_gutenberg_text_before_share":"","sfsi_plus_gutenberg_show_text_before_share":"","sfsi_plus_gutenberg_icon_type":"","sfsi_plus_gutenberg_icon_alignemt":"","sfsi_plus_gutenburg_max_per_row":"","footnotes":""},"categories":[8,46,45],"tags":[],"class_list":["post-1659","post","type-post","status-publish","format-standard","has-post-thumbnail","hentry","category-blog","category-links","category-slider"],"yoast_head":"<!-- This site is optimized with the Yoast SEO plugin v27.4 - https:\/\/yoast.com\/product\/yoast-seo-wordpress\/ -->\n<title>Assim n\u00e3o fazemos nada | Ronaldo Correia de Brito | site oficial<\/title>\n<meta name=\"robots\" content=\"index, follow, max-snippet:-1, max-image-preview:large, max-video-preview:-1\" \/>\n<link rel=\"canonical\" href=\"https:\/\/www.ronaldocorreiadebrito.com.br\/site2\/2021\/05\/assim-nao-fazemos-nada\/\" \/>\n<meta property=\"og:locale\" content=\"pt_BR\" \/>\n<meta property=\"og:type\" content=\"article\" \/>\n<meta property=\"og:title\" content=\"Assim n\u00e3o fazemos nada | Ronaldo Correia de Brito | site oficial\" \/>\n<meta property=\"og:description\" content=\"Num domingo \u00e0 tarde sa\u00ed a passeio pelo centro de Genebra. Numa rua, pessoas portando cartazes pediam abra\u00e7os. Fiquei chocado com o apelo. Nunca imaginei que nosso isolamento humano levaria a esse tipo de s\u00faplica. Felizmente, pensei, no Brasil isso nunca acontecer\u00e1. Aconteceu. Sinto-me carente...\" \/>\n<meta property=\"og:url\" content=\"https:\/\/www.ronaldocorreiadebrito.com.br\/site2\/2021\/05\/assim-nao-fazemos-nada\/\" \/>\n<meta property=\"og:site_name\" content=\"Ronaldo Correia de Brito | site oficial\" \/>\n<meta property=\"article:publisher\" content=\"https:\/\/www.facebook.com\/ronaldocorreiadebrito.oficial\" \/>\n<meta property=\"article:published_time\" content=\"2021-05-11T15:20:03+00:00\" \/>\n<meta property=\"og:image\" content=\"https:\/\/www.ronaldocorreiadebrito.com.br\/site2\/wp-content\/uploads\/2021\/05\/19245457.jpeg\" \/>\n\t<meta property=\"og:image:width\" content=\"700\" \/>\n\t<meta property=\"og:image:height\" content=\"466\" \/>\n\t<meta property=\"og:image:type\" content=\"image\/jpeg\" \/>\n<meta name=\"author\" content=\"admin\" \/>\n<meta name=\"twitter:card\" content=\"summary_large_image\" \/>\n<meta name=\"twitter:label1\" content=\"Escrito por\" \/>\n\t<meta name=\"twitter:data1\" content=\"admin\" \/>\n\t<meta name=\"twitter:label2\" content=\"Est. tempo de leitura\" \/>\n\t<meta name=\"twitter:data2\" content=\"1 minuto\" \/>\n<script type=\"application\/ld+json\" class=\"yoast-schema-graph\">{\"@context\":\"https:\\\/\\\/schema.org\",\"@graph\":[{\"@type\":\"Article\",\"@id\":\"https:\\\/\\\/www.ronaldocorreiadebrito.com.br\\\/site2\\\/2021\\\/05\\\/assim-nao-fazemos-nada\\\/#article\",\"isPartOf\":{\"@id\":\"https:\\\/\\\/www.ronaldocorreiadebrito.com.br\\\/site2\\\/2021\\\/05\\\/assim-nao-fazemos-nada\\\/\"},\"author\":{\"name\":\"admin\",\"@id\":\"https:\\\/\\\/www.ronaldocorreiadebrito.com.br\\\/site2\\\/#\\\/schema\\\/person\\\/99a164d0eaaff7f78b11899bc7d5e7c9\"},\"headline\":\"Assim n\u00e3o fazemos nada\",\"datePublished\":\"2021-05-11T15:20:03+00:00\",\"mainEntityOfPage\":{\"@id\":\"https:\\\/\\\/www.ronaldocorreiadebrito.com.br\\\/site2\\\/2021\\\/05\\\/assim-nao-fazemos-nada\\\/\"},\"wordCount\":270,\"commentCount\":0,\"image\":{\"@id\":\"https:\\\/\\\/www.ronaldocorreiadebrito.com.br\\\/site2\\\/2021\\\/05\\\/assim-nao-fazemos-nada\\\/#primaryimage\"},\"thumbnailUrl\":\"https:\\\/\\\/www.ronaldocorreiadebrito.com.br\\\/site2\\\/wp-content\\\/uploads\\\/2021\\\/05\\\/19245457.jpeg\",\"articleSection\":[\"Blog\",\"Links\",\"Slider\"],\"inLanguage\":\"pt-BR\",\"potentialAction\":[{\"@type\":\"CommentAction\",\"name\":\"Comment\",\"target\":[\"https:\\\/\\\/www.ronaldocorreiadebrito.com.br\\\/site2\\\/2021\\\/05\\\/assim-nao-fazemos-nada\\\/#respond\"]}]},{\"@type\":\"WebPage\",\"@id\":\"https:\\\/\\\/www.ronaldocorreiadebrito.com.br\\\/site2\\\/2021\\\/05\\\/assim-nao-fazemos-nada\\\/\",\"url\":\"https:\\\/\\\/www.ronaldocorreiadebrito.com.br\\\/site2\\\/2021\\\/05\\\/assim-nao-fazemos-nada\\\/\",\"name\":\"Assim n\u00e3o fazemos nada | Ronaldo Correia de Brito | site oficial\",\"isPartOf\":{\"@id\":\"https:\\\/\\\/www.ronaldocorreiadebrito.com.br\\\/site2\\\/#website\"},\"primaryImageOfPage\":{\"@id\":\"https:\\\/\\\/www.ronaldocorreiadebrito.com.br\\\/site2\\\/2021\\\/05\\\/assim-nao-fazemos-nada\\\/#primaryimage\"},\"image\":{\"@id\":\"https:\\\/\\\/www.ronaldocorreiadebrito.com.br\\\/site2\\\/2021\\\/05\\\/assim-nao-fazemos-nada\\\/#primaryimage\"},\"thumbnailUrl\":\"https:\\\/\\\/www.ronaldocorreiadebrito.com.br\\\/site2\\\/wp-content\\\/uploads\\\/2021\\\/05\\\/19245457.jpeg\",\"datePublished\":\"2021-05-11T15:20:03+00:00\",\"author\":{\"@id\":\"https:\\\/\\\/www.ronaldocorreiadebrito.com.br\\\/site2\\\/#\\\/schema\\\/person\\\/99a164d0eaaff7f78b11899bc7d5e7c9\"},\"breadcrumb\":{\"@id\":\"https:\\\/\\\/www.ronaldocorreiadebrito.com.br\\\/site2\\\/2021\\\/05\\\/assim-nao-fazemos-nada\\\/#breadcrumb\"},\"inLanguage\":\"pt-BR\",\"potentialAction\":[{\"@type\":\"ReadAction\",\"target\":[\"https:\\\/\\\/www.ronaldocorreiadebrito.com.br\\\/site2\\\/2021\\\/05\\\/assim-nao-fazemos-nada\\\/\"]}]},{\"@type\":\"ImageObject\",\"inLanguage\":\"pt-BR\",\"@id\":\"https:\\\/\\\/www.ronaldocorreiadebrito.com.br\\\/site2\\\/2021\\\/05\\\/assim-nao-fazemos-nada\\\/#primaryimage\",\"url\":\"https:\\\/\\\/www.ronaldocorreiadebrito.com.br\\\/site2\\\/wp-content\\\/uploads\\\/2021\\\/05\\\/19245457.jpeg\",\"contentUrl\":\"https:\\\/\\\/www.ronaldocorreiadebrito.com.br\\\/site2\\\/wp-content\\\/uploads\\\/2021\\\/05\\\/19245457.jpeg\",\"width\":700,\"height\":466},{\"@type\":\"BreadcrumbList\",\"@id\":\"https:\\\/\\\/www.ronaldocorreiadebrito.com.br\\\/site2\\\/2021\\\/05\\\/assim-nao-fazemos-nada\\\/#breadcrumb\",\"itemListElement\":[{\"@type\":\"ListItem\",\"position\":1,\"name\":\"In\u00edcio\",\"item\":\"https:\\\/\\\/www.ronaldocorreiadebrito.com.br\\\/site2\\\/\"},{\"@type\":\"ListItem\",\"position\":2,\"name\":\"Assim n\u00e3o fazemos nada\"}]},{\"@type\":\"WebSite\",\"@id\":\"https:\\\/\\\/www.ronaldocorreiadebrito.com.br\\\/site2\\\/#website\",\"url\":\"https:\\\/\\\/www.ronaldocorreiadebrito.com.br\\\/site2\\\/\",\"name\":\"Ronaldo Correia de Brito | site oficial\",\"description\":\"Site oficial do escritor Ronaldo Correia de Brito\",\"potentialAction\":[{\"@type\":\"SearchAction\",\"target\":{\"@type\":\"EntryPoint\",\"urlTemplate\":\"https:\\\/\\\/www.ronaldocorreiadebrito.com.br\\\/site2\\\/?s={search_term_string}\"},\"query-input\":{\"@type\":\"PropertyValueSpecification\",\"valueRequired\":true,\"valueName\":\"search_term_string\"}}],\"inLanguage\":\"pt-BR\"},{\"@type\":\"Person\",\"@id\":\"https:\\\/\\\/www.ronaldocorreiadebrito.com.br\\\/site2\\\/#\\\/schema\\\/person\\\/99a164d0eaaff7f78b11899bc7d5e7c9\",\"name\":\"admin\",\"url\":\"https:\\\/\\\/www.ronaldocorreiadebrito.com.br\\\/site2\\\/author\\\/admin\\\/\"}]}<\/script>\n<!-- \/ Yoast SEO plugin. -->","yoast_head_json":{"title":"Assim n\u00e3o fazemos nada | Ronaldo Correia de Brito | site oficial","robots":{"index":"index","follow":"follow","max-snippet":"max-snippet:-1","max-image-preview":"max-image-preview:large","max-video-preview":"max-video-preview:-1"},"canonical":"https:\/\/www.ronaldocorreiadebrito.com.br\/site2\/2021\/05\/assim-nao-fazemos-nada\/","og_locale":"pt_BR","og_type":"article","og_title":"Assim n\u00e3o fazemos nada | Ronaldo Correia de Brito | site oficial","og_description":"Num domingo \u00e0 tarde sa\u00ed a passeio pelo centro de Genebra. Numa rua, pessoas portando cartazes pediam abra\u00e7os. Fiquei chocado com o apelo. Nunca imaginei que nosso isolamento humano levaria a esse tipo de s\u00faplica. Felizmente, pensei, no Brasil isso nunca acontecer\u00e1. Aconteceu. Sinto-me carente...","og_url":"https:\/\/www.ronaldocorreiadebrito.com.br\/site2\/2021\/05\/assim-nao-fazemos-nada\/","og_site_name":"Ronaldo Correia de Brito | site oficial","article_publisher":"https:\/\/www.facebook.com\/ronaldocorreiadebrito.oficial","article_published_time":"2021-05-11T15:20:03+00:00","og_image":[{"width":700,"height":466,"url":"https:\/\/www.ronaldocorreiadebrito.com.br\/site2\/wp-content\/uploads\/2021\/05\/19245457.jpeg","type":"image\/jpeg"}],"author":"admin","twitter_card":"summary_large_image","twitter_misc":{"Escrito por":"admin","Est. tempo de leitura":"1 minuto"},"schema":{"@context":"https:\/\/schema.org","@graph":[{"@type":"Article","@id":"https:\/\/www.ronaldocorreiadebrito.com.br\/site2\/2021\/05\/assim-nao-fazemos-nada\/#article","isPartOf":{"@id":"https:\/\/www.ronaldocorreiadebrito.com.br\/site2\/2021\/05\/assim-nao-fazemos-nada\/"},"author":{"name":"admin","@id":"https:\/\/www.ronaldocorreiadebrito.com.br\/site2\/#\/schema\/person\/99a164d0eaaff7f78b11899bc7d5e7c9"},"headline":"Assim n\u00e3o fazemos nada","datePublished":"2021-05-11T15:20:03+00:00","mainEntityOfPage":{"@id":"https:\/\/www.ronaldocorreiadebrito.com.br\/site2\/2021\/05\/assim-nao-fazemos-nada\/"},"wordCount":270,"commentCount":0,"image":{"@id":"https:\/\/www.ronaldocorreiadebrito.com.br\/site2\/2021\/05\/assim-nao-fazemos-nada\/#primaryimage"},"thumbnailUrl":"https:\/\/www.ronaldocorreiadebrito.com.br\/site2\/wp-content\/uploads\/2021\/05\/19245457.jpeg","articleSection":["Blog","Links","Slider"],"inLanguage":"pt-BR","potentialAction":[{"@type":"CommentAction","name":"Comment","target":["https:\/\/www.ronaldocorreiadebrito.com.br\/site2\/2021\/05\/assim-nao-fazemos-nada\/#respond"]}]},{"@type":"WebPage","@id":"https:\/\/www.ronaldocorreiadebrito.com.br\/site2\/2021\/05\/assim-nao-fazemos-nada\/","url":"https:\/\/www.ronaldocorreiadebrito.com.br\/site2\/2021\/05\/assim-nao-fazemos-nada\/","name":"Assim n\u00e3o fazemos nada | Ronaldo Correia de Brito | site oficial","isPartOf":{"@id":"https:\/\/www.ronaldocorreiadebrito.com.br\/site2\/#website"},"primaryImageOfPage":{"@id":"https:\/\/www.ronaldocorreiadebrito.com.br\/site2\/2021\/05\/assim-nao-fazemos-nada\/#primaryimage"},"image":{"@id":"https:\/\/www.ronaldocorreiadebrito.com.br\/site2\/2021\/05\/assim-nao-fazemos-nada\/#primaryimage"},"thumbnailUrl":"https:\/\/www.ronaldocorreiadebrito.com.br\/site2\/wp-content\/uploads\/2021\/05\/19245457.jpeg","datePublished":"2021-05-11T15:20:03+00:00","author":{"@id":"https:\/\/www.ronaldocorreiadebrito.com.br\/site2\/#\/schema\/person\/99a164d0eaaff7f78b11899bc7d5e7c9"},"breadcrumb":{"@id":"https:\/\/www.ronaldocorreiadebrito.com.br\/site2\/2021\/05\/assim-nao-fazemos-nada\/#breadcrumb"},"inLanguage":"pt-BR","potentialAction":[{"@type":"ReadAction","target":["https:\/\/www.ronaldocorreiadebrito.com.br\/site2\/2021\/05\/assim-nao-fazemos-nada\/"]}]},{"@type":"ImageObject","inLanguage":"pt-BR","@id":"https:\/\/www.ronaldocorreiadebrito.com.br\/site2\/2021\/05\/assim-nao-fazemos-nada\/#primaryimage","url":"https:\/\/www.ronaldocorreiadebrito.com.br\/site2\/wp-content\/uploads\/2021\/05\/19245457.jpeg","contentUrl":"https:\/\/www.ronaldocorreiadebrito.com.br\/site2\/wp-content\/uploads\/2021\/05\/19245457.jpeg","width":700,"height":466},{"@type":"BreadcrumbList","@id":"https:\/\/www.ronaldocorreiadebrito.com.br\/site2\/2021\/05\/assim-nao-fazemos-nada\/#breadcrumb","itemListElement":[{"@type":"ListItem","position":1,"name":"In\u00edcio","item":"https:\/\/www.ronaldocorreiadebrito.com.br\/site2\/"},{"@type":"ListItem","position":2,"name":"Assim n\u00e3o fazemos nada"}]},{"@type":"WebSite","@id":"https:\/\/www.ronaldocorreiadebrito.com.br\/site2\/#website","url":"https:\/\/www.ronaldocorreiadebrito.com.br\/site2\/","name":"Ronaldo Correia de Brito | site oficial","description":"Site oficial do escritor Ronaldo Correia de Brito","potentialAction":[{"@type":"SearchAction","target":{"@type":"EntryPoint","urlTemplate":"https:\/\/www.ronaldocorreiadebrito.com.br\/site2\/?s={search_term_string}"},"query-input":{"@type":"PropertyValueSpecification","valueRequired":true,"valueName":"search_term_string"}}],"inLanguage":"pt-BR"},{"@type":"Person","@id":"https:\/\/www.ronaldocorreiadebrito.com.br\/site2\/#\/schema\/person\/99a164d0eaaff7f78b11899bc7d5e7c9","name":"admin","url":"https:\/\/www.ronaldocorreiadebrito.com.br\/site2\/author\/admin\/"}]}},"wps_subtitle":"","_links":{"self":[{"href":"https:\/\/www.ronaldocorreiadebrito.com.br\/site2\/wp-json\/wp\/v2\/posts\/1659","targetHints":{"allow":["GET"]}}],"collection":[{"href":"https:\/\/www.ronaldocorreiadebrito.com.br\/site2\/wp-json\/wp\/v2\/posts"}],"about":[{"href":"https:\/\/www.ronaldocorreiadebrito.com.br\/site2\/wp-json\/wp\/v2\/types\/post"}],"author":[{"embeddable":true,"href":"https:\/\/www.ronaldocorreiadebrito.com.br\/site2\/wp-json\/wp\/v2\/users\/1"}],"replies":[{"embeddable":true,"href":"https:\/\/www.ronaldocorreiadebrito.com.br\/site2\/wp-json\/wp\/v2\/comments?post=1659"}],"version-history":[{"count":0,"href":"https:\/\/www.ronaldocorreiadebrito.com.br\/site2\/wp-json\/wp\/v2\/posts\/1659\/revisions"}],"wp:featuredmedia":[{"embeddable":true,"href":"https:\/\/www.ronaldocorreiadebrito.com.br\/site2\/wp-json\/wp\/v2\/media\/1660"}],"wp:attachment":[{"href":"https:\/\/www.ronaldocorreiadebrito.com.br\/site2\/wp-json\/wp\/v2\/media?parent=1659"}],"wp:term":[{"taxonomy":"category","embeddable":true,"href":"https:\/\/www.ronaldocorreiadebrito.com.br\/site2\/wp-json\/wp\/v2\/categories?post=1659"},{"taxonomy":"post_tag","embeddable":true,"href":"https:\/\/www.ronaldocorreiadebrito.com.br\/site2\/wp-json\/wp\/v2\/tags?post=1659"}],"curies":[{"name":"wp","href":"https:\/\/api.w.org\/{rel}","templated":true}]}}