{"id":1654,"date":"2021-05-02T22:37:03","date_gmt":"2021-05-03T01:37:03","guid":{"rendered":"https:\/\/www.ronaldocorreiadebrito.com.br\/site2\/?p=1654"},"modified":"2021-05-03T09:57:22","modified_gmt":"2021-05-03T12:57:22","slug":"sou-o-meu-carcereiro","status":"publish","type":"post","link":"https:\/\/www.ronaldocorreiadebrito.com.br\/site2\/2021\/05\/sou-o-meu-carcereiro\/","title":{"rendered":"Sou o meu carcereiro"},"content":{"rendered":"<p>Minha av\u00f3 morava em sua propriedade Boqueir\u00e3o, distante apenas 24 quil\u00f4metros da cidade de Crato. Bem perto, hoje. Mas nas d\u00e9cadas de 1950 e 60, quando eu viajava de f\u00e9rias, o percurso poderia durar tr\u00eas horas, nos meses de chuva.<\/p>\n<p>Dona D\u00e1lia ficava anos sem ir \u00e0 cidade, onde residiam alguns de seus irm\u00e3os e filhos. Gostava da fam\u00edlia, de igrejas, rezas e missas, mas n\u00e3o apreciava viajar. A imagem do Cora\u00e7\u00e3o de Jesus na parede e o ros\u00e1rio pendurado ao pesco\u00e7o supriam a necessidade religiosa; uma filha ao lado de casa, bastava \u00e0 car\u00eancia afetiva.<\/p>\n<p>Vov\u00f3 tinha toda a liberdade do mundo para ir onde quisesse. Nada a impedia. Mas ficava em retiro nas suas terras, quase sempre sozinha, porque desejava.<\/p>\n<p>\u2013 N\u00e3o vou, dizia.<\/p>\n<p>E se plantava ali, repetindo os dias e as horas iguais, na mais pura contempla\u00e7\u00e3o e serenidade. Depois de meses na sua companhia, eu tamb\u00e9m n\u00e3o sentia vontade de retornar ao mundo de onde viera.<\/p>\n<p>Programei viajar ao Crato, em mar\u00e7o de 2020. Precisava visitar lugares para a escrita do meu novo romance. Veio a pandemia e as fronteiras se fecharam. Ainda n\u00e3o fui. Ser\u00e1 que irei algum dia? Sonho com cidades, mas n\u00e3o transponho os limites do Recife onde moro. Sou meu pr\u00f3prio carcereiro, obediente a leis de confinamento que n\u00e3o proclamei.<\/p>\n<p>A met\u00e1fora da pandemia consiste em escolher entre a loucura por confinamento e a sanidade ao ganhar o mundo e contagiar-se. Parece a hist\u00f3ria de quando o filho abandona a casa do pai e ele pergunta: Quer pouco dinheiro e minha b\u00ean\u00e7\u00e3o ou muito dinheiro e a maldi\u00e7\u00e3o? Correr risco \u00e9 necess\u00e1rio para se crescer.<\/p>\n<p>O isolamento de Dona D\u00e1lia, nas terras do Boqueir\u00e3o, foi escolha dela pr\u00f3pria. O resguardo em que vivo \u00e9 escolha minha e de uma vontade fora mim, um poder que me escapa.<\/p>\n<p>Pior do que eu est\u00e3o os que n\u00e3o t\u00eam nenhum dinheiro e foram amaldi\u00e7oados.<\/p>\n","protected":false},"excerpt":{"rendered":"<p>Minha av\u00f3 morava em sua propriedade Boqueir\u00e3o, distante apenas 24 quil\u00f4metros da cidade de Crato. Bem perto, hoje. Mas nas d\u00e9cadas de 1950 e 60, quando eu viajava de f\u00e9rias, o percurso poderia durar tr\u00eas horas, nos meses de chuva. Dona D\u00e1lia ficava anos sem&#8230;<\/p>\n","protected":false},"author":1,"featured_media":1655,"comment_status":"open","ping_status":"closed","sticky":false,"template":"","format":"standard","meta":{"sfsi_plus_gutenberg_text_before_share":"","sfsi_plus_gutenberg_show_text_before_share":"","sfsi_plus_gutenberg_icon_type":"","sfsi_plus_gutenberg_icon_alignemt":"","sfsi_plus_gutenburg_max_per_row":"","footnotes":""},"categories":[8,46,45],"tags":[],"class_list":["post-1654","post","type-post","status-publish","format-standard","has-post-thumbnail","hentry","category-blog","category-links","category-slider"],"yoast_head":"<!-- This site is optimized with the Yoast SEO plugin v27.4 - https:\/\/yoast.com\/product\/yoast-seo-wordpress\/ -->\n<title>Sou o meu carcereiro | Ronaldo Correia de Brito | site oficial<\/title>\n<meta name=\"robots\" content=\"index, follow, max-snippet:-1, max-image-preview:large, max-video-preview:-1\" \/>\n<link rel=\"canonical\" href=\"https:\/\/www.ronaldocorreiadebrito.com.br\/site2\/2021\/05\/sou-o-meu-carcereiro\/\" \/>\n<meta property=\"og:locale\" content=\"pt_BR\" \/>\n<meta property=\"og:type\" content=\"article\" \/>\n<meta property=\"og:title\" content=\"Sou o meu carcereiro | Ronaldo Correia de Brito | site oficial\" \/>\n<meta property=\"og:description\" content=\"Minha av\u00f3 morava em sua propriedade Boqueir\u00e3o, distante apenas 24 quil\u00f4metros da cidade de Crato. Bem perto, hoje. Mas nas d\u00e9cadas de 1950 e 60, quando eu viajava de f\u00e9rias, o percurso poderia durar tr\u00eas horas, nos meses de chuva. Dona D\u00e1lia ficava anos sem...\" \/>\n<meta property=\"og:url\" content=\"https:\/\/www.ronaldocorreiadebrito.com.br\/site2\/2021\/05\/sou-o-meu-carcereiro\/\" \/>\n<meta property=\"og:site_name\" content=\"Ronaldo Correia de Brito | site oficial\" \/>\n<meta property=\"article:publisher\" content=\"https:\/\/www.facebook.com\/ronaldocorreiadebrito.oficial\" \/>\n<meta property=\"article:published_time\" content=\"2021-05-03T01:37:03+00:00\" \/>\n<meta property=\"article:modified_time\" content=\"2021-05-03T12:57:22+00:00\" \/>\n<meta property=\"og:image\" content=\"https:\/\/www.ronaldocorreiadebrito.com.br\/site2\/wp-content\/uploads\/2021\/05\/rodrigo-lombardi-e-o-protagonista-da-serie-carcereiros-1524690922253_v2_1920x1275.jpeg\" \/>\n\t<meta property=\"og:image:width\" content=\"1920\" \/>\n\t<meta property=\"og:image:height\" content=\"1275\" \/>\n\t<meta property=\"og:image:type\" content=\"image\/jpeg\" \/>\n<meta name=\"author\" content=\"admin\" \/>\n<meta name=\"twitter:card\" content=\"summary_large_image\" \/>\n<meta name=\"twitter:label1\" content=\"Escrito por\" \/>\n\t<meta name=\"twitter:data1\" content=\"admin\" \/>\n\t<meta name=\"twitter:label2\" content=\"Est. tempo de leitura\" \/>\n\t<meta name=\"twitter:data2\" content=\"2 minutos\" \/>\n<script type=\"application\/ld+json\" class=\"yoast-schema-graph\">{\"@context\":\"https:\\\/\\\/schema.org\",\"@graph\":[{\"@type\":\"Article\",\"@id\":\"https:\\\/\\\/www.ronaldocorreiadebrito.com.br\\\/site2\\\/2021\\\/05\\\/sou-o-meu-carcereiro\\\/#article\",\"isPartOf\":{\"@id\":\"https:\\\/\\\/www.ronaldocorreiadebrito.com.br\\\/site2\\\/2021\\\/05\\\/sou-o-meu-carcereiro\\\/\"},\"author\":{\"name\":\"admin\",\"@id\":\"https:\\\/\\\/www.ronaldocorreiadebrito.com.br\\\/site2\\\/#\\\/schema\\\/person\\\/99a164d0eaaff7f78b11899bc7d5e7c9\"},\"headline\":\"Sou o meu carcereiro\",\"datePublished\":\"2021-05-03T01:37:03+00:00\",\"dateModified\":\"2021-05-03T12:57:22+00:00\",\"mainEntityOfPage\":{\"@id\":\"https:\\\/\\\/www.ronaldocorreiadebrito.com.br\\\/site2\\\/2021\\\/05\\\/sou-o-meu-carcereiro\\\/\"},\"wordCount\":350,\"commentCount\":0,\"image\":{\"@id\":\"https:\\\/\\\/www.ronaldocorreiadebrito.com.br\\\/site2\\\/2021\\\/05\\\/sou-o-meu-carcereiro\\\/#primaryimage\"},\"thumbnailUrl\":\"https:\\\/\\\/www.ronaldocorreiadebrito.com.br\\\/site2\\\/wp-content\\\/uploads\\\/2021\\\/05\\\/rodrigo-lombardi-e-o-protagonista-da-serie-carcereiros-1524690922253_v2_1920x1275.jpeg\",\"articleSection\":[\"Blog\",\"Links\",\"Slider\"],\"inLanguage\":\"pt-BR\",\"potentialAction\":[{\"@type\":\"CommentAction\",\"name\":\"Comment\",\"target\":[\"https:\\\/\\\/www.ronaldocorreiadebrito.com.br\\\/site2\\\/2021\\\/05\\\/sou-o-meu-carcereiro\\\/#respond\"]}]},{\"@type\":\"WebPage\",\"@id\":\"https:\\\/\\\/www.ronaldocorreiadebrito.com.br\\\/site2\\\/2021\\\/05\\\/sou-o-meu-carcereiro\\\/\",\"url\":\"https:\\\/\\\/www.ronaldocorreiadebrito.com.br\\\/site2\\\/2021\\\/05\\\/sou-o-meu-carcereiro\\\/\",\"name\":\"Sou o meu carcereiro | Ronaldo Correia de Brito | site oficial\",\"isPartOf\":{\"@id\":\"https:\\\/\\\/www.ronaldocorreiadebrito.com.br\\\/site2\\\/#website\"},\"primaryImageOfPage\":{\"@id\":\"https:\\\/\\\/www.ronaldocorreiadebrito.com.br\\\/site2\\\/2021\\\/05\\\/sou-o-meu-carcereiro\\\/#primaryimage\"},\"image\":{\"@id\":\"https:\\\/\\\/www.ronaldocorreiadebrito.com.br\\\/site2\\\/2021\\\/05\\\/sou-o-meu-carcereiro\\\/#primaryimage\"},\"thumbnailUrl\":\"https:\\\/\\\/www.ronaldocorreiadebrito.com.br\\\/site2\\\/wp-content\\\/uploads\\\/2021\\\/05\\\/rodrigo-lombardi-e-o-protagonista-da-serie-carcereiros-1524690922253_v2_1920x1275.jpeg\",\"datePublished\":\"2021-05-03T01:37:03+00:00\",\"dateModified\":\"2021-05-03T12:57:22+00:00\",\"author\":{\"@id\":\"https:\\\/\\\/www.ronaldocorreiadebrito.com.br\\\/site2\\\/#\\\/schema\\\/person\\\/99a164d0eaaff7f78b11899bc7d5e7c9\"},\"breadcrumb\":{\"@id\":\"https:\\\/\\\/www.ronaldocorreiadebrito.com.br\\\/site2\\\/2021\\\/05\\\/sou-o-meu-carcereiro\\\/#breadcrumb\"},\"inLanguage\":\"pt-BR\",\"potentialAction\":[{\"@type\":\"ReadAction\",\"target\":[\"https:\\\/\\\/www.ronaldocorreiadebrito.com.br\\\/site2\\\/2021\\\/05\\\/sou-o-meu-carcereiro\\\/\"]}]},{\"@type\":\"ImageObject\",\"inLanguage\":\"pt-BR\",\"@id\":\"https:\\\/\\\/www.ronaldocorreiadebrito.com.br\\\/site2\\\/2021\\\/05\\\/sou-o-meu-carcereiro\\\/#primaryimage\",\"url\":\"https:\\\/\\\/www.ronaldocorreiadebrito.com.br\\\/site2\\\/wp-content\\\/uploads\\\/2021\\\/05\\\/rodrigo-lombardi-e-o-protagonista-da-serie-carcereiros-1524690922253_v2_1920x1275.jpeg\",\"contentUrl\":\"https:\\\/\\\/www.ronaldocorreiadebrito.com.br\\\/site2\\\/wp-content\\\/uploads\\\/2021\\\/05\\\/rodrigo-lombardi-e-o-protagonista-da-serie-carcereiros-1524690922253_v2_1920x1275.jpeg\",\"width\":1920,\"height\":1275},{\"@type\":\"BreadcrumbList\",\"@id\":\"https:\\\/\\\/www.ronaldocorreiadebrito.com.br\\\/site2\\\/2021\\\/05\\\/sou-o-meu-carcereiro\\\/#breadcrumb\",\"itemListElement\":[{\"@type\":\"ListItem\",\"position\":1,\"name\":\"In\u00edcio\",\"item\":\"https:\\\/\\\/www.ronaldocorreiadebrito.com.br\\\/site2\\\/\"},{\"@type\":\"ListItem\",\"position\":2,\"name\":\"Sou o meu carcereiro\"}]},{\"@type\":\"WebSite\",\"@id\":\"https:\\\/\\\/www.ronaldocorreiadebrito.com.br\\\/site2\\\/#website\",\"url\":\"https:\\\/\\\/www.ronaldocorreiadebrito.com.br\\\/site2\\\/\",\"name\":\"Ronaldo Correia de Brito | site oficial\",\"description\":\"Site oficial do escritor Ronaldo Correia de Brito\",\"potentialAction\":[{\"@type\":\"SearchAction\",\"target\":{\"@type\":\"EntryPoint\",\"urlTemplate\":\"https:\\\/\\\/www.ronaldocorreiadebrito.com.br\\\/site2\\\/?s={search_term_string}\"},\"query-input\":{\"@type\":\"PropertyValueSpecification\",\"valueRequired\":true,\"valueName\":\"search_term_string\"}}],\"inLanguage\":\"pt-BR\"},{\"@type\":\"Person\",\"@id\":\"https:\\\/\\\/www.ronaldocorreiadebrito.com.br\\\/site2\\\/#\\\/schema\\\/person\\\/99a164d0eaaff7f78b11899bc7d5e7c9\",\"name\":\"admin\",\"url\":\"https:\\\/\\\/www.ronaldocorreiadebrito.com.br\\\/site2\\\/author\\\/admin\\\/\"}]}<\/script>\n<!-- \/ Yoast SEO plugin. -->","yoast_head_json":{"title":"Sou o meu carcereiro | Ronaldo Correia de Brito | site oficial","robots":{"index":"index","follow":"follow","max-snippet":"max-snippet:-1","max-image-preview":"max-image-preview:large","max-video-preview":"max-video-preview:-1"},"canonical":"https:\/\/www.ronaldocorreiadebrito.com.br\/site2\/2021\/05\/sou-o-meu-carcereiro\/","og_locale":"pt_BR","og_type":"article","og_title":"Sou o meu carcereiro | Ronaldo Correia de Brito | site oficial","og_description":"Minha av\u00f3 morava em sua propriedade Boqueir\u00e3o, distante apenas 24 quil\u00f4metros da cidade de Crato. Bem perto, hoje. Mas nas d\u00e9cadas de 1950 e 60, quando eu viajava de f\u00e9rias, o percurso poderia durar tr\u00eas horas, nos meses de chuva. Dona D\u00e1lia ficava anos sem...","og_url":"https:\/\/www.ronaldocorreiadebrito.com.br\/site2\/2021\/05\/sou-o-meu-carcereiro\/","og_site_name":"Ronaldo Correia de Brito | site oficial","article_publisher":"https:\/\/www.facebook.com\/ronaldocorreiadebrito.oficial","article_published_time":"2021-05-03T01:37:03+00:00","article_modified_time":"2021-05-03T12:57:22+00:00","og_image":[{"width":1920,"height":1275,"url":"https:\/\/www.ronaldocorreiadebrito.com.br\/site2\/wp-content\/uploads\/2021\/05\/rodrigo-lombardi-e-o-protagonista-da-serie-carcereiros-1524690922253_v2_1920x1275.jpeg","type":"image\/jpeg"}],"author":"admin","twitter_card":"summary_large_image","twitter_misc":{"Escrito por":"admin","Est. tempo de leitura":"2 minutos"},"schema":{"@context":"https:\/\/schema.org","@graph":[{"@type":"Article","@id":"https:\/\/www.ronaldocorreiadebrito.com.br\/site2\/2021\/05\/sou-o-meu-carcereiro\/#article","isPartOf":{"@id":"https:\/\/www.ronaldocorreiadebrito.com.br\/site2\/2021\/05\/sou-o-meu-carcereiro\/"},"author":{"name":"admin","@id":"https:\/\/www.ronaldocorreiadebrito.com.br\/site2\/#\/schema\/person\/99a164d0eaaff7f78b11899bc7d5e7c9"},"headline":"Sou o meu carcereiro","datePublished":"2021-05-03T01:37:03+00:00","dateModified":"2021-05-03T12:57:22+00:00","mainEntityOfPage":{"@id":"https:\/\/www.ronaldocorreiadebrito.com.br\/site2\/2021\/05\/sou-o-meu-carcereiro\/"},"wordCount":350,"commentCount":0,"image":{"@id":"https:\/\/www.ronaldocorreiadebrito.com.br\/site2\/2021\/05\/sou-o-meu-carcereiro\/#primaryimage"},"thumbnailUrl":"https:\/\/www.ronaldocorreiadebrito.com.br\/site2\/wp-content\/uploads\/2021\/05\/rodrigo-lombardi-e-o-protagonista-da-serie-carcereiros-1524690922253_v2_1920x1275.jpeg","articleSection":["Blog","Links","Slider"],"inLanguage":"pt-BR","potentialAction":[{"@type":"CommentAction","name":"Comment","target":["https:\/\/www.ronaldocorreiadebrito.com.br\/site2\/2021\/05\/sou-o-meu-carcereiro\/#respond"]}]},{"@type":"WebPage","@id":"https:\/\/www.ronaldocorreiadebrito.com.br\/site2\/2021\/05\/sou-o-meu-carcereiro\/","url":"https:\/\/www.ronaldocorreiadebrito.com.br\/site2\/2021\/05\/sou-o-meu-carcereiro\/","name":"Sou o meu carcereiro | Ronaldo Correia de Brito | site oficial","isPartOf":{"@id":"https:\/\/www.ronaldocorreiadebrito.com.br\/site2\/#website"},"primaryImageOfPage":{"@id":"https:\/\/www.ronaldocorreiadebrito.com.br\/site2\/2021\/05\/sou-o-meu-carcereiro\/#primaryimage"},"image":{"@id":"https:\/\/www.ronaldocorreiadebrito.com.br\/site2\/2021\/05\/sou-o-meu-carcereiro\/#primaryimage"},"thumbnailUrl":"https:\/\/www.ronaldocorreiadebrito.com.br\/site2\/wp-content\/uploads\/2021\/05\/rodrigo-lombardi-e-o-protagonista-da-serie-carcereiros-1524690922253_v2_1920x1275.jpeg","datePublished":"2021-05-03T01:37:03+00:00","dateModified":"2021-05-03T12:57:22+00:00","author":{"@id":"https:\/\/www.ronaldocorreiadebrito.com.br\/site2\/#\/schema\/person\/99a164d0eaaff7f78b11899bc7d5e7c9"},"breadcrumb":{"@id":"https:\/\/www.ronaldocorreiadebrito.com.br\/site2\/2021\/05\/sou-o-meu-carcereiro\/#breadcrumb"},"inLanguage":"pt-BR","potentialAction":[{"@type":"ReadAction","target":["https:\/\/www.ronaldocorreiadebrito.com.br\/site2\/2021\/05\/sou-o-meu-carcereiro\/"]}]},{"@type":"ImageObject","inLanguage":"pt-BR","@id":"https:\/\/www.ronaldocorreiadebrito.com.br\/site2\/2021\/05\/sou-o-meu-carcereiro\/#primaryimage","url":"https:\/\/www.ronaldocorreiadebrito.com.br\/site2\/wp-content\/uploads\/2021\/05\/rodrigo-lombardi-e-o-protagonista-da-serie-carcereiros-1524690922253_v2_1920x1275.jpeg","contentUrl":"https:\/\/www.ronaldocorreiadebrito.com.br\/site2\/wp-content\/uploads\/2021\/05\/rodrigo-lombardi-e-o-protagonista-da-serie-carcereiros-1524690922253_v2_1920x1275.jpeg","width":1920,"height":1275},{"@type":"BreadcrumbList","@id":"https:\/\/www.ronaldocorreiadebrito.com.br\/site2\/2021\/05\/sou-o-meu-carcereiro\/#breadcrumb","itemListElement":[{"@type":"ListItem","position":1,"name":"In\u00edcio","item":"https:\/\/www.ronaldocorreiadebrito.com.br\/site2\/"},{"@type":"ListItem","position":2,"name":"Sou o meu carcereiro"}]},{"@type":"WebSite","@id":"https:\/\/www.ronaldocorreiadebrito.com.br\/site2\/#website","url":"https:\/\/www.ronaldocorreiadebrito.com.br\/site2\/","name":"Ronaldo Correia de Brito | site oficial","description":"Site oficial do escritor Ronaldo Correia de Brito","potentialAction":[{"@type":"SearchAction","target":{"@type":"EntryPoint","urlTemplate":"https:\/\/www.ronaldocorreiadebrito.com.br\/site2\/?s={search_term_string}"},"query-input":{"@type":"PropertyValueSpecification","valueRequired":true,"valueName":"search_term_string"}}],"inLanguage":"pt-BR"},{"@type":"Person","@id":"https:\/\/www.ronaldocorreiadebrito.com.br\/site2\/#\/schema\/person\/99a164d0eaaff7f78b11899bc7d5e7c9","name":"admin","url":"https:\/\/www.ronaldocorreiadebrito.com.br\/site2\/author\/admin\/"}]}},"wps_subtitle":"","_links":{"self":[{"href":"https:\/\/www.ronaldocorreiadebrito.com.br\/site2\/wp-json\/wp\/v2\/posts\/1654","targetHints":{"allow":["GET"]}}],"collection":[{"href":"https:\/\/www.ronaldocorreiadebrito.com.br\/site2\/wp-json\/wp\/v2\/posts"}],"about":[{"href":"https:\/\/www.ronaldocorreiadebrito.com.br\/site2\/wp-json\/wp\/v2\/types\/post"}],"author":[{"embeddable":true,"href":"https:\/\/www.ronaldocorreiadebrito.com.br\/site2\/wp-json\/wp\/v2\/users\/1"}],"replies":[{"embeddable":true,"href":"https:\/\/www.ronaldocorreiadebrito.com.br\/site2\/wp-json\/wp\/v2\/comments?post=1654"}],"version-history":[{"count":0,"href":"https:\/\/www.ronaldocorreiadebrito.com.br\/site2\/wp-json\/wp\/v2\/posts\/1654\/revisions"}],"wp:featuredmedia":[{"embeddable":true,"href":"https:\/\/www.ronaldocorreiadebrito.com.br\/site2\/wp-json\/wp\/v2\/media\/1655"}],"wp:attachment":[{"href":"https:\/\/www.ronaldocorreiadebrito.com.br\/site2\/wp-json\/wp\/v2\/media?parent=1654"}],"wp:term":[{"taxonomy":"category","embeddable":true,"href":"https:\/\/www.ronaldocorreiadebrito.com.br\/site2\/wp-json\/wp\/v2\/categories?post=1654"},{"taxonomy":"post_tag","embeddable":true,"href":"https:\/\/www.ronaldocorreiadebrito.com.br\/site2\/wp-json\/wp\/v2\/tags?post=1654"}],"curies":[{"name":"wp","href":"https:\/\/api.w.org\/{rel}","templated":true}]}}