{"id":1643,"date":"2021-04-11T18:56:02","date_gmt":"2021-04-11T21:56:02","guid":{"rendered":"https:\/\/www.ronaldocorreiadebrito.com.br\/site2\/?p=1643"},"modified":"2021-04-11T18:56:02","modified_gmt":"2021-04-11T21:56:02","slug":"espada-e-cruz-2","status":"publish","type":"post","link":"https:\/\/www.ronaldocorreiadebrito.com.br\/site2\/2021\/04\/espada-e-cruz-2\/","title":{"rendered":"A espada e a cruz"},"content":{"rendered":"<p class=\"p1\"><span class=\"s1\">Na minha cidade havia uma biblioteca da diocese, com poucos livros, quase todos ruins. Eram refugos de bibliotecas particulares, aquilo que n\u00e3o se quer guardar em casa, porque n\u00e3o presta e s\u00f3 ocupa espa\u00e7o. Mas livros s\u00e3o sempre livros e num pa\u00eds de analfabetos jog\u00e1-los fora \u00e9 quase crime. <\/span><\/p>\n<p class=\"p1\"><span class=\"s1\">A bibliotec\u00e1ria pertencia \u00e0 Congrega\u00e7\u00e3o Mariana e usava uma fita azul no pesco\u00e7o, com medalhas e escapul\u00e1rios de Nossa Senhora. Como os leitores eram rar\u00edssimos, ela ocupava o tempo rezando ou fazendo croch\u00ea e deixava que a poeira e as tra\u00e7as cuidassem do resto. Foi no meio dessas prateleiras rudes e livros carcomidos que eu tive a primeira impress\u00e3o de uma biblioteca. <\/span><\/p>\n<p class=\"p1\"><span class=\"s1\">Entre as muitas preciosidades, uma se destacava: a cole\u00e7\u00e3o <i>Grandes Romances do Cristianismo<\/i>. Li todos. O livro que mais me impressionou foi <i>Perseguidores e M\u00e1rtires. <\/i>Em quase quinhentas p\u00e1ginas se contava como foram mortos centenas de crist\u00e3os, queimados em fornos, cozinhados em azeite, arrancados os olhos, devorados nos circos, crucificados, afogados e apedrejados. Um verdadeiro tratado das perversidades humanas, carregando nas cores para enfatizar a coragem e a santidade dos primeiros crist\u00e3os.<span class=\"Apple-converted-space\">\u00a0 <\/span>A bibliotec\u00e1ria percebia meu horror e fasc\u00ednio pela carnificina e dava jeito de encontrar mais hist\u00f3rias escabrosas para eu ler.<\/span><\/p>\n<p class=\"p1\"><span class=\"s1\">O que eu n\u00e3o era capaz de fantasiar lendo os livros, o cinema da \u00e9poca, pr\u00f3digo no mesmo tema, completava com imagens. E haja pal\u00e1cios romanos com filas de crist\u00e3os amarrados em postes, ardendo em chamas, e m\u00e1rtires crucificados, e santinhas devoradas por le\u00f5es e tigres, tudo pela justa causa da f\u00e9. Minha sensibilidade infantil ficou irremediavelmente marcada. Dez anos de psican\u00e1lise n\u00e3o conseguiram reverter o estrago. <\/span><\/p>\n<p class=\"p1\"><span class=\"s1\">Se comparamos aos enlatados americanos de agora, os dramalh\u00f5es hist\u00f3ricos s\u00e3o \u00e1gua com a\u00e7\u00facar. D\u00e1 pena e vontade de rir. Um \u00fanico filme da sess\u00e3o da tarde na TV, vale por cem desses filmes de mart\u00edrios. Mais que mudan\u00e7a de tempo e estilos, o que aconteceu foi uma banaliza\u00e7\u00e3o da viol\u00eancia. Numa cena reproduzida por Fellini, no filme <i>Amarcord<\/i>, uma plateia italiana chora ao assistir <i>A Espada e a Cruz<\/i>. Inconceb\u00edvel nos dias de hoje. <\/span><\/p>\n<p class=\"p1\"><span class=\"s1\">Mergulhando em leituras, eu me perguntava por que milhares de pessoas se reuniam no Coliseu romano para ver seus semelhantes trucidados das formas mais cru\u00e9is. N\u00e3o compreendia como Roma se arvorava centro cultural do mundo, povo mais civilizado da terra, chamando de b\u00e1rbaros os que estavam al\u00e9m de suas fronteiras. Consolava-me dizendo: \u201cO mundo em que vivo \u00e9 outro e, felizmente, o homem contempor\u00e2neo \u00e9 bem melhor. Ele j\u00e1 n\u00e3o se entrega ao prazer da viol\u00eancia pura, nem se deleita com o sofrimento do semelhante\u201d. Muito jovem, faltava-me discernimento.<\/span><\/p>\n<p class=\"p1\"><span class=\"s1\">A hist\u00f3ria recente tem provado que fui otimista, acreditando que os homens e as na\u00e7\u00f5es evolu\u00edram para melhor. Que os mecanismos engendrados em Roma para mostrar a for\u00e7a e o poder do imp\u00e9rio, mantendo hipnotizada a grande massa, fazem parte do passado. Hoje, existem outros mecanismos, com o mesmo fim. <\/span><\/p>\n<p class=\"p1\"><span class=\"s1\">A plateia v\u00ea o circo sem sair de casa. Confortavelmente sentada, comendo pipoca e tomando Coca-Cola, ela pode assistir Bagd\u00e1 ser bombardeada e massacrada. V\u00ea multid\u00f5es de famintos pelas ruas de cidades destru\u00eddas, crian\u00e7as queimadas, prisioneiros feridos e humilhados, tudo em nome do direito dos mais poderosos. <\/span><\/p>\n<p class=\"p1\"><span class=\"s1\">Estados Unidos, R\u00fassia, Inglaterra, Fran\u00e7a, etc., na\u00e7\u00f5es que se assemelham ao Imp\u00e9rio Romano pelos fumos de poder e gl\u00f3ria, t\u00eam mostrado o novo circo aos quase oito bilh\u00f5es de habitantes do planeta, atrav\u00e9s da televis\u00e3o. Como no Coliseu dos filmes americanos de terceira categoria, \u00e9 o imperador Biden quem levanta ou baixa o dedo, condenando e salvando v\u00edtimas, enquanto os sic\u00e1rios ingleses e russos, e outros etc., etc. providenciam a ta\u00e7a de vinho para o brinde. <\/span><\/p>\n<p class=\"p1\"><span class=\"s1\">Em Roma, poucos cidad\u00e3o condenavam o circo. A voz do fil\u00f3sofo C\u00edcero, protestando contra a barb\u00e1rie, era solit\u00e1ria. A turba romana levantava os dedos pedindo clem\u00eancia para o vencido, sobre cujo peito pairava uma espada. Cabia ao supremo imperador decidir sobre sua vida ou morte. Ainda \u00e9 o imperador americano, ou russo, ou ingl\u00eas, etc., etc., quem decide at\u00e9 quando a espada entrar\u00e1 no peito de brasileiros, venezuelanos, iraquianos, s\u00edrios e de outros cidad\u00e3os do mundo. <\/span><\/p>\n<p class=\"p1\"><span class=\"s1\">Mas a v\u00edtima j\u00e1 n\u00e3o \u00e9 t\u00e3o passiva, mesmo que nunca leve a melhor. Ela reage contra a vontade do inimigo. E n\u00e3o est\u00e1 sozinha. Do lado de fora do Coliseu americano h\u00e1 milh\u00f5es protestando, de todas as maneiras. Pessoas para quem a Am\u00e9rica do Norte tornou-se b\u00e1rbara. A gloriosa Am\u00e9rica de Whitman, com o sonho de democracia e fraternidade, j\u00e1 n\u00e3o merece o canto do seu mais nacionalista poeta:<\/span><\/p>\n<blockquote>\n<p class=\"p4\"><span class=\"s1\"><i>Fora com os temas de guerra!<\/i><\/span><\/p>\n<p class=\"p4\"><span class=\"s1\"><i>Fora com a pr\u00f3pria guerra!<\/i><\/span><\/p>\n<p class=\"p4\"><span class=\"s1\"><i>Saia de minha vista repugnada<\/i><\/span><\/p>\n<p class=\"p4\"><span class=\"s1\"><i>para n\u00e3o voltar mais<\/i><\/span><\/p>\n<p class=\"p4\"><span class=\"s1\"><i>aquele espet\u00e1culo de cad\u00e1veres<\/i><\/span><\/p>\n<p class=\"p4\"><span class=\"s1\"><i>enegrecidos e mutilados!<\/i><\/span><\/p>\n<p class=\"p4\"><span class=\"s1\"><i>Aquele inferno indescrit\u00edvel<\/i><\/span><\/p>\n<p class=\"p4\"><span class=\"s1\"><i>e recoberto de sangue<\/i><\/span><\/p>\n<p class=\"p4\"><span class=\"s1\"><i>bom para tigres selvagens<\/i><\/span><\/p>\n<p class=\"p4\"><span class=\"s1\"><i>ou lobos de l\u00ednguas \u00e1vidas,<\/i><\/span><\/p>\n<p class=\"p4\"><span class=\"s1\"><i>n\u00e3o para seres humanos<\/i><\/span><\/p>\n<p class=\"p4\"><span class=\"s1\"><i>dotados de racioc\u00ednio! <\/i><\/span><\/p>\n<\/blockquote>\n","protected":false},"excerpt":{"rendered":"<p>Na minha cidade havia uma biblioteca da diocese, com poucos livros, quase todos ruins. Eram refugos de bibliotecas particulares, aquilo que n\u00e3o se quer guardar em casa, porque n\u00e3o presta e s\u00f3 ocupa espa\u00e7o. Mas livros s\u00e3o sempre livros e num pa\u00eds de analfabetos jog\u00e1-los&#8230;<\/p>\n","protected":false},"author":1,"featured_media":1644,"comment_status":"open","ping_status":"closed","sticky":false,"template":"","format":"standard","meta":{"sfsi_plus_gutenberg_text_before_share":"","sfsi_plus_gutenberg_show_text_before_share":"","sfsi_plus_gutenberg_icon_type":"","sfsi_plus_gutenberg_icon_alignemt":"","sfsi_plus_gutenburg_max_per_row":"","footnotes":""},"categories":[8,46,45],"tags":[],"class_list":["post-1643","post","type-post","status-publish","format-standard","has-post-thumbnail","hentry","category-blog","category-links","category-slider"],"yoast_head":"<!-- This site is optimized with the Yoast SEO plugin v27.4 - https:\/\/yoast.com\/product\/yoast-seo-wordpress\/ -->\n<title>A espada e a cruz | Ronaldo Correia de Brito | site oficial<\/title>\n<meta name=\"robots\" content=\"index, follow, max-snippet:-1, max-image-preview:large, max-video-preview:-1\" \/>\n<link rel=\"canonical\" href=\"https:\/\/www.ronaldocorreiadebrito.com.br\/site2\/2021\/04\/espada-e-cruz-2\/\" \/>\n<meta property=\"og:locale\" content=\"pt_BR\" \/>\n<meta property=\"og:type\" content=\"article\" \/>\n<meta property=\"og:title\" content=\"A espada e a cruz | Ronaldo Correia de Brito | site oficial\" \/>\n<meta property=\"og:description\" content=\"Na minha cidade havia uma biblioteca da diocese, com poucos livros, quase todos ruins. Eram refugos de bibliotecas particulares, aquilo que n\u00e3o se quer guardar em casa, porque n\u00e3o presta e s\u00f3 ocupa espa\u00e7o. Mas livros s\u00e3o sempre livros e num pa\u00eds de analfabetos jog\u00e1-los...\" \/>\n<meta property=\"og:url\" content=\"https:\/\/www.ronaldocorreiadebrito.com.br\/site2\/2021\/04\/espada-e-cruz-2\/\" \/>\n<meta property=\"og:site_name\" content=\"Ronaldo Correia de Brito | site oficial\" \/>\n<meta property=\"article:publisher\" content=\"https:\/\/www.facebook.com\/ronaldocorreiadebrito.oficial\" \/>\n<meta property=\"article:published_time\" content=\"2021-04-11T21:56:02+00:00\" \/>\n<meta property=\"og:image\" content=\"https:\/\/www.ronaldocorreiadebrito.com.br\/site2\/wp-content\/uploads\/2021\/04\/Captura-de-Tela-2021-04-11-a\u0300s-18.55.12.png\" \/>\n\t<meta property=\"og:image:width\" content=\"779\" \/>\n\t<meta property=\"og:image:height\" content=\"522\" \/>\n\t<meta property=\"og:image:type\" content=\"image\/png\" \/>\n<meta name=\"author\" content=\"admin\" \/>\n<meta name=\"twitter:card\" content=\"summary_large_image\" \/>\n<meta name=\"twitter:label1\" content=\"Escrito por\" \/>\n\t<meta name=\"twitter:data1\" content=\"admin\" \/>\n\t<meta name=\"twitter:label2\" content=\"Est. tempo de leitura\" \/>\n\t<meta name=\"twitter:data2\" content=\"4 minutos\" \/>\n<script type=\"application\/ld+json\" class=\"yoast-schema-graph\">{\"@context\":\"https:\\\/\\\/schema.org\",\"@graph\":[{\"@type\":\"Article\",\"@id\":\"https:\\\/\\\/www.ronaldocorreiadebrito.com.br\\\/site2\\\/2021\\\/04\\\/espada-e-cruz-2\\\/#article\",\"isPartOf\":{\"@id\":\"https:\\\/\\\/www.ronaldocorreiadebrito.com.br\\\/site2\\\/2021\\\/04\\\/espada-e-cruz-2\\\/\"},\"author\":{\"name\":\"admin\",\"@id\":\"https:\\\/\\\/www.ronaldocorreiadebrito.com.br\\\/site2\\\/#\\\/schema\\\/person\\\/99a164d0eaaff7f78b11899bc7d5e7c9\"},\"headline\":\"A espada e a cruz\",\"datePublished\":\"2021-04-11T21:56:02+00:00\",\"mainEntityOfPage\":{\"@id\":\"https:\\\/\\\/www.ronaldocorreiadebrito.com.br\\\/site2\\\/2021\\\/04\\\/espada-e-cruz-2\\\/\"},\"wordCount\":893,\"commentCount\":0,\"image\":{\"@id\":\"https:\\\/\\\/www.ronaldocorreiadebrito.com.br\\\/site2\\\/2021\\\/04\\\/espada-e-cruz-2\\\/#primaryimage\"},\"thumbnailUrl\":\"https:\\\/\\\/www.ronaldocorreiadebrito.com.br\\\/site2\\\/wp-content\\\/uploads\\\/2021\\\/04\\\/Captura-de-Tela-2021-04-11-a\u0300s-18.55.12.png\",\"articleSection\":[\"Blog\",\"Links\",\"Slider\"],\"inLanguage\":\"pt-BR\",\"potentialAction\":[{\"@type\":\"CommentAction\",\"name\":\"Comment\",\"target\":[\"https:\\\/\\\/www.ronaldocorreiadebrito.com.br\\\/site2\\\/2021\\\/04\\\/espada-e-cruz-2\\\/#respond\"]}]},{\"@type\":\"WebPage\",\"@id\":\"https:\\\/\\\/www.ronaldocorreiadebrito.com.br\\\/site2\\\/2021\\\/04\\\/espada-e-cruz-2\\\/\",\"url\":\"https:\\\/\\\/www.ronaldocorreiadebrito.com.br\\\/site2\\\/2021\\\/04\\\/espada-e-cruz-2\\\/\",\"name\":\"A espada e a cruz | Ronaldo Correia de Brito | site oficial\",\"isPartOf\":{\"@id\":\"https:\\\/\\\/www.ronaldocorreiadebrito.com.br\\\/site2\\\/#website\"},\"primaryImageOfPage\":{\"@id\":\"https:\\\/\\\/www.ronaldocorreiadebrito.com.br\\\/site2\\\/2021\\\/04\\\/espada-e-cruz-2\\\/#primaryimage\"},\"image\":{\"@id\":\"https:\\\/\\\/www.ronaldocorreiadebrito.com.br\\\/site2\\\/2021\\\/04\\\/espada-e-cruz-2\\\/#primaryimage\"},\"thumbnailUrl\":\"https:\\\/\\\/www.ronaldocorreiadebrito.com.br\\\/site2\\\/wp-content\\\/uploads\\\/2021\\\/04\\\/Captura-de-Tela-2021-04-11-a\u0300s-18.55.12.png\",\"datePublished\":\"2021-04-11T21:56:02+00:00\",\"author\":{\"@id\":\"https:\\\/\\\/www.ronaldocorreiadebrito.com.br\\\/site2\\\/#\\\/schema\\\/person\\\/99a164d0eaaff7f78b11899bc7d5e7c9\"},\"breadcrumb\":{\"@id\":\"https:\\\/\\\/www.ronaldocorreiadebrito.com.br\\\/site2\\\/2021\\\/04\\\/espada-e-cruz-2\\\/#breadcrumb\"},\"inLanguage\":\"pt-BR\",\"potentialAction\":[{\"@type\":\"ReadAction\",\"target\":[\"https:\\\/\\\/www.ronaldocorreiadebrito.com.br\\\/site2\\\/2021\\\/04\\\/espada-e-cruz-2\\\/\"]}]},{\"@type\":\"ImageObject\",\"inLanguage\":\"pt-BR\",\"@id\":\"https:\\\/\\\/www.ronaldocorreiadebrito.com.br\\\/site2\\\/2021\\\/04\\\/espada-e-cruz-2\\\/#primaryimage\",\"url\":\"https:\\\/\\\/www.ronaldocorreiadebrito.com.br\\\/site2\\\/wp-content\\\/uploads\\\/2021\\\/04\\\/Captura-de-Tela-2021-04-11-a\u0300s-18.55.12.png\",\"contentUrl\":\"https:\\\/\\\/www.ronaldocorreiadebrito.com.br\\\/site2\\\/wp-content\\\/uploads\\\/2021\\\/04\\\/Captura-de-Tela-2021-04-11-a\u0300s-18.55.12.png\",\"width\":779,\"height\":522},{\"@type\":\"BreadcrumbList\",\"@id\":\"https:\\\/\\\/www.ronaldocorreiadebrito.com.br\\\/site2\\\/2021\\\/04\\\/espada-e-cruz-2\\\/#breadcrumb\",\"itemListElement\":[{\"@type\":\"ListItem\",\"position\":1,\"name\":\"In\u00edcio\",\"item\":\"https:\\\/\\\/www.ronaldocorreiadebrito.com.br\\\/site2\\\/\"},{\"@type\":\"ListItem\",\"position\":2,\"name\":\"A espada e a cruz\"}]},{\"@type\":\"WebSite\",\"@id\":\"https:\\\/\\\/www.ronaldocorreiadebrito.com.br\\\/site2\\\/#website\",\"url\":\"https:\\\/\\\/www.ronaldocorreiadebrito.com.br\\\/site2\\\/\",\"name\":\"Ronaldo Correia de Brito | site oficial\",\"description\":\"Site oficial do escritor Ronaldo Correia de Brito\",\"potentialAction\":[{\"@type\":\"SearchAction\",\"target\":{\"@type\":\"EntryPoint\",\"urlTemplate\":\"https:\\\/\\\/www.ronaldocorreiadebrito.com.br\\\/site2\\\/?s={search_term_string}\"},\"query-input\":{\"@type\":\"PropertyValueSpecification\",\"valueRequired\":true,\"valueName\":\"search_term_string\"}}],\"inLanguage\":\"pt-BR\"},{\"@type\":\"Person\",\"@id\":\"https:\\\/\\\/www.ronaldocorreiadebrito.com.br\\\/site2\\\/#\\\/schema\\\/person\\\/99a164d0eaaff7f78b11899bc7d5e7c9\",\"name\":\"admin\",\"url\":\"https:\\\/\\\/www.ronaldocorreiadebrito.com.br\\\/site2\\\/author\\\/admin\\\/\"}]}<\/script>\n<!-- \/ Yoast SEO plugin. -->","yoast_head_json":{"title":"A espada e a cruz | Ronaldo Correia de Brito | site oficial","robots":{"index":"index","follow":"follow","max-snippet":"max-snippet:-1","max-image-preview":"max-image-preview:large","max-video-preview":"max-video-preview:-1"},"canonical":"https:\/\/www.ronaldocorreiadebrito.com.br\/site2\/2021\/04\/espada-e-cruz-2\/","og_locale":"pt_BR","og_type":"article","og_title":"A espada e a cruz | Ronaldo Correia de Brito | site oficial","og_description":"Na minha cidade havia uma biblioteca da diocese, com poucos livros, quase todos ruins. Eram refugos de bibliotecas particulares, aquilo que n\u00e3o se quer guardar em casa, porque n\u00e3o presta e s\u00f3 ocupa espa\u00e7o. Mas livros s\u00e3o sempre livros e num pa\u00eds de analfabetos jog\u00e1-los...","og_url":"https:\/\/www.ronaldocorreiadebrito.com.br\/site2\/2021\/04\/espada-e-cruz-2\/","og_site_name":"Ronaldo Correia de Brito | site oficial","article_publisher":"https:\/\/www.facebook.com\/ronaldocorreiadebrito.oficial","article_published_time":"2021-04-11T21:56:02+00:00","og_image":[{"width":779,"height":522,"url":"https:\/\/www.ronaldocorreiadebrito.com.br\/site2\/wp-content\/uploads\/2021\/04\/Captura-de-Tela-2021-04-11-a\u0300s-18.55.12.png","type":"image\/png"}],"author":"admin","twitter_card":"summary_large_image","twitter_misc":{"Escrito por":"admin","Est. tempo de leitura":"4 minutos"},"schema":{"@context":"https:\/\/schema.org","@graph":[{"@type":"Article","@id":"https:\/\/www.ronaldocorreiadebrito.com.br\/site2\/2021\/04\/espada-e-cruz-2\/#article","isPartOf":{"@id":"https:\/\/www.ronaldocorreiadebrito.com.br\/site2\/2021\/04\/espada-e-cruz-2\/"},"author":{"name":"admin","@id":"https:\/\/www.ronaldocorreiadebrito.com.br\/site2\/#\/schema\/person\/99a164d0eaaff7f78b11899bc7d5e7c9"},"headline":"A espada e a cruz","datePublished":"2021-04-11T21:56:02+00:00","mainEntityOfPage":{"@id":"https:\/\/www.ronaldocorreiadebrito.com.br\/site2\/2021\/04\/espada-e-cruz-2\/"},"wordCount":893,"commentCount":0,"image":{"@id":"https:\/\/www.ronaldocorreiadebrito.com.br\/site2\/2021\/04\/espada-e-cruz-2\/#primaryimage"},"thumbnailUrl":"https:\/\/www.ronaldocorreiadebrito.com.br\/site2\/wp-content\/uploads\/2021\/04\/Captura-de-Tela-2021-04-11-a\u0300s-18.55.12.png","articleSection":["Blog","Links","Slider"],"inLanguage":"pt-BR","potentialAction":[{"@type":"CommentAction","name":"Comment","target":["https:\/\/www.ronaldocorreiadebrito.com.br\/site2\/2021\/04\/espada-e-cruz-2\/#respond"]}]},{"@type":"WebPage","@id":"https:\/\/www.ronaldocorreiadebrito.com.br\/site2\/2021\/04\/espada-e-cruz-2\/","url":"https:\/\/www.ronaldocorreiadebrito.com.br\/site2\/2021\/04\/espada-e-cruz-2\/","name":"A espada e a cruz | Ronaldo Correia de Brito | site oficial","isPartOf":{"@id":"https:\/\/www.ronaldocorreiadebrito.com.br\/site2\/#website"},"primaryImageOfPage":{"@id":"https:\/\/www.ronaldocorreiadebrito.com.br\/site2\/2021\/04\/espada-e-cruz-2\/#primaryimage"},"image":{"@id":"https:\/\/www.ronaldocorreiadebrito.com.br\/site2\/2021\/04\/espada-e-cruz-2\/#primaryimage"},"thumbnailUrl":"https:\/\/www.ronaldocorreiadebrito.com.br\/site2\/wp-content\/uploads\/2021\/04\/Captura-de-Tela-2021-04-11-a\u0300s-18.55.12.png","datePublished":"2021-04-11T21:56:02+00:00","author":{"@id":"https:\/\/www.ronaldocorreiadebrito.com.br\/site2\/#\/schema\/person\/99a164d0eaaff7f78b11899bc7d5e7c9"},"breadcrumb":{"@id":"https:\/\/www.ronaldocorreiadebrito.com.br\/site2\/2021\/04\/espada-e-cruz-2\/#breadcrumb"},"inLanguage":"pt-BR","potentialAction":[{"@type":"ReadAction","target":["https:\/\/www.ronaldocorreiadebrito.com.br\/site2\/2021\/04\/espada-e-cruz-2\/"]}]},{"@type":"ImageObject","inLanguage":"pt-BR","@id":"https:\/\/www.ronaldocorreiadebrito.com.br\/site2\/2021\/04\/espada-e-cruz-2\/#primaryimage","url":"https:\/\/www.ronaldocorreiadebrito.com.br\/site2\/wp-content\/uploads\/2021\/04\/Captura-de-Tela-2021-04-11-a\u0300s-18.55.12.png","contentUrl":"https:\/\/www.ronaldocorreiadebrito.com.br\/site2\/wp-content\/uploads\/2021\/04\/Captura-de-Tela-2021-04-11-a\u0300s-18.55.12.png","width":779,"height":522},{"@type":"BreadcrumbList","@id":"https:\/\/www.ronaldocorreiadebrito.com.br\/site2\/2021\/04\/espada-e-cruz-2\/#breadcrumb","itemListElement":[{"@type":"ListItem","position":1,"name":"In\u00edcio","item":"https:\/\/www.ronaldocorreiadebrito.com.br\/site2\/"},{"@type":"ListItem","position":2,"name":"A espada e a cruz"}]},{"@type":"WebSite","@id":"https:\/\/www.ronaldocorreiadebrito.com.br\/site2\/#website","url":"https:\/\/www.ronaldocorreiadebrito.com.br\/site2\/","name":"Ronaldo Correia de Brito | site oficial","description":"Site oficial do escritor Ronaldo Correia de Brito","potentialAction":[{"@type":"SearchAction","target":{"@type":"EntryPoint","urlTemplate":"https:\/\/www.ronaldocorreiadebrito.com.br\/site2\/?s={search_term_string}"},"query-input":{"@type":"PropertyValueSpecification","valueRequired":true,"valueName":"search_term_string"}}],"inLanguage":"pt-BR"},{"@type":"Person","@id":"https:\/\/www.ronaldocorreiadebrito.com.br\/site2\/#\/schema\/person\/99a164d0eaaff7f78b11899bc7d5e7c9","name":"admin","url":"https:\/\/www.ronaldocorreiadebrito.com.br\/site2\/author\/admin\/"}]}},"wps_subtitle":"","_links":{"self":[{"href":"https:\/\/www.ronaldocorreiadebrito.com.br\/site2\/wp-json\/wp\/v2\/posts\/1643","targetHints":{"allow":["GET"]}}],"collection":[{"href":"https:\/\/www.ronaldocorreiadebrito.com.br\/site2\/wp-json\/wp\/v2\/posts"}],"about":[{"href":"https:\/\/www.ronaldocorreiadebrito.com.br\/site2\/wp-json\/wp\/v2\/types\/post"}],"author":[{"embeddable":true,"href":"https:\/\/www.ronaldocorreiadebrito.com.br\/site2\/wp-json\/wp\/v2\/users\/1"}],"replies":[{"embeddable":true,"href":"https:\/\/www.ronaldocorreiadebrito.com.br\/site2\/wp-json\/wp\/v2\/comments?post=1643"}],"version-history":[{"count":0,"href":"https:\/\/www.ronaldocorreiadebrito.com.br\/site2\/wp-json\/wp\/v2\/posts\/1643\/revisions"}],"wp:featuredmedia":[{"embeddable":true,"href":"https:\/\/www.ronaldocorreiadebrito.com.br\/site2\/wp-json\/wp\/v2\/media\/1644"}],"wp:attachment":[{"href":"https:\/\/www.ronaldocorreiadebrito.com.br\/site2\/wp-json\/wp\/v2\/media?parent=1643"}],"wp:term":[{"taxonomy":"category","embeddable":true,"href":"https:\/\/www.ronaldocorreiadebrito.com.br\/site2\/wp-json\/wp\/v2\/categories?post=1643"},{"taxonomy":"post_tag","embeddable":true,"href":"https:\/\/www.ronaldocorreiadebrito.com.br\/site2\/wp-json\/wp\/v2\/tags?post=1643"}],"curies":[{"name":"wp","href":"https:\/\/api.w.org\/{rel}","templated":true}]}}