{"id":1628,"date":"2021-03-27T12:18:02","date_gmt":"2021-03-27T15:18:02","guid":{"rendered":"https:\/\/www.ronaldocorreiadebrito.com.br\/site2\/?p=1628"},"modified":"2021-03-27T12:18:02","modified_gmt":"2021-03-27T15:18:02","slug":"nao-mora-mais-ninguem-2","status":"publish","type":"post","link":"https:\/\/www.ronaldocorreiadebrito.com.br\/site2\/2021\/03\/nao-mora-mais-ninguem-2\/","title":{"rendered":"N\u00e3o mora mais ningu\u00e9m"},"content":{"rendered":"<p class=\"p3\"><span class=\"s1\">N\u00e3o foi na biografia de Gabriel Garc\u00eda M\u00e1rquez, <i>Viver para Contar<\/i>, onde li a hist\u00f3ria de um menino que, ao perder a m\u00e3e, teve como primeiro sentimento o de que nunca mais comeria arroz doce. Era a m\u00e3e quem cozinhava a iguaria predileta do filho. Atrav\u00e9s dessa priva\u00e7\u00e3o, a crian\u00e7a elabora a orfandade e um futuro sem do\u00e7ura. <\/span><\/p>\n<p class=\"p3\"><span class=\"s1\">Por que estabeleci uma rela\u00e7\u00e3o entre o fluxo de mem\u00f3ria desencadeado pela perda, como acontece ao se constatar a morte de um ente querido, e a obra de Garc\u00eda M\u00e1rquez? Talvez porque o autor especializou-se no tema, falando sobre ele com humor e tragicidade. <\/span><\/p>\n<p class=\"p3\"><span class=\"s1\">Em <i>Cr\u00f4nica de uma Morte Anunciada<\/i>, o assassinato do personagem Santiago Nassar \u00e9 revelado j\u00e1 nas primeiras p\u00e1ginas. A narrativa se faz pela reminisc\u00eancia dos acontecimentos que levam ao desfecho tr\u00e1gico. Mas o passado se torna t\u00e3o presente pela mem\u00f3ria que desejamos a mudan\u00e7a do final. Imaginamos que poderia ser alterado, e a morte anunciada acabasse por n\u00e3o acontecer. <\/span><\/p>\n<p class=\"p3\"><span class=\"s1\"><i>Cem anos de solid\u00e3o<\/i>, o romance mais famoso do autor, tamb\u00e9m come\u00e7a com uma reminisc\u00eancia: \u201cMuitos anos depois, diante do pelot\u00e3o de fuzilamento, o Coronel Aureliano Buend\u00eda havia de recordar aquela tarde remota em que seu pai o levou para conhecer o gelo.\u201d <\/span><\/p>\n<p class=\"p3\"><span class=\"s1\">Em <i>O amor nos tempos do c\u00f3lera<\/i>, a personagem Fermina Daza s\u00f3 consegue chorar a morte do marido quando se encontra sozinha com as lembran\u00e7as: \u201cTudo o que era do esposo lhe ati\u00e7ava o pranto: os chinelos de borlas, o pijama debaixo do travesseiro, o espa\u00e7o sem ele no espelho da penteadeira, o cheiro pessoal dele em sua pr\u00f3pria pele.\u201d Chega a abalar-se com o sentimento de que \u201cas pessoas que a gente ama deviam morrer com todas as suas coisas.\u201d <\/span><\/p>\n<p class=\"p3\"><span class=\"s1\">H\u00e1 um permanente deslizamento de significados em Garcia M\u00e1rquez. Pessoas e objetos se confundem e ficamos sem compreender se os mortos s\u00e3o lembrados por eles mesmos ou por alguma met\u00e1fora do que significavam. <\/span><\/p>\n<p class=\"p3\"><span class=\"s1\">Os eg\u00edpcios, e at\u00e9 bem pouco tempo os indianos, tinham o costume de enterrar os mortos com suas roupas, alimentos, mobili\u00e1rios, porque acreditavam que eles fariam uso desses bens numa outra vida. Os motivos eram religiosos, e muitas vezes inclu\u00edam o sacrif\u00edcio de esposas, escravos, parentes, animais. Foram encontrados t\u00famulos com at\u00e9 cento e trinta corpos de pessoas sepultadas junto com os mortos. De certa maneira, cumpriam o desejo de Fermina Daza, o de levar consigo o que pudesse record\u00e1-los.<\/span><\/p>\n<p class=\"p3\"><span class=\"s1\">O que impressiona em relatos de perdas, independente de quem seja o narrador, s\u00e3o os detalhes que cercam o acontecimento morte, deixando o fato em si num plano secund\u00e1rio. Da mesma forma que o Coronel Aureliano Buend\u00eda n\u00e3o pensou na execu\u00e7\u00e3o, Fermina Daza preferiu imaginar um meio de livrar-se das tralhas do marido, e o menino sentiu falta de quem cozinhasse arroz doce. Todos fazemos o invent\u00e1rio de nossos preju\u00edzos quando morre uma pessoa amada. <\/span><\/p>\n<p class=\"p3\"><span class=\"s1\">Meu primeiro sentimento, quando me avisaram que o m\u00e9dico e music\u00f3logo George Laederman havia morrido, foi o de que nunca mais escutaria m\u00fasica erudita. Ao longo de anos fui usu\u00e1rio das suas cole\u00e7\u00f5es de CDs e DVDs. Nossa amizade se confundia com sonatas de Beethoven, cantatas de Bach, concertos de Vivaldi, \u00f3peras de Wagner e bal\u00e9s de Stravinsky. Ouvindo boa m\u00fasica, consegu\u00edamos abstrair violinos do centr\u00e3o, contrabaixos dos militares e fagotes da Lava Jato. <\/span><\/p>\n<p class=\"p3\"><span class=\"s1\">Com George Laederman n\u00e3o existia tempo ruim, apenas m\u00fasica ruim. Ele nunca iniciava uma conversa perguntando \u201ctudo bem?\u201d ou \u201ccomo tem passado?\u201d. Perguntava se eu tinha ouvido uma nova grava\u00e7\u00e3o das partita de Bach, ou Nelson Freire tocando os estudos de Chopin, ou \u00e1rias seletas na voz de Kiri Te Kanawa. <\/span><\/p>\n<p class=\"p3\"><span class=\"s1\">Se eu o consultava sobre uma sonata preferida, ele me oferecia cinco vers\u00f5es da mesma m\u00fasica. Seus discos ocupavam cem metros lineares de estantes, uma apreci\u00e1vel Alexandria sonora. Ao saber que havia morrido, imaginei como o menino do arroz doce que nunca mais ouviria m\u00fasica, com ele se enterravam as belas sonoridades. Mas todas as m\u00fasicas ficaram e, nelas, a lembran\u00e7a do amigo, ou ele mesmo. <\/span><\/p>\n<p class=\"p3\"><span class=\"s1\">Um poeta peruano pouco conhecido no Brasil, por conta do isolamento a que foi condenada nossa Am\u00e9rica do Sul, refor\u00e7a a impress\u00e3o de Garc\u00eda M\u00e1rquez sobre a perman\u00eancia das pessoas nas casas e objetos, depois de morrerem. C\u00e9sar Vallejo escreveu:<\/span><\/p>\n<p class=\"p3\"><span class=\"s1\"><i>&#8230;quando algu\u00e9m vai-se embora, algu\u00e9m permanece. O lugar por onde um homem passou nunca mais ser\u00e1 ermo. Somente est\u00e1 solit\u00e1rio, de solid\u00e3o humana, o lugar por onde ainda nenhum homem passou. <\/i><\/span><\/p>\n<p class=\"p3\"><span class=\"s1\">Sim, as m\u00e3os que mexiam o arroz doce partiram, mas o afeto que impregnava o a\u00e7\u00facar, misturado ao cravo e \u00e0 canela, permanecem eternos. <\/span><\/p>\n","protected":false},"excerpt":{"rendered":"<p>N\u00e3o foi na biografia de Gabriel Garc\u00eda M\u00e1rquez, Viver para Contar, onde li a hist\u00f3ria de um menino que, ao perder a m\u00e3e, teve como primeiro sentimento o de que nunca mais comeria arroz doce. Era a m\u00e3e quem cozinhava a iguaria predileta do filho&#8230;.<\/p>\n","protected":false},"author":1,"featured_media":1629,"comment_status":"open","ping_status":"closed","sticky":false,"template":"","format":"standard","meta":{"sfsi_plus_gutenberg_text_before_share":"","sfsi_plus_gutenberg_show_text_before_share":"","sfsi_plus_gutenberg_icon_type":"","sfsi_plus_gutenberg_icon_alignemt":"","sfsi_plus_gutenburg_max_per_row":"","footnotes":""},"categories":[8,46,45],"tags":[],"class_list":["post-1628","post","type-post","status-publish","format-standard","has-post-thumbnail","hentry","category-blog","category-links","category-slider"],"yoast_head":"<!-- This site is optimized with the Yoast SEO plugin v27.4 - https:\/\/yoast.com\/product\/yoast-seo-wordpress\/ -->\n<title>N\u00e3o mora mais ningu\u00e9m | Ronaldo Correia de Brito | site oficial<\/title>\n<meta name=\"robots\" content=\"index, follow, max-snippet:-1, max-image-preview:large, max-video-preview:-1\" \/>\n<link rel=\"canonical\" href=\"https:\/\/www.ronaldocorreiadebrito.com.br\/site2\/2021\/03\/nao-mora-mais-ninguem-2\/\" \/>\n<meta property=\"og:locale\" content=\"pt_BR\" \/>\n<meta property=\"og:type\" content=\"article\" \/>\n<meta property=\"og:title\" content=\"N\u00e3o mora mais ningu\u00e9m | Ronaldo Correia de Brito | site oficial\" \/>\n<meta property=\"og:description\" content=\"N\u00e3o foi na biografia de Gabriel Garc\u00eda M\u00e1rquez, Viver para Contar, onde li a hist\u00f3ria de um menino que, ao perder a m\u00e3e, teve como primeiro sentimento o de que nunca mais comeria arroz doce. Era a m\u00e3e quem cozinhava a iguaria predileta do filho....\" \/>\n<meta property=\"og:url\" content=\"https:\/\/www.ronaldocorreiadebrito.com.br\/site2\/2021\/03\/nao-mora-mais-ninguem-2\/\" \/>\n<meta property=\"og:site_name\" content=\"Ronaldo Correia de Brito | site oficial\" \/>\n<meta property=\"article:publisher\" content=\"https:\/\/www.facebook.com\/ronaldocorreiadebrito.oficial\" \/>\n<meta property=\"article:published_time\" content=\"2021-03-27T15:18:02+00:00\" \/>\n<meta property=\"og:image\" content=\"https:\/\/www.ronaldocorreiadebrito.com.br\/site2\/wp-content\/uploads\/2021\/03\/passagem-cabec3a7a-de-alfinete.jpeg\" \/>\n\t<meta property=\"og:image:width\" content=\"450\" \/>\n\t<meta property=\"og:image:height\" content=\"600\" \/>\n\t<meta property=\"og:image:type\" content=\"image\/jpeg\" \/>\n<meta name=\"author\" content=\"admin\" \/>\n<meta name=\"twitter:card\" content=\"summary_large_image\" \/>\n<meta name=\"twitter:label1\" content=\"Escrito por\" \/>\n\t<meta name=\"twitter:data1\" content=\"admin\" \/>\n\t<meta name=\"twitter:label2\" content=\"Est. tempo de leitura\" \/>\n\t<meta name=\"twitter:data2\" content=\"4 minutos\" \/>\n<script type=\"application\/ld+json\" class=\"yoast-schema-graph\">{\"@context\":\"https:\\\/\\\/schema.org\",\"@graph\":[{\"@type\":\"Article\",\"@id\":\"https:\\\/\\\/www.ronaldocorreiadebrito.com.br\\\/site2\\\/2021\\\/03\\\/nao-mora-mais-ninguem-2\\\/#article\",\"isPartOf\":{\"@id\":\"https:\\\/\\\/www.ronaldocorreiadebrito.com.br\\\/site2\\\/2021\\\/03\\\/nao-mora-mais-ninguem-2\\\/\"},\"author\":{\"name\":\"admin\",\"@id\":\"https:\\\/\\\/www.ronaldocorreiadebrito.com.br\\\/site2\\\/#\\\/schema\\\/person\\\/99a164d0eaaff7f78b11899bc7d5e7c9\"},\"headline\":\"N\u00e3o mora mais ningu\u00e9m\",\"datePublished\":\"2021-03-27T15:18:02+00:00\",\"mainEntityOfPage\":{\"@id\":\"https:\\\/\\\/www.ronaldocorreiadebrito.com.br\\\/site2\\\/2021\\\/03\\\/nao-mora-mais-ninguem-2\\\/\"},\"wordCount\":843,\"commentCount\":0,\"image\":{\"@id\":\"https:\\\/\\\/www.ronaldocorreiadebrito.com.br\\\/site2\\\/2021\\\/03\\\/nao-mora-mais-ninguem-2\\\/#primaryimage\"},\"thumbnailUrl\":\"https:\\\/\\\/www.ronaldocorreiadebrito.com.br\\\/site2\\\/wp-content\\\/uploads\\\/2021\\\/03\\\/passagem-cabec3a7a-de-alfinete.jpeg\",\"articleSection\":[\"Blog\",\"Links\",\"Slider\"],\"inLanguage\":\"pt-BR\",\"potentialAction\":[{\"@type\":\"CommentAction\",\"name\":\"Comment\",\"target\":[\"https:\\\/\\\/www.ronaldocorreiadebrito.com.br\\\/site2\\\/2021\\\/03\\\/nao-mora-mais-ninguem-2\\\/#respond\"]}]},{\"@type\":\"WebPage\",\"@id\":\"https:\\\/\\\/www.ronaldocorreiadebrito.com.br\\\/site2\\\/2021\\\/03\\\/nao-mora-mais-ninguem-2\\\/\",\"url\":\"https:\\\/\\\/www.ronaldocorreiadebrito.com.br\\\/site2\\\/2021\\\/03\\\/nao-mora-mais-ninguem-2\\\/\",\"name\":\"N\u00e3o mora mais ningu\u00e9m | Ronaldo Correia de Brito | site oficial\",\"isPartOf\":{\"@id\":\"https:\\\/\\\/www.ronaldocorreiadebrito.com.br\\\/site2\\\/#website\"},\"primaryImageOfPage\":{\"@id\":\"https:\\\/\\\/www.ronaldocorreiadebrito.com.br\\\/site2\\\/2021\\\/03\\\/nao-mora-mais-ninguem-2\\\/#primaryimage\"},\"image\":{\"@id\":\"https:\\\/\\\/www.ronaldocorreiadebrito.com.br\\\/site2\\\/2021\\\/03\\\/nao-mora-mais-ninguem-2\\\/#primaryimage\"},\"thumbnailUrl\":\"https:\\\/\\\/www.ronaldocorreiadebrito.com.br\\\/site2\\\/wp-content\\\/uploads\\\/2021\\\/03\\\/passagem-cabec3a7a-de-alfinete.jpeg\",\"datePublished\":\"2021-03-27T15:18:02+00:00\",\"author\":{\"@id\":\"https:\\\/\\\/www.ronaldocorreiadebrito.com.br\\\/site2\\\/#\\\/schema\\\/person\\\/99a164d0eaaff7f78b11899bc7d5e7c9\"},\"breadcrumb\":{\"@id\":\"https:\\\/\\\/www.ronaldocorreiadebrito.com.br\\\/site2\\\/2021\\\/03\\\/nao-mora-mais-ninguem-2\\\/#breadcrumb\"},\"inLanguage\":\"pt-BR\",\"potentialAction\":[{\"@type\":\"ReadAction\",\"target\":[\"https:\\\/\\\/www.ronaldocorreiadebrito.com.br\\\/site2\\\/2021\\\/03\\\/nao-mora-mais-ninguem-2\\\/\"]}]},{\"@type\":\"ImageObject\",\"inLanguage\":\"pt-BR\",\"@id\":\"https:\\\/\\\/www.ronaldocorreiadebrito.com.br\\\/site2\\\/2021\\\/03\\\/nao-mora-mais-ninguem-2\\\/#primaryimage\",\"url\":\"https:\\\/\\\/www.ronaldocorreiadebrito.com.br\\\/site2\\\/wp-content\\\/uploads\\\/2021\\\/03\\\/passagem-cabec3a7a-de-alfinete.jpeg\",\"contentUrl\":\"https:\\\/\\\/www.ronaldocorreiadebrito.com.br\\\/site2\\\/wp-content\\\/uploads\\\/2021\\\/03\\\/passagem-cabec3a7a-de-alfinete.jpeg\",\"width\":450,\"height\":600},{\"@type\":\"BreadcrumbList\",\"@id\":\"https:\\\/\\\/www.ronaldocorreiadebrito.com.br\\\/site2\\\/2021\\\/03\\\/nao-mora-mais-ninguem-2\\\/#breadcrumb\",\"itemListElement\":[{\"@type\":\"ListItem\",\"position\":1,\"name\":\"In\u00edcio\",\"item\":\"https:\\\/\\\/www.ronaldocorreiadebrito.com.br\\\/site2\\\/\"},{\"@type\":\"ListItem\",\"position\":2,\"name\":\"N\u00e3o mora mais ningu\u00e9m\"}]},{\"@type\":\"WebSite\",\"@id\":\"https:\\\/\\\/www.ronaldocorreiadebrito.com.br\\\/site2\\\/#website\",\"url\":\"https:\\\/\\\/www.ronaldocorreiadebrito.com.br\\\/site2\\\/\",\"name\":\"Ronaldo Correia de Brito | site oficial\",\"description\":\"Site oficial do escritor Ronaldo Correia de Brito\",\"potentialAction\":[{\"@type\":\"SearchAction\",\"target\":{\"@type\":\"EntryPoint\",\"urlTemplate\":\"https:\\\/\\\/www.ronaldocorreiadebrito.com.br\\\/site2\\\/?s={search_term_string}\"},\"query-input\":{\"@type\":\"PropertyValueSpecification\",\"valueRequired\":true,\"valueName\":\"search_term_string\"}}],\"inLanguage\":\"pt-BR\"},{\"@type\":\"Person\",\"@id\":\"https:\\\/\\\/www.ronaldocorreiadebrito.com.br\\\/site2\\\/#\\\/schema\\\/person\\\/99a164d0eaaff7f78b11899bc7d5e7c9\",\"name\":\"admin\",\"url\":\"https:\\\/\\\/www.ronaldocorreiadebrito.com.br\\\/site2\\\/author\\\/admin\\\/\"}]}<\/script>\n<!-- \/ Yoast SEO plugin. -->","yoast_head_json":{"title":"N\u00e3o mora mais ningu\u00e9m | Ronaldo Correia de Brito | site oficial","robots":{"index":"index","follow":"follow","max-snippet":"max-snippet:-1","max-image-preview":"max-image-preview:large","max-video-preview":"max-video-preview:-1"},"canonical":"https:\/\/www.ronaldocorreiadebrito.com.br\/site2\/2021\/03\/nao-mora-mais-ninguem-2\/","og_locale":"pt_BR","og_type":"article","og_title":"N\u00e3o mora mais ningu\u00e9m | Ronaldo Correia de Brito | site oficial","og_description":"N\u00e3o foi na biografia de Gabriel Garc\u00eda M\u00e1rquez, Viver para Contar, onde li a hist\u00f3ria de um menino que, ao perder a m\u00e3e, teve como primeiro sentimento o de que nunca mais comeria arroz doce. Era a m\u00e3e quem cozinhava a iguaria predileta do filho....","og_url":"https:\/\/www.ronaldocorreiadebrito.com.br\/site2\/2021\/03\/nao-mora-mais-ninguem-2\/","og_site_name":"Ronaldo Correia de Brito | site oficial","article_publisher":"https:\/\/www.facebook.com\/ronaldocorreiadebrito.oficial","article_published_time":"2021-03-27T15:18:02+00:00","og_image":[{"width":450,"height":600,"url":"https:\/\/www.ronaldocorreiadebrito.com.br\/site2\/wp-content\/uploads\/2021\/03\/passagem-cabec3a7a-de-alfinete.jpeg","type":"image\/jpeg"}],"author":"admin","twitter_card":"summary_large_image","twitter_misc":{"Escrito por":"admin","Est. tempo de leitura":"4 minutos"},"schema":{"@context":"https:\/\/schema.org","@graph":[{"@type":"Article","@id":"https:\/\/www.ronaldocorreiadebrito.com.br\/site2\/2021\/03\/nao-mora-mais-ninguem-2\/#article","isPartOf":{"@id":"https:\/\/www.ronaldocorreiadebrito.com.br\/site2\/2021\/03\/nao-mora-mais-ninguem-2\/"},"author":{"name":"admin","@id":"https:\/\/www.ronaldocorreiadebrito.com.br\/site2\/#\/schema\/person\/99a164d0eaaff7f78b11899bc7d5e7c9"},"headline":"N\u00e3o mora mais ningu\u00e9m","datePublished":"2021-03-27T15:18:02+00:00","mainEntityOfPage":{"@id":"https:\/\/www.ronaldocorreiadebrito.com.br\/site2\/2021\/03\/nao-mora-mais-ninguem-2\/"},"wordCount":843,"commentCount":0,"image":{"@id":"https:\/\/www.ronaldocorreiadebrito.com.br\/site2\/2021\/03\/nao-mora-mais-ninguem-2\/#primaryimage"},"thumbnailUrl":"https:\/\/www.ronaldocorreiadebrito.com.br\/site2\/wp-content\/uploads\/2021\/03\/passagem-cabec3a7a-de-alfinete.jpeg","articleSection":["Blog","Links","Slider"],"inLanguage":"pt-BR","potentialAction":[{"@type":"CommentAction","name":"Comment","target":["https:\/\/www.ronaldocorreiadebrito.com.br\/site2\/2021\/03\/nao-mora-mais-ninguem-2\/#respond"]}]},{"@type":"WebPage","@id":"https:\/\/www.ronaldocorreiadebrito.com.br\/site2\/2021\/03\/nao-mora-mais-ninguem-2\/","url":"https:\/\/www.ronaldocorreiadebrito.com.br\/site2\/2021\/03\/nao-mora-mais-ninguem-2\/","name":"N\u00e3o mora mais ningu\u00e9m | Ronaldo Correia de Brito | site oficial","isPartOf":{"@id":"https:\/\/www.ronaldocorreiadebrito.com.br\/site2\/#website"},"primaryImageOfPage":{"@id":"https:\/\/www.ronaldocorreiadebrito.com.br\/site2\/2021\/03\/nao-mora-mais-ninguem-2\/#primaryimage"},"image":{"@id":"https:\/\/www.ronaldocorreiadebrito.com.br\/site2\/2021\/03\/nao-mora-mais-ninguem-2\/#primaryimage"},"thumbnailUrl":"https:\/\/www.ronaldocorreiadebrito.com.br\/site2\/wp-content\/uploads\/2021\/03\/passagem-cabec3a7a-de-alfinete.jpeg","datePublished":"2021-03-27T15:18:02+00:00","author":{"@id":"https:\/\/www.ronaldocorreiadebrito.com.br\/site2\/#\/schema\/person\/99a164d0eaaff7f78b11899bc7d5e7c9"},"breadcrumb":{"@id":"https:\/\/www.ronaldocorreiadebrito.com.br\/site2\/2021\/03\/nao-mora-mais-ninguem-2\/#breadcrumb"},"inLanguage":"pt-BR","potentialAction":[{"@type":"ReadAction","target":["https:\/\/www.ronaldocorreiadebrito.com.br\/site2\/2021\/03\/nao-mora-mais-ninguem-2\/"]}]},{"@type":"ImageObject","inLanguage":"pt-BR","@id":"https:\/\/www.ronaldocorreiadebrito.com.br\/site2\/2021\/03\/nao-mora-mais-ninguem-2\/#primaryimage","url":"https:\/\/www.ronaldocorreiadebrito.com.br\/site2\/wp-content\/uploads\/2021\/03\/passagem-cabec3a7a-de-alfinete.jpeg","contentUrl":"https:\/\/www.ronaldocorreiadebrito.com.br\/site2\/wp-content\/uploads\/2021\/03\/passagem-cabec3a7a-de-alfinete.jpeg","width":450,"height":600},{"@type":"BreadcrumbList","@id":"https:\/\/www.ronaldocorreiadebrito.com.br\/site2\/2021\/03\/nao-mora-mais-ninguem-2\/#breadcrumb","itemListElement":[{"@type":"ListItem","position":1,"name":"In\u00edcio","item":"https:\/\/www.ronaldocorreiadebrito.com.br\/site2\/"},{"@type":"ListItem","position":2,"name":"N\u00e3o mora mais ningu\u00e9m"}]},{"@type":"WebSite","@id":"https:\/\/www.ronaldocorreiadebrito.com.br\/site2\/#website","url":"https:\/\/www.ronaldocorreiadebrito.com.br\/site2\/","name":"Ronaldo Correia de Brito | site oficial","description":"Site oficial do escritor Ronaldo Correia de Brito","potentialAction":[{"@type":"SearchAction","target":{"@type":"EntryPoint","urlTemplate":"https:\/\/www.ronaldocorreiadebrito.com.br\/site2\/?s={search_term_string}"},"query-input":{"@type":"PropertyValueSpecification","valueRequired":true,"valueName":"search_term_string"}}],"inLanguage":"pt-BR"},{"@type":"Person","@id":"https:\/\/www.ronaldocorreiadebrito.com.br\/site2\/#\/schema\/person\/99a164d0eaaff7f78b11899bc7d5e7c9","name":"admin","url":"https:\/\/www.ronaldocorreiadebrito.com.br\/site2\/author\/admin\/"}]}},"wps_subtitle":"","_links":{"self":[{"href":"https:\/\/www.ronaldocorreiadebrito.com.br\/site2\/wp-json\/wp\/v2\/posts\/1628","targetHints":{"allow":["GET"]}}],"collection":[{"href":"https:\/\/www.ronaldocorreiadebrito.com.br\/site2\/wp-json\/wp\/v2\/posts"}],"about":[{"href":"https:\/\/www.ronaldocorreiadebrito.com.br\/site2\/wp-json\/wp\/v2\/types\/post"}],"author":[{"embeddable":true,"href":"https:\/\/www.ronaldocorreiadebrito.com.br\/site2\/wp-json\/wp\/v2\/users\/1"}],"replies":[{"embeddable":true,"href":"https:\/\/www.ronaldocorreiadebrito.com.br\/site2\/wp-json\/wp\/v2\/comments?post=1628"}],"version-history":[{"count":0,"href":"https:\/\/www.ronaldocorreiadebrito.com.br\/site2\/wp-json\/wp\/v2\/posts\/1628\/revisions"}],"wp:featuredmedia":[{"embeddable":true,"href":"https:\/\/www.ronaldocorreiadebrito.com.br\/site2\/wp-json\/wp\/v2\/media\/1629"}],"wp:attachment":[{"href":"https:\/\/www.ronaldocorreiadebrito.com.br\/site2\/wp-json\/wp\/v2\/media?parent=1628"}],"wp:term":[{"taxonomy":"category","embeddable":true,"href":"https:\/\/www.ronaldocorreiadebrito.com.br\/site2\/wp-json\/wp\/v2\/categories?post=1628"},{"taxonomy":"post_tag","embeddable":true,"href":"https:\/\/www.ronaldocorreiadebrito.com.br\/site2\/wp-json\/wp\/v2\/tags?post=1628"}],"curies":[{"name":"wp","href":"https:\/\/api.w.org\/{rel}","templated":true}]}}