{"id":1616,"date":"2021-03-20T15:19:33","date_gmt":"2021-03-20T18:19:33","guid":{"rendered":"https:\/\/www.ronaldocorreiadebrito.com.br\/site2\/?p=1616"},"modified":"2021-03-21T11:53:53","modified_gmt":"2021-03-21T14:53:53","slug":"bach-e-jose-aniceto","status":"publish","type":"post","link":"https:\/\/www.ronaldocorreiadebrito.com.br\/site2\/2021\/03\/bach-e-jose-aniceto\/","title":{"rendered":"Bach e Jos\u00e9 Aniceto"},"content":{"rendered":"<p class=\"p1\">A queixa partiu do music\u00f3logo George Lederman, quando termin\u00e1vamos de ouvir <i>A Paix\u00e3o Segundo S\u00e3o Mateus<\/i>, de Bach.: nunca mais se compor\u00e1 assim. A noite sem lua, o p\u00e1tio extenso da casa de campo e o retorno ao sil\u00eancio ap\u00f3s os \u00faltimos acordes da orquestra tornavam a senten\u00e7a b\u00edblica. Na verdade, nunca mais se comp\u00f4s assim. A prova \u00e9 que escolheram a m\u00fasica do mestre alem\u00e3o para ser lan\u00e7ada no espa\u00e7o, escapando a prov\u00e1veis hecatombes que varram o homem e sua arte do planeta. Algum dia, seres de outros universos poder\u00e3o se encantar com a mais sublime e elevada m\u00fasica. Talvez, os ETs n\u00e3o compreendam como foi poss\u00edvel que do mesmo barro original tenha nascido a m\u00e3o que desenhava partituras e a que apertou o bot\u00e3o das ogivas nucleares para o ato final.<\/p>\n<p class=\"p4\"><span class=\"s1\"> A <i>Paix\u00e3o<\/i> \u00e9 uma obra complexa, dura quase quatro horas, exige dois coros, cada qual com sua pr\u00f3pria orquestra, e in\u00fameros solistas vocais e instrumentais. As pe\u00e7as profanas do compositor s\u00e3o poucas, se comparadas \u00e0 sua m\u00fasica sacra, composta sobretudo de 1723 at\u00e9 sua morte em 1750, quando trabalhava em Leipzig, como mestre de capela ou diretor musical de v\u00e1rias igrejas. O miraculoso para n\u00f3s modernos \u00e9 o volume da obra de Bach: trezentas cantatas, das quais nos chegaram duzentas; cinco paix\u00f5es, tr\u00eas orat\u00f3rios, um magnificat, seis concertos de Brandemburgo, diversos concertos para violino e cravo; fugas, prel\u00fadios, fantasias, sonatas, tocatas, partitas, su\u00edtes e caprichos, escritos numa \u00e9poca em que n\u00e3o existiam computadores editando partituras musicais. <\/span><\/p>\n<p class=\"p5\"><span class=\"s1\">Ser\u00e1 que o tempo diminuiu sua medida ou possu\u00eda um outro sentido e utilidade que perdemos? Bach tinha uma grande fam\u00edlia e se ocupava da educa\u00e7\u00e3o dos filhos. Religioso, compunha para o futuro, sempre na perspectiva do eterno. Era imune \u00e0 ansiedade do homem contempor\u00e2neo, que s\u00f3 pensa no reconhecimento imediato e no consumo do seu produto art\u00edstico.<\/span><\/p>\n<p class=\"p4\"><span class=\"s1\"> O compositor ficou esquecido cem anos e, s\u00f3 agora, chamam aten\u00e7\u00e3o para a qualidade da m\u00fasica produzida por seus filhos. A hist\u00f3ria do homem \u00e9 um terreno arqueol\u00f3gico em que camadas se sobrep\u00f5em \u00e0s outras e, por milagre, alguns tesouros perdidos v\u00eam \u00e0 luz. <\/span><\/p>\n<p class=\"p5\"><span class=\"s1\">H\u00e1 v\u00e1rios n\u00edveis de saber na constru\u00e7\u00e3o do conhecimento humano. Penso numa pequena orquestra da minha cidade do Crato, uma humilde banda caba\u00e7al de dois p\u00edfaros, uma zabumba, uma caixa e um par de pratos. Tinha o nome de <i>Os Irm\u00e3os Ani<\/i>ceto, e era formada pelo pai e quatro filhos homens. Bastava olh\u00e1-los para reconhecer que o sangue de \u00edndios e negros corria nas suas veias. <\/span><\/p>\n<p class=\"p5\"><span class=\"s1\">Criados nos vales e na chapada do Araripe, acostumaram-se a ca\u00e7ar na floresta e banhar-se nas nascentes d\u2019\u00e1gua. Plantavam arroz, feij\u00e3o, mandioca e milho como todos os pequenos agricultores. No tempo livre, tocavam seus instrumentos e dan\u00e7avam. Tinham um repert\u00f3rio de mais de cem pe\u00e7as, de que se diziam autores. Pode-se questionar a informa\u00e7\u00e3o. Outras bandas locais executavam m\u00fasicas semelhantes. Mas isso n\u00e3o tem import\u00e2ncia. A arte \u00e9 um bem comum e s\u00f3 o homem moderno inventou a assinatura como marca de propriedade.<\/span><\/p>\n<p class=\"p4\"><span class=\"s1\"> Por alguma raz\u00e3o a fam\u00edlia Aniceto sempre me lembrou a fam\u00edlia Bach. H\u00e1 em comum entre eles a religiosidade, o sentido de sagrado, a arte incorporada \u00e0 rotina da vida. Toca-se o p\u00edfaro com a f\u00e9 e concentra\u00e7\u00e3o com que se bebe um copo d\u2019\u00e1gua. Com a m\u00fasica celebram-se os nascimentos, os casamentos, as colheitas, a morte. N\u00e3o h\u00e1 rupturas na cadeia do viver, nenhum staccato. O tempo flui com outra medida. Plantar o ro\u00e7ado de milho n\u00e3o \u00e9 diferente de compor uma marcha de estrada.<\/span><\/p>\n<p class=\"p4\"><span class=\"s1\"> Tive provas disso. Nos meus tempos de pesquisador de cultura popular assisti uma apresenta\u00e7\u00e3o de palanque dos Irm\u00e3os Aniceto. Depois de marchas e bai\u00f5es cada membro faria um solo com o seu instrumento, tocando e dan\u00e7ando. Os quatro irm\u00e3os, Francisco, Jo\u00e3o, Antonio e Raimundo sa\u00edram-se bem, sendo aplaudidos. O Velho Jos\u00e9 Aniceto, com quase noventa anos, foi deixado por \u00faltimo. Para ele, mestre e pai, sobraram os pratos, que tocava por serem leves e n\u00e3o exigirem esfor\u00e7o. <\/span><\/p>\n<p class=\"p5\"><span class=\"s1\">Quando o filho mais velho fez uma v\u00eania na sua frente, estava dado o sinal para que come\u00e7asse a dan\u00e7a. Solene e vagaroso, o velho colocou os pratos no ch\u00e3o e deitou-se de bru\u00e7os. Debatia-se, agitando bra\u00e7os e pernas, como se lutasse contra um monstro poderoso. O p\u00fablico, estranhando a dan\u00e7a, n\u00e3o teve a menor compaix\u00e3o e vaiou o velho at\u00e9 que ele se levantou, dando o rito por encerrado. <\/span><\/p>\n<p class=\"p5\"><span class=\"s1\">Eu sofri como se fosse contra mim todo o clamor. Dias depois, ele me confessou: j\u00e1 estou velho e minha briga \u00e9 com a morte. Atiro-me \u00e0 Terra e ela me puxa para baixo, querendo me levar. Luto, luto para subir ao c\u00e9u.<\/span><\/p>\n<p class=\"p4\"><span class=\"s1\"> A m\u00fasica barroca de Bach eleva-se em espirais e sugere um movimento de ascens\u00e3o. O mesmo que o velho Jos\u00e9 Aniceto tentava dar \u00e0 sua vida e \u00e0 sua modesta cria\u00e7\u00e3o. <span class=\"Apple-converted-space\">\u00a0 \u00a0<\/span><\/span><\/p>\n<p class=\"p6\"><span class=\"s1\"> <span class=\"Apple-converted-space\">\u00a0 \u00a0 \u00a0<\/span><\/span><\/p>\n","protected":false},"excerpt":{"rendered":"<p>A queixa partiu do music\u00f3logo George Lederman, quando termin\u00e1vamos de ouvir A Paix\u00e3o Segundo S\u00e3o Mateus, de Bach.: nunca mais se compor\u00e1 assim. A noite sem lua, o p\u00e1tio extenso da casa de campo e o retorno ao sil\u00eancio ap\u00f3s os \u00faltimos acordes da orquestra&#8230;<\/p>\n","protected":false},"author":1,"featured_media":1617,"comment_status":"open","ping_status":"closed","sticky":false,"template":"","format":"standard","meta":{"sfsi_plus_gutenberg_text_before_share":"","sfsi_plus_gutenberg_show_text_before_share":"","sfsi_plus_gutenberg_icon_type":"","sfsi_plus_gutenberg_icon_alignemt":"","sfsi_plus_gutenburg_max_per_row":"","footnotes":""},"categories":[8,46,45],"tags":[],"class_list":["post-1616","post","type-post","status-publish","format-standard","has-post-thumbnail","hentry","category-blog","category-links","category-slider"],"yoast_head":"<!-- This site is optimized with the Yoast SEO plugin v27.4 - https:\/\/yoast.com\/product\/yoast-seo-wordpress\/ -->\n<title>Bach e Jos\u00e9 Aniceto | Ronaldo Correia de Brito | site oficial<\/title>\n<meta name=\"robots\" content=\"index, follow, max-snippet:-1, max-image-preview:large, max-video-preview:-1\" \/>\n<link rel=\"canonical\" href=\"https:\/\/www.ronaldocorreiadebrito.com.br\/site2\/2021\/03\/bach-e-jose-aniceto\/\" \/>\n<meta property=\"og:locale\" content=\"pt_BR\" \/>\n<meta property=\"og:type\" content=\"article\" \/>\n<meta property=\"og:title\" content=\"Bach e Jos\u00e9 Aniceto | Ronaldo Correia de Brito | site oficial\" \/>\n<meta property=\"og:description\" content=\"A queixa partiu do music\u00f3logo George Lederman, quando termin\u00e1vamos de ouvir A Paix\u00e3o Segundo S\u00e3o Mateus, de Bach.: nunca mais se compor\u00e1 assim. A noite sem lua, o p\u00e1tio extenso da casa de campo e o retorno ao sil\u00eancio ap\u00f3s os \u00faltimos acordes da orquestra...\" \/>\n<meta property=\"og:url\" content=\"https:\/\/www.ronaldocorreiadebrito.com.br\/site2\/2021\/03\/bach-e-jose-aniceto\/\" \/>\n<meta property=\"og:site_name\" content=\"Ronaldo Correia de Brito | site oficial\" \/>\n<meta property=\"article:publisher\" content=\"https:\/\/www.facebook.com\/ronaldocorreiadebrito.oficial\" \/>\n<meta property=\"article:published_time\" content=\"2021-03-20T18:19:33+00:00\" \/>\n<meta property=\"article:modified_time\" content=\"2021-03-21T14:53:53+00:00\" \/>\n<meta property=\"og:image\" content=\"https:\/\/www.ronaldocorreiadebrito.com.br\/site2\/wp-content\/uploads\/2021\/03\/Aniceto.jpeg\" \/>\n\t<meta property=\"og:image:width\" content=\"1094\" \/>\n\t<meta property=\"og:image:height\" content=\"615\" \/>\n\t<meta property=\"og:image:type\" content=\"image\/jpeg\" \/>\n<meta name=\"author\" content=\"admin\" \/>\n<meta name=\"twitter:card\" content=\"summary_large_image\" \/>\n<meta name=\"twitter:label1\" content=\"Escrito por\" \/>\n\t<meta name=\"twitter:data1\" content=\"admin\" \/>\n\t<meta name=\"twitter:label2\" content=\"Est. tempo de leitura\" \/>\n\t<meta name=\"twitter:data2\" content=\"4 minutos\" \/>\n<script type=\"application\/ld+json\" class=\"yoast-schema-graph\">{\"@context\":\"https:\\\/\\\/schema.org\",\"@graph\":[{\"@type\":\"Article\",\"@id\":\"https:\\\/\\\/www.ronaldocorreiadebrito.com.br\\\/site2\\\/2021\\\/03\\\/bach-e-jose-aniceto\\\/#article\",\"isPartOf\":{\"@id\":\"https:\\\/\\\/www.ronaldocorreiadebrito.com.br\\\/site2\\\/2021\\\/03\\\/bach-e-jose-aniceto\\\/\"},\"author\":{\"name\":\"admin\",\"@id\":\"https:\\\/\\\/www.ronaldocorreiadebrito.com.br\\\/site2\\\/#\\\/schema\\\/person\\\/99a164d0eaaff7f78b11899bc7d5e7c9\"},\"headline\":\"Bach e Jos\u00e9 Aniceto\",\"datePublished\":\"2021-03-20T18:19:33+00:00\",\"dateModified\":\"2021-03-21T14:53:53+00:00\",\"mainEntityOfPage\":{\"@id\":\"https:\\\/\\\/www.ronaldocorreiadebrito.com.br\\\/site2\\\/2021\\\/03\\\/bach-e-jose-aniceto\\\/\"},\"wordCount\":891,\"commentCount\":0,\"image\":{\"@id\":\"https:\\\/\\\/www.ronaldocorreiadebrito.com.br\\\/site2\\\/2021\\\/03\\\/bach-e-jose-aniceto\\\/#primaryimage\"},\"thumbnailUrl\":\"https:\\\/\\\/www.ronaldocorreiadebrito.com.br\\\/site2\\\/wp-content\\\/uploads\\\/2021\\\/03\\\/Aniceto.jpeg\",\"articleSection\":[\"Blog\",\"Links\",\"Slider\"],\"inLanguage\":\"pt-BR\",\"potentialAction\":[{\"@type\":\"CommentAction\",\"name\":\"Comment\",\"target\":[\"https:\\\/\\\/www.ronaldocorreiadebrito.com.br\\\/site2\\\/2021\\\/03\\\/bach-e-jose-aniceto\\\/#respond\"]}]},{\"@type\":\"WebPage\",\"@id\":\"https:\\\/\\\/www.ronaldocorreiadebrito.com.br\\\/site2\\\/2021\\\/03\\\/bach-e-jose-aniceto\\\/\",\"url\":\"https:\\\/\\\/www.ronaldocorreiadebrito.com.br\\\/site2\\\/2021\\\/03\\\/bach-e-jose-aniceto\\\/\",\"name\":\"Bach e Jos\u00e9 Aniceto | Ronaldo Correia de Brito | site oficial\",\"isPartOf\":{\"@id\":\"https:\\\/\\\/www.ronaldocorreiadebrito.com.br\\\/site2\\\/#website\"},\"primaryImageOfPage\":{\"@id\":\"https:\\\/\\\/www.ronaldocorreiadebrito.com.br\\\/site2\\\/2021\\\/03\\\/bach-e-jose-aniceto\\\/#primaryimage\"},\"image\":{\"@id\":\"https:\\\/\\\/www.ronaldocorreiadebrito.com.br\\\/site2\\\/2021\\\/03\\\/bach-e-jose-aniceto\\\/#primaryimage\"},\"thumbnailUrl\":\"https:\\\/\\\/www.ronaldocorreiadebrito.com.br\\\/site2\\\/wp-content\\\/uploads\\\/2021\\\/03\\\/Aniceto.jpeg\",\"datePublished\":\"2021-03-20T18:19:33+00:00\",\"dateModified\":\"2021-03-21T14:53:53+00:00\",\"author\":{\"@id\":\"https:\\\/\\\/www.ronaldocorreiadebrito.com.br\\\/site2\\\/#\\\/schema\\\/person\\\/99a164d0eaaff7f78b11899bc7d5e7c9\"},\"breadcrumb\":{\"@id\":\"https:\\\/\\\/www.ronaldocorreiadebrito.com.br\\\/site2\\\/2021\\\/03\\\/bach-e-jose-aniceto\\\/#breadcrumb\"},\"inLanguage\":\"pt-BR\",\"potentialAction\":[{\"@type\":\"ReadAction\",\"target\":[\"https:\\\/\\\/www.ronaldocorreiadebrito.com.br\\\/site2\\\/2021\\\/03\\\/bach-e-jose-aniceto\\\/\"]}]},{\"@type\":\"ImageObject\",\"inLanguage\":\"pt-BR\",\"@id\":\"https:\\\/\\\/www.ronaldocorreiadebrito.com.br\\\/site2\\\/2021\\\/03\\\/bach-e-jose-aniceto\\\/#primaryimage\",\"url\":\"https:\\\/\\\/www.ronaldocorreiadebrito.com.br\\\/site2\\\/wp-content\\\/uploads\\\/2021\\\/03\\\/Aniceto.jpeg\",\"contentUrl\":\"https:\\\/\\\/www.ronaldocorreiadebrito.com.br\\\/site2\\\/wp-content\\\/uploads\\\/2021\\\/03\\\/Aniceto.jpeg\",\"width\":1094,\"height\":615},{\"@type\":\"BreadcrumbList\",\"@id\":\"https:\\\/\\\/www.ronaldocorreiadebrito.com.br\\\/site2\\\/2021\\\/03\\\/bach-e-jose-aniceto\\\/#breadcrumb\",\"itemListElement\":[{\"@type\":\"ListItem\",\"position\":1,\"name\":\"In\u00edcio\",\"item\":\"https:\\\/\\\/www.ronaldocorreiadebrito.com.br\\\/site2\\\/\"},{\"@type\":\"ListItem\",\"position\":2,\"name\":\"Bach e Jos\u00e9 Aniceto\"}]},{\"@type\":\"WebSite\",\"@id\":\"https:\\\/\\\/www.ronaldocorreiadebrito.com.br\\\/site2\\\/#website\",\"url\":\"https:\\\/\\\/www.ronaldocorreiadebrito.com.br\\\/site2\\\/\",\"name\":\"Ronaldo Correia de Brito | site oficial\",\"description\":\"Site oficial do escritor Ronaldo Correia de Brito\",\"potentialAction\":[{\"@type\":\"SearchAction\",\"target\":{\"@type\":\"EntryPoint\",\"urlTemplate\":\"https:\\\/\\\/www.ronaldocorreiadebrito.com.br\\\/site2\\\/?s={search_term_string}\"},\"query-input\":{\"@type\":\"PropertyValueSpecification\",\"valueRequired\":true,\"valueName\":\"search_term_string\"}}],\"inLanguage\":\"pt-BR\"},{\"@type\":\"Person\",\"@id\":\"https:\\\/\\\/www.ronaldocorreiadebrito.com.br\\\/site2\\\/#\\\/schema\\\/person\\\/99a164d0eaaff7f78b11899bc7d5e7c9\",\"name\":\"admin\",\"url\":\"https:\\\/\\\/www.ronaldocorreiadebrito.com.br\\\/site2\\\/author\\\/admin\\\/\"}]}<\/script>\n<!-- \/ Yoast SEO plugin. -->","yoast_head_json":{"title":"Bach e Jos\u00e9 Aniceto | Ronaldo Correia de Brito | site oficial","robots":{"index":"index","follow":"follow","max-snippet":"max-snippet:-1","max-image-preview":"max-image-preview:large","max-video-preview":"max-video-preview:-1"},"canonical":"https:\/\/www.ronaldocorreiadebrito.com.br\/site2\/2021\/03\/bach-e-jose-aniceto\/","og_locale":"pt_BR","og_type":"article","og_title":"Bach e Jos\u00e9 Aniceto | Ronaldo Correia de Brito | site oficial","og_description":"A queixa partiu do music\u00f3logo George Lederman, quando termin\u00e1vamos de ouvir A Paix\u00e3o Segundo S\u00e3o Mateus, de Bach.: nunca mais se compor\u00e1 assim. A noite sem lua, o p\u00e1tio extenso da casa de campo e o retorno ao sil\u00eancio ap\u00f3s os \u00faltimos acordes da orquestra...","og_url":"https:\/\/www.ronaldocorreiadebrito.com.br\/site2\/2021\/03\/bach-e-jose-aniceto\/","og_site_name":"Ronaldo Correia de Brito | site oficial","article_publisher":"https:\/\/www.facebook.com\/ronaldocorreiadebrito.oficial","article_published_time":"2021-03-20T18:19:33+00:00","article_modified_time":"2021-03-21T14:53:53+00:00","og_image":[{"width":1094,"height":615,"url":"https:\/\/www.ronaldocorreiadebrito.com.br\/site2\/wp-content\/uploads\/2021\/03\/Aniceto.jpeg","type":"image\/jpeg"}],"author":"admin","twitter_card":"summary_large_image","twitter_misc":{"Escrito por":"admin","Est. tempo de leitura":"4 minutos"},"schema":{"@context":"https:\/\/schema.org","@graph":[{"@type":"Article","@id":"https:\/\/www.ronaldocorreiadebrito.com.br\/site2\/2021\/03\/bach-e-jose-aniceto\/#article","isPartOf":{"@id":"https:\/\/www.ronaldocorreiadebrito.com.br\/site2\/2021\/03\/bach-e-jose-aniceto\/"},"author":{"name":"admin","@id":"https:\/\/www.ronaldocorreiadebrito.com.br\/site2\/#\/schema\/person\/99a164d0eaaff7f78b11899bc7d5e7c9"},"headline":"Bach e Jos\u00e9 Aniceto","datePublished":"2021-03-20T18:19:33+00:00","dateModified":"2021-03-21T14:53:53+00:00","mainEntityOfPage":{"@id":"https:\/\/www.ronaldocorreiadebrito.com.br\/site2\/2021\/03\/bach-e-jose-aniceto\/"},"wordCount":891,"commentCount":0,"image":{"@id":"https:\/\/www.ronaldocorreiadebrito.com.br\/site2\/2021\/03\/bach-e-jose-aniceto\/#primaryimage"},"thumbnailUrl":"https:\/\/www.ronaldocorreiadebrito.com.br\/site2\/wp-content\/uploads\/2021\/03\/Aniceto.jpeg","articleSection":["Blog","Links","Slider"],"inLanguage":"pt-BR","potentialAction":[{"@type":"CommentAction","name":"Comment","target":["https:\/\/www.ronaldocorreiadebrito.com.br\/site2\/2021\/03\/bach-e-jose-aniceto\/#respond"]}]},{"@type":"WebPage","@id":"https:\/\/www.ronaldocorreiadebrito.com.br\/site2\/2021\/03\/bach-e-jose-aniceto\/","url":"https:\/\/www.ronaldocorreiadebrito.com.br\/site2\/2021\/03\/bach-e-jose-aniceto\/","name":"Bach e Jos\u00e9 Aniceto | Ronaldo Correia de Brito | site oficial","isPartOf":{"@id":"https:\/\/www.ronaldocorreiadebrito.com.br\/site2\/#website"},"primaryImageOfPage":{"@id":"https:\/\/www.ronaldocorreiadebrito.com.br\/site2\/2021\/03\/bach-e-jose-aniceto\/#primaryimage"},"image":{"@id":"https:\/\/www.ronaldocorreiadebrito.com.br\/site2\/2021\/03\/bach-e-jose-aniceto\/#primaryimage"},"thumbnailUrl":"https:\/\/www.ronaldocorreiadebrito.com.br\/site2\/wp-content\/uploads\/2021\/03\/Aniceto.jpeg","datePublished":"2021-03-20T18:19:33+00:00","dateModified":"2021-03-21T14:53:53+00:00","author":{"@id":"https:\/\/www.ronaldocorreiadebrito.com.br\/site2\/#\/schema\/person\/99a164d0eaaff7f78b11899bc7d5e7c9"},"breadcrumb":{"@id":"https:\/\/www.ronaldocorreiadebrito.com.br\/site2\/2021\/03\/bach-e-jose-aniceto\/#breadcrumb"},"inLanguage":"pt-BR","potentialAction":[{"@type":"ReadAction","target":["https:\/\/www.ronaldocorreiadebrito.com.br\/site2\/2021\/03\/bach-e-jose-aniceto\/"]}]},{"@type":"ImageObject","inLanguage":"pt-BR","@id":"https:\/\/www.ronaldocorreiadebrito.com.br\/site2\/2021\/03\/bach-e-jose-aniceto\/#primaryimage","url":"https:\/\/www.ronaldocorreiadebrito.com.br\/site2\/wp-content\/uploads\/2021\/03\/Aniceto.jpeg","contentUrl":"https:\/\/www.ronaldocorreiadebrito.com.br\/site2\/wp-content\/uploads\/2021\/03\/Aniceto.jpeg","width":1094,"height":615},{"@type":"BreadcrumbList","@id":"https:\/\/www.ronaldocorreiadebrito.com.br\/site2\/2021\/03\/bach-e-jose-aniceto\/#breadcrumb","itemListElement":[{"@type":"ListItem","position":1,"name":"In\u00edcio","item":"https:\/\/www.ronaldocorreiadebrito.com.br\/site2\/"},{"@type":"ListItem","position":2,"name":"Bach e Jos\u00e9 Aniceto"}]},{"@type":"WebSite","@id":"https:\/\/www.ronaldocorreiadebrito.com.br\/site2\/#website","url":"https:\/\/www.ronaldocorreiadebrito.com.br\/site2\/","name":"Ronaldo Correia de Brito | site oficial","description":"Site oficial do escritor Ronaldo Correia de Brito","potentialAction":[{"@type":"SearchAction","target":{"@type":"EntryPoint","urlTemplate":"https:\/\/www.ronaldocorreiadebrito.com.br\/site2\/?s={search_term_string}"},"query-input":{"@type":"PropertyValueSpecification","valueRequired":true,"valueName":"search_term_string"}}],"inLanguage":"pt-BR"},{"@type":"Person","@id":"https:\/\/www.ronaldocorreiadebrito.com.br\/site2\/#\/schema\/person\/99a164d0eaaff7f78b11899bc7d5e7c9","name":"admin","url":"https:\/\/www.ronaldocorreiadebrito.com.br\/site2\/author\/admin\/"}]}},"wps_subtitle":"","_links":{"self":[{"href":"https:\/\/www.ronaldocorreiadebrito.com.br\/site2\/wp-json\/wp\/v2\/posts\/1616","targetHints":{"allow":["GET"]}}],"collection":[{"href":"https:\/\/www.ronaldocorreiadebrito.com.br\/site2\/wp-json\/wp\/v2\/posts"}],"about":[{"href":"https:\/\/www.ronaldocorreiadebrito.com.br\/site2\/wp-json\/wp\/v2\/types\/post"}],"author":[{"embeddable":true,"href":"https:\/\/www.ronaldocorreiadebrito.com.br\/site2\/wp-json\/wp\/v2\/users\/1"}],"replies":[{"embeddable":true,"href":"https:\/\/www.ronaldocorreiadebrito.com.br\/site2\/wp-json\/wp\/v2\/comments?post=1616"}],"version-history":[{"count":0,"href":"https:\/\/www.ronaldocorreiadebrito.com.br\/site2\/wp-json\/wp\/v2\/posts\/1616\/revisions"}],"wp:featuredmedia":[{"embeddable":true,"href":"https:\/\/www.ronaldocorreiadebrito.com.br\/site2\/wp-json\/wp\/v2\/media\/1617"}],"wp:attachment":[{"href":"https:\/\/www.ronaldocorreiadebrito.com.br\/site2\/wp-json\/wp\/v2\/media?parent=1616"}],"wp:term":[{"taxonomy":"category","embeddable":true,"href":"https:\/\/www.ronaldocorreiadebrito.com.br\/site2\/wp-json\/wp\/v2\/categories?post=1616"},{"taxonomy":"post_tag","embeddable":true,"href":"https:\/\/www.ronaldocorreiadebrito.com.br\/site2\/wp-json\/wp\/v2\/tags?post=1616"}],"curies":[{"name":"wp","href":"https:\/\/api.w.org\/{rel}","templated":true}]}}