{"id":1612,"date":"2021-03-18T14:25:45","date_gmt":"2021-03-18T17:25:45","guid":{"rendered":"https:\/\/www.ronaldocorreiadebrito.com.br\/site2\/?p=1612"},"modified":"2021-03-18T16:05:09","modified_gmt":"2021-03-18T19:05:09","slug":"viver-com-medo-de-viver","status":"publish","type":"post","link":"https:\/\/www.ronaldocorreiadebrito.com.br\/site2\/2021\/03\/viver-com-medo-de-viver\/","title":{"rendered":"Viver com medo de viver"},"content":{"rendered":"<p class=\"p1\" style=\"text-align: right;\"><span class=\"s1\">(Di\u00e1rio do isolamento 1) <\/span><\/p>\n<p class=\"p1\"><span class=\"s1\">Os leitores talvez estranhem o n\u00famero 1 no <i>Di\u00e1rio do isolamento<\/i>. Na ter\u00e7a-feira passada, dia 16 de mar\u00e7o, completei um ano vivendo sob medidas restritivas, per\u00edodo em que escrevi cerca de 40 cr\u00f4nicas, todas motivadas pela pandemia do coronav\u00edrus. Nunca imaginei que chegar\u00edamos aos n\u00fameros alarmantes alcan\u00e7ados hoje. N\u00e3o tenho coragem de transcrev\u00ea-los, receio aumentar o desespero. Nova quarentena se inicia e mais um ano de incertezas sobre o futuro. Decidi retomar a escrita do di\u00e1rio, zerar o calend\u00e1rio, j\u00e1 que estamos num recome\u00e7o.<\/span><\/p>\n<p class=\"p1\"><span class=\"s1\">N\u00e3o fui eu que criei a express\u00e3o \u201cViver com medo de viver\u201d. Uma mulher simples do campo referiu-se dessa maneira \u00e0 vida na pandemia. Em todos os n\u00edveis sociais as pessoas sentem-se abaladas na f\u00e9 em Deus, na Ci\u00eancia, na Pol\u00edtica, no Homem.<\/span><\/p>\n<p class=\"p1\"><span class=\"s1\">No filme <i>O sacrif\u00edcio<\/i>, do russo Andrei Tarkovsky, vive-se a amea\u00e7a de uma guerra nuclear, que acabaria com o nosso mundo. Em <i>Melancolia<\/i>, do dinamarqu\u00eas Lars von Trier, o terror \u00e9 provocado pela movimenta\u00e7\u00e3o do planeta Melancolia em dire\u00e7\u00e3o \u00e0 Terra. Nos dois filmes, o temor de um fim pr\u00f3ximo da humanidade precipita sentimentos contradit\u00f3rios, medo e loucura.<\/span><\/p>\n<p class=\"p3\"><span class=\"s1\">Vivemos algo parecido na epidemia de Covid-19. A Morte, que at\u00e9 pode ser negada pelo crescente hedonismo, nos amea\u00e7a e nos mant\u00e9m suspensos. As bombas at\u00f4micas e o planeta desviado da \u00f3rbita natural nos filmes de Tarkovsky e Trier s\u00e3o substitu\u00eddos por um v\u00edrus em muta\u00e7\u00e3o. <\/span><\/p>\n<p class=\"p3\"><span class=\"s1\">Nessa atmosfera de fic\u00e7\u00e3o cient\u00edfica, lancei um livro de narrativas curtas, chamado <i>A arte de torrar caf\u00e9<\/i>. Ele estava pronto desde 2019, mas teve sua publica\u00e7\u00e3o adiada por conta da pandemia. H\u00e1 nele, desde a apresenta\u00e7\u00e3o, uma profecia sobre o tempo sombrio que vivemos. Sombra que paira nas cr\u00f4nicas, nos ensaios e perfis biogr\u00e1ficos cheios de esperan\u00e7a e epifanias. <\/span><\/p>\n<p class=\"p3\"><span class=\"s1\">Por esses dias, Avelina me presenteou com tr\u00eas volumes de contos de Varlam Chal\u00e1mov, um escritor russo v\u00edtima do stalinismo. Preso em campos de trabalhos for\u00e7ados durante mais de 20 anos, por discordar da pol\u00edtica totalit\u00e1ria de St\u00e1lin, Chal\u00e1mov conseguiu escrever relatos impressionantes sobre sua experi\u00eancia. Massacrado, mesmo assim ele escreve.<\/span><\/p>\n<p class=\"p3\"><span class=\"s1\">Ler Chal\u00e1mov implica numa pesada carga de sofrimento para quem l\u00ea. Imagine o que isto significou para quem viveu as trag\u00e9dias relatadas e se decidiu a reviv\u00ea-las durante a escrita, confessando sua perda de f\u00e9 na literatura.<\/span><\/p>\n<p class=\"p3\"><span class=\"s1\">Transcrevo um pequeno depoimento do autor.<\/span><\/p>\n<p class=\"p3\"><span class=\"s1\">\u201cPor que escrevo contos?<\/span><\/p>\n<p class=\"p3\"><span class=\"s1\">Eu n\u00e3o acredito na literatura. N\u00e3o acredito em sua capacidade de corrigir o homem.<\/span><\/p>\n<p class=\"p3\"><span class=\"s1\">A experi\u00eancia da literatura humanista russa resultou, diante dos meus olhos, nas sangrentas execu\u00e7\u00f5es do s\u00e9culo XX.<\/span><\/p>\n<p class=\"p3\"><span class=\"s1\">Eu n\u00e3o acredito na possibilidade de evitar um fato, de anular a sua repeti\u00e7\u00e3o. A hist\u00f3ria se repete. E qualquer fuzilamento de 1937 pode ser repetido.<\/span><\/p>\n<p class=\"p3\"><span class=\"s1\">Por que ent\u00e3o escrevo?<\/span><\/p>\n<p class=\"p3\"><span class=\"s1\">Escrevo para que algu\u00e9m, apoiando-se em minha prosa alheia a qualquer mentira, possa contar sua pr\u00f3pria vida, num outro plano. Afinal, um homem tem de fazer algo.\u201d<\/span><\/p>\n","protected":false},"excerpt":{"rendered":"<p>(Di\u00e1rio do isolamento 1) Os leitores talvez estranhem o n\u00famero 1 no Di\u00e1rio do isolamento. Na ter\u00e7a-feira passada, dia 16 de mar\u00e7o, completei um ano vivendo sob medidas restritivas, per\u00edodo em que escrevi cerca de 40 cr\u00f4nicas, todas motivadas pela pandemia do coronav\u00edrus. Nunca imaginei&#8230;<\/p>\n","protected":false},"author":1,"featured_media":1613,"comment_status":"open","ping_status":"closed","sticky":false,"template":"","format":"standard","meta":{"sfsi_plus_gutenberg_text_before_share":"","sfsi_plus_gutenberg_show_text_before_share":"","sfsi_plus_gutenberg_icon_type":"","sfsi_plus_gutenberg_icon_alignemt":"","sfsi_plus_gutenburg_max_per_row":"","footnotes":""},"categories":[8,46,45],"tags":[],"class_list":["post-1612","post","type-post","status-publish","format-standard","has-post-thumbnail","hentry","category-blog","category-links","category-slider"],"yoast_head":"<!-- This site is optimized with the Yoast SEO plugin v27.4 - https:\/\/yoast.com\/product\/yoast-seo-wordpress\/ -->\n<title>Viver com medo de viver | Ronaldo Correia de Brito | site oficial<\/title>\n<meta name=\"robots\" content=\"index, follow, max-snippet:-1, max-image-preview:large, max-video-preview:-1\" \/>\n<link rel=\"canonical\" href=\"https:\/\/www.ronaldocorreiadebrito.com.br\/site2\/2021\/03\/viver-com-medo-de-viver\/\" \/>\n<meta property=\"og:locale\" content=\"pt_BR\" \/>\n<meta property=\"og:type\" content=\"article\" \/>\n<meta property=\"og:title\" content=\"Viver com medo de viver | Ronaldo Correia de Brito | site oficial\" \/>\n<meta property=\"og:description\" content=\"(Di\u00e1rio do isolamento 1) Os leitores talvez estranhem o n\u00famero 1 no Di\u00e1rio do isolamento. Na ter\u00e7a-feira passada, dia 16 de mar\u00e7o, completei um ano vivendo sob medidas restritivas, per\u00edodo em que escrevi cerca de 40 cr\u00f4nicas, todas motivadas pela pandemia do coronav\u00edrus. Nunca imaginei...\" \/>\n<meta property=\"og:url\" content=\"https:\/\/www.ronaldocorreiadebrito.com.br\/site2\/2021\/03\/viver-com-medo-de-viver\/\" \/>\n<meta property=\"og:site_name\" content=\"Ronaldo Correia de Brito | site oficial\" \/>\n<meta property=\"article:publisher\" content=\"https:\/\/www.facebook.com\/ronaldocorreiadebrito.oficial\" \/>\n<meta property=\"article:published_time\" content=\"2021-03-18T17:25:45+00:00\" \/>\n<meta property=\"article:modified_time\" content=\"2021-03-18T19:05:09+00:00\" \/>\n<meta property=\"og:image\" content=\"https:\/\/www.ronaldocorreiadebrito.com.br\/site2\/wp-content\/uploads\/2021\/03\/Untitled.png\" \/>\n\t<meta property=\"og:image:width\" content=\"747\" \/>\n\t<meta property=\"og:image:height\" content=\"318\" \/>\n\t<meta property=\"og:image:type\" content=\"image\/png\" \/>\n<meta name=\"author\" content=\"admin\" \/>\n<meta name=\"twitter:card\" content=\"summary_large_image\" \/>\n<meta name=\"twitter:label1\" content=\"Escrito por\" \/>\n\t<meta name=\"twitter:data1\" content=\"admin\" \/>\n\t<meta name=\"twitter:label2\" content=\"Est. tempo de leitura\" \/>\n\t<meta name=\"twitter:data2\" content=\"3 minutos\" \/>\n<script type=\"application\/ld+json\" class=\"yoast-schema-graph\">{\"@context\":\"https:\\\/\\\/schema.org\",\"@graph\":[{\"@type\":\"Article\",\"@id\":\"https:\\\/\\\/www.ronaldocorreiadebrito.com.br\\\/site2\\\/2021\\\/03\\\/viver-com-medo-de-viver\\\/#article\",\"isPartOf\":{\"@id\":\"https:\\\/\\\/www.ronaldocorreiadebrito.com.br\\\/site2\\\/2021\\\/03\\\/viver-com-medo-de-viver\\\/\"},\"author\":{\"name\":\"admin\",\"@id\":\"https:\\\/\\\/www.ronaldocorreiadebrito.com.br\\\/site2\\\/#\\\/schema\\\/person\\\/99a164d0eaaff7f78b11899bc7d5e7c9\"},\"headline\":\"Viver com medo de viver\",\"datePublished\":\"2021-03-18T17:25:45+00:00\",\"dateModified\":\"2021-03-18T19:05:09+00:00\",\"mainEntityOfPage\":{\"@id\":\"https:\\\/\\\/www.ronaldocorreiadebrito.com.br\\\/site2\\\/2021\\\/03\\\/viver-com-medo-de-viver\\\/\"},\"wordCount\":540,\"commentCount\":0,\"image\":{\"@id\":\"https:\\\/\\\/www.ronaldocorreiadebrito.com.br\\\/site2\\\/2021\\\/03\\\/viver-com-medo-de-viver\\\/#primaryimage\"},\"thumbnailUrl\":\"https:\\\/\\\/www.ronaldocorreiadebrito.com.br\\\/site2\\\/wp-content\\\/uploads\\\/2021\\\/03\\\/Untitled.png\",\"articleSection\":[\"Blog\",\"Links\",\"Slider\"],\"inLanguage\":\"pt-BR\",\"potentialAction\":[{\"@type\":\"CommentAction\",\"name\":\"Comment\",\"target\":[\"https:\\\/\\\/www.ronaldocorreiadebrito.com.br\\\/site2\\\/2021\\\/03\\\/viver-com-medo-de-viver\\\/#respond\"]}]},{\"@type\":\"WebPage\",\"@id\":\"https:\\\/\\\/www.ronaldocorreiadebrito.com.br\\\/site2\\\/2021\\\/03\\\/viver-com-medo-de-viver\\\/\",\"url\":\"https:\\\/\\\/www.ronaldocorreiadebrito.com.br\\\/site2\\\/2021\\\/03\\\/viver-com-medo-de-viver\\\/\",\"name\":\"Viver com medo de viver | Ronaldo Correia de Brito | site oficial\",\"isPartOf\":{\"@id\":\"https:\\\/\\\/www.ronaldocorreiadebrito.com.br\\\/site2\\\/#website\"},\"primaryImageOfPage\":{\"@id\":\"https:\\\/\\\/www.ronaldocorreiadebrito.com.br\\\/site2\\\/2021\\\/03\\\/viver-com-medo-de-viver\\\/#primaryimage\"},\"image\":{\"@id\":\"https:\\\/\\\/www.ronaldocorreiadebrito.com.br\\\/site2\\\/2021\\\/03\\\/viver-com-medo-de-viver\\\/#primaryimage\"},\"thumbnailUrl\":\"https:\\\/\\\/www.ronaldocorreiadebrito.com.br\\\/site2\\\/wp-content\\\/uploads\\\/2021\\\/03\\\/Untitled.png\",\"datePublished\":\"2021-03-18T17:25:45+00:00\",\"dateModified\":\"2021-03-18T19:05:09+00:00\",\"author\":{\"@id\":\"https:\\\/\\\/www.ronaldocorreiadebrito.com.br\\\/site2\\\/#\\\/schema\\\/person\\\/99a164d0eaaff7f78b11899bc7d5e7c9\"},\"breadcrumb\":{\"@id\":\"https:\\\/\\\/www.ronaldocorreiadebrito.com.br\\\/site2\\\/2021\\\/03\\\/viver-com-medo-de-viver\\\/#breadcrumb\"},\"inLanguage\":\"pt-BR\",\"potentialAction\":[{\"@type\":\"ReadAction\",\"target\":[\"https:\\\/\\\/www.ronaldocorreiadebrito.com.br\\\/site2\\\/2021\\\/03\\\/viver-com-medo-de-viver\\\/\"]}]},{\"@type\":\"ImageObject\",\"inLanguage\":\"pt-BR\",\"@id\":\"https:\\\/\\\/www.ronaldocorreiadebrito.com.br\\\/site2\\\/2021\\\/03\\\/viver-com-medo-de-viver\\\/#primaryimage\",\"url\":\"https:\\\/\\\/www.ronaldocorreiadebrito.com.br\\\/site2\\\/wp-content\\\/uploads\\\/2021\\\/03\\\/Untitled.png\",\"contentUrl\":\"https:\\\/\\\/www.ronaldocorreiadebrito.com.br\\\/site2\\\/wp-content\\\/uploads\\\/2021\\\/03\\\/Untitled.png\",\"width\":747,\"height\":318},{\"@type\":\"BreadcrumbList\",\"@id\":\"https:\\\/\\\/www.ronaldocorreiadebrito.com.br\\\/site2\\\/2021\\\/03\\\/viver-com-medo-de-viver\\\/#breadcrumb\",\"itemListElement\":[{\"@type\":\"ListItem\",\"position\":1,\"name\":\"In\u00edcio\",\"item\":\"https:\\\/\\\/www.ronaldocorreiadebrito.com.br\\\/site2\\\/\"},{\"@type\":\"ListItem\",\"position\":2,\"name\":\"Viver com medo de viver\"}]},{\"@type\":\"WebSite\",\"@id\":\"https:\\\/\\\/www.ronaldocorreiadebrito.com.br\\\/site2\\\/#website\",\"url\":\"https:\\\/\\\/www.ronaldocorreiadebrito.com.br\\\/site2\\\/\",\"name\":\"Ronaldo Correia de Brito | site oficial\",\"description\":\"Site oficial do escritor Ronaldo Correia de Brito\",\"potentialAction\":[{\"@type\":\"SearchAction\",\"target\":{\"@type\":\"EntryPoint\",\"urlTemplate\":\"https:\\\/\\\/www.ronaldocorreiadebrito.com.br\\\/site2\\\/?s={search_term_string}\"},\"query-input\":{\"@type\":\"PropertyValueSpecification\",\"valueRequired\":true,\"valueName\":\"search_term_string\"}}],\"inLanguage\":\"pt-BR\"},{\"@type\":\"Person\",\"@id\":\"https:\\\/\\\/www.ronaldocorreiadebrito.com.br\\\/site2\\\/#\\\/schema\\\/person\\\/99a164d0eaaff7f78b11899bc7d5e7c9\",\"name\":\"admin\",\"url\":\"https:\\\/\\\/www.ronaldocorreiadebrito.com.br\\\/site2\\\/author\\\/admin\\\/\"}]}<\/script>\n<!-- \/ Yoast SEO plugin. -->","yoast_head_json":{"title":"Viver com medo de viver | Ronaldo Correia de Brito | site oficial","robots":{"index":"index","follow":"follow","max-snippet":"max-snippet:-1","max-image-preview":"max-image-preview:large","max-video-preview":"max-video-preview:-1"},"canonical":"https:\/\/www.ronaldocorreiadebrito.com.br\/site2\/2021\/03\/viver-com-medo-de-viver\/","og_locale":"pt_BR","og_type":"article","og_title":"Viver com medo de viver | Ronaldo Correia de Brito | site oficial","og_description":"(Di\u00e1rio do isolamento 1) Os leitores talvez estranhem o n\u00famero 1 no Di\u00e1rio do isolamento. Na ter\u00e7a-feira passada, dia 16 de mar\u00e7o, completei um ano vivendo sob medidas restritivas, per\u00edodo em que escrevi cerca de 40 cr\u00f4nicas, todas motivadas pela pandemia do coronav\u00edrus. Nunca imaginei...","og_url":"https:\/\/www.ronaldocorreiadebrito.com.br\/site2\/2021\/03\/viver-com-medo-de-viver\/","og_site_name":"Ronaldo Correia de Brito | site oficial","article_publisher":"https:\/\/www.facebook.com\/ronaldocorreiadebrito.oficial","article_published_time":"2021-03-18T17:25:45+00:00","article_modified_time":"2021-03-18T19:05:09+00:00","og_image":[{"width":747,"height":318,"url":"https:\/\/www.ronaldocorreiadebrito.com.br\/site2\/wp-content\/uploads\/2021\/03\/Untitled.png","type":"image\/png"}],"author":"admin","twitter_card":"summary_large_image","twitter_misc":{"Escrito por":"admin","Est. tempo de leitura":"3 minutos"},"schema":{"@context":"https:\/\/schema.org","@graph":[{"@type":"Article","@id":"https:\/\/www.ronaldocorreiadebrito.com.br\/site2\/2021\/03\/viver-com-medo-de-viver\/#article","isPartOf":{"@id":"https:\/\/www.ronaldocorreiadebrito.com.br\/site2\/2021\/03\/viver-com-medo-de-viver\/"},"author":{"name":"admin","@id":"https:\/\/www.ronaldocorreiadebrito.com.br\/site2\/#\/schema\/person\/99a164d0eaaff7f78b11899bc7d5e7c9"},"headline":"Viver com medo de viver","datePublished":"2021-03-18T17:25:45+00:00","dateModified":"2021-03-18T19:05:09+00:00","mainEntityOfPage":{"@id":"https:\/\/www.ronaldocorreiadebrito.com.br\/site2\/2021\/03\/viver-com-medo-de-viver\/"},"wordCount":540,"commentCount":0,"image":{"@id":"https:\/\/www.ronaldocorreiadebrito.com.br\/site2\/2021\/03\/viver-com-medo-de-viver\/#primaryimage"},"thumbnailUrl":"https:\/\/www.ronaldocorreiadebrito.com.br\/site2\/wp-content\/uploads\/2021\/03\/Untitled.png","articleSection":["Blog","Links","Slider"],"inLanguage":"pt-BR","potentialAction":[{"@type":"CommentAction","name":"Comment","target":["https:\/\/www.ronaldocorreiadebrito.com.br\/site2\/2021\/03\/viver-com-medo-de-viver\/#respond"]}]},{"@type":"WebPage","@id":"https:\/\/www.ronaldocorreiadebrito.com.br\/site2\/2021\/03\/viver-com-medo-de-viver\/","url":"https:\/\/www.ronaldocorreiadebrito.com.br\/site2\/2021\/03\/viver-com-medo-de-viver\/","name":"Viver com medo de viver | Ronaldo Correia de Brito | site oficial","isPartOf":{"@id":"https:\/\/www.ronaldocorreiadebrito.com.br\/site2\/#website"},"primaryImageOfPage":{"@id":"https:\/\/www.ronaldocorreiadebrito.com.br\/site2\/2021\/03\/viver-com-medo-de-viver\/#primaryimage"},"image":{"@id":"https:\/\/www.ronaldocorreiadebrito.com.br\/site2\/2021\/03\/viver-com-medo-de-viver\/#primaryimage"},"thumbnailUrl":"https:\/\/www.ronaldocorreiadebrito.com.br\/site2\/wp-content\/uploads\/2021\/03\/Untitled.png","datePublished":"2021-03-18T17:25:45+00:00","dateModified":"2021-03-18T19:05:09+00:00","author":{"@id":"https:\/\/www.ronaldocorreiadebrito.com.br\/site2\/#\/schema\/person\/99a164d0eaaff7f78b11899bc7d5e7c9"},"breadcrumb":{"@id":"https:\/\/www.ronaldocorreiadebrito.com.br\/site2\/2021\/03\/viver-com-medo-de-viver\/#breadcrumb"},"inLanguage":"pt-BR","potentialAction":[{"@type":"ReadAction","target":["https:\/\/www.ronaldocorreiadebrito.com.br\/site2\/2021\/03\/viver-com-medo-de-viver\/"]}]},{"@type":"ImageObject","inLanguage":"pt-BR","@id":"https:\/\/www.ronaldocorreiadebrito.com.br\/site2\/2021\/03\/viver-com-medo-de-viver\/#primaryimage","url":"https:\/\/www.ronaldocorreiadebrito.com.br\/site2\/wp-content\/uploads\/2021\/03\/Untitled.png","contentUrl":"https:\/\/www.ronaldocorreiadebrito.com.br\/site2\/wp-content\/uploads\/2021\/03\/Untitled.png","width":747,"height":318},{"@type":"BreadcrumbList","@id":"https:\/\/www.ronaldocorreiadebrito.com.br\/site2\/2021\/03\/viver-com-medo-de-viver\/#breadcrumb","itemListElement":[{"@type":"ListItem","position":1,"name":"In\u00edcio","item":"https:\/\/www.ronaldocorreiadebrito.com.br\/site2\/"},{"@type":"ListItem","position":2,"name":"Viver com medo de viver"}]},{"@type":"WebSite","@id":"https:\/\/www.ronaldocorreiadebrito.com.br\/site2\/#website","url":"https:\/\/www.ronaldocorreiadebrito.com.br\/site2\/","name":"Ronaldo Correia de Brito | site oficial","description":"Site oficial do escritor Ronaldo Correia de Brito","potentialAction":[{"@type":"SearchAction","target":{"@type":"EntryPoint","urlTemplate":"https:\/\/www.ronaldocorreiadebrito.com.br\/site2\/?s={search_term_string}"},"query-input":{"@type":"PropertyValueSpecification","valueRequired":true,"valueName":"search_term_string"}}],"inLanguage":"pt-BR"},{"@type":"Person","@id":"https:\/\/www.ronaldocorreiadebrito.com.br\/site2\/#\/schema\/person\/99a164d0eaaff7f78b11899bc7d5e7c9","name":"admin","url":"https:\/\/www.ronaldocorreiadebrito.com.br\/site2\/author\/admin\/"}]}},"wps_subtitle":"","_links":{"self":[{"href":"https:\/\/www.ronaldocorreiadebrito.com.br\/site2\/wp-json\/wp\/v2\/posts\/1612","targetHints":{"allow":["GET"]}}],"collection":[{"href":"https:\/\/www.ronaldocorreiadebrito.com.br\/site2\/wp-json\/wp\/v2\/posts"}],"about":[{"href":"https:\/\/www.ronaldocorreiadebrito.com.br\/site2\/wp-json\/wp\/v2\/types\/post"}],"author":[{"embeddable":true,"href":"https:\/\/www.ronaldocorreiadebrito.com.br\/site2\/wp-json\/wp\/v2\/users\/1"}],"replies":[{"embeddable":true,"href":"https:\/\/www.ronaldocorreiadebrito.com.br\/site2\/wp-json\/wp\/v2\/comments?post=1612"}],"version-history":[{"count":0,"href":"https:\/\/www.ronaldocorreiadebrito.com.br\/site2\/wp-json\/wp\/v2\/posts\/1612\/revisions"}],"wp:featuredmedia":[{"embeddable":true,"href":"https:\/\/www.ronaldocorreiadebrito.com.br\/site2\/wp-json\/wp\/v2\/media\/1613"}],"wp:attachment":[{"href":"https:\/\/www.ronaldocorreiadebrito.com.br\/site2\/wp-json\/wp\/v2\/media?parent=1612"}],"wp:term":[{"taxonomy":"category","embeddable":true,"href":"https:\/\/www.ronaldocorreiadebrito.com.br\/site2\/wp-json\/wp\/v2\/categories?post=1612"},{"taxonomy":"post_tag","embeddable":true,"href":"https:\/\/www.ronaldocorreiadebrito.com.br\/site2\/wp-json\/wp\/v2\/tags?post=1612"}],"curies":[{"name":"wp","href":"https:\/\/api.w.org\/{rel}","templated":true}]}}