{"id":1602,"date":"2021-02-23T11:45:23","date_gmt":"2021-02-23T14:45:23","guid":{"rendered":"https:\/\/www.ronaldocorreiadebrito.com.br\/site2\/?p=1602"},"modified":"2021-02-23T11:45:23","modified_gmt":"2021-02-23T14:45:23","slug":"um-aniversario-sem-bolo-apenas-com-velas-para-mortos","status":"publish","type":"post","link":"https:\/\/www.ronaldocorreiadebrito.com.br\/site2\/2021\/02\/um-aniversario-sem-bolo-apenas-com-velas-para-mortos\/","title":{"rendered":"Um anivers\u00e1rio sem bolo, apenas com velas para mortos"},"content":{"rendered":"<p class=\"p1\"><span class=\"s1\">A data 16 de mar\u00e7o de 2020 ser\u00e1 lembrada por mim, enquanto viver. Nesse dia, minha esposa e eu fechamos as portas de casa para os netos, filhos, familiares, amigos e empregados. Come\u00e7amos um isolamento radical, que seria atenuado apenas meses depois.<\/span><\/p>\n<p class=\"p1\"><span class=\"s1\">Meu comportamento em rela\u00e7\u00e3o \u00e0 pandemia de Covid-19 mudou bastante ao longo de um ano. Antes, eu responsabilizava somente o Governo Federal e seu Minist\u00e9rio da Sa\u00fade pela falta de valoriza\u00e7\u00e3o da ci\u00eancia, na preven\u00e7\u00e3o e tratamento da doen\u00e7a. O negacionismo, a irresponsabilidade frente as medidas preventivas, a propaganda de medicamentos in\u00f3cuos como a cloroquina, de valor negado por institui\u00e7\u00f5es cient\u00edficas, a falta de investimentos na rede p\u00fablica de sa\u00fade, tudo isso nos trouxe ao caos que atravessamos, ao segundo lugar no n\u00famero de mortos por Covid. <\/span><\/p>\n<p class=\"p1\"><span class=\"s1\">Fui, talvez, o primeiro a alertar sobre o cont\u00e1gio dessa postura anticient\u00edfica no meio m\u00e9dico, no Conselho Federal de Medicina e noutros conselhos, nas associa\u00e7\u00f5es m\u00e9dicas e sindicatos. Radicalmente aderidos ao governo de Jair Bolsonaro e ao bolsonarismo, as institui\u00e7\u00f5es e seus associados embarcaram na antipol\u00edtica do Governo para a pandemia, embora os m\u00e9dicos estivessem individualmente no front dos ambulat\u00f3rios e hospitais, arriscando as pr\u00f3prias vidas, heroicamente solit\u00e1rios.<\/span><\/p>\n<p class=\"p1\"><span class=\"s1\">Apenas em janeiro de 2021, o Conselho Federal de Medicina, que sempre apoiou o governo Bolsonaro, depois de carta assinada por cinco ex-presidentes e 14 ex-conselheiros da institui\u00e7\u00e3o cobrando uma postura oficial do \u00f3rg\u00e3o, manifestou-se. Embora negando que houvesse sofrido press\u00e3o, o CFM recomendou a vacina\u00e7\u00e3o. Vejam que atraso do \u00f3rg\u00e3o supremo dos m\u00e9dicos brasileiros. Mesmo assim, o Conselho n\u00e3o teve coragem de se posicionar contra os chamados <\/span><span class=\"s2\">&#8220;tratamentos precoces&#8221; da doen\u00e7a. No documento, faz uma recomenda\u00e7\u00e3o gen\u00e9rica \u00e0s autoridades brasileiras, de que garantam aos profissionais &#8220;autonomia para fazer o diagn\u00f3stico e a prescri\u00e7\u00e3o de tratamentos aos seus pacientes, \u00e0queles que livremente aceitem a prescri\u00e7\u00e3o&#8221;.<\/span><\/p>\n<p class=\"p4\"><span class=\"s1\">Ou seja, o Conselho Federal de Medicina continua respaldando o Governo Federal e a prescri\u00e7\u00e3o do aplicativo TratCOV:\u00a0hidroxicloroquina, cloroquina, ivermectina, azitromicina e doxiciclina<b>\u00a0<\/b>a pacientes infectados pelo coronav\u00edrus. Essa orienta\u00e7\u00e3o vai de encontro \u00e0 OMS e a todos os \u00f3rg\u00e3os cient\u00edficos do mundo. O CFM prefere o obscurantismo e negar a ci\u00eancia para n\u00e3o contrariar Bolsonaro e o bolsonarismo.<\/span><\/p>\n","protected":false},"excerpt":{"rendered":"<p>A data 16 de mar\u00e7o de 2020 ser\u00e1 lembrada por mim, enquanto viver. Nesse dia, minha esposa e eu fechamos as portas de casa para os netos, filhos, familiares, amigos e empregados. Come\u00e7amos um isolamento radical, que seria atenuado apenas meses depois. Meu comportamento em&#8230;<\/p>\n","protected":false},"author":1,"featured_media":1603,"comment_status":"open","ping_status":"closed","sticky":false,"template":"","format":"standard","meta":{"sfsi_plus_gutenberg_text_before_share":"","sfsi_plus_gutenberg_show_text_before_share":"","sfsi_plus_gutenberg_icon_type":"","sfsi_plus_gutenberg_icon_alignemt":"","sfsi_plus_gutenburg_max_per_row":"","footnotes":""},"categories":[8,46,45],"tags":[],"class_list":["post-1602","post","type-post","status-publish","format-standard","has-post-thumbnail","hentry","category-blog","category-links","category-slider"],"yoast_head":"<!-- This site is optimized with the Yoast SEO plugin v27.4 - https:\/\/yoast.com\/product\/yoast-seo-wordpress\/ -->\n<title>Um anivers\u00e1rio sem bolo, apenas com velas para mortos | Ronaldo Correia de Brito | site oficial<\/title>\n<meta name=\"robots\" content=\"index, follow, max-snippet:-1, max-image-preview:large, max-video-preview:-1\" \/>\n<link rel=\"canonical\" href=\"https:\/\/www.ronaldocorreiadebrito.com.br\/site2\/2021\/02\/um-aniversario-sem-bolo-apenas-com-velas-para-mortos\/\" \/>\n<meta property=\"og:locale\" content=\"pt_BR\" \/>\n<meta property=\"og:type\" content=\"article\" \/>\n<meta property=\"og:title\" content=\"Um anivers\u00e1rio sem bolo, apenas com velas para mortos | Ronaldo Correia de Brito | site oficial\" \/>\n<meta property=\"og:description\" content=\"A data 16 de mar\u00e7o de 2020 ser\u00e1 lembrada por mim, enquanto viver. Nesse dia, minha esposa e eu fechamos as portas de casa para os netos, filhos, familiares, amigos e empregados. Come\u00e7amos um isolamento radical, que seria atenuado apenas meses depois. Meu comportamento em...\" \/>\n<meta property=\"og:url\" content=\"https:\/\/www.ronaldocorreiadebrito.com.br\/site2\/2021\/02\/um-aniversario-sem-bolo-apenas-com-velas-para-mortos\/\" \/>\n<meta property=\"og:site_name\" content=\"Ronaldo Correia de Brito | site oficial\" \/>\n<meta property=\"article:publisher\" content=\"https:\/\/www.facebook.com\/ronaldocorreiadebrito.oficial\" \/>\n<meta property=\"article:published_time\" content=\"2021-02-23T14:45:23+00:00\" \/>\n<meta property=\"og:image\" content=\"https:\/\/www.ronaldocorreiadebrito.com.br\/site2\/wp-content\/uploads\/2021\/02\/united-nations-covid-19-response-N1caHdFQ734-unsplash-640x360.jpg\" \/>\n\t<meta property=\"og:image:width\" content=\"640\" \/>\n\t<meta property=\"og:image:height\" content=\"360\" \/>\n\t<meta property=\"og:image:type\" content=\"image\/jpeg\" \/>\n<meta name=\"author\" content=\"admin\" \/>\n<meta name=\"twitter:card\" content=\"summary_large_image\" \/>\n<meta name=\"twitter:label1\" content=\"Escrito por\" \/>\n\t<meta name=\"twitter:data1\" content=\"admin\" \/>\n\t<meta name=\"twitter:label2\" content=\"Est. tempo de leitura\" \/>\n\t<meta name=\"twitter:data2\" content=\"2 minutos\" \/>\n<script type=\"application\/ld+json\" class=\"yoast-schema-graph\">{\"@context\":\"https:\\\/\\\/schema.org\",\"@graph\":[{\"@type\":\"Article\",\"@id\":\"https:\\\/\\\/www.ronaldocorreiadebrito.com.br\\\/site2\\\/2021\\\/02\\\/um-aniversario-sem-bolo-apenas-com-velas-para-mortos\\\/#article\",\"isPartOf\":{\"@id\":\"https:\\\/\\\/www.ronaldocorreiadebrito.com.br\\\/site2\\\/2021\\\/02\\\/um-aniversario-sem-bolo-apenas-com-velas-para-mortos\\\/\"},\"author\":{\"name\":\"admin\",\"@id\":\"https:\\\/\\\/www.ronaldocorreiadebrito.com.br\\\/site2\\\/#\\\/schema\\\/person\\\/99a164d0eaaff7f78b11899bc7d5e7c9\"},\"headline\":\"Um anivers\u00e1rio sem bolo, apenas com velas para mortos\",\"datePublished\":\"2021-02-23T14:45:23+00:00\",\"mainEntityOfPage\":{\"@id\":\"https:\\\/\\\/www.ronaldocorreiadebrito.com.br\\\/site2\\\/2021\\\/02\\\/um-aniversario-sem-bolo-apenas-com-velas-para-mortos\\\/\"},\"wordCount\":412,\"commentCount\":0,\"image\":{\"@id\":\"https:\\\/\\\/www.ronaldocorreiadebrito.com.br\\\/site2\\\/2021\\\/02\\\/um-aniversario-sem-bolo-apenas-com-velas-para-mortos\\\/#primaryimage\"},\"thumbnailUrl\":\"https:\\\/\\\/www.ronaldocorreiadebrito.com.br\\\/site2\\\/wp-content\\\/uploads\\\/2021\\\/02\\\/united-nations-covid-19-response-N1caHdFQ734-unsplash-640x360.jpg\",\"articleSection\":[\"Blog\",\"Links\",\"Slider\"],\"inLanguage\":\"pt-BR\",\"potentialAction\":[{\"@type\":\"CommentAction\",\"name\":\"Comment\",\"target\":[\"https:\\\/\\\/www.ronaldocorreiadebrito.com.br\\\/site2\\\/2021\\\/02\\\/um-aniversario-sem-bolo-apenas-com-velas-para-mortos\\\/#respond\"]}]},{\"@type\":\"WebPage\",\"@id\":\"https:\\\/\\\/www.ronaldocorreiadebrito.com.br\\\/site2\\\/2021\\\/02\\\/um-aniversario-sem-bolo-apenas-com-velas-para-mortos\\\/\",\"url\":\"https:\\\/\\\/www.ronaldocorreiadebrito.com.br\\\/site2\\\/2021\\\/02\\\/um-aniversario-sem-bolo-apenas-com-velas-para-mortos\\\/\",\"name\":\"Um anivers\u00e1rio sem bolo, apenas com velas para mortos | Ronaldo Correia de Brito | site oficial\",\"isPartOf\":{\"@id\":\"https:\\\/\\\/www.ronaldocorreiadebrito.com.br\\\/site2\\\/#website\"},\"primaryImageOfPage\":{\"@id\":\"https:\\\/\\\/www.ronaldocorreiadebrito.com.br\\\/site2\\\/2021\\\/02\\\/um-aniversario-sem-bolo-apenas-com-velas-para-mortos\\\/#primaryimage\"},\"image\":{\"@id\":\"https:\\\/\\\/www.ronaldocorreiadebrito.com.br\\\/site2\\\/2021\\\/02\\\/um-aniversario-sem-bolo-apenas-com-velas-para-mortos\\\/#primaryimage\"},\"thumbnailUrl\":\"https:\\\/\\\/www.ronaldocorreiadebrito.com.br\\\/site2\\\/wp-content\\\/uploads\\\/2021\\\/02\\\/united-nations-covid-19-response-N1caHdFQ734-unsplash-640x360.jpg\",\"datePublished\":\"2021-02-23T14:45:23+00:00\",\"author\":{\"@id\":\"https:\\\/\\\/www.ronaldocorreiadebrito.com.br\\\/site2\\\/#\\\/schema\\\/person\\\/99a164d0eaaff7f78b11899bc7d5e7c9\"},\"breadcrumb\":{\"@id\":\"https:\\\/\\\/www.ronaldocorreiadebrito.com.br\\\/site2\\\/2021\\\/02\\\/um-aniversario-sem-bolo-apenas-com-velas-para-mortos\\\/#breadcrumb\"},\"inLanguage\":\"pt-BR\",\"potentialAction\":[{\"@type\":\"ReadAction\",\"target\":[\"https:\\\/\\\/www.ronaldocorreiadebrito.com.br\\\/site2\\\/2021\\\/02\\\/um-aniversario-sem-bolo-apenas-com-velas-para-mortos\\\/\"]}]},{\"@type\":\"ImageObject\",\"inLanguage\":\"pt-BR\",\"@id\":\"https:\\\/\\\/www.ronaldocorreiadebrito.com.br\\\/site2\\\/2021\\\/02\\\/um-aniversario-sem-bolo-apenas-com-velas-para-mortos\\\/#primaryimage\",\"url\":\"https:\\\/\\\/www.ronaldocorreiadebrito.com.br\\\/site2\\\/wp-content\\\/uploads\\\/2021\\\/02\\\/united-nations-covid-19-response-N1caHdFQ734-unsplash-640x360.jpg\",\"contentUrl\":\"https:\\\/\\\/www.ronaldocorreiadebrito.com.br\\\/site2\\\/wp-content\\\/uploads\\\/2021\\\/02\\\/united-nations-covid-19-response-N1caHdFQ734-unsplash-640x360.jpg\",\"width\":640,\"height\":360},{\"@type\":\"BreadcrumbList\",\"@id\":\"https:\\\/\\\/www.ronaldocorreiadebrito.com.br\\\/site2\\\/2021\\\/02\\\/um-aniversario-sem-bolo-apenas-com-velas-para-mortos\\\/#breadcrumb\",\"itemListElement\":[{\"@type\":\"ListItem\",\"position\":1,\"name\":\"In\u00edcio\",\"item\":\"https:\\\/\\\/www.ronaldocorreiadebrito.com.br\\\/site2\\\/\"},{\"@type\":\"ListItem\",\"position\":2,\"name\":\"Um anivers\u00e1rio sem bolo, apenas com velas para mortos\"}]},{\"@type\":\"WebSite\",\"@id\":\"https:\\\/\\\/www.ronaldocorreiadebrito.com.br\\\/site2\\\/#website\",\"url\":\"https:\\\/\\\/www.ronaldocorreiadebrito.com.br\\\/site2\\\/\",\"name\":\"Ronaldo Correia de Brito | site oficial\",\"description\":\"Site oficial do escritor Ronaldo Correia de Brito\",\"potentialAction\":[{\"@type\":\"SearchAction\",\"target\":{\"@type\":\"EntryPoint\",\"urlTemplate\":\"https:\\\/\\\/www.ronaldocorreiadebrito.com.br\\\/site2\\\/?s={search_term_string}\"},\"query-input\":{\"@type\":\"PropertyValueSpecification\",\"valueRequired\":true,\"valueName\":\"search_term_string\"}}],\"inLanguage\":\"pt-BR\"},{\"@type\":\"Person\",\"@id\":\"https:\\\/\\\/www.ronaldocorreiadebrito.com.br\\\/site2\\\/#\\\/schema\\\/person\\\/99a164d0eaaff7f78b11899bc7d5e7c9\",\"name\":\"admin\",\"url\":\"https:\\\/\\\/www.ronaldocorreiadebrito.com.br\\\/site2\\\/author\\\/admin\\\/\"}]}<\/script>\n<!-- \/ Yoast SEO plugin. -->","yoast_head_json":{"title":"Um anivers\u00e1rio sem bolo, apenas com velas para mortos | Ronaldo Correia de Brito | site oficial","robots":{"index":"index","follow":"follow","max-snippet":"max-snippet:-1","max-image-preview":"max-image-preview:large","max-video-preview":"max-video-preview:-1"},"canonical":"https:\/\/www.ronaldocorreiadebrito.com.br\/site2\/2021\/02\/um-aniversario-sem-bolo-apenas-com-velas-para-mortos\/","og_locale":"pt_BR","og_type":"article","og_title":"Um anivers\u00e1rio sem bolo, apenas com velas para mortos | Ronaldo Correia de Brito | site oficial","og_description":"A data 16 de mar\u00e7o de 2020 ser\u00e1 lembrada por mim, enquanto viver. Nesse dia, minha esposa e eu fechamos as portas de casa para os netos, filhos, familiares, amigos e empregados. Come\u00e7amos um isolamento radical, que seria atenuado apenas meses depois. Meu comportamento em...","og_url":"https:\/\/www.ronaldocorreiadebrito.com.br\/site2\/2021\/02\/um-aniversario-sem-bolo-apenas-com-velas-para-mortos\/","og_site_name":"Ronaldo Correia de Brito | site oficial","article_publisher":"https:\/\/www.facebook.com\/ronaldocorreiadebrito.oficial","article_published_time":"2021-02-23T14:45:23+00:00","og_image":[{"width":640,"height":360,"url":"https:\/\/www.ronaldocorreiadebrito.com.br\/site2\/wp-content\/uploads\/2021\/02\/united-nations-covid-19-response-N1caHdFQ734-unsplash-640x360.jpg","type":"image\/jpeg"}],"author":"admin","twitter_card":"summary_large_image","twitter_misc":{"Escrito por":"admin","Est. tempo de leitura":"2 minutos"},"schema":{"@context":"https:\/\/schema.org","@graph":[{"@type":"Article","@id":"https:\/\/www.ronaldocorreiadebrito.com.br\/site2\/2021\/02\/um-aniversario-sem-bolo-apenas-com-velas-para-mortos\/#article","isPartOf":{"@id":"https:\/\/www.ronaldocorreiadebrito.com.br\/site2\/2021\/02\/um-aniversario-sem-bolo-apenas-com-velas-para-mortos\/"},"author":{"name":"admin","@id":"https:\/\/www.ronaldocorreiadebrito.com.br\/site2\/#\/schema\/person\/99a164d0eaaff7f78b11899bc7d5e7c9"},"headline":"Um anivers\u00e1rio sem bolo, apenas com velas para mortos","datePublished":"2021-02-23T14:45:23+00:00","mainEntityOfPage":{"@id":"https:\/\/www.ronaldocorreiadebrito.com.br\/site2\/2021\/02\/um-aniversario-sem-bolo-apenas-com-velas-para-mortos\/"},"wordCount":412,"commentCount":0,"image":{"@id":"https:\/\/www.ronaldocorreiadebrito.com.br\/site2\/2021\/02\/um-aniversario-sem-bolo-apenas-com-velas-para-mortos\/#primaryimage"},"thumbnailUrl":"https:\/\/www.ronaldocorreiadebrito.com.br\/site2\/wp-content\/uploads\/2021\/02\/united-nations-covid-19-response-N1caHdFQ734-unsplash-640x360.jpg","articleSection":["Blog","Links","Slider"],"inLanguage":"pt-BR","potentialAction":[{"@type":"CommentAction","name":"Comment","target":["https:\/\/www.ronaldocorreiadebrito.com.br\/site2\/2021\/02\/um-aniversario-sem-bolo-apenas-com-velas-para-mortos\/#respond"]}]},{"@type":"WebPage","@id":"https:\/\/www.ronaldocorreiadebrito.com.br\/site2\/2021\/02\/um-aniversario-sem-bolo-apenas-com-velas-para-mortos\/","url":"https:\/\/www.ronaldocorreiadebrito.com.br\/site2\/2021\/02\/um-aniversario-sem-bolo-apenas-com-velas-para-mortos\/","name":"Um anivers\u00e1rio sem bolo, apenas com velas para mortos | Ronaldo Correia de Brito | site oficial","isPartOf":{"@id":"https:\/\/www.ronaldocorreiadebrito.com.br\/site2\/#website"},"primaryImageOfPage":{"@id":"https:\/\/www.ronaldocorreiadebrito.com.br\/site2\/2021\/02\/um-aniversario-sem-bolo-apenas-com-velas-para-mortos\/#primaryimage"},"image":{"@id":"https:\/\/www.ronaldocorreiadebrito.com.br\/site2\/2021\/02\/um-aniversario-sem-bolo-apenas-com-velas-para-mortos\/#primaryimage"},"thumbnailUrl":"https:\/\/www.ronaldocorreiadebrito.com.br\/site2\/wp-content\/uploads\/2021\/02\/united-nations-covid-19-response-N1caHdFQ734-unsplash-640x360.jpg","datePublished":"2021-02-23T14:45:23+00:00","author":{"@id":"https:\/\/www.ronaldocorreiadebrito.com.br\/site2\/#\/schema\/person\/99a164d0eaaff7f78b11899bc7d5e7c9"},"breadcrumb":{"@id":"https:\/\/www.ronaldocorreiadebrito.com.br\/site2\/2021\/02\/um-aniversario-sem-bolo-apenas-com-velas-para-mortos\/#breadcrumb"},"inLanguage":"pt-BR","potentialAction":[{"@type":"ReadAction","target":["https:\/\/www.ronaldocorreiadebrito.com.br\/site2\/2021\/02\/um-aniversario-sem-bolo-apenas-com-velas-para-mortos\/"]}]},{"@type":"ImageObject","inLanguage":"pt-BR","@id":"https:\/\/www.ronaldocorreiadebrito.com.br\/site2\/2021\/02\/um-aniversario-sem-bolo-apenas-com-velas-para-mortos\/#primaryimage","url":"https:\/\/www.ronaldocorreiadebrito.com.br\/site2\/wp-content\/uploads\/2021\/02\/united-nations-covid-19-response-N1caHdFQ734-unsplash-640x360.jpg","contentUrl":"https:\/\/www.ronaldocorreiadebrito.com.br\/site2\/wp-content\/uploads\/2021\/02\/united-nations-covid-19-response-N1caHdFQ734-unsplash-640x360.jpg","width":640,"height":360},{"@type":"BreadcrumbList","@id":"https:\/\/www.ronaldocorreiadebrito.com.br\/site2\/2021\/02\/um-aniversario-sem-bolo-apenas-com-velas-para-mortos\/#breadcrumb","itemListElement":[{"@type":"ListItem","position":1,"name":"In\u00edcio","item":"https:\/\/www.ronaldocorreiadebrito.com.br\/site2\/"},{"@type":"ListItem","position":2,"name":"Um anivers\u00e1rio sem bolo, apenas com velas para mortos"}]},{"@type":"WebSite","@id":"https:\/\/www.ronaldocorreiadebrito.com.br\/site2\/#website","url":"https:\/\/www.ronaldocorreiadebrito.com.br\/site2\/","name":"Ronaldo Correia de Brito | site oficial","description":"Site oficial do escritor Ronaldo Correia de Brito","potentialAction":[{"@type":"SearchAction","target":{"@type":"EntryPoint","urlTemplate":"https:\/\/www.ronaldocorreiadebrito.com.br\/site2\/?s={search_term_string}"},"query-input":{"@type":"PropertyValueSpecification","valueRequired":true,"valueName":"search_term_string"}}],"inLanguage":"pt-BR"},{"@type":"Person","@id":"https:\/\/www.ronaldocorreiadebrito.com.br\/site2\/#\/schema\/person\/99a164d0eaaff7f78b11899bc7d5e7c9","name":"admin","url":"https:\/\/www.ronaldocorreiadebrito.com.br\/site2\/author\/admin\/"}]}},"wps_subtitle":"","_links":{"self":[{"href":"https:\/\/www.ronaldocorreiadebrito.com.br\/site2\/wp-json\/wp\/v2\/posts\/1602","targetHints":{"allow":["GET"]}}],"collection":[{"href":"https:\/\/www.ronaldocorreiadebrito.com.br\/site2\/wp-json\/wp\/v2\/posts"}],"about":[{"href":"https:\/\/www.ronaldocorreiadebrito.com.br\/site2\/wp-json\/wp\/v2\/types\/post"}],"author":[{"embeddable":true,"href":"https:\/\/www.ronaldocorreiadebrito.com.br\/site2\/wp-json\/wp\/v2\/users\/1"}],"replies":[{"embeddable":true,"href":"https:\/\/www.ronaldocorreiadebrito.com.br\/site2\/wp-json\/wp\/v2\/comments?post=1602"}],"version-history":[{"count":0,"href":"https:\/\/www.ronaldocorreiadebrito.com.br\/site2\/wp-json\/wp\/v2\/posts\/1602\/revisions"}],"wp:featuredmedia":[{"embeddable":true,"href":"https:\/\/www.ronaldocorreiadebrito.com.br\/site2\/wp-json\/wp\/v2\/media\/1603"}],"wp:attachment":[{"href":"https:\/\/www.ronaldocorreiadebrito.com.br\/site2\/wp-json\/wp\/v2\/media?parent=1602"}],"wp:term":[{"taxonomy":"category","embeddable":true,"href":"https:\/\/www.ronaldocorreiadebrito.com.br\/site2\/wp-json\/wp\/v2\/categories?post=1602"},{"taxonomy":"post_tag","embeddable":true,"href":"https:\/\/www.ronaldocorreiadebrito.com.br\/site2\/wp-json\/wp\/v2\/tags?post=1602"}],"curies":[{"name":"wp","href":"https:\/\/api.w.org\/{rel}","templated":true}]}}