{"id":1598,"date":"2021-02-15T12:28:29","date_gmt":"2021-02-15T15:28:29","guid":{"rendered":"https:\/\/www.ronaldocorreiadebrito.com.br\/site2\/?p=1598"},"modified":"2021-02-15T12:28:29","modified_gmt":"2021-02-15T15:28:29","slug":"cabeca-para-baixo-pernas-para-cima-3","status":"publish","type":"post","link":"https:\/\/www.ronaldocorreiadebrito.com.br\/site2\/2021\/02\/cabeca-para-baixo-pernas-para-cima-3\/","title":{"rendered":"Cabe\u00e7a para baixo, pernas para cima"},"content":{"rendered":"<p class=\"p1\"><span class=\"s1\">O carnaval n\u00e3o mudou, desde os prim\u00f3rdios, nos temas reais e simb\u00f3licos que o definem: carne e bebida, sexo e viol\u00eancia. Para os italianos, \u00e9 da palavra carne que deriva o nome <i>carnevale <\/i>\u2013 vale comer carne. Precedendo os magros dias da quaresma, cujos s\u00edmbolos eram um homem esquel\u00e9tico e um peixe magro pendurado na ponta de uma vara, o carnaval era a festa do excesso, da opul\u00eancia, da fartura. <\/span><\/p>\n<p class=\"p1\"><span class=\"s1\">No Brasil, o vale comer carne se refere a carnes cuja degusta\u00e7\u00e3o n\u00e3o implica em canibalismo, apesar do nosso passado antropof\u00e1gico. Dizem que os \u00edndios comiam os semelhantes para incorporar suas virtudes. Conversa de antrop\u00f3logo. Os tapuias n\u00e3o estavam nem a\u00ed para as virtudes cat\u00f3licas. J\u00e1 imaginaram os caet\u00e9s degustando o bispo D. Pero Fernandes Sardinha e falando: que maravilha essa castidade; engoli a mem\u00f3ria de um salmo; depois de comer essa panturrilha, me tornarei um ret\u00f3rico. N\u00e3o concebo o canibalismo ritual, apesar da moda estar voltando na Alemanha.<\/span><\/p>\n<p class=\"p1\"><span class=\"s1\"> No carnaval brasileiro, as fun\u00e7\u00f5es do verbo comer n\u00e3o passam pelos maxilares. Ningu\u00e9m desfila com estandartes de suculentos pernis de porco, como na Europa Medieval. Com o fracasso do \u201cFome Zero\u201d, seria um risco exibir carnes t\u00e3o provocantes. Os famintos acabariam a festa. Ainda bem que mudamos significados e valores, exageramos noutros apetites. Expomos no asfalto o corpo rebolante, gordo ou magro, a p\u00e9 ou trepado em carros aleg\u00f3ricos. N\u00e3o importa, interessa ser visto a qualquer pre\u00e7o. Ocultar-se como antigamente? Brincar an\u00f4nimo como faziam os pr\u00edncipes italianos?<span class=\"Apple-converted-space\">\u00a0 <\/span>Est\u00e1 louco? Em nosso carnaval as m\u00e1scaras perderam a fun\u00e7\u00e3o.<\/span><\/p>\n<p class=\"p1\"><span class=\"s1\">Mundo de cabe\u00e7a para baixo. No carnaval, o rei sa\u00eda disfar\u00e7ado em<span class=\"Apple-converted-space\">\u00a0 <\/span>meio ao povo e um campon\u00eas ostentava uma coroa. Hoje, os pol\u00edticos fazem quest\u00e3o de mostrar-se em palanques oficiais ou camarotes de luxo. Nas gravuras antigas, os homens aparecem vestindo roupas femininas e as mulheres de cal\u00e7as, botas, chicote na m\u00e3o, fumando charuto e dando ordens. Os velhos s\u00edmbolos da invers\u00e3o do mundo foram para os ba\u00fas e o que era exclusividade do carnaval virou calend\u00e1rio. <\/span><\/p>\n<p class=\"p2\"><span class=\"s1\"> Para que servem os tr\u00eas dias de Momo, que em Recife e Olinda podem ser trinta ou sessenta? Controle social? Fuga de um cotidiano miser\u00e1vel? Reuni\u00e3o de classes e culturas, celebrando a alegria e o prazer? A democracia cantada em marchas e sambas existe mesmo? Desfeita a <i>maya<\/i> \u00e9 poss\u00edvel o reencontro dos homens e mulheres que se abra\u00e7avam como foli\u00f5es?<\/span><\/p>\n<p class=\"p1\"><span class=\"s1\">Um cord\u00e3o de isolamento, real ou simb\u00f3lico, divide as gentes pernambucanas na festa, como o rio Capibaribe separa o Bairro de Santo Antonio do Recife Antigo. Alguma coisa mudou, \u00e9 bem verdade. Antigamente, um cavalo marinho pedia licen\u00e7a ao senhor de engenho para se apresentar no terreiro da casa grande e os donos da casa assistiam ao brinquedo l\u00e1 de cima do terra\u00e7o. Hoje, na rua do Bom Jesus, um mestre rabequeiro toca ciranda num palanque, para deleite dos antigos senhores, que dan\u00e7am em baixo, no meio da rua. <\/span><\/p>\n<p class=\"p1\"><span class=\"s1\">Valorizou-se a arte popular com o olho no turismo e no mercado do ex\u00f3tico, mas ainda n\u00e3o mudou a realidade social dos artistas. Os brincantes dos maracatus rurais s\u00e3o transportados da zona da Mata Norte para os desfiles no Recife, em carrocerias de caminh\u00f5es, da mesma maneira que se transporta o gado e a cana. Enquanto se apresentam nas passarelas, nenhum brilho ofusca o de suas golas bordadas com vidrilhos e lantejoulas. Tontos de cacha\u00e7a, os caboclos carregam o surr\u00e3o de chocalhos como se fosse uma cruz leve, bem mais maneira que o fac\u00e3o de cortar cana. Cumprem o cortejo e refazem o caminho de volta \u00e0s casas de taipa onde vivem.<\/span><\/p>\n<p class=\"p2\"><span class=\"s1\"> O carnaval s\u00f3 \u00e9 poss\u00edvel com a embriaguez. Sem o \u00e1lcool a dura realidade n\u00e3o se transforma em sonho de tr\u00eas dias. Os olhos enxergam o mundo em preto e branco, com as lentes de sempre. Percebem o quanto \u00e9 diferente o povo que brinca na Avenida Guararapes do povo que brinca no Bairro do Recife. Que h\u00e1 camarotes no Galo da Madrugada, inacess\u00edveis ao sal\u00e1rio m\u00ednimo. Que nas ruas estabeleceram espa\u00e7os, definiram fronteiras. <\/span><\/p>\n<p class=\"p1\"><span class=\"s1\">Os cortejos reproduzem a falsa democracia social, a perigosa conviv\u00eancia entre ricos e pobres. As flechas dos caboclinhos, as lan\u00e7as dos lanceiros e as espadas da corte romana do maracatu s\u00e3o todas aleg\u00f3ricas. Nenhuma delas fere ou transforma a realidade que jugula os brincantes. Mesmo que vivamos em clima de guerra civil, separados em campos de batalha, em morros e condom\u00ednios fechados, favelas e pr\u00e9dios de luxo, palafitas e Lago Sul, no carnaval as investidas s\u00e3o todas pac\u00edficas, os ataques ao passo de dan\u00e7a, as embaixadas po\u00e9ticas. <\/span><\/p>\n<p class=\"p1\"><span class=\"s1\">Numa representa\u00e7\u00e3o do Auto de Caboclinhos, o tuxaua conclama os seus guerreiros:<\/span><\/p>\n<p class=\"p1\"><span class=\"s1\">\u2013 Tupiri\u00e7\u00e1!<\/span><\/p>\n<p class=\"p1\"><span class=\"s1\">\u2013 Taqu\u00e1!<\/span><\/p>\n<p class=\"p1\"><span class=\"s1\">\u2013 Que caboclos s\u00e3o voc\u00eas?<\/span><\/p>\n<p class=\"p1\"><span class=\"s1\">\u2013 Caet\u00e9s!<\/span><\/p>\n<p class=\"p1\"><span class=\"s1\">\u2013 Caet\u00e9s pedem paz ou guerra?<\/span><\/p>\n<p class=\"p1\"><span class=\"s1\">\u2013 Guerra!<\/span><\/p>\n<p class=\"p1\"><span class=\"s1\">A cr\u00f4nica policial da quarta-feira de cinzas atribui a acidentes ou motivos passionais o saldo de mortos da guerra de Momo. <\/span><\/p>\n<p class=\"p1\"><span class=\"s1\">Ser\u00e1 que o Brasil real virou um mundo de cabe\u00e7a para baixo? <\/span><\/p>\n","protected":false},"excerpt":{"rendered":"<p>O carnaval n\u00e3o mudou, desde os prim\u00f3rdios, nos temas reais e simb\u00f3licos que o definem: carne e bebida, sexo e viol\u00eancia. Para os italianos, \u00e9 da palavra carne que deriva o nome carnevale \u2013 vale comer carne. Precedendo os magros dias da quaresma, cujos s\u00edmbolos&#8230;<\/p>\n","protected":false},"author":1,"featured_media":1599,"comment_status":"open","ping_status":"closed","sticky":false,"template":"","format":"standard","meta":{"sfsi_plus_gutenberg_text_before_share":"","sfsi_plus_gutenberg_show_text_before_share":"","sfsi_plus_gutenberg_icon_type":"","sfsi_plus_gutenberg_icon_alignemt":"","sfsi_plus_gutenburg_max_per_row":"","footnotes":""},"categories":[8,46,45],"tags":[],"class_list":["post-1598","post","type-post","status-publish","format-standard","has-post-thumbnail","hentry","category-blog","category-links","category-slider"],"yoast_head":"<!-- This site is optimized with the Yoast SEO plugin v27.4 - https:\/\/yoast.com\/product\/yoast-seo-wordpress\/ -->\n<title>Cabe\u00e7a para baixo, pernas para cima | Ronaldo Correia de Brito | site oficial<\/title>\n<meta name=\"robots\" content=\"index, follow, max-snippet:-1, max-image-preview:large, max-video-preview:-1\" \/>\n<link rel=\"canonical\" href=\"https:\/\/www.ronaldocorreiadebrito.com.br\/site2\/2021\/02\/cabeca-para-baixo-pernas-para-cima-3\/\" \/>\n<meta property=\"og:locale\" content=\"pt_BR\" \/>\n<meta property=\"og:type\" content=\"article\" \/>\n<meta property=\"og:title\" content=\"Cabe\u00e7a para baixo, pernas para cima | Ronaldo Correia de Brito | site oficial\" \/>\n<meta property=\"og:description\" content=\"O carnaval n\u00e3o mudou, desde os prim\u00f3rdios, nos temas reais e simb\u00f3licos que o definem: carne e bebida, sexo e viol\u00eancia. Para os italianos, \u00e9 da palavra carne que deriva o nome carnevale \u2013 vale comer carne. Precedendo os magros dias da quaresma, cujos s\u00edmbolos...\" \/>\n<meta property=\"og:url\" content=\"https:\/\/www.ronaldocorreiadebrito.com.br\/site2\/2021\/02\/cabeca-para-baixo-pernas-para-cima-3\/\" \/>\n<meta property=\"og:site_name\" content=\"Ronaldo Correia de Brito | site oficial\" \/>\n<meta property=\"article:publisher\" content=\"https:\/\/www.facebook.com\/ronaldocorreiadebrito.oficial\" \/>\n<meta property=\"article:published_time\" content=\"2021-02-15T15:28:29+00:00\" \/>\n<meta property=\"og:image\" content=\"https:\/\/www.ronaldocorreiadebrito.com.br\/site2\/wp-content\/uploads\/2021\/02\/IMG_2430-607x404.jpg\" \/>\n\t<meta property=\"og:image:width\" content=\"607\" \/>\n\t<meta property=\"og:image:height\" content=\"404\" \/>\n\t<meta property=\"og:image:type\" content=\"image\/jpeg\" \/>\n<meta name=\"author\" content=\"admin\" \/>\n<meta name=\"twitter:card\" content=\"summary_large_image\" \/>\n<meta name=\"twitter:label1\" content=\"Escrito por\" \/>\n\t<meta name=\"twitter:data1\" content=\"admin\" \/>\n\t<meta name=\"twitter:label2\" content=\"Est. tempo de leitura\" \/>\n\t<meta name=\"twitter:data2\" content=\"4 minutos\" \/>\n<script type=\"application\/ld+json\" class=\"yoast-schema-graph\">{\"@context\":\"https:\\\/\\\/schema.org\",\"@graph\":[{\"@type\":\"Article\",\"@id\":\"https:\\\/\\\/www.ronaldocorreiadebrito.com.br\\\/site2\\\/2021\\\/02\\\/cabeca-para-baixo-pernas-para-cima-3\\\/#article\",\"isPartOf\":{\"@id\":\"https:\\\/\\\/www.ronaldocorreiadebrito.com.br\\\/site2\\\/2021\\\/02\\\/cabeca-para-baixo-pernas-para-cima-3\\\/\"},\"author\":{\"name\":\"admin\",\"@id\":\"https:\\\/\\\/www.ronaldocorreiadebrito.com.br\\\/site2\\\/#\\\/schema\\\/person\\\/99a164d0eaaff7f78b11899bc7d5e7c9\"},\"headline\":\"Cabe\u00e7a para baixo, pernas para cima\",\"datePublished\":\"2021-02-15T15:28:29+00:00\",\"mainEntityOfPage\":{\"@id\":\"https:\\\/\\\/www.ronaldocorreiadebrito.com.br\\\/site2\\\/2021\\\/02\\\/cabeca-para-baixo-pernas-para-cima-3\\\/\"},\"wordCount\":898,\"commentCount\":0,\"image\":{\"@id\":\"https:\\\/\\\/www.ronaldocorreiadebrito.com.br\\\/site2\\\/2021\\\/02\\\/cabeca-para-baixo-pernas-para-cima-3\\\/#primaryimage\"},\"thumbnailUrl\":\"https:\\\/\\\/www.ronaldocorreiadebrito.com.br\\\/site2\\\/wp-content\\\/uploads\\\/2021\\\/02\\\/IMG_2430-607x404.jpg\",\"articleSection\":[\"Blog\",\"Links\",\"Slider\"],\"inLanguage\":\"pt-BR\",\"potentialAction\":[{\"@type\":\"CommentAction\",\"name\":\"Comment\",\"target\":[\"https:\\\/\\\/www.ronaldocorreiadebrito.com.br\\\/site2\\\/2021\\\/02\\\/cabeca-para-baixo-pernas-para-cima-3\\\/#respond\"]}]},{\"@type\":\"WebPage\",\"@id\":\"https:\\\/\\\/www.ronaldocorreiadebrito.com.br\\\/site2\\\/2021\\\/02\\\/cabeca-para-baixo-pernas-para-cima-3\\\/\",\"url\":\"https:\\\/\\\/www.ronaldocorreiadebrito.com.br\\\/site2\\\/2021\\\/02\\\/cabeca-para-baixo-pernas-para-cima-3\\\/\",\"name\":\"Cabe\u00e7a para baixo, pernas para cima | Ronaldo Correia de Brito | site oficial\",\"isPartOf\":{\"@id\":\"https:\\\/\\\/www.ronaldocorreiadebrito.com.br\\\/site2\\\/#website\"},\"primaryImageOfPage\":{\"@id\":\"https:\\\/\\\/www.ronaldocorreiadebrito.com.br\\\/site2\\\/2021\\\/02\\\/cabeca-para-baixo-pernas-para-cima-3\\\/#primaryimage\"},\"image\":{\"@id\":\"https:\\\/\\\/www.ronaldocorreiadebrito.com.br\\\/site2\\\/2021\\\/02\\\/cabeca-para-baixo-pernas-para-cima-3\\\/#primaryimage\"},\"thumbnailUrl\":\"https:\\\/\\\/www.ronaldocorreiadebrito.com.br\\\/site2\\\/wp-content\\\/uploads\\\/2021\\\/02\\\/IMG_2430-607x404.jpg\",\"datePublished\":\"2021-02-15T15:28:29+00:00\",\"author\":{\"@id\":\"https:\\\/\\\/www.ronaldocorreiadebrito.com.br\\\/site2\\\/#\\\/schema\\\/person\\\/99a164d0eaaff7f78b11899bc7d5e7c9\"},\"breadcrumb\":{\"@id\":\"https:\\\/\\\/www.ronaldocorreiadebrito.com.br\\\/site2\\\/2021\\\/02\\\/cabeca-para-baixo-pernas-para-cima-3\\\/#breadcrumb\"},\"inLanguage\":\"pt-BR\",\"potentialAction\":[{\"@type\":\"ReadAction\",\"target\":[\"https:\\\/\\\/www.ronaldocorreiadebrito.com.br\\\/site2\\\/2021\\\/02\\\/cabeca-para-baixo-pernas-para-cima-3\\\/\"]}]},{\"@type\":\"ImageObject\",\"inLanguage\":\"pt-BR\",\"@id\":\"https:\\\/\\\/www.ronaldocorreiadebrito.com.br\\\/site2\\\/2021\\\/02\\\/cabeca-para-baixo-pernas-para-cima-3\\\/#primaryimage\",\"url\":\"https:\\\/\\\/www.ronaldocorreiadebrito.com.br\\\/site2\\\/wp-content\\\/uploads\\\/2021\\\/02\\\/IMG_2430-607x404.jpg\",\"contentUrl\":\"https:\\\/\\\/www.ronaldocorreiadebrito.com.br\\\/site2\\\/wp-content\\\/uploads\\\/2021\\\/02\\\/IMG_2430-607x404.jpg\",\"width\":607,\"height\":404},{\"@type\":\"BreadcrumbList\",\"@id\":\"https:\\\/\\\/www.ronaldocorreiadebrito.com.br\\\/site2\\\/2021\\\/02\\\/cabeca-para-baixo-pernas-para-cima-3\\\/#breadcrumb\",\"itemListElement\":[{\"@type\":\"ListItem\",\"position\":1,\"name\":\"In\u00edcio\",\"item\":\"https:\\\/\\\/www.ronaldocorreiadebrito.com.br\\\/site2\\\/\"},{\"@type\":\"ListItem\",\"position\":2,\"name\":\"Cabe\u00e7a para baixo, pernas para cima\"}]},{\"@type\":\"WebSite\",\"@id\":\"https:\\\/\\\/www.ronaldocorreiadebrito.com.br\\\/site2\\\/#website\",\"url\":\"https:\\\/\\\/www.ronaldocorreiadebrito.com.br\\\/site2\\\/\",\"name\":\"Ronaldo Correia de Brito | site oficial\",\"description\":\"Site oficial do escritor Ronaldo Correia de Brito\",\"potentialAction\":[{\"@type\":\"SearchAction\",\"target\":{\"@type\":\"EntryPoint\",\"urlTemplate\":\"https:\\\/\\\/www.ronaldocorreiadebrito.com.br\\\/site2\\\/?s={search_term_string}\"},\"query-input\":{\"@type\":\"PropertyValueSpecification\",\"valueRequired\":true,\"valueName\":\"search_term_string\"}}],\"inLanguage\":\"pt-BR\"},{\"@type\":\"Person\",\"@id\":\"https:\\\/\\\/www.ronaldocorreiadebrito.com.br\\\/site2\\\/#\\\/schema\\\/person\\\/99a164d0eaaff7f78b11899bc7d5e7c9\",\"name\":\"admin\",\"url\":\"https:\\\/\\\/www.ronaldocorreiadebrito.com.br\\\/site2\\\/author\\\/admin\\\/\"}]}<\/script>\n<!-- \/ Yoast SEO plugin. -->","yoast_head_json":{"title":"Cabe\u00e7a para baixo, pernas para cima | Ronaldo Correia de Brito | site oficial","robots":{"index":"index","follow":"follow","max-snippet":"max-snippet:-1","max-image-preview":"max-image-preview:large","max-video-preview":"max-video-preview:-1"},"canonical":"https:\/\/www.ronaldocorreiadebrito.com.br\/site2\/2021\/02\/cabeca-para-baixo-pernas-para-cima-3\/","og_locale":"pt_BR","og_type":"article","og_title":"Cabe\u00e7a para baixo, pernas para cima | Ronaldo Correia de Brito | site oficial","og_description":"O carnaval n\u00e3o mudou, desde os prim\u00f3rdios, nos temas reais e simb\u00f3licos que o definem: carne e bebida, sexo e viol\u00eancia. Para os italianos, \u00e9 da palavra carne que deriva o nome carnevale \u2013 vale comer carne. Precedendo os magros dias da quaresma, cujos s\u00edmbolos...","og_url":"https:\/\/www.ronaldocorreiadebrito.com.br\/site2\/2021\/02\/cabeca-para-baixo-pernas-para-cima-3\/","og_site_name":"Ronaldo Correia de Brito | site oficial","article_publisher":"https:\/\/www.facebook.com\/ronaldocorreiadebrito.oficial","article_published_time":"2021-02-15T15:28:29+00:00","og_image":[{"width":607,"height":404,"url":"https:\/\/www.ronaldocorreiadebrito.com.br\/site2\/wp-content\/uploads\/2021\/02\/IMG_2430-607x404.jpg","type":"image\/jpeg"}],"author":"admin","twitter_card":"summary_large_image","twitter_misc":{"Escrito por":"admin","Est. tempo de leitura":"4 minutos"},"schema":{"@context":"https:\/\/schema.org","@graph":[{"@type":"Article","@id":"https:\/\/www.ronaldocorreiadebrito.com.br\/site2\/2021\/02\/cabeca-para-baixo-pernas-para-cima-3\/#article","isPartOf":{"@id":"https:\/\/www.ronaldocorreiadebrito.com.br\/site2\/2021\/02\/cabeca-para-baixo-pernas-para-cima-3\/"},"author":{"name":"admin","@id":"https:\/\/www.ronaldocorreiadebrito.com.br\/site2\/#\/schema\/person\/99a164d0eaaff7f78b11899bc7d5e7c9"},"headline":"Cabe\u00e7a para baixo, pernas para cima","datePublished":"2021-02-15T15:28:29+00:00","mainEntityOfPage":{"@id":"https:\/\/www.ronaldocorreiadebrito.com.br\/site2\/2021\/02\/cabeca-para-baixo-pernas-para-cima-3\/"},"wordCount":898,"commentCount":0,"image":{"@id":"https:\/\/www.ronaldocorreiadebrito.com.br\/site2\/2021\/02\/cabeca-para-baixo-pernas-para-cima-3\/#primaryimage"},"thumbnailUrl":"https:\/\/www.ronaldocorreiadebrito.com.br\/site2\/wp-content\/uploads\/2021\/02\/IMG_2430-607x404.jpg","articleSection":["Blog","Links","Slider"],"inLanguage":"pt-BR","potentialAction":[{"@type":"CommentAction","name":"Comment","target":["https:\/\/www.ronaldocorreiadebrito.com.br\/site2\/2021\/02\/cabeca-para-baixo-pernas-para-cima-3\/#respond"]}]},{"@type":"WebPage","@id":"https:\/\/www.ronaldocorreiadebrito.com.br\/site2\/2021\/02\/cabeca-para-baixo-pernas-para-cima-3\/","url":"https:\/\/www.ronaldocorreiadebrito.com.br\/site2\/2021\/02\/cabeca-para-baixo-pernas-para-cima-3\/","name":"Cabe\u00e7a para baixo, pernas para cima | Ronaldo Correia de Brito | site oficial","isPartOf":{"@id":"https:\/\/www.ronaldocorreiadebrito.com.br\/site2\/#website"},"primaryImageOfPage":{"@id":"https:\/\/www.ronaldocorreiadebrito.com.br\/site2\/2021\/02\/cabeca-para-baixo-pernas-para-cima-3\/#primaryimage"},"image":{"@id":"https:\/\/www.ronaldocorreiadebrito.com.br\/site2\/2021\/02\/cabeca-para-baixo-pernas-para-cima-3\/#primaryimage"},"thumbnailUrl":"https:\/\/www.ronaldocorreiadebrito.com.br\/site2\/wp-content\/uploads\/2021\/02\/IMG_2430-607x404.jpg","datePublished":"2021-02-15T15:28:29+00:00","author":{"@id":"https:\/\/www.ronaldocorreiadebrito.com.br\/site2\/#\/schema\/person\/99a164d0eaaff7f78b11899bc7d5e7c9"},"breadcrumb":{"@id":"https:\/\/www.ronaldocorreiadebrito.com.br\/site2\/2021\/02\/cabeca-para-baixo-pernas-para-cima-3\/#breadcrumb"},"inLanguage":"pt-BR","potentialAction":[{"@type":"ReadAction","target":["https:\/\/www.ronaldocorreiadebrito.com.br\/site2\/2021\/02\/cabeca-para-baixo-pernas-para-cima-3\/"]}]},{"@type":"ImageObject","inLanguage":"pt-BR","@id":"https:\/\/www.ronaldocorreiadebrito.com.br\/site2\/2021\/02\/cabeca-para-baixo-pernas-para-cima-3\/#primaryimage","url":"https:\/\/www.ronaldocorreiadebrito.com.br\/site2\/wp-content\/uploads\/2021\/02\/IMG_2430-607x404.jpg","contentUrl":"https:\/\/www.ronaldocorreiadebrito.com.br\/site2\/wp-content\/uploads\/2021\/02\/IMG_2430-607x404.jpg","width":607,"height":404},{"@type":"BreadcrumbList","@id":"https:\/\/www.ronaldocorreiadebrito.com.br\/site2\/2021\/02\/cabeca-para-baixo-pernas-para-cima-3\/#breadcrumb","itemListElement":[{"@type":"ListItem","position":1,"name":"In\u00edcio","item":"https:\/\/www.ronaldocorreiadebrito.com.br\/site2\/"},{"@type":"ListItem","position":2,"name":"Cabe\u00e7a para baixo, pernas para cima"}]},{"@type":"WebSite","@id":"https:\/\/www.ronaldocorreiadebrito.com.br\/site2\/#website","url":"https:\/\/www.ronaldocorreiadebrito.com.br\/site2\/","name":"Ronaldo Correia de Brito | site oficial","description":"Site oficial do escritor Ronaldo Correia de Brito","potentialAction":[{"@type":"SearchAction","target":{"@type":"EntryPoint","urlTemplate":"https:\/\/www.ronaldocorreiadebrito.com.br\/site2\/?s={search_term_string}"},"query-input":{"@type":"PropertyValueSpecification","valueRequired":true,"valueName":"search_term_string"}}],"inLanguage":"pt-BR"},{"@type":"Person","@id":"https:\/\/www.ronaldocorreiadebrito.com.br\/site2\/#\/schema\/person\/99a164d0eaaff7f78b11899bc7d5e7c9","name":"admin","url":"https:\/\/www.ronaldocorreiadebrito.com.br\/site2\/author\/admin\/"}]}},"wps_subtitle":"","_links":{"self":[{"href":"https:\/\/www.ronaldocorreiadebrito.com.br\/site2\/wp-json\/wp\/v2\/posts\/1598","targetHints":{"allow":["GET"]}}],"collection":[{"href":"https:\/\/www.ronaldocorreiadebrito.com.br\/site2\/wp-json\/wp\/v2\/posts"}],"about":[{"href":"https:\/\/www.ronaldocorreiadebrito.com.br\/site2\/wp-json\/wp\/v2\/types\/post"}],"author":[{"embeddable":true,"href":"https:\/\/www.ronaldocorreiadebrito.com.br\/site2\/wp-json\/wp\/v2\/users\/1"}],"replies":[{"embeddable":true,"href":"https:\/\/www.ronaldocorreiadebrito.com.br\/site2\/wp-json\/wp\/v2\/comments?post=1598"}],"version-history":[{"count":0,"href":"https:\/\/www.ronaldocorreiadebrito.com.br\/site2\/wp-json\/wp\/v2\/posts\/1598\/revisions"}],"wp:featuredmedia":[{"embeddable":true,"href":"https:\/\/www.ronaldocorreiadebrito.com.br\/site2\/wp-json\/wp\/v2\/media\/1599"}],"wp:attachment":[{"href":"https:\/\/www.ronaldocorreiadebrito.com.br\/site2\/wp-json\/wp\/v2\/media?parent=1598"}],"wp:term":[{"taxonomy":"category","embeddable":true,"href":"https:\/\/www.ronaldocorreiadebrito.com.br\/site2\/wp-json\/wp\/v2\/categories?post=1598"},{"taxonomy":"post_tag","embeddable":true,"href":"https:\/\/www.ronaldocorreiadebrito.com.br\/site2\/wp-json\/wp\/v2\/tags?post=1598"}],"curies":[{"name":"wp","href":"https:\/\/api.w.org\/{rel}","templated":true}]}}