{"id":1594,"date":"2021-02-11T11:06:18","date_gmt":"2021-02-11T14:06:18","guid":{"rendered":"https:\/\/www.ronaldocorreiadebrito.com.br\/site2\/?p=1594"},"modified":"2021-02-11T11:06:18","modified_gmt":"2021-02-11T14:06:18","slug":"o-heroi-grego-ulisses-e-os-herois-do-bbb","status":"publish","type":"post","link":"https:\/\/www.ronaldocorreiadebrito.com.br\/site2\/2021\/02\/o-heroi-grego-ulisses-e-os-herois-do-bbb\/","title":{"rendered":"O her\u00f3i grego Ulisses e os her\u00f3is do BBB"},"content":{"rendered":"<p class=\"p1\"><span class=\"s1\">Voc\u00eas ainda se lembram de Kleber Bambam, o rapaz que ganhou o primeiro Big Brother Brasil, da TV Globo? Pergunto porque \u00e9 poss\u00edvel que ele tenha desaparecido da m\u00eddia, caindo no esquecimento. A velocidade para se fabricar um her\u00f3i moderno \u00e9 a mesma para esquec\u00ea-lo ou destru\u00ed-lo. Her\u00f3is e objetos de consumo<i> <\/i>s\u00e3o a mesma coisa. Kleber teve grande<i> <\/i>vota\u00e7\u00e3o dos que acompanhavam o BBB, dando pontos de audi\u00eancia \u00e0 Globo. Surgiram estudos sociol\u00f3gicos e psicol\u00f3gicos para explicar o fen\u00f4meno como prot\u00f3tipo do novo homem brasileiro. Essa autoimagem nacional \u00e9 bem pior que a do her\u00f3i sem car\u00e1ter Macuna\u00edma, de M\u00e1rio de Andrade. <\/span><\/p>\n<p class=\"p1\"><span class=\"s1\">Voc\u00eas lembram o Ulisses dos gregos? O her\u00f3i de tr\u00eas mil anos, antes de ser fixado por Homero no poema Odisseia, j\u00e1 era cantado pelos trovadores, transformando-se num \u00edcone ocidental. Ele tamb\u00e9m \u00e9 considerado prot\u00f3tipo do homem moderno, representando a passagem do est\u00e1gio m\u00edtico ao logos. Entre as suas qualidades estavam a capacidade de pensar e convencer, o autodom\u00ednio e a resist\u00eancia ao sofrimento. Seus defeitos eram a falta de escr\u00fapulos, a crueldade e a ambi\u00e7\u00e3o. Ulisses \u00e9 t\u00e3o significativo para o Ocidente que em todas as \u00e9pocas foi personagem de trag\u00e9dias, poemas, romances e \u00f3peras.<span class=\"Apple-converted-space\">\u00a0 <\/span>Eur\u00edpides, Hor\u00e1cio, Dante, Kazantz\u00e1kis e Tennyson o detrataram ou engrandeceram. O romance que prenuncia a cultura em desencanto, segundo Jacques Barzun, \u00e9 o Ulisses de James Joyce, cuja constru\u00e7\u00e3o \u00e9 baseada no poema de Homero.<\/span><\/p>\n<p class=\"p1\"><span class=\"s1\">\u00c9 poss\u00edvel tra\u00e7ar alguma compara\u00e7\u00e3o entre Bambam e Ulisses? A mais evidente \u00e9 a dura\u00e7\u00e3o do mito. O brasileiro Kleber se volatilizou em pouco tempo. Ulisses ainda significa a cria\u00e7\u00e3o coletiva de uma sociedade m\u00edtica, cantado em poesia e m\u00fasica, de gera\u00e7\u00e3o em gera\u00e7\u00e3o, guardado na mem\u00f3ria at\u00e9 que Homero desse forma escrita ao que era da tradi\u00e7\u00e3o oral. <\/span><\/p>\n<p class=\"p1\"><span class=\"s1\">Kleber foi um simulacro, artif\u00edcio da Globo e de Boninho para ganhar milh\u00f5es e alimentar a fantasia dos telespectadores. O fariseu Pedro Bial, camuflado em poeta e homem culto, enchia os bolsos de dinheiro e saudava os malucos enclausurados como \u201cher\u00f3is da casa\u201d. E agora, haja ensaios de sociologia, psicologia e filosofia para interpretar a nova Auschwitz do BBB 21. Haja intelectuais, professores e midi\u00e1ticos disputando a cena com os engalfinhados, criando delirantes teorias validadoras dos absurdos e desumanidades praticados em nome da audi\u00eancia e do lucro milion\u00e1rio da televis\u00e3o.<\/span><\/p>\n<p class=\"p1\"><span class=\"s1\">Ulisses pertencia \u00e0 nobreza grega e Kleber \u00e0 classe m\u00e9dia baixa do Brasil. Ulisses foi educado segundo uma \u00e9tica complexa, a <i>Arete<\/i>, em que o indiv\u00edduo buscava a imortalidade atrav\u00e9s dos seus feitos guerreiros, n\u00e3o temendo a morte e desejando que sua fama continuasse ap\u00f3s ele morrer. Kleber aspirava \u201cpegar a Kombi, sair pela estrada, atolar no meio do caminho e fazer sexo.\u201d Ulisses construiu um engenho, um cavalo de pau, que permitiu aos gregos se esconderem no seu interior, entrando na cidade de Tr\u00f3ia e vencendo os inimigos sitiados. Esse feito tornou-se t\u00e3o famoso que deu origem \u00e0 express\u00e3o presente de grego, at\u00e9 hoje usada quando se ilude algu\u00e9m. <\/span><\/p>\n<p class=\"p1\"><span class=\"s1\">Kleber inventou uma boneca, Maria Eug\u00eania, que segundo os analistas assegurou-lhe a vit\u00f3ria no Big Brother e teve a patente vendida. Tamb\u00e9m cunhou express\u00f5es que andaram pela boca de nossa gente: \u201cno meu modo de vista\u201d e \u201cpra mim eu sou dessa conclus\u00e3o\u201d. Bambam n\u00e3o foi cantado por poetas como Eur\u00edpides, mas os jornalistas gastaram os adjetivos sincero, alegre, brincalh\u00e3o e emotivo para se referirem a ele. A sua aventura durou pouco mais de dois meses e teve por espa\u00e7o f\u00edsico uma casa de est\u00fadio. \u00c9 pequena quando comparada aos dez anos que Ulisses vagou por ilhas e mares, at\u00e9 retornar a casa. Odisseia virou sin\u00f4nimo de jornada dif\u00edcil e perigosa. O feito de Kleber recebeu o ep\u00edteto de vit\u00f3ria dos simples.<\/span><\/p>\n<p class=\"p1\"><span class=\"s1\">Pode parecer que retomo a veia moralista de Montaigne, analisando o hero\u00edsmo do nosso tempo. Somos avessos \u00e0 moral e \u00e0 \u00e9tica, talvez escaldados pela hipocrisia das Igrejas Crist\u00e3s e pela repress\u00e3o das ditaduras pol\u00edticas, como o atual bolsonarismo. Mas houve um tempo, n\u00e3o muito distante, em que as lendas, as f\u00e1bulas e os romances eram criados com um fim educativo, \u00e9tico e moral. Os her\u00f3is representavam modelos a ser imitados. O povo tinha mitos exemplares, atuando na conten\u00e7\u00e3o ou emancipa\u00e7\u00e3o da sociedade. <\/span><\/p>\n<p class=\"p1\"><span class=\"s1\">Ulisses sobrevive h\u00e1 mais de tr\u00eas mil anos, tornou-se mito civilizador, apesar das transforma\u00e7\u00f5es que sofreu desde Homero at\u00e9 Joyce. O Ocidente n\u00e3o criou nada que o representasse melhor. Ser\u00e1 que Bial desejava escrever um poema sobre Bambam e al\u00e7a-lo \u00e0 condi\u00e7\u00e3o de her\u00f3i imortal? Quem sabe?\u00a0<\/span><\/p>\n<p class=\"p1\"><span class=\"s1\">Reinventamos o significado de hero\u00edsmo, elaborando o anti-her\u00f3i. Proclamamos a morte de Deus, banimos o eterno e o sagrado. Cultuamos o transit\u00f3rio e o ef\u00eamero. Ulisses desafiava os deuses, mas temia as F\u00farias e invocava prote\u00e7\u00e3o a Atena. Kleber Bambam, quando foi interrogado sobre a mulher dos seus sonhos afirmou que \u201cn\u00e3o existe a mulher e sim o homem que \u00e9 Deus\u201d. \u00c9 dif\u00edcil interpretar com seriedade mais esse disparate. Ser\u00e1 que ele negava a exist\u00eancia do feminino, afirmando um monote\u00edsmo masculino? Que homem-deus era esse a que ele se referia? Seria ele pr\u00f3prio? <\/span><\/p>\n<p class=\"p1\"><span class=\"s1\">O excesso de exposi\u00e7\u00e3o da imagem e a fama ilus\u00f3ria criam fantasias como Kleber Bambam. Terr\u00edvel \u00e9 imaginar que al\u00e9m de ador\u00e1-lo como um suposto her\u00f3i, adorem-no como um novo deus.<\/span><\/p>\n","protected":false},"excerpt":{"rendered":"<p>Voc\u00eas ainda se lembram de Kleber Bambam, o rapaz que ganhou o primeiro Big Brother Brasil, da TV Globo? Pergunto porque \u00e9 poss\u00edvel que ele tenha desaparecido da m\u00eddia, caindo no esquecimento. A velocidade para se fabricar um her\u00f3i moderno \u00e9 a mesma para esquec\u00ea-lo&#8230;<\/p>\n","protected":false},"author":1,"featured_media":1595,"comment_status":"open","ping_status":"closed","sticky":false,"template":"","format":"standard","meta":{"sfsi_plus_gutenberg_text_before_share":"","sfsi_plus_gutenberg_show_text_before_share":"","sfsi_plus_gutenberg_icon_type":"","sfsi_plus_gutenberg_icon_alignemt":"","sfsi_plus_gutenburg_max_per_row":"","footnotes":""},"categories":[8,46,45],"tags":[],"class_list":["post-1594","post","type-post","status-publish","format-standard","has-post-thumbnail","hentry","category-blog","category-links","category-slider"],"yoast_head":"<!-- This site is optimized with the Yoast SEO plugin v27.4 - https:\/\/yoast.com\/product\/yoast-seo-wordpress\/ -->\n<title>O her\u00f3i grego Ulisses e os her\u00f3is do BBB | Ronaldo Correia de Brito | site oficial<\/title>\n<meta name=\"robots\" content=\"index, follow, max-snippet:-1, max-image-preview:large, max-video-preview:-1\" \/>\n<link rel=\"canonical\" href=\"https:\/\/www.ronaldocorreiadebrito.com.br\/site2\/2021\/02\/o-heroi-grego-ulisses-e-os-herois-do-bbb\/\" \/>\n<meta property=\"og:locale\" content=\"pt_BR\" \/>\n<meta property=\"og:type\" content=\"article\" \/>\n<meta property=\"og:title\" content=\"O her\u00f3i grego Ulisses e os her\u00f3is do BBB | Ronaldo Correia de Brito | site oficial\" \/>\n<meta property=\"og:description\" content=\"Voc\u00eas ainda se lembram de Kleber Bambam, o rapaz que ganhou o primeiro Big Brother Brasil, da TV Globo? Pergunto porque \u00e9 poss\u00edvel que ele tenha desaparecido da m\u00eddia, caindo no esquecimento. A velocidade para se fabricar um her\u00f3i moderno \u00e9 a mesma para esquec\u00ea-lo...\" \/>\n<meta property=\"og:url\" content=\"https:\/\/www.ronaldocorreiadebrito.com.br\/site2\/2021\/02\/o-heroi-grego-ulisses-e-os-herois-do-bbb\/\" \/>\n<meta property=\"og:site_name\" content=\"Ronaldo Correia de Brito | site oficial\" \/>\n<meta property=\"article:publisher\" content=\"https:\/\/www.facebook.com\/ronaldocorreiadebrito.oficial\" \/>\n<meta property=\"article:published_time\" content=\"2021-02-11T14:06:18+00:00\" \/>\n<meta property=\"og:image\" content=\"https:\/\/www.ronaldocorreiadebrito.com.br\/site2\/wp-content\/uploads\/2021\/02\/Captura-de-Tela-2021-02-11-a\u0300s-11.05.02.png\" \/>\n\t<meta property=\"og:image:width\" content=\"643\" \/>\n\t<meta property=\"og:image:height\" content=\"370\" \/>\n\t<meta property=\"og:image:type\" content=\"image\/png\" \/>\n<meta name=\"author\" content=\"admin\" \/>\n<meta name=\"twitter:card\" content=\"summary_large_image\" \/>\n<meta name=\"twitter:label1\" content=\"Escrito por\" \/>\n\t<meta name=\"twitter:data1\" content=\"admin\" \/>\n\t<meta name=\"twitter:label2\" content=\"Est. tempo de leitura\" \/>\n\t<meta name=\"twitter:data2\" content=\"5 minutos\" \/>\n<script type=\"application\/ld+json\" class=\"yoast-schema-graph\">{\"@context\":\"https:\\\/\\\/schema.org\",\"@graph\":[{\"@type\":\"Article\",\"@id\":\"https:\\\/\\\/www.ronaldocorreiadebrito.com.br\\\/site2\\\/2021\\\/02\\\/o-heroi-grego-ulisses-e-os-herois-do-bbb\\\/#article\",\"isPartOf\":{\"@id\":\"https:\\\/\\\/www.ronaldocorreiadebrito.com.br\\\/site2\\\/2021\\\/02\\\/o-heroi-grego-ulisses-e-os-herois-do-bbb\\\/\"},\"author\":{\"name\":\"admin\",\"@id\":\"https:\\\/\\\/www.ronaldocorreiadebrito.com.br\\\/site2\\\/#\\\/schema\\\/person\\\/99a164d0eaaff7f78b11899bc7d5e7c9\"},\"headline\":\"O her\u00f3i grego Ulisses e os her\u00f3is do BBB\",\"datePublished\":\"2021-02-11T14:06:18+00:00\",\"mainEntityOfPage\":{\"@id\":\"https:\\\/\\\/www.ronaldocorreiadebrito.com.br\\\/site2\\\/2021\\\/02\\\/o-heroi-grego-ulisses-e-os-herois-do-bbb\\\/\"},\"wordCount\":969,\"commentCount\":0,\"image\":{\"@id\":\"https:\\\/\\\/www.ronaldocorreiadebrito.com.br\\\/site2\\\/2021\\\/02\\\/o-heroi-grego-ulisses-e-os-herois-do-bbb\\\/#primaryimage\"},\"thumbnailUrl\":\"https:\\\/\\\/www.ronaldocorreiadebrito.com.br\\\/site2\\\/wp-content\\\/uploads\\\/2021\\\/02\\\/Captura-de-Tela-2021-02-11-a\u0300s-11.05.02.png\",\"articleSection\":[\"Blog\",\"Links\",\"Slider\"],\"inLanguage\":\"pt-BR\",\"potentialAction\":[{\"@type\":\"CommentAction\",\"name\":\"Comment\",\"target\":[\"https:\\\/\\\/www.ronaldocorreiadebrito.com.br\\\/site2\\\/2021\\\/02\\\/o-heroi-grego-ulisses-e-os-herois-do-bbb\\\/#respond\"]}]},{\"@type\":\"WebPage\",\"@id\":\"https:\\\/\\\/www.ronaldocorreiadebrito.com.br\\\/site2\\\/2021\\\/02\\\/o-heroi-grego-ulisses-e-os-herois-do-bbb\\\/\",\"url\":\"https:\\\/\\\/www.ronaldocorreiadebrito.com.br\\\/site2\\\/2021\\\/02\\\/o-heroi-grego-ulisses-e-os-herois-do-bbb\\\/\",\"name\":\"O her\u00f3i grego Ulisses e os her\u00f3is do BBB | Ronaldo Correia de Brito | site oficial\",\"isPartOf\":{\"@id\":\"https:\\\/\\\/www.ronaldocorreiadebrito.com.br\\\/site2\\\/#website\"},\"primaryImageOfPage\":{\"@id\":\"https:\\\/\\\/www.ronaldocorreiadebrito.com.br\\\/site2\\\/2021\\\/02\\\/o-heroi-grego-ulisses-e-os-herois-do-bbb\\\/#primaryimage\"},\"image\":{\"@id\":\"https:\\\/\\\/www.ronaldocorreiadebrito.com.br\\\/site2\\\/2021\\\/02\\\/o-heroi-grego-ulisses-e-os-herois-do-bbb\\\/#primaryimage\"},\"thumbnailUrl\":\"https:\\\/\\\/www.ronaldocorreiadebrito.com.br\\\/site2\\\/wp-content\\\/uploads\\\/2021\\\/02\\\/Captura-de-Tela-2021-02-11-a\u0300s-11.05.02.png\",\"datePublished\":\"2021-02-11T14:06:18+00:00\",\"author\":{\"@id\":\"https:\\\/\\\/www.ronaldocorreiadebrito.com.br\\\/site2\\\/#\\\/schema\\\/person\\\/99a164d0eaaff7f78b11899bc7d5e7c9\"},\"breadcrumb\":{\"@id\":\"https:\\\/\\\/www.ronaldocorreiadebrito.com.br\\\/site2\\\/2021\\\/02\\\/o-heroi-grego-ulisses-e-os-herois-do-bbb\\\/#breadcrumb\"},\"inLanguage\":\"pt-BR\",\"potentialAction\":[{\"@type\":\"ReadAction\",\"target\":[\"https:\\\/\\\/www.ronaldocorreiadebrito.com.br\\\/site2\\\/2021\\\/02\\\/o-heroi-grego-ulisses-e-os-herois-do-bbb\\\/\"]}]},{\"@type\":\"ImageObject\",\"inLanguage\":\"pt-BR\",\"@id\":\"https:\\\/\\\/www.ronaldocorreiadebrito.com.br\\\/site2\\\/2021\\\/02\\\/o-heroi-grego-ulisses-e-os-herois-do-bbb\\\/#primaryimage\",\"url\":\"https:\\\/\\\/www.ronaldocorreiadebrito.com.br\\\/site2\\\/wp-content\\\/uploads\\\/2021\\\/02\\\/Captura-de-Tela-2021-02-11-a\u0300s-11.05.02.png\",\"contentUrl\":\"https:\\\/\\\/www.ronaldocorreiadebrito.com.br\\\/site2\\\/wp-content\\\/uploads\\\/2021\\\/02\\\/Captura-de-Tela-2021-02-11-a\u0300s-11.05.02.png\",\"width\":643,\"height\":370},{\"@type\":\"BreadcrumbList\",\"@id\":\"https:\\\/\\\/www.ronaldocorreiadebrito.com.br\\\/site2\\\/2021\\\/02\\\/o-heroi-grego-ulisses-e-os-herois-do-bbb\\\/#breadcrumb\",\"itemListElement\":[{\"@type\":\"ListItem\",\"position\":1,\"name\":\"In\u00edcio\",\"item\":\"https:\\\/\\\/www.ronaldocorreiadebrito.com.br\\\/site2\\\/\"},{\"@type\":\"ListItem\",\"position\":2,\"name\":\"O her\u00f3i grego Ulisses e os her\u00f3is do BBB\"}]},{\"@type\":\"WebSite\",\"@id\":\"https:\\\/\\\/www.ronaldocorreiadebrito.com.br\\\/site2\\\/#website\",\"url\":\"https:\\\/\\\/www.ronaldocorreiadebrito.com.br\\\/site2\\\/\",\"name\":\"Ronaldo Correia de Brito | site oficial\",\"description\":\"Site oficial do escritor Ronaldo Correia de Brito\",\"potentialAction\":[{\"@type\":\"SearchAction\",\"target\":{\"@type\":\"EntryPoint\",\"urlTemplate\":\"https:\\\/\\\/www.ronaldocorreiadebrito.com.br\\\/site2\\\/?s={search_term_string}\"},\"query-input\":{\"@type\":\"PropertyValueSpecification\",\"valueRequired\":true,\"valueName\":\"search_term_string\"}}],\"inLanguage\":\"pt-BR\"},{\"@type\":\"Person\",\"@id\":\"https:\\\/\\\/www.ronaldocorreiadebrito.com.br\\\/site2\\\/#\\\/schema\\\/person\\\/99a164d0eaaff7f78b11899bc7d5e7c9\",\"name\":\"admin\",\"url\":\"https:\\\/\\\/www.ronaldocorreiadebrito.com.br\\\/site2\\\/author\\\/admin\\\/\"}]}<\/script>\n<!-- \/ Yoast SEO plugin. -->","yoast_head_json":{"title":"O her\u00f3i grego Ulisses e os her\u00f3is do BBB | Ronaldo Correia de Brito | site oficial","robots":{"index":"index","follow":"follow","max-snippet":"max-snippet:-1","max-image-preview":"max-image-preview:large","max-video-preview":"max-video-preview:-1"},"canonical":"https:\/\/www.ronaldocorreiadebrito.com.br\/site2\/2021\/02\/o-heroi-grego-ulisses-e-os-herois-do-bbb\/","og_locale":"pt_BR","og_type":"article","og_title":"O her\u00f3i grego Ulisses e os her\u00f3is do BBB | Ronaldo Correia de Brito | site oficial","og_description":"Voc\u00eas ainda se lembram de Kleber Bambam, o rapaz que ganhou o primeiro Big Brother Brasil, da TV Globo? Pergunto porque \u00e9 poss\u00edvel que ele tenha desaparecido da m\u00eddia, caindo no esquecimento. A velocidade para se fabricar um her\u00f3i moderno \u00e9 a mesma para esquec\u00ea-lo...","og_url":"https:\/\/www.ronaldocorreiadebrito.com.br\/site2\/2021\/02\/o-heroi-grego-ulisses-e-os-herois-do-bbb\/","og_site_name":"Ronaldo Correia de Brito | site oficial","article_publisher":"https:\/\/www.facebook.com\/ronaldocorreiadebrito.oficial","article_published_time":"2021-02-11T14:06:18+00:00","og_image":[{"width":643,"height":370,"url":"https:\/\/www.ronaldocorreiadebrito.com.br\/site2\/wp-content\/uploads\/2021\/02\/Captura-de-Tela-2021-02-11-a\u0300s-11.05.02.png","type":"image\/png"}],"author":"admin","twitter_card":"summary_large_image","twitter_misc":{"Escrito por":"admin","Est. tempo de leitura":"5 minutos"},"schema":{"@context":"https:\/\/schema.org","@graph":[{"@type":"Article","@id":"https:\/\/www.ronaldocorreiadebrito.com.br\/site2\/2021\/02\/o-heroi-grego-ulisses-e-os-herois-do-bbb\/#article","isPartOf":{"@id":"https:\/\/www.ronaldocorreiadebrito.com.br\/site2\/2021\/02\/o-heroi-grego-ulisses-e-os-herois-do-bbb\/"},"author":{"name":"admin","@id":"https:\/\/www.ronaldocorreiadebrito.com.br\/site2\/#\/schema\/person\/99a164d0eaaff7f78b11899bc7d5e7c9"},"headline":"O her\u00f3i grego Ulisses e os her\u00f3is do BBB","datePublished":"2021-02-11T14:06:18+00:00","mainEntityOfPage":{"@id":"https:\/\/www.ronaldocorreiadebrito.com.br\/site2\/2021\/02\/o-heroi-grego-ulisses-e-os-herois-do-bbb\/"},"wordCount":969,"commentCount":0,"image":{"@id":"https:\/\/www.ronaldocorreiadebrito.com.br\/site2\/2021\/02\/o-heroi-grego-ulisses-e-os-herois-do-bbb\/#primaryimage"},"thumbnailUrl":"https:\/\/www.ronaldocorreiadebrito.com.br\/site2\/wp-content\/uploads\/2021\/02\/Captura-de-Tela-2021-02-11-a\u0300s-11.05.02.png","articleSection":["Blog","Links","Slider"],"inLanguage":"pt-BR","potentialAction":[{"@type":"CommentAction","name":"Comment","target":["https:\/\/www.ronaldocorreiadebrito.com.br\/site2\/2021\/02\/o-heroi-grego-ulisses-e-os-herois-do-bbb\/#respond"]}]},{"@type":"WebPage","@id":"https:\/\/www.ronaldocorreiadebrito.com.br\/site2\/2021\/02\/o-heroi-grego-ulisses-e-os-herois-do-bbb\/","url":"https:\/\/www.ronaldocorreiadebrito.com.br\/site2\/2021\/02\/o-heroi-grego-ulisses-e-os-herois-do-bbb\/","name":"O her\u00f3i grego Ulisses e os her\u00f3is do BBB | Ronaldo Correia de Brito | site oficial","isPartOf":{"@id":"https:\/\/www.ronaldocorreiadebrito.com.br\/site2\/#website"},"primaryImageOfPage":{"@id":"https:\/\/www.ronaldocorreiadebrito.com.br\/site2\/2021\/02\/o-heroi-grego-ulisses-e-os-herois-do-bbb\/#primaryimage"},"image":{"@id":"https:\/\/www.ronaldocorreiadebrito.com.br\/site2\/2021\/02\/o-heroi-grego-ulisses-e-os-herois-do-bbb\/#primaryimage"},"thumbnailUrl":"https:\/\/www.ronaldocorreiadebrito.com.br\/site2\/wp-content\/uploads\/2021\/02\/Captura-de-Tela-2021-02-11-a\u0300s-11.05.02.png","datePublished":"2021-02-11T14:06:18+00:00","author":{"@id":"https:\/\/www.ronaldocorreiadebrito.com.br\/site2\/#\/schema\/person\/99a164d0eaaff7f78b11899bc7d5e7c9"},"breadcrumb":{"@id":"https:\/\/www.ronaldocorreiadebrito.com.br\/site2\/2021\/02\/o-heroi-grego-ulisses-e-os-herois-do-bbb\/#breadcrumb"},"inLanguage":"pt-BR","potentialAction":[{"@type":"ReadAction","target":["https:\/\/www.ronaldocorreiadebrito.com.br\/site2\/2021\/02\/o-heroi-grego-ulisses-e-os-herois-do-bbb\/"]}]},{"@type":"ImageObject","inLanguage":"pt-BR","@id":"https:\/\/www.ronaldocorreiadebrito.com.br\/site2\/2021\/02\/o-heroi-grego-ulisses-e-os-herois-do-bbb\/#primaryimage","url":"https:\/\/www.ronaldocorreiadebrito.com.br\/site2\/wp-content\/uploads\/2021\/02\/Captura-de-Tela-2021-02-11-a\u0300s-11.05.02.png","contentUrl":"https:\/\/www.ronaldocorreiadebrito.com.br\/site2\/wp-content\/uploads\/2021\/02\/Captura-de-Tela-2021-02-11-a\u0300s-11.05.02.png","width":643,"height":370},{"@type":"BreadcrumbList","@id":"https:\/\/www.ronaldocorreiadebrito.com.br\/site2\/2021\/02\/o-heroi-grego-ulisses-e-os-herois-do-bbb\/#breadcrumb","itemListElement":[{"@type":"ListItem","position":1,"name":"In\u00edcio","item":"https:\/\/www.ronaldocorreiadebrito.com.br\/site2\/"},{"@type":"ListItem","position":2,"name":"O her\u00f3i grego Ulisses e os her\u00f3is do BBB"}]},{"@type":"WebSite","@id":"https:\/\/www.ronaldocorreiadebrito.com.br\/site2\/#website","url":"https:\/\/www.ronaldocorreiadebrito.com.br\/site2\/","name":"Ronaldo Correia de Brito | site oficial","description":"Site oficial do escritor Ronaldo Correia de Brito","potentialAction":[{"@type":"SearchAction","target":{"@type":"EntryPoint","urlTemplate":"https:\/\/www.ronaldocorreiadebrito.com.br\/site2\/?s={search_term_string}"},"query-input":{"@type":"PropertyValueSpecification","valueRequired":true,"valueName":"search_term_string"}}],"inLanguage":"pt-BR"},{"@type":"Person","@id":"https:\/\/www.ronaldocorreiadebrito.com.br\/site2\/#\/schema\/person\/99a164d0eaaff7f78b11899bc7d5e7c9","name":"admin","url":"https:\/\/www.ronaldocorreiadebrito.com.br\/site2\/author\/admin\/"}]}},"wps_subtitle":"","_links":{"self":[{"href":"https:\/\/www.ronaldocorreiadebrito.com.br\/site2\/wp-json\/wp\/v2\/posts\/1594","targetHints":{"allow":["GET"]}}],"collection":[{"href":"https:\/\/www.ronaldocorreiadebrito.com.br\/site2\/wp-json\/wp\/v2\/posts"}],"about":[{"href":"https:\/\/www.ronaldocorreiadebrito.com.br\/site2\/wp-json\/wp\/v2\/types\/post"}],"author":[{"embeddable":true,"href":"https:\/\/www.ronaldocorreiadebrito.com.br\/site2\/wp-json\/wp\/v2\/users\/1"}],"replies":[{"embeddable":true,"href":"https:\/\/www.ronaldocorreiadebrito.com.br\/site2\/wp-json\/wp\/v2\/comments?post=1594"}],"version-history":[{"count":0,"href":"https:\/\/www.ronaldocorreiadebrito.com.br\/site2\/wp-json\/wp\/v2\/posts\/1594\/revisions"}],"wp:featuredmedia":[{"embeddable":true,"href":"https:\/\/www.ronaldocorreiadebrito.com.br\/site2\/wp-json\/wp\/v2\/media\/1595"}],"wp:attachment":[{"href":"https:\/\/www.ronaldocorreiadebrito.com.br\/site2\/wp-json\/wp\/v2\/media?parent=1594"}],"wp:term":[{"taxonomy":"category","embeddable":true,"href":"https:\/\/www.ronaldocorreiadebrito.com.br\/site2\/wp-json\/wp\/v2\/categories?post=1594"},{"taxonomy":"post_tag","embeddable":true,"href":"https:\/\/www.ronaldocorreiadebrito.com.br\/site2\/wp-json\/wp\/v2\/tags?post=1594"}],"curies":[{"name":"wp","href":"https:\/\/api.w.org\/{rel}","templated":true}]}}