{"id":1578,"date":"2021-01-27T16:16:07","date_gmt":"2021-01-27T19:16:07","guid":{"rendered":"https:\/\/www.ronaldocorreiadebrito.com.br\/site2\/?p=1578"},"modified":"2021-01-27T21:55:53","modified_gmt":"2021-01-28T00:55:53","slug":"tarcisio-pereira-imortal-imortal","status":"publish","type":"post","link":"https:\/\/www.ronaldocorreiadebrito.com.br\/site2\/2021\/01\/tarcisio-pereira-imortal-imortal\/","title":{"rendered":"Tarc\u00edsio Pereira imortal, imortal"},"content":{"rendered":"\r\n\r\nO livreiro Tarc\u00edsio Pereira, usando a tradicional camisa de brim azul, cal\u00e7a jeans e boina, se aproxima e p\u00f5e em minhas m\u00e3os, com a delicadeza que tamb\u00e9m era sua marca, um volume de A arqueologia do saber, de Michel Foucault.\r\n\r\n\u2013 O livro que voc\u00ea queria acabou de chegar. \u00c9 esse mesmo?\r\n\r\nOlho Tarc\u00edsio, correspondo ao sorriso e digo que na verdade eu havia procurado romances de Faulkner. Ele sofrera um deslizamento, coisa t\u00edpica da psican\u00e1lise: deslizara de Faulkner para Foucault.\r\n\r\nOu seria artimanha de livreiro, que nos induz a gostar de livros que nem cogit\u00e1vamos ler? J\u00e1 que fui coaptado, aproveito para iniciar-me no fil\u00f3sofo e pensador em moda naquela \u00e9poca. Compro Foucault e o leio aos solavancos, da maneira que lia Lacan em minha forma\u00e7\u00e3o psicanal\u00edtica.\r\n\r\n\u2013 J\u00e1 conhece Antonin Artaud?\r\n\r\n\u2013 Li O teatro e seu duplo, mas basta por hoje. N\u00e3o sou compulsivo nas compras como Abel Menezes e Jomard Muniz de Britto.\r\n\r\n\u2013 N\u00e3o fale mal dos seus amigos.\r\n\r\nRimos.\r\n\r\n\u2013 Basta mencionar o C\u00e3o e ele aparece, grito em forma de sauda\u00e7\u00e3o.\r\n\r\nE aponto as duas figuras emblem\u00e1ticas entrando na livraria, alvoro\u00e7ados, falando alto e ao mesmo tempo. Vou ao encontro deles.\r\n\r\n\u2013 Seu Reinaldo! Me cumprimenta Abel Menezes.\r\n\r\n\u2013 Como vai o meu primo rico? Ironiza Jomard, porque tenho o sobrenome Brito com um \u00fanico \u201ct\u201d.\r\n\r\nO Recife intelectual, leitor, fil\u00f3sofo, historiador, art\u00edstico, estudantil, festivo ou sisudo, de esquerda mas n\u00e3o apenas de esquerda, a cidade inquieta e conservadora gravitava em torno da Livro-7. A livraria de Tarc\u00edsio Pereira foi um fen\u00f4meno dos anos 70, 80 e at\u00e9 90, incompreens\u00edvel nos dias de hoje pelo significado e representa\u00e7\u00e3o que alcan\u00e7ou. Tudo o que se realizava em teatro, dan\u00e7a, m\u00fasica, cinema, jornalismo, artes visuais e literatura convergia para a Livro-7 e dela para outros recantos, cumprindo o jarg\u00e3o Pernambuco falando para o mundo.\r\n\r\nSurgiram outras livrarias, mas todas com o formato de supermercados. Mesmo que promovessem lan\u00e7amentos, confer\u00eancias e shows, nunca se tornaram o ponto obrigat\u00f3rio de encontros para conversas, panfletagens e discuss\u00f5es ideol\u00f3gicas. A impress\u00e3o era a de que os rumos da cidade eram tra\u00e7ados na Livro-7.\r\n\r\nO Recife mudou, o centro entrou em decad\u00eancia, os consumidores deixaram de frequent\u00e1-lo, a venda de livros caiu. Recife tomou fei\u00e7\u00e3o de S\u00edria e Iraque bombardeados. Cresceu o barulho, o tr\u00e2nsito, as dificuldades de deslocamento, o medo. Os mercados livrarias, sem livreiros, mudaram-se para os shoppings ou para as plataformas de internet, tornando impessoais a rela\u00e7\u00e3o com os leitores. Findou uma era, outra delineia-se com youtubers, blogs, sites e oficinas especializados em aconselhar leituras, etc., etc&#8230;.\r\n\r\nMas falta algu\u00e9m de boina e camisa azul, que deixe em nossas m\u00e3os um livro que n\u00e3o pens\u00e1vamos ler, transformando o acaso em necessidade.\r\n\r\nEspero que existam livrarias no c\u00e9u, onde Tarc\u00edsio continue a miss\u00e3o a que dedicou a vida: promover a leitura.\r\n","protected":false},"excerpt":{"rendered":"<p>O livreiro Tarc\u00edsio Pereira, usando a tradicional camisa de brim azul, cal\u00e7a jeans e boina, se aproxima e p\u00f5e em minhas m\u00e3os, com a delicadeza que tamb\u00e9m era sua marca, um volume de A arqueologia do saber, de Michel Foucault. \u2013 O livro que voc\u00ea&#8230;<\/p>\n","protected":false},"author":1,"featured_media":1577,"comment_status":"open","ping_status":"closed","sticky":false,"template":"","format":"standard","meta":{"sfsi_plus_gutenberg_text_before_share":"","sfsi_plus_gutenberg_show_text_before_share":"","sfsi_plus_gutenberg_icon_type":"","sfsi_plus_gutenberg_icon_alignemt":"","sfsi_plus_gutenburg_max_per_row":"","footnotes":""},"categories":[8,46,45],"tags":[],"class_list":["post-1578","post","type-post","status-publish","format-standard","has-post-thumbnail","hentry","category-blog","category-links","category-slider"],"yoast_head":"<!-- This site is optimized with the Yoast SEO plugin v27.4 - https:\/\/yoast.com\/product\/yoast-seo-wordpress\/ -->\n<title>Tarc\u00edsio Pereira imortal, imortal | Ronaldo Correia de Brito | site oficial<\/title>\n<meta name=\"robots\" content=\"index, follow, max-snippet:-1, max-image-preview:large, max-video-preview:-1\" \/>\n<link rel=\"canonical\" href=\"https:\/\/www.ronaldocorreiadebrito.com.br\/site2\/2021\/01\/tarcisio-pereira-imortal-imortal\/\" \/>\n<meta property=\"og:locale\" content=\"pt_BR\" \/>\n<meta property=\"og:type\" content=\"article\" \/>\n<meta property=\"og:title\" content=\"Tarc\u00edsio Pereira imortal, imortal | Ronaldo Correia de Brito | site oficial\" \/>\n<meta property=\"og:description\" content=\"O livreiro Tarc\u00edsio Pereira, usando a tradicional camisa de brim azul, cal\u00e7a jeans e boina, se aproxima e p\u00f5e em minhas m\u00e3os, com a delicadeza que tamb\u00e9m era sua marca, um volume de A arqueologia do saber, de Michel Foucault. \u2013 O livro que voc\u00ea...\" \/>\n<meta property=\"og:url\" content=\"https:\/\/www.ronaldocorreiadebrito.com.br\/site2\/2021\/01\/tarcisio-pereira-imortal-imortal\/\" \/>\n<meta property=\"og:site_name\" content=\"Ronaldo Correia de Brito | site oficial\" \/>\n<meta property=\"article:publisher\" content=\"https:\/\/www.facebook.com\/ronaldocorreiadebrito.oficial\" \/>\n<meta property=\"article:published_time\" content=\"2021-01-27T19:16:07+00:00\" \/>\n<meta property=\"article:modified_time\" content=\"2021-01-28T00:55:53+00:00\" \/>\n<meta property=\"og:image\" content=\"https:\/\/www.ronaldocorreiadebrito.com.br\/site2\/wp-content\/uploads\/2021\/01\/d8380786a1063bc5342e5b412c3af0f5.jpg\" \/>\n\t<meta property=\"og:image:width\" content=\"470\" \/>\n\t<meta property=\"og:image:height\" content=\"230\" \/>\n\t<meta property=\"og:image:type\" content=\"image\/jpeg\" \/>\n<meta name=\"author\" content=\"admin\" \/>\n<meta name=\"twitter:card\" content=\"summary_large_image\" \/>\n<meta name=\"twitter:label1\" content=\"Escrito por\" \/>\n\t<meta name=\"twitter:data1\" content=\"admin\" \/>\n\t<meta name=\"twitter:label2\" content=\"Est. tempo de leitura\" \/>\n\t<meta name=\"twitter:data2\" content=\"3 minutos\" \/>\n<script type=\"application\/ld+json\" class=\"yoast-schema-graph\">{\"@context\":\"https:\\\/\\\/schema.org\",\"@graph\":[{\"@type\":\"Article\",\"@id\":\"https:\\\/\\\/www.ronaldocorreiadebrito.com.br\\\/site2\\\/2021\\\/01\\\/tarcisio-pereira-imortal-imortal\\\/#article\",\"isPartOf\":{\"@id\":\"https:\\\/\\\/www.ronaldocorreiadebrito.com.br\\\/site2\\\/2021\\\/01\\\/tarcisio-pereira-imortal-imortal\\\/\"},\"author\":{\"name\":\"admin\",\"@id\":\"https:\\\/\\\/www.ronaldocorreiadebrito.com.br\\\/site2\\\/#\\\/schema\\\/person\\\/99a164d0eaaff7f78b11899bc7d5e7c9\"},\"headline\":\"Tarc\u00edsio Pereira imortal, imortal\",\"datePublished\":\"2021-01-27T19:16:07+00:00\",\"dateModified\":\"2021-01-28T00:55:53+00:00\",\"mainEntityOfPage\":{\"@id\":\"https:\\\/\\\/www.ronaldocorreiadebrito.com.br\\\/site2\\\/2021\\\/01\\\/tarcisio-pereira-imortal-imortal\\\/\"},\"wordCount\":516,\"commentCount\":8,\"image\":{\"@id\":\"https:\\\/\\\/www.ronaldocorreiadebrito.com.br\\\/site2\\\/2021\\\/01\\\/tarcisio-pereira-imortal-imortal\\\/#primaryimage\"},\"thumbnailUrl\":\"https:\\\/\\\/www.ronaldocorreiadebrito.com.br\\\/site2\\\/wp-content\\\/uploads\\\/2021\\\/01\\\/d8380786a1063bc5342e5b412c3af0f5.jpg\",\"articleSection\":[\"Blog\",\"Links\",\"Slider\"],\"inLanguage\":\"pt-BR\",\"potentialAction\":[{\"@type\":\"CommentAction\",\"name\":\"Comment\",\"target\":[\"https:\\\/\\\/www.ronaldocorreiadebrito.com.br\\\/site2\\\/2021\\\/01\\\/tarcisio-pereira-imortal-imortal\\\/#respond\"]}]},{\"@type\":\"WebPage\",\"@id\":\"https:\\\/\\\/www.ronaldocorreiadebrito.com.br\\\/site2\\\/2021\\\/01\\\/tarcisio-pereira-imortal-imortal\\\/\",\"url\":\"https:\\\/\\\/www.ronaldocorreiadebrito.com.br\\\/site2\\\/2021\\\/01\\\/tarcisio-pereira-imortal-imortal\\\/\",\"name\":\"Tarc\u00edsio Pereira imortal, imortal | Ronaldo Correia de Brito | site oficial\",\"isPartOf\":{\"@id\":\"https:\\\/\\\/www.ronaldocorreiadebrito.com.br\\\/site2\\\/#website\"},\"primaryImageOfPage\":{\"@id\":\"https:\\\/\\\/www.ronaldocorreiadebrito.com.br\\\/site2\\\/2021\\\/01\\\/tarcisio-pereira-imortal-imortal\\\/#primaryimage\"},\"image\":{\"@id\":\"https:\\\/\\\/www.ronaldocorreiadebrito.com.br\\\/site2\\\/2021\\\/01\\\/tarcisio-pereira-imortal-imortal\\\/#primaryimage\"},\"thumbnailUrl\":\"https:\\\/\\\/www.ronaldocorreiadebrito.com.br\\\/site2\\\/wp-content\\\/uploads\\\/2021\\\/01\\\/d8380786a1063bc5342e5b412c3af0f5.jpg\",\"datePublished\":\"2021-01-27T19:16:07+00:00\",\"dateModified\":\"2021-01-28T00:55:53+00:00\",\"author\":{\"@id\":\"https:\\\/\\\/www.ronaldocorreiadebrito.com.br\\\/site2\\\/#\\\/schema\\\/person\\\/99a164d0eaaff7f78b11899bc7d5e7c9\"},\"breadcrumb\":{\"@id\":\"https:\\\/\\\/www.ronaldocorreiadebrito.com.br\\\/site2\\\/2021\\\/01\\\/tarcisio-pereira-imortal-imortal\\\/#breadcrumb\"},\"inLanguage\":\"pt-BR\",\"potentialAction\":[{\"@type\":\"ReadAction\",\"target\":[\"https:\\\/\\\/www.ronaldocorreiadebrito.com.br\\\/site2\\\/2021\\\/01\\\/tarcisio-pereira-imortal-imortal\\\/\"]}]},{\"@type\":\"ImageObject\",\"inLanguage\":\"pt-BR\",\"@id\":\"https:\\\/\\\/www.ronaldocorreiadebrito.com.br\\\/site2\\\/2021\\\/01\\\/tarcisio-pereira-imortal-imortal\\\/#primaryimage\",\"url\":\"https:\\\/\\\/www.ronaldocorreiadebrito.com.br\\\/site2\\\/wp-content\\\/uploads\\\/2021\\\/01\\\/d8380786a1063bc5342e5b412c3af0f5.jpg\",\"contentUrl\":\"https:\\\/\\\/www.ronaldocorreiadebrito.com.br\\\/site2\\\/wp-content\\\/uploads\\\/2021\\\/01\\\/d8380786a1063bc5342e5b412c3af0f5.jpg\",\"width\":470,\"height\":230},{\"@type\":\"BreadcrumbList\",\"@id\":\"https:\\\/\\\/www.ronaldocorreiadebrito.com.br\\\/site2\\\/2021\\\/01\\\/tarcisio-pereira-imortal-imortal\\\/#breadcrumb\",\"itemListElement\":[{\"@type\":\"ListItem\",\"position\":1,\"name\":\"In\u00edcio\",\"item\":\"https:\\\/\\\/www.ronaldocorreiadebrito.com.br\\\/site2\\\/\"},{\"@type\":\"ListItem\",\"position\":2,\"name\":\"Tarc\u00edsio Pereira imortal, imortal\"}]},{\"@type\":\"WebSite\",\"@id\":\"https:\\\/\\\/www.ronaldocorreiadebrito.com.br\\\/site2\\\/#website\",\"url\":\"https:\\\/\\\/www.ronaldocorreiadebrito.com.br\\\/site2\\\/\",\"name\":\"Ronaldo Correia de Brito | site oficial\",\"description\":\"Site oficial do escritor Ronaldo Correia de Brito\",\"potentialAction\":[{\"@type\":\"SearchAction\",\"target\":{\"@type\":\"EntryPoint\",\"urlTemplate\":\"https:\\\/\\\/www.ronaldocorreiadebrito.com.br\\\/site2\\\/?s={search_term_string}\"},\"query-input\":{\"@type\":\"PropertyValueSpecification\",\"valueRequired\":true,\"valueName\":\"search_term_string\"}}],\"inLanguage\":\"pt-BR\"},{\"@type\":\"Person\",\"@id\":\"https:\\\/\\\/www.ronaldocorreiadebrito.com.br\\\/site2\\\/#\\\/schema\\\/person\\\/99a164d0eaaff7f78b11899bc7d5e7c9\",\"name\":\"admin\",\"url\":\"https:\\\/\\\/www.ronaldocorreiadebrito.com.br\\\/site2\\\/author\\\/admin\\\/\"}]}<\/script>\n<!-- \/ Yoast SEO plugin. -->","yoast_head_json":{"title":"Tarc\u00edsio Pereira imortal, imortal | Ronaldo Correia de Brito | site oficial","robots":{"index":"index","follow":"follow","max-snippet":"max-snippet:-1","max-image-preview":"max-image-preview:large","max-video-preview":"max-video-preview:-1"},"canonical":"https:\/\/www.ronaldocorreiadebrito.com.br\/site2\/2021\/01\/tarcisio-pereira-imortal-imortal\/","og_locale":"pt_BR","og_type":"article","og_title":"Tarc\u00edsio Pereira imortal, imortal | Ronaldo Correia de Brito | site oficial","og_description":"O livreiro Tarc\u00edsio Pereira, usando a tradicional camisa de brim azul, cal\u00e7a jeans e boina, se aproxima e p\u00f5e em minhas m\u00e3os, com a delicadeza que tamb\u00e9m era sua marca, um volume de A arqueologia do saber, de Michel Foucault. \u2013 O livro que voc\u00ea...","og_url":"https:\/\/www.ronaldocorreiadebrito.com.br\/site2\/2021\/01\/tarcisio-pereira-imortal-imortal\/","og_site_name":"Ronaldo Correia de Brito | site oficial","article_publisher":"https:\/\/www.facebook.com\/ronaldocorreiadebrito.oficial","article_published_time":"2021-01-27T19:16:07+00:00","article_modified_time":"2021-01-28T00:55:53+00:00","og_image":[{"width":470,"height":230,"url":"https:\/\/www.ronaldocorreiadebrito.com.br\/site2\/wp-content\/uploads\/2021\/01\/d8380786a1063bc5342e5b412c3af0f5.jpg","type":"image\/jpeg"}],"author":"admin","twitter_card":"summary_large_image","twitter_misc":{"Escrito por":"admin","Est. tempo de leitura":"3 minutos"},"schema":{"@context":"https:\/\/schema.org","@graph":[{"@type":"Article","@id":"https:\/\/www.ronaldocorreiadebrito.com.br\/site2\/2021\/01\/tarcisio-pereira-imortal-imortal\/#article","isPartOf":{"@id":"https:\/\/www.ronaldocorreiadebrito.com.br\/site2\/2021\/01\/tarcisio-pereira-imortal-imortal\/"},"author":{"name":"admin","@id":"https:\/\/www.ronaldocorreiadebrito.com.br\/site2\/#\/schema\/person\/99a164d0eaaff7f78b11899bc7d5e7c9"},"headline":"Tarc\u00edsio Pereira imortal, imortal","datePublished":"2021-01-27T19:16:07+00:00","dateModified":"2021-01-28T00:55:53+00:00","mainEntityOfPage":{"@id":"https:\/\/www.ronaldocorreiadebrito.com.br\/site2\/2021\/01\/tarcisio-pereira-imortal-imortal\/"},"wordCount":516,"commentCount":8,"image":{"@id":"https:\/\/www.ronaldocorreiadebrito.com.br\/site2\/2021\/01\/tarcisio-pereira-imortal-imortal\/#primaryimage"},"thumbnailUrl":"https:\/\/www.ronaldocorreiadebrito.com.br\/site2\/wp-content\/uploads\/2021\/01\/d8380786a1063bc5342e5b412c3af0f5.jpg","articleSection":["Blog","Links","Slider"],"inLanguage":"pt-BR","potentialAction":[{"@type":"CommentAction","name":"Comment","target":["https:\/\/www.ronaldocorreiadebrito.com.br\/site2\/2021\/01\/tarcisio-pereira-imortal-imortal\/#respond"]}]},{"@type":"WebPage","@id":"https:\/\/www.ronaldocorreiadebrito.com.br\/site2\/2021\/01\/tarcisio-pereira-imortal-imortal\/","url":"https:\/\/www.ronaldocorreiadebrito.com.br\/site2\/2021\/01\/tarcisio-pereira-imortal-imortal\/","name":"Tarc\u00edsio Pereira imortal, imortal | Ronaldo Correia de Brito | site oficial","isPartOf":{"@id":"https:\/\/www.ronaldocorreiadebrito.com.br\/site2\/#website"},"primaryImageOfPage":{"@id":"https:\/\/www.ronaldocorreiadebrito.com.br\/site2\/2021\/01\/tarcisio-pereira-imortal-imortal\/#primaryimage"},"image":{"@id":"https:\/\/www.ronaldocorreiadebrito.com.br\/site2\/2021\/01\/tarcisio-pereira-imortal-imortal\/#primaryimage"},"thumbnailUrl":"https:\/\/www.ronaldocorreiadebrito.com.br\/site2\/wp-content\/uploads\/2021\/01\/d8380786a1063bc5342e5b412c3af0f5.jpg","datePublished":"2021-01-27T19:16:07+00:00","dateModified":"2021-01-28T00:55:53+00:00","author":{"@id":"https:\/\/www.ronaldocorreiadebrito.com.br\/site2\/#\/schema\/person\/99a164d0eaaff7f78b11899bc7d5e7c9"},"breadcrumb":{"@id":"https:\/\/www.ronaldocorreiadebrito.com.br\/site2\/2021\/01\/tarcisio-pereira-imortal-imortal\/#breadcrumb"},"inLanguage":"pt-BR","potentialAction":[{"@type":"ReadAction","target":["https:\/\/www.ronaldocorreiadebrito.com.br\/site2\/2021\/01\/tarcisio-pereira-imortal-imortal\/"]}]},{"@type":"ImageObject","inLanguage":"pt-BR","@id":"https:\/\/www.ronaldocorreiadebrito.com.br\/site2\/2021\/01\/tarcisio-pereira-imortal-imortal\/#primaryimage","url":"https:\/\/www.ronaldocorreiadebrito.com.br\/site2\/wp-content\/uploads\/2021\/01\/d8380786a1063bc5342e5b412c3af0f5.jpg","contentUrl":"https:\/\/www.ronaldocorreiadebrito.com.br\/site2\/wp-content\/uploads\/2021\/01\/d8380786a1063bc5342e5b412c3af0f5.jpg","width":470,"height":230},{"@type":"BreadcrumbList","@id":"https:\/\/www.ronaldocorreiadebrito.com.br\/site2\/2021\/01\/tarcisio-pereira-imortal-imortal\/#breadcrumb","itemListElement":[{"@type":"ListItem","position":1,"name":"In\u00edcio","item":"https:\/\/www.ronaldocorreiadebrito.com.br\/site2\/"},{"@type":"ListItem","position":2,"name":"Tarc\u00edsio Pereira imortal, imortal"}]},{"@type":"WebSite","@id":"https:\/\/www.ronaldocorreiadebrito.com.br\/site2\/#website","url":"https:\/\/www.ronaldocorreiadebrito.com.br\/site2\/","name":"Ronaldo Correia de Brito | site oficial","description":"Site oficial do escritor Ronaldo Correia de Brito","potentialAction":[{"@type":"SearchAction","target":{"@type":"EntryPoint","urlTemplate":"https:\/\/www.ronaldocorreiadebrito.com.br\/site2\/?s={search_term_string}"},"query-input":{"@type":"PropertyValueSpecification","valueRequired":true,"valueName":"search_term_string"}}],"inLanguage":"pt-BR"},{"@type":"Person","@id":"https:\/\/www.ronaldocorreiadebrito.com.br\/site2\/#\/schema\/person\/99a164d0eaaff7f78b11899bc7d5e7c9","name":"admin","url":"https:\/\/www.ronaldocorreiadebrito.com.br\/site2\/author\/admin\/"}]}},"wps_subtitle":"","_links":{"self":[{"href":"https:\/\/www.ronaldocorreiadebrito.com.br\/site2\/wp-json\/wp\/v2\/posts\/1578","targetHints":{"allow":["GET"]}}],"collection":[{"href":"https:\/\/www.ronaldocorreiadebrito.com.br\/site2\/wp-json\/wp\/v2\/posts"}],"about":[{"href":"https:\/\/www.ronaldocorreiadebrito.com.br\/site2\/wp-json\/wp\/v2\/types\/post"}],"author":[{"embeddable":true,"href":"https:\/\/www.ronaldocorreiadebrito.com.br\/site2\/wp-json\/wp\/v2\/users\/1"}],"replies":[{"embeddable":true,"href":"https:\/\/www.ronaldocorreiadebrito.com.br\/site2\/wp-json\/wp\/v2\/comments?post=1578"}],"version-history":[{"count":0,"href":"https:\/\/www.ronaldocorreiadebrito.com.br\/site2\/wp-json\/wp\/v2\/posts\/1578\/revisions"}],"wp:featuredmedia":[{"embeddable":true,"href":"https:\/\/www.ronaldocorreiadebrito.com.br\/site2\/wp-json\/wp\/v2\/media\/1577"}],"wp:attachment":[{"href":"https:\/\/www.ronaldocorreiadebrito.com.br\/site2\/wp-json\/wp\/v2\/media?parent=1578"}],"wp:term":[{"taxonomy":"category","embeddable":true,"href":"https:\/\/www.ronaldocorreiadebrito.com.br\/site2\/wp-json\/wp\/v2\/categories?post=1578"},{"taxonomy":"post_tag","embeddable":true,"href":"https:\/\/www.ronaldocorreiadebrito.com.br\/site2\/wp-json\/wp\/v2\/tags?post=1578"}],"curies":[{"name":"wp","href":"https:\/\/api.w.org\/{rel}","templated":true}]}}