{"id":1574,"date":"2021-01-18T10:22:26","date_gmt":"2021-01-18T13:22:26","guid":{"rendered":"https:\/\/www.ronaldocorreiadebrito.com.br\/site2\/?p=1574"},"modified":"2021-01-18T10:22:26","modified_gmt":"2021-01-18T13:22:26","slug":"baccaro-entre-goles-de-cafe-2","status":"publish","type":"post","link":"https:\/\/www.ronaldocorreiadebrito.com.br\/site2\/2021\/01\/baccaro-entre-goles-de-cafe-2\/","title":{"rendered":"Baccaro entre goles de caf\u00e9"},"content":{"rendered":"<p class=\"p1\"><span class=\"s1\">A recorda\u00e7\u00e3o surgiu em S\u00e3o Paulo, no almo\u00e7o em casa de uma amiga, talvez provocada pelos quadros de Z\u00e9 Claudio, Jo\u00e3o C\u00e2mara e de outros artistas pernambucanos.<\/span><\/p>\n<p class=\"p3\"><span class=\"s1\">\u2013 E Baccaro?<\/span><\/p>\n<p class=\"p3\"><span class=\"s1\">\u2013 Morreu h\u00e1 pouco tempo e parece esquecido. J\u00e1 vivia morto pela doen\u00e7a que o deixou fora do mundo.<\/span><\/p>\n<p class=\"p3\"><span class=\"s1\">\u2013 Uma pena. Admirava o projeto social Casa da Crian\u00e7a, em Olinda.<\/span><\/p>\n<p class=\"p3\"><span class=\"s1\">\u2013 Aquilo acabou-se. As pessoas invadiram o s\u00edtio e as casas onde o projeto funcionava. Nada restou das oficinas. Tudo constru\u00eddo com o dinheiro ganho na venda de mais de cem quadros de Ismael Nery. <\/span><\/p>\n<p class=\"p3\"><span class=\"s1\">Sil\u00eancio e goles de caf\u00e9. As palavras desaparecem entre as pinturas nas paredes.<\/span><\/p>\n<p class=\"p3\"><span class=\"s1\">\u2013 Mais caf\u00e9?<\/span><\/p>\n<p class=\"p3\"><span class=\"s1\">\u2013 Sem a\u00e7\u00facar. <\/span><\/p>\n<p class=\"p3\"><span class=\"s1\">O fracasso de Baccaro fala \u00e0 nossa amargura. <\/span><\/p>\n<p class=\"p3\"><span class=\"s1\">Fracasso?<\/span><\/p>\n<p class=\"p3\"><span class=\"s1\">Lembro o italiano impulsivo que deixou Roccamandolfi e N\u00e1poles e veio para o Rio, onde perdeu todo o dinheiro em corridas de cavalo, no Hip\u00f3dromo da G\u00e1vea. Carcamano bonito, culto, sedutor, depressa conseguiu ocupa\u00e7\u00e3o numa gr\u00e1fica editora. Num piscar de olhos morava em S\u00e3o Paulo, transformado em marchand, galerista, colecionador, pintor e desenhista. Procurou os artistas Fl\u00e1vio de Carvalho, Tarsila do Amaral e Anita Malfatti, que viviam esquecidos em suas casas. Adquiriu lotes da produ\u00e7\u00e3o de Ismael Nery e obras de C\u00edcero Dias, Marcelo Grassmann, Maciej Babinski, Goeldi, L\u00edvio Abramo, Tarsila, Di Cavalcanti e de outros consagrados no cen\u00e1rio modernista brasileiro.<\/span><\/p>\n<p class=\"p3\"><span class=\"s1\">\u2013 Nosso mercado de artes pl\u00e1sticas ainda era bem amador. <\/span><\/p>\n<p class=\"p3\"><span class=\"s1\">\u2013 Em S\u00e3o Paulo, havia os leil\u00f5es beneficentes do Hospital Albert Einstein. Baccaro criou sua casa de leil\u00f5es comerciais.<\/span><\/p>\n<p class=\"p3\"><span class=\"s1\">\u2013 Nunca compreendi porque no auge do sucesso ele larga tudo e se muda para Olinda.<\/span><\/p>\n<p class=\"p3\"><span class=\"s1\">\u2013 Baccaro cansou de ser marchand e galerista, de encher as casas dos milion\u00e1rios com obras de arte, enquanto nossos museus n\u00e3o tinham acervo expressivo. Pietro Maria Bardi, seu s\u00f3cio por um tempo, redimiu-se com o Museu de Arte de S\u00e3o Paulo. Baccaro, que segundo Ralph Camargo inventou o mercado de arte no Brasil, bandeou-se para as causas sociais.<\/span><\/p>\n<p class=\"p3\"><span class=\"s1\">\u2013 A Funda\u00e7\u00e3o Casa da Crian\u00e7a de Olinda.<\/span><\/p>\n<p class=\"p3\"><span class=\"s1\">\u2013 E os festivais de violeiros repentistas, a Caravana Nacional pelas Diretas J\u00e1, a Caravana da Sa\u00fade, tudo financiado por ele. Vendia seu patrim\u00f4nio para investir em projetos sociais, de maneira desordenada, sem controle. Sofria de ins\u00f4nia, n\u00e3o sei que ang\u00fastia o devorava. <\/span><\/p>\n<p class=\"p3\"><span class=\"s1\">O caf\u00e9 esfria na x\u00edcara, a conversa sucumbe \u00e0 tristeza, parece condenada ao mesmo ex\u00edlio das dezenas de quadros pendurados nas paredes, mortos porque n\u00e3o h\u00e1 quem os olhe e recrie. Pe\u00e7as decorativas, que alimentam a vaidade e o poder de quem adquire. A usura do dono prevalece sobre a vida do criador. <\/span><\/p>\n<p class=\"p3\"><span class=\"s1\">Arrasadora met\u00e1fora. \u00c9 necess\u00e1rio vender. Os que possuem dinheiro compram, enclausuram em apartamentos e casas o que parecia vivo, criado para muitos verem. Nas altas paredes sem ilumina\u00e7\u00e3o adequada, lembram defuntos amortalhados, assombra\u00e7\u00f5es.<\/span><\/p>\n<p class=\"p3\"><span class=\"s1\">\u2013 Baccaro rebelou-se contra a pervers\u00e3o que ajudou a criar e alimentou com seu esp\u00edrito aventureiro e comerciante. Dizem que empurrou no mercado obras e artistas ruins. \u00c9 poss\u00edvel. O bom e o ruim se confundem. Vaiaram Stravinsky e a Sagra\u00e7\u00e3o da Primavera, acharam a m\u00fasica abomin\u00e1vel na estreia em Paris. Demoraram a alcan\u00e7ar a revolu\u00e7\u00e3o que representava. Preferiram classific\u00e1-la como sem valor. Depois tornou-se ousada, um marco. Quem sabia que Ismael Nery era o que era? Baccaro soube e comprou quase tudo dele. N\u00e3o aceitava barreiras entre o popular e a cria\u00e7\u00e3o \u201cerudita\u201d. Nery tinha horror a ser confundido com regionalista. Baccaro pendurava na sua galeria F. da Silva ao lado de Tarsila. Profana\u00e7\u00e3o? A quem? A F. da Silva? Largou S\u00e3o Paulo por Olinda, mais parecida com a medieval Roccamandolfi. O que buscava com sua culpa crist\u00e3, sensibilidade e misticismo? Nunca soube. A alma de alguns homens \u00e9 terreno movedi\u00e7o, miragem no deserto.<\/span><\/p>\n<p class=\"p5\"><span class=\"s1\">\u2013 Mais caf\u00e9? \u00c1gua?<\/span><\/p>\n<p class=\"p5\"><span class=\"s1\">\u2013 Obrigado. Posso olhar suas cole\u00e7\u00f5es?<\/span><\/p>\n","protected":false},"excerpt":{"rendered":"<p>A recorda\u00e7\u00e3o surgiu em S\u00e3o Paulo, no almo\u00e7o em casa de uma amiga, talvez provocada pelos quadros de Z\u00e9 Claudio, Jo\u00e3o C\u00e2mara e de outros artistas pernambucanos. \u2013 E Baccaro? \u2013 Morreu h\u00e1 pouco tempo e parece esquecido. J\u00e1 vivia morto pela doen\u00e7a que o&#8230;<\/p>\n","protected":false},"author":1,"featured_media":1575,"comment_status":"open","ping_status":"closed","sticky":false,"template":"","format":"standard","meta":{"sfsi_plus_gutenberg_text_before_share":"","sfsi_plus_gutenberg_show_text_before_share":"","sfsi_plus_gutenberg_icon_type":"","sfsi_plus_gutenberg_icon_alignemt":"","sfsi_plus_gutenburg_max_per_row":"","footnotes":""},"categories":[8,46,45],"tags":[],"class_list":["post-1574","post","type-post","status-publish","format-standard","has-post-thumbnail","hentry","category-blog","category-links","category-slider"],"yoast_head":"<!-- This site is optimized with the Yoast SEO plugin v27.4 - https:\/\/yoast.com\/product\/yoast-seo-wordpress\/ -->\n<title>Baccaro entre goles de caf\u00e9 | Ronaldo Correia de Brito | site oficial<\/title>\n<meta name=\"robots\" content=\"index, follow, max-snippet:-1, max-image-preview:large, max-video-preview:-1\" \/>\n<link rel=\"canonical\" href=\"https:\/\/www.ronaldocorreiadebrito.com.br\/site2\/2021\/01\/baccaro-entre-goles-de-cafe-2\/\" \/>\n<meta property=\"og:locale\" content=\"pt_BR\" \/>\n<meta property=\"og:type\" content=\"article\" \/>\n<meta property=\"og:title\" content=\"Baccaro entre goles de caf\u00e9 | Ronaldo Correia de Brito | site oficial\" \/>\n<meta property=\"og:description\" content=\"A recorda\u00e7\u00e3o surgiu em S\u00e3o Paulo, no almo\u00e7o em casa de uma amiga, talvez provocada pelos quadros de Z\u00e9 Claudio, Jo\u00e3o C\u00e2mara e de outros artistas pernambucanos. \u2013 E Baccaro? \u2013 Morreu h\u00e1 pouco tempo e parece esquecido. J\u00e1 vivia morto pela doen\u00e7a que o...\" \/>\n<meta property=\"og:url\" content=\"https:\/\/www.ronaldocorreiadebrito.com.br\/site2\/2021\/01\/baccaro-entre-goles-de-cafe-2\/\" \/>\n<meta property=\"og:site_name\" content=\"Ronaldo Correia de Brito | site oficial\" \/>\n<meta property=\"article:publisher\" content=\"https:\/\/www.facebook.com\/ronaldocorreiadebrito.oficial\" \/>\n<meta property=\"article:published_time\" content=\"2021-01-18T13:22:26+00:00\" \/>\n<meta property=\"og:image\" content=\"https:\/\/www.ronaldocorreiadebrito.com.br\/site2\/wp-content\/uploads\/2021\/01\/92-2.jpg\" \/>\n\t<meta property=\"og:image:width\" content=\"1024\" \/>\n\t<meta property=\"og:image:height\" content=\"576\" \/>\n\t<meta property=\"og:image:type\" content=\"image\/jpeg\" \/>\n<meta name=\"author\" content=\"admin\" \/>\n<meta name=\"twitter:card\" content=\"summary_large_image\" \/>\n<meta name=\"twitter:label1\" content=\"Escrito por\" \/>\n\t<meta name=\"twitter:data1\" content=\"admin\" \/>\n\t<meta name=\"twitter:label2\" content=\"Est. tempo de leitura\" \/>\n\t<meta name=\"twitter:data2\" content=\"3 minutos\" \/>\n<script type=\"application\/ld+json\" class=\"yoast-schema-graph\">{\"@context\":\"https:\\\/\\\/schema.org\",\"@graph\":[{\"@type\":\"Article\",\"@id\":\"https:\\\/\\\/www.ronaldocorreiadebrito.com.br\\\/site2\\\/2021\\\/01\\\/baccaro-entre-goles-de-cafe-2\\\/#article\",\"isPartOf\":{\"@id\":\"https:\\\/\\\/www.ronaldocorreiadebrito.com.br\\\/site2\\\/2021\\\/01\\\/baccaro-entre-goles-de-cafe-2\\\/\"},\"author\":{\"name\":\"admin\",\"@id\":\"https:\\\/\\\/www.ronaldocorreiadebrito.com.br\\\/site2\\\/#\\\/schema\\\/person\\\/99a164d0eaaff7f78b11899bc7d5e7c9\"},\"headline\":\"Baccaro entre goles de caf\u00e9\",\"datePublished\":\"2021-01-18T13:22:26+00:00\",\"mainEntityOfPage\":{\"@id\":\"https:\\\/\\\/www.ronaldocorreiadebrito.com.br\\\/site2\\\/2021\\\/01\\\/baccaro-entre-goles-de-cafe-2\\\/\"},\"wordCount\":676,\"commentCount\":0,\"image\":{\"@id\":\"https:\\\/\\\/www.ronaldocorreiadebrito.com.br\\\/site2\\\/2021\\\/01\\\/baccaro-entre-goles-de-cafe-2\\\/#primaryimage\"},\"thumbnailUrl\":\"https:\\\/\\\/www.ronaldocorreiadebrito.com.br\\\/site2\\\/wp-content\\\/uploads\\\/2021\\\/01\\\/92-2.jpg\",\"articleSection\":[\"Blog\",\"Links\",\"Slider\"],\"inLanguage\":\"pt-BR\",\"potentialAction\":[{\"@type\":\"CommentAction\",\"name\":\"Comment\",\"target\":[\"https:\\\/\\\/www.ronaldocorreiadebrito.com.br\\\/site2\\\/2021\\\/01\\\/baccaro-entre-goles-de-cafe-2\\\/#respond\"]}]},{\"@type\":\"WebPage\",\"@id\":\"https:\\\/\\\/www.ronaldocorreiadebrito.com.br\\\/site2\\\/2021\\\/01\\\/baccaro-entre-goles-de-cafe-2\\\/\",\"url\":\"https:\\\/\\\/www.ronaldocorreiadebrito.com.br\\\/site2\\\/2021\\\/01\\\/baccaro-entre-goles-de-cafe-2\\\/\",\"name\":\"Baccaro entre goles de caf\u00e9 | Ronaldo Correia de Brito | site oficial\",\"isPartOf\":{\"@id\":\"https:\\\/\\\/www.ronaldocorreiadebrito.com.br\\\/site2\\\/#website\"},\"primaryImageOfPage\":{\"@id\":\"https:\\\/\\\/www.ronaldocorreiadebrito.com.br\\\/site2\\\/2021\\\/01\\\/baccaro-entre-goles-de-cafe-2\\\/#primaryimage\"},\"image\":{\"@id\":\"https:\\\/\\\/www.ronaldocorreiadebrito.com.br\\\/site2\\\/2021\\\/01\\\/baccaro-entre-goles-de-cafe-2\\\/#primaryimage\"},\"thumbnailUrl\":\"https:\\\/\\\/www.ronaldocorreiadebrito.com.br\\\/site2\\\/wp-content\\\/uploads\\\/2021\\\/01\\\/92-2.jpg\",\"datePublished\":\"2021-01-18T13:22:26+00:00\",\"author\":{\"@id\":\"https:\\\/\\\/www.ronaldocorreiadebrito.com.br\\\/site2\\\/#\\\/schema\\\/person\\\/99a164d0eaaff7f78b11899bc7d5e7c9\"},\"breadcrumb\":{\"@id\":\"https:\\\/\\\/www.ronaldocorreiadebrito.com.br\\\/site2\\\/2021\\\/01\\\/baccaro-entre-goles-de-cafe-2\\\/#breadcrumb\"},\"inLanguage\":\"pt-BR\",\"potentialAction\":[{\"@type\":\"ReadAction\",\"target\":[\"https:\\\/\\\/www.ronaldocorreiadebrito.com.br\\\/site2\\\/2021\\\/01\\\/baccaro-entre-goles-de-cafe-2\\\/\"]}]},{\"@type\":\"ImageObject\",\"inLanguage\":\"pt-BR\",\"@id\":\"https:\\\/\\\/www.ronaldocorreiadebrito.com.br\\\/site2\\\/2021\\\/01\\\/baccaro-entre-goles-de-cafe-2\\\/#primaryimage\",\"url\":\"https:\\\/\\\/www.ronaldocorreiadebrito.com.br\\\/site2\\\/wp-content\\\/uploads\\\/2021\\\/01\\\/92-2.jpg\",\"contentUrl\":\"https:\\\/\\\/www.ronaldocorreiadebrito.com.br\\\/site2\\\/wp-content\\\/uploads\\\/2021\\\/01\\\/92-2.jpg\",\"width\":1024,\"height\":576},{\"@type\":\"BreadcrumbList\",\"@id\":\"https:\\\/\\\/www.ronaldocorreiadebrito.com.br\\\/site2\\\/2021\\\/01\\\/baccaro-entre-goles-de-cafe-2\\\/#breadcrumb\",\"itemListElement\":[{\"@type\":\"ListItem\",\"position\":1,\"name\":\"In\u00edcio\",\"item\":\"https:\\\/\\\/www.ronaldocorreiadebrito.com.br\\\/site2\\\/\"},{\"@type\":\"ListItem\",\"position\":2,\"name\":\"Baccaro entre goles de caf\u00e9\"}]},{\"@type\":\"WebSite\",\"@id\":\"https:\\\/\\\/www.ronaldocorreiadebrito.com.br\\\/site2\\\/#website\",\"url\":\"https:\\\/\\\/www.ronaldocorreiadebrito.com.br\\\/site2\\\/\",\"name\":\"Ronaldo Correia de Brito | site oficial\",\"description\":\"Site oficial do escritor Ronaldo Correia de Brito\",\"potentialAction\":[{\"@type\":\"SearchAction\",\"target\":{\"@type\":\"EntryPoint\",\"urlTemplate\":\"https:\\\/\\\/www.ronaldocorreiadebrito.com.br\\\/site2\\\/?s={search_term_string}\"},\"query-input\":{\"@type\":\"PropertyValueSpecification\",\"valueRequired\":true,\"valueName\":\"search_term_string\"}}],\"inLanguage\":\"pt-BR\"},{\"@type\":\"Person\",\"@id\":\"https:\\\/\\\/www.ronaldocorreiadebrito.com.br\\\/site2\\\/#\\\/schema\\\/person\\\/99a164d0eaaff7f78b11899bc7d5e7c9\",\"name\":\"admin\",\"url\":\"https:\\\/\\\/www.ronaldocorreiadebrito.com.br\\\/site2\\\/author\\\/admin\\\/\"}]}<\/script>\n<!-- \/ Yoast SEO plugin. -->","yoast_head_json":{"title":"Baccaro entre goles de caf\u00e9 | Ronaldo Correia de Brito | site oficial","robots":{"index":"index","follow":"follow","max-snippet":"max-snippet:-1","max-image-preview":"max-image-preview:large","max-video-preview":"max-video-preview:-1"},"canonical":"https:\/\/www.ronaldocorreiadebrito.com.br\/site2\/2021\/01\/baccaro-entre-goles-de-cafe-2\/","og_locale":"pt_BR","og_type":"article","og_title":"Baccaro entre goles de caf\u00e9 | Ronaldo Correia de Brito | site oficial","og_description":"A recorda\u00e7\u00e3o surgiu em S\u00e3o Paulo, no almo\u00e7o em casa de uma amiga, talvez provocada pelos quadros de Z\u00e9 Claudio, Jo\u00e3o C\u00e2mara e de outros artistas pernambucanos. \u2013 E Baccaro? \u2013 Morreu h\u00e1 pouco tempo e parece esquecido. J\u00e1 vivia morto pela doen\u00e7a que o...","og_url":"https:\/\/www.ronaldocorreiadebrito.com.br\/site2\/2021\/01\/baccaro-entre-goles-de-cafe-2\/","og_site_name":"Ronaldo Correia de Brito | site oficial","article_publisher":"https:\/\/www.facebook.com\/ronaldocorreiadebrito.oficial","article_published_time":"2021-01-18T13:22:26+00:00","og_image":[{"width":1024,"height":576,"url":"https:\/\/www.ronaldocorreiadebrito.com.br\/site2\/wp-content\/uploads\/2021\/01\/92-2.jpg","type":"image\/jpeg"}],"author":"admin","twitter_card":"summary_large_image","twitter_misc":{"Escrito por":"admin","Est. tempo de leitura":"3 minutos"},"schema":{"@context":"https:\/\/schema.org","@graph":[{"@type":"Article","@id":"https:\/\/www.ronaldocorreiadebrito.com.br\/site2\/2021\/01\/baccaro-entre-goles-de-cafe-2\/#article","isPartOf":{"@id":"https:\/\/www.ronaldocorreiadebrito.com.br\/site2\/2021\/01\/baccaro-entre-goles-de-cafe-2\/"},"author":{"name":"admin","@id":"https:\/\/www.ronaldocorreiadebrito.com.br\/site2\/#\/schema\/person\/99a164d0eaaff7f78b11899bc7d5e7c9"},"headline":"Baccaro entre goles de caf\u00e9","datePublished":"2021-01-18T13:22:26+00:00","mainEntityOfPage":{"@id":"https:\/\/www.ronaldocorreiadebrito.com.br\/site2\/2021\/01\/baccaro-entre-goles-de-cafe-2\/"},"wordCount":676,"commentCount":0,"image":{"@id":"https:\/\/www.ronaldocorreiadebrito.com.br\/site2\/2021\/01\/baccaro-entre-goles-de-cafe-2\/#primaryimage"},"thumbnailUrl":"https:\/\/www.ronaldocorreiadebrito.com.br\/site2\/wp-content\/uploads\/2021\/01\/92-2.jpg","articleSection":["Blog","Links","Slider"],"inLanguage":"pt-BR","potentialAction":[{"@type":"CommentAction","name":"Comment","target":["https:\/\/www.ronaldocorreiadebrito.com.br\/site2\/2021\/01\/baccaro-entre-goles-de-cafe-2\/#respond"]}]},{"@type":"WebPage","@id":"https:\/\/www.ronaldocorreiadebrito.com.br\/site2\/2021\/01\/baccaro-entre-goles-de-cafe-2\/","url":"https:\/\/www.ronaldocorreiadebrito.com.br\/site2\/2021\/01\/baccaro-entre-goles-de-cafe-2\/","name":"Baccaro entre goles de caf\u00e9 | Ronaldo Correia de Brito | site oficial","isPartOf":{"@id":"https:\/\/www.ronaldocorreiadebrito.com.br\/site2\/#website"},"primaryImageOfPage":{"@id":"https:\/\/www.ronaldocorreiadebrito.com.br\/site2\/2021\/01\/baccaro-entre-goles-de-cafe-2\/#primaryimage"},"image":{"@id":"https:\/\/www.ronaldocorreiadebrito.com.br\/site2\/2021\/01\/baccaro-entre-goles-de-cafe-2\/#primaryimage"},"thumbnailUrl":"https:\/\/www.ronaldocorreiadebrito.com.br\/site2\/wp-content\/uploads\/2021\/01\/92-2.jpg","datePublished":"2021-01-18T13:22:26+00:00","author":{"@id":"https:\/\/www.ronaldocorreiadebrito.com.br\/site2\/#\/schema\/person\/99a164d0eaaff7f78b11899bc7d5e7c9"},"breadcrumb":{"@id":"https:\/\/www.ronaldocorreiadebrito.com.br\/site2\/2021\/01\/baccaro-entre-goles-de-cafe-2\/#breadcrumb"},"inLanguage":"pt-BR","potentialAction":[{"@type":"ReadAction","target":["https:\/\/www.ronaldocorreiadebrito.com.br\/site2\/2021\/01\/baccaro-entre-goles-de-cafe-2\/"]}]},{"@type":"ImageObject","inLanguage":"pt-BR","@id":"https:\/\/www.ronaldocorreiadebrito.com.br\/site2\/2021\/01\/baccaro-entre-goles-de-cafe-2\/#primaryimage","url":"https:\/\/www.ronaldocorreiadebrito.com.br\/site2\/wp-content\/uploads\/2021\/01\/92-2.jpg","contentUrl":"https:\/\/www.ronaldocorreiadebrito.com.br\/site2\/wp-content\/uploads\/2021\/01\/92-2.jpg","width":1024,"height":576},{"@type":"BreadcrumbList","@id":"https:\/\/www.ronaldocorreiadebrito.com.br\/site2\/2021\/01\/baccaro-entre-goles-de-cafe-2\/#breadcrumb","itemListElement":[{"@type":"ListItem","position":1,"name":"In\u00edcio","item":"https:\/\/www.ronaldocorreiadebrito.com.br\/site2\/"},{"@type":"ListItem","position":2,"name":"Baccaro entre goles de caf\u00e9"}]},{"@type":"WebSite","@id":"https:\/\/www.ronaldocorreiadebrito.com.br\/site2\/#website","url":"https:\/\/www.ronaldocorreiadebrito.com.br\/site2\/","name":"Ronaldo Correia de Brito | site oficial","description":"Site oficial do escritor Ronaldo Correia de Brito","potentialAction":[{"@type":"SearchAction","target":{"@type":"EntryPoint","urlTemplate":"https:\/\/www.ronaldocorreiadebrito.com.br\/site2\/?s={search_term_string}"},"query-input":{"@type":"PropertyValueSpecification","valueRequired":true,"valueName":"search_term_string"}}],"inLanguage":"pt-BR"},{"@type":"Person","@id":"https:\/\/www.ronaldocorreiadebrito.com.br\/site2\/#\/schema\/person\/99a164d0eaaff7f78b11899bc7d5e7c9","name":"admin","url":"https:\/\/www.ronaldocorreiadebrito.com.br\/site2\/author\/admin\/"}]}},"wps_subtitle":"","_links":{"self":[{"href":"https:\/\/www.ronaldocorreiadebrito.com.br\/site2\/wp-json\/wp\/v2\/posts\/1574","targetHints":{"allow":["GET"]}}],"collection":[{"href":"https:\/\/www.ronaldocorreiadebrito.com.br\/site2\/wp-json\/wp\/v2\/posts"}],"about":[{"href":"https:\/\/www.ronaldocorreiadebrito.com.br\/site2\/wp-json\/wp\/v2\/types\/post"}],"author":[{"embeddable":true,"href":"https:\/\/www.ronaldocorreiadebrito.com.br\/site2\/wp-json\/wp\/v2\/users\/1"}],"replies":[{"embeddable":true,"href":"https:\/\/www.ronaldocorreiadebrito.com.br\/site2\/wp-json\/wp\/v2\/comments?post=1574"}],"version-history":[{"count":0,"href":"https:\/\/www.ronaldocorreiadebrito.com.br\/site2\/wp-json\/wp\/v2\/posts\/1574\/revisions"}],"wp:featuredmedia":[{"embeddable":true,"href":"https:\/\/www.ronaldocorreiadebrito.com.br\/site2\/wp-json\/wp\/v2\/media\/1575"}],"wp:attachment":[{"href":"https:\/\/www.ronaldocorreiadebrito.com.br\/site2\/wp-json\/wp\/v2\/media?parent=1574"}],"wp:term":[{"taxonomy":"category","embeddable":true,"href":"https:\/\/www.ronaldocorreiadebrito.com.br\/site2\/wp-json\/wp\/v2\/categories?post=1574"},{"taxonomy":"post_tag","embeddable":true,"href":"https:\/\/www.ronaldocorreiadebrito.com.br\/site2\/wp-json\/wp\/v2\/tags?post=1574"}],"curies":[{"name":"wp","href":"https:\/\/api.w.org\/{rel}","templated":true}]}}