{"id":1569,"date":"2021-01-17T08:37:34","date_gmt":"2021-01-17T11:37:34","guid":{"rendered":"https:\/\/www.ronaldocorreiadebrito.com.br\/site2\/?p=1569"},"modified":"2021-01-17T08:32:38","modified_gmt":"2021-01-17T11:32:38","slug":"manifesto-pela-politizacao-do-ato-medico","status":"publish","type":"post","link":"https:\/\/www.ronaldocorreiadebrito.com.br\/site2\/2021\/01\/manifesto-pela-politizacao-do-ato-medico\/","title":{"rendered":"Manifesto pela politiza\u00e7\u00e3o do ato m\u00e9dico"},"content":{"rendered":"\n<p>J\u00e1 somos mais de 500 mil m\u00e9dicos no Brasil para uma popula\u00e7\u00e3o em torno de 210 milh\u00f5es. Lidamos com a vida, a sa\u00fade, a doen\u00e7a e a morte e por isso somos a profiss\u00e3o com maior poder de mobiliza\u00e7\u00e3o, com capacidade de esclarecer as pessoas sobre o que est\u00e1 acontecendo em nosso pa\u00eds e orient\u00e1-las a agir politicamente. \n<br>\n<br>Neste momento de extrema gravidade, de inseguran\u00e7a sobre nosso destino como Na\u00e7\u00e3o, a classe m\u00e9dica deveria se alinhar a popula\u00e7\u00e3o que sofre os horrores de um governo indiferente e debochado ao se referir aos mais de 200.000 mortos pela Covid-19. \n<br>\n<br>Os m\u00e9dicos podem mudar a hist\u00f3ria de nosso pa\u00eds porque eles t\u00eam o respeito e a credibilidade dos brasileiros. Para isso, basta que eles abandonem a postura individualista de m\u00e1rtires, que reconhe\u00e7am o erro cometido ao se alinharem com o atual governo, que ajam pelos princ\u00edpios de Hip\u00f3crates e da ci\u00eancia m\u00e9dica contra o obscurantismo e o empirismo.\n<br>\n<br>Come\u00e7am a surgir os primeiros manifestos, denunciando a coniv\u00eancia de Conselho Federal de Medicina, Conselhos Regionais de Medicina, Sindicatos M\u00e9dicos e Sociedades M\u00e9dicas com os crimes praticados contra a vida dos brasileiros, ao silenciarem e acatarem omiss\u00f5es e medidas erradas do Governo Federal que ajudaram a eleger.\n<br>\n<br>Divulgo, abaixo, dois desses manifestos, a Nota P\u00fablica dos M\u00e9dicos Mineiros e a nota da Chapa 2 \u2013 M\u00e9dicos em Defesa da Vida, da Ci\u00eancia e do SUS, do estado do Cear\u00e1. \u00c9 bem pouco, ainda, mas se trata de um come\u00e7o.\n<br>\n<br>\n<br><\/p>\n","protected":false},"excerpt":{"rendered":"<p>J\u00e1 somos mais de 500 mil m\u00e9dicos no Brasil para uma popula\u00e7\u00e3o em torno de 210 milh\u00f5es. Lidamos com a vida, a sa\u00fade, a doen\u00e7a e a morte e por isso somos a profiss\u00e3o com maior poder de mobiliza\u00e7\u00e3o, com capacidade de esclarecer as pessoas&#8230;<\/p>\n","protected":false},"author":1,"featured_media":1568,"comment_status":"open","ping_status":"closed","sticky":false,"template":"","format":"standard","meta":{"sfsi_plus_gutenberg_text_before_share":"","sfsi_plus_gutenberg_show_text_before_share":"","sfsi_plus_gutenberg_icon_type":"","sfsi_plus_gutenberg_icon_alignemt":"","sfsi_plus_gutenburg_max_per_row":"","footnotes":""},"categories":[8],"tags":[],"class_list":["post-1569","post","type-post","status-publish","format-standard","has-post-thumbnail","hentry","category-blog"],"yoast_head":"<!-- This site is optimized with the Yoast SEO plugin v27.4 - https:\/\/yoast.com\/product\/yoast-seo-wordpress\/ -->\n<title>Manifesto pela politiza\u00e7\u00e3o do ato m\u00e9dico | Ronaldo Correia de Brito | site oficial<\/title>\n<meta name=\"robots\" content=\"index, follow, max-snippet:-1, max-image-preview:large, max-video-preview:-1\" \/>\n<link rel=\"canonical\" href=\"https:\/\/www.ronaldocorreiadebrito.com.br\/site2\/2021\/01\/manifesto-pela-politizacao-do-ato-medico\/\" \/>\n<meta property=\"og:locale\" content=\"pt_BR\" \/>\n<meta property=\"og:type\" content=\"article\" \/>\n<meta property=\"og:title\" content=\"Manifesto pela politiza\u00e7\u00e3o do ato m\u00e9dico | Ronaldo Correia de Brito | site oficial\" \/>\n<meta property=\"og:description\" content=\"J\u00e1 somos mais de 500 mil m\u00e9dicos no Brasil para uma popula\u00e7\u00e3o em torno de 210 milh\u00f5es. Lidamos com a vida, a sa\u00fade, a doen\u00e7a e a morte e por isso somos a profiss\u00e3o com maior poder de mobiliza\u00e7\u00e3o, com capacidade de esclarecer as pessoas...\" \/>\n<meta property=\"og:url\" content=\"https:\/\/www.ronaldocorreiadebrito.com.br\/site2\/2021\/01\/manifesto-pela-politizacao-do-ato-medico\/\" \/>\n<meta property=\"og:site_name\" content=\"Ronaldo Correia de Brito | site oficial\" \/>\n<meta property=\"article:publisher\" content=\"https:\/\/www.facebook.com\/ronaldocorreiadebrito.oficial\" \/>\n<meta property=\"article:published_time\" content=\"2021-01-17T11:37:34+00:00\" \/>\n<meta property=\"og:image\" content=\"https:\/\/www.ronaldocorreiadebrito.com.br\/site2\/wp-content\/uploads\/2021\/01\/115634782_diversidade2.png\" \/>\n\t<meta property=\"og:image:width\" content=\"660\" \/>\n\t<meta property=\"og:image:height\" content=\"371\" \/>\n\t<meta property=\"og:image:type\" content=\"image\/png\" \/>\n<meta name=\"author\" content=\"admin\" \/>\n<meta name=\"twitter:card\" content=\"summary_large_image\" \/>\n<meta name=\"twitter:label1\" content=\"Escrito por\" \/>\n\t<meta name=\"twitter:data1\" content=\"admin\" \/>\n\t<meta name=\"twitter:label2\" content=\"Est. tempo de leitura\" \/>\n\t<meta name=\"twitter:data2\" content=\"1 minuto\" \/>\n<script type=\"application\/ld+json\" class=\"yoast-schema-graph\">{\"@context\":\"https:\\\/\\\/schema.org\",\"@graph\":[{\"@type\":\"Article\",\"@id\":\"https:\\\/\\\/www.ronaldocorreiadebrito.com.br\\\/site2\\\/2021\\\/01\\\/manifesto-pela-politizacao-do-ato-medico\\\/#article\",\"isPartOf\":{\"@id\":\"https:\\\/\\\/www.ronaldocorreiadebrito.com.br\\\/site2\\\/2021\\\/01\\\/manifesto-pela-politizacao-do-ato-medico\\\/\"},\"author\":{\"name\":\"admin\",\"@id\":\"https:\\\/\\\/www.ronaldocorreiadebrito.com.br\\\/site2\\\/#\\\/schema\\\/person\\\/99a164d0eaaff7f78b11899bc7d5e7c9\"},\"headline\":\"Manifesto pela politiza\u00e7\u00e3o do ato m\u00e9dico\",\"datePublished\":\"2021-01-17T11:37:34+00:00\",\"mainEntityOfPage\":{\"@id\":\"https:\\\/\\\/www.ronaldocorreiadebrito.com.br\\\/site2\\\/2021\\\/01\\\/manifesto-pela-politizacao-do-ato-medico\\\/\"},\"wordCount\":280,\"commentCount\":0,\"image\":{\"@id\":\"https:\\\/\\\/www.ronaldocorreiadebrito.com.br\\\/site2\\\/2021\\\/01\\\/manifesto-pela-politizacao-do-ato-medico\\\/#primaryimage\"},\"thumbnailUrl\":\"https:\\\/\\\/www.ronaldocorreiadebrito.com.br\\\/site2\\\/wp-content\\\/uploads\\\/2021\\\/01\\\/115634782_diversidade2.png\",\"articleSection\":[\"Blog\"],\"inLanguage\":\"pt-BR\",\"potentialAction\":[{\"@type\":\"CommentAction\",\"name\":\"Comment\",\"target\":[\"https:\\\/\\\/www.ronaldocorreiadebrito.com.br\\\/site2\\\/2021\\\/01\\\/manifesto-pela-politizacao-do-ato-medico\\\/#respond\"]}]},{\"@type\":\"WebPage\",\"@id\":\"https:\\\/\\\/www.ronaldocorreiadebrito.com.br\\\/site2\\\/2021\\\/01\\\/manifesto-pela-politizacao-do-ato-medico\\\/\",\"url\":\"https:\\\/\\\/www.ronaldocorreiadebrito.com.br\\\/site2\\\/2021\\\/01\\\/manifesto-pela-politizacao-do-ato-medico\\\/\",\"name\":\"Manifesto pela politiza\u00e7\u00e3o do ato m\u00e9dico | Ronaldo Correia de Brito | site oficial\",\"isPartOf\":{\"@id\":\"https:\\\/\\\/www.ronaldocorreiadebrito.com.br\\\/site2\\\/#website\"},\"primaryImageOfPage\":{\"@id\":\"https:\\\/\\\/www.ronaldocorreiadebrito.com.br\\\/site2\\\/2021\\\/01\\\/manifesto-pela-politizacao-do-ato-medico\\\/#primaryimage\"},\"image\":{\"@id\":\"https:\\\/\\\/www.ronaldocorreiadebrito.com.br\\\/site2\\\/2021\\\/01\\\/manifesto-pela-politizacao-do-ato-medico\\\/#primaryimage\"},\"thumbnailUrl\":\"https:\\\/\\\/www.ronaldocorreiadebrito.com.br\\\/site2\\\/wp-content\\\/uploads\\\/2021\\\/01\\\/115634782_diversidade2.png\",\"datePublished\":\"2021-01-17T11:37:34+00:00\",\"author\":{\"@id\":\"https:\\\/\\\/www.ronaldocorreiadebrito.com.br\\\/site2\\\/#\\\/schema\\\/person\\\/99a164d0eaaff7f78b11899bc7d5e7c9\"},\"breadcrumb\":{\"@id\":\"https:\\\/\\\/www.ronaldocorreiadebrito.com.br\\\/site2\\\/2021\\\/01\\\/manifesto-pela-politizacao-do-ato-medico\\\/#breadcrumb\"},\"inLanguage\":\"pt-BR\",\"potentialAction\":[{\"@type\":\"ReadAction\",\"target\":[\"https:\\\/\\\/www.ronaldocorreiadebrito.com.br\\\/site2\\\/2021\\\/01\\\/manifesto-pela-politizacao-do-ato-medico\\\/\"]}]},{\"@type\":\"ImageObject\",\"inLanguage\":\"pt-BR\",\"@id\":\"https:\\\/\\\/www.ronaldocorreiadebrito.com.br\\\/site2\\\/2021\\\/01\\\/manifesto-pela-politizacao-do-ato-medico\\\/#primaryimage\",\"url\":\"https:\\\/\\\/www.ronaldocorreiadebrito.com.br\\\/site2\\\/wp-content\\\/uploads\\\/2021\\\/01\\\/115634782_diversidade2.png\",\"contentUrl\":\"https:\\\/\\\/www.ronaldocorreiadebrito.com.br\\\/site2\\\/wp-content\\\/uploads\\\/2021\\\/01\\\/115634782_diversidade2.png\",\"width\":660,\"height\":371},{\"@type\":\"BreadcrumbList\",\"@id\":\"https:\\\/\\\/www.ronaldocorreiadebrito.com.br\\\/site2\\\/2021\\\/01\\\/manifesto-pela-politizacao-do-ato-medico\\\/#breadcrumb\",\"itemListElement\":[{\"@type\":\"ListItem\",\"position\":1,\"name\":\"In\u00edcio\",\"item\":\"https:\\\/\\\/www.ronaldocorreiadebrito.com.br\\\/site2\\\/\"},{\"@type\":\"ListItem\",\"position\":2,\"name\":\"Manifesto pela politiza\u00e7\u00e3o do ato m\u00e9dico\"}]},{\"@type\":\"WebSite\",\"@id\":\"https:\\\/\\\/www.ronaldocorreiadebrito.com.br\\\/site2\\\/#website\",\"url\":\"https:\\\/\\\/www.ronaldocorreiadebrito.com.br\\\/site2\\\/\",\"name\":\"Ronaldo Correia de Brito | site oficial\",\"description\":\"Site oficial do escritor Ronaldo Correia de Brito\",\"potentialAction\":[{\"@type\":\"SearchAction\",\"target\":{\"@type\":\"EntryPoint\",\"urlTemplate\":\"https:\\\/\\\/www.ronaldocorreiadebrito.com.br\\\/site2\\\/?s={search_term_string}\"},\"query-input\":{\"@type\":\"PropertyValueSpecification\",\"valueRequired\":true,\"valueName\":\"search_term_string\"}}],\"inLanguage\":\"pt-BR\"},{\"@type\":\"Person\",\"@id\":\"https:\\\/\\\/www.ronaldocorreiadebrito.com.br\\\/site2\\\/#\\\/schema\\\/person\\\/99a164d0eaaff7f78b11899bc7d5e7c9\",\"name\":\"admin\",\"url\":\"https:\\\/\\\/www.ronaldocorreiadebrito.com.br\\\/site2\\\/author\\\/admin\\\/\"}]}<\/script>\n<!-- \/ Yoast SEO plugin. -->","yoast_head_json":{"title":"Manifesto pela politiza\u00e7\u00e3o do ato m\u00e9dico | Ronaldo Correia de Brito | site oficial","robots":{"index":"index","follow":"follow","max-snippet":"max-snippet:-1","max-image-preview":"max-image-preview:large","max-video-preview":"max-video-preview:-1"},"canonical":"https:\/\/www.ronaldocorreiadebrito.com.br\/site2\/2021\/01\/manifesto-pela-politizacao-do-ato-medico\/","og_locale":"pt_BR","og_type":"article","og_title":"Manifesto pela politiza\u00e7\u00e3o do ato m\u00e9dico | Ronaldo Correia de Brito | site oficial","og_description":"J\u00e1 somos mais de 500 mil m\u00e9dicos no Brasil para uma popula\u00e7\u00e3o em torno de 210 milh\u00f5es. Lidamos com a vida, a sa\u00fade, a doen\u00e7a e a morte e por isso somos a profiss\u00e3o com maior poder de mobiliza\u00e7\u00e3o, com capacidade de esclarecer as pessoas...","og_url":"https:\/\/www.ronaldocorreiadebrito.com.br\/site2\/2021\/01\/manifesto-pela-politizacao-do-ato-medico\/","og_site_name":"Ronaldo Correia de Brito | site oficial","article_publisher":"https:\/\/www.facebook.com\/ronaldocorreiadebrito.oficial","article_published_time":"2021-01-17T11:37:34+00:00","og_image":[{"width":660,"height":371,"url":"https:\/\/www.ronaldocorreiadebrito.com.br\/site2\/wp-content\/uploads\/2021\/01\/115634782_diversidade2.png","type":"image\/png"}],"author":"admin","twitter_card":"summary_large_image","twitter_misc":{"Escrito por":"admin","Est. tempo de leitura":"1 minuto"},"schema":{"@context":"https:\/\/schema.org","@graph":[{"@type":"Article","@id":"https:\/\/www.ronaldocorreiadebrito.com.br\/site2\/2021\/01\/manifesto-pela-politizacao-do-ato-medico\/#article","isPartOf":{"@id":"https:\/\/www.ronaldocorreiadebrito.com.br\/site2\/2021\/01\/manifesto-pela-politizacao-do-ato-medico\/"},"author":{"name":"admin","@id":"https:\/\/www.ronaldocorreiadebrito.com.br\/site2\/#\/schema\/person\/99a164d0eaaff7f78b11899bc7d5e7c9"},"headline":"Manifesto pela politiza\u00e7\u00e3o do ato m\u00e9dico","datePublished":"2021-01-17T11:37:34+00:00","mainEntityOfPage":{"@id":"https:\/\/www.ronaldocorreiadebrito.com.br\/site2\/2021\/01\/manifesto-pela-politizacao-do-ato-medico\/"},"wordCount":280,"commentCount":0,"image":{"@id":"https:\/\/www.ronaldocorreiadebrito.com.br\/site2\/2021\/01\/manifesto-pela-politizacao-do-ato-medico\/#primaryimage"},"thumbnailUrl":"https:\/\/www.ronaldocorreiadebrito.com.br\/site2\/wp-content\/uploads\/2021\/01\/115634782_diversidade2.png","articleSection":["Blog"],"inLanguage":"pt-BR","potentialAction":[{"@type":"CommentAction","name":"Comment","target":["https:\/\/www.ronaldocorreiadebrito.com.br\/site2\/2021\/01\/manifesto-pela-politizacao-do-ato-medico\/#respond"]}]},{"@type":"WebPage","@id":"https:\/\/www.ronaldocorreiadebrito.com.br\/site2\/2021\/01\/manifesto-pela-politizacao-do-ato-medico\/","url":"https:\/\/www.ronaldocorreiadebrito.com.br\/site2\/2021\/01\/manifesto-pela-politizacao-do-ato-medico\/","name":"Manifesto pela politiza\u00e7\u00e3o do ato m\u00e9dico | Ronaldo Correia de Brito | site oficial","isPartOf":{"@id":"https:\/\/www.ronaldocorreiadebrito.com.br\/site2\/#website"},"primaryImageOfPage":{"@id":"https:\/\/www.ronaldocorreiadebrito.com.br\/site2\/2021\/01\/manifesto-pela-politizacao-do-ato-medico\/#primaryimage"},"image":{"@id":"https:\/\/www.ronaldocorreiadebrito.com.br\/site2\/2021\/01\/manifesto-pela-politizacao-do-ato-medico\/#primaryimage"},"thumbnailUrl":"https:\/\/www.ronaldocorreiadebrito.com.br\/site2\/wp-content\/uploads\/2021\/01\/115634782_diversidade2.png","datePublished":"2021-01-17T11:37:34+00:00","author":{"@id":"https:\/\/www.ronaldocorreiadebrito.com.br\/site2\/#\/schema\/person\/99a164d0eaaff7f78b11899bc7d5e7c9"},"breadcrumb":{"@id":"https:\/\/www.ronaldocorreiadebrito.com.br\/site2\/2021\/01\/manifesto-pela-politizacao-do-ato-medico\/#breadcrumb"},"inLanguage":"pt-BR","potentialAction":[{"@type":"ReadAction","target":["https:\/\/www.ronaldocorreiadebrito.com.br\/site2\/2021\/01\/manifesto-pela-politizacao-do-ato-medico\/"]}]},{"@type":"ImageObject","inLanguage":"pt-BR","@id":"https:\/\/www.ronaldocorreiadebrito.com.br\/site2\/2021\/01\/manifesto-pela-politizacao-do-ato-medico\/#primaryimage","url":"https:\/\/www.ronaldocorreiadebrito.com.br\/site2\/wp-content\/uploads\/2021\/01\/115634782_diversidade2.png","contentUrl":"https:\/\/www.ronaldocorreiadebrito.com.br\/site2\/wp-content\/uploads\/2021\/01\/115634782_diversidade2.png","width":660,"height":371},{"@type":"BreadcrumbList","@id":"https:\/\/www.ronaldocorreiadebrito.com.br\/site2\/2021\/01\/manifesto-pela-politizacao-do-ato-medico\/#breadcrumb","itemListElement":[{"@type":"ListItem","position":1,"name":"In\u00edcio","item":"https:\/\/www.ronaldocorreiadebrito.com.br\/site2\/"},{"@type":"ListItem","position":2,"name":"Manifesto pela politiza\u00e7\u00e3o do ato m\u00e9dico"}]},{"@type":"WebSite","@id":"https:\/\/www.ronaldocorreiadebrito.com.br\/site2\/#website","url":"https:\/\/www.ronaldocorreiadebrito.com.br\/site2\/","name":"Ronaldo Correia de Brito | site oficial","description":"Site oficial do escritor Ronaldo Correia de Brito","potentialAction":[{"@type":"SearchAction","target":{"@type":"EntryPoint","urlTemplate":"https:\/\/www.ronaldocorreiadebrito.com.br\/site2\/?s={search_term_string}"},"query-input":{"@type":"PropertyValueSpecification","valueRequired":true,"valueName":"search_term_string"}}],"inLanguage":"pt-BR"},{"@type":"Person","@id":"https:\/\/www.ronaldocorreiadebrito.com.br\/site2\/#\/schema\/person\/99a164d0eaaff7f78b11899bc7d5e7c9","name":"admin","url":"https:\/\/www.ronaldocorreiadebrito.com.br\/site2\/author\/admin\/"}]}},"wps_subtitle":"","_links":{"self":[{"href":"https:\/\/www.ronaldocorreiadebrito.com.br\/site2\/wp-json\/wp\/v2\/posts\/1569","targetHints":{"allow":["GET"]}}],"collection":[{"href":"https:\/\/www.ronaldocorreiadebrito.com.br\/site2\/wp-json\/wp\/v2\/posts"}],"about":[{"href":"https:\/\/www.ronaldocorreiadebrito.com.br\/site2\/wp-json\/wp\/v2\/types\/post"}],"author":[{"embeddable":true,"href":"https:\/\/www.ronaldocorreiadebrito.com.br\/site2\/wp-json\/wp\/v2\/users\/1"}],"replies":[{"embeddable":true,"href":"https:\/\/www.ronaldocorreiadebrito.com.br\/site2\/wp-json\/wp\/v2\/comments?post=1569"}],"version-history":[{"count":0,"href":"https:\/\/www.ronaldocorreiadebrito.com.br\/site2\/wp-json\/wp\/v2\/posts\/1569\/revisions"}],"wp:featuredmedia":[{"embeddable":true,"href":"https:\/\/www.ronaldocorreiadebrito.com.br\/site2\/wp-json\/wp\/v2\/media\/1568"}],"wp:attachment":[{"href":"https:\/\/www.ronaldocorreiadebrito.com.br\/site2\/wp-json\/wp\/v2\/media?parent=1569"}],"wp:term":[{"taxonomy":"category","embeddable":true,"href":"https:\/\/www.ronaldocorreiadebrito.com.br\/site2\/wp-json\/wp\/v2\/categories?post=1569"},{"taxonomy":"post_tag","embeddable":true,"href":"https:\/\/www.ronaldocorreiadebrito.com.br\/site2\/wp-json\/wp\/v2\/tags?post=1569"}],"curies":[{"name":"wp","href":"https:\/\/api.w.org\/{rel}","templated":true}]}}