{"id":1563,"date":"2021-01-14T17:34:24","date_gmt":"2021-01-14T20:34:24","guid":{"rendered":"https:\/\/www.ronaldocorreiadebrito.com.br\/site2\/?p=1563"},"modified":"2021-01-14T17:30:58","modified_gmt":"2021-01-14T20:30:58","slug":"joao-cabral-e-o-separatismo","status":"publish","type":"post","link":"https:\/\/www.ronaldocorreiadebrito.com.br\/site2\/2021\/01\/joao-cabral-e-o-separatismo\/","title":{"rendered":"Jo\u00e3o Cabral e o separatismo"},"content":{"rendered":"\n<p>No dia 9 de janeiro, comemoramos os 101 anos de nascimento de Jo\u00e3o Cabral de Melo Neto. No dia 13 de janeiro, os 196 anos da morte de Joaquim do Amor Divino Rabelo, o Frei Caneca.<br><br>&#8220;Em 02 de julho de 1824 os l\u00edderes revolucion\u00e1rios pernambucanos lan\u00e7aram um manifesto, rompendo com o Rio de Janeiro e, logo a seguir, anunciaram a forma\u00e7\u00e3o de uma rep\u00fablica \u2013 a &#8216;Confedera\u00e7\u00e3o do Equador&#8217;. Frei Caneca come\u00e7ou a publicar as \u2018Bases para a Forma\u00e7\u00e3o do Pacto Social\u2019, que era um projeto de Constitui\u00e7\u00e3o para o novo Estado\u201d. Estavam juntos Pernambuco, Para\u00edba, Rio Grande do Norte e Cear\u00e1. O movimento malogrou, como tamb\u00e9m malograra  a Revolu\u00e7\u00e3o de 1817, da qual Frei Caneca era um dos l\u00edderes. Em 13 de janeiro de 1825, aconteceu no Recife um cortejo, que mais parecia uma prociss\u00e3o, seguindo do c\u00e1rcere onde o frade estivera preso, at\u00e9 o Forte das Cinco Pontas. O r\u00e9u seria espingardeado, j\u00e1 que ningu\u00e9m aceitara p\u00f4r a corda no seu pesco\u00e7o.<br><br>\u00c9 sobre esse trajeto que Jo\u00e3o Cabral escreveu um poema de vozes, o Auto do Frade.<br><br>Reproduzo aqui a voz de um oficial.<br><br>OFICIAL:<br><br>\u2013 Que ningu\u00e9m se aproxime dele.<br><br>   Ele \u00e9 um r\u00e9u condenado \u00e0 morte.<br><br>   Foi contra sua Majestade,<br><br>   contra a ordem, tudo que \u00e9 nobre.<br><br>   Republicano, ele n\u00e3o quis<br><br>   obedecer ordens da corte.<br><br>   Separatista, pretendeu<br><br>   dar o Norte, \u00e0 gente do Norte.<br><br>   Padre existe \u00e9 para rezar<br><br>   pela alma, mas n\u00e3o contra a fome.<br><br>   Mesmo vestido como est\u00e1,<br><br>   com essa batina de monge,<br><br>   para receber seu castigo<br><br>   \u00e9 preciso que ele se assome.<br><br>   Que todo o cortejo avance!<br><br>   Temos de chegar ainda longe.<br><br> <br><br>Na base de todos os movimentos separatistas ocorridos no Norte e Nordeste do Brasil, havia a vontade de estabelecer valores regionais pr\u00f3prios, o desejo de que essas regi\u00f5es fossem reconhecidas nas suas diferen\u00e7as e particularidades: culturais, sociais, econ\u00f4micas, \u00e9tnicas, ancestrais. O Brasil sofreu e continua sofrendo ao longo de 521 anos o colonialismo externo,em  europeu e norte americano. O Norte e o Nordeste sofrem al\u00e9m deste, o colonialismo interno, um neocolonialismo. O Norte nunca foi enxergado como Brasil a ser desenvolvido igual ao Sul e ao Sudeste, mas como territ\u00f3rio de explora\u00e7\u00e3o, extra\u00e7\u00e3o, enriquecimento, sem nada receber em troca. A decad\u00eancia da regi\u00e3o Nordeste come\u00e7ou com a chegada da fam\u00edlia real portuguesa ao Rio de Janeiro, \u00e9poca da primeira revolu\u00e7\u00e3o revolu\u00e7\u00e3o pernambucana. Ocorreu a centraliza\u00e7\u00e3o do poder pol\u00edtico e econ\u00f4mico nessa capital e o descaso pelo restante do pa\u00eds \u2013 a n\u00e3o ser quando surgiam insurrei\u00e7\u00f5es que precisavam ser reprimidas.<br><br> <br><br>\u00c9 preciso refletir sobre a hist\u00f3ria e lutar contra as desigualdades sociais regionais para sermos, verdadeiramente, uma na\u00e7\u00e3o fortalecida na igualdade e nos princ\u00edpios da democracia.<\/p>\n","protected":false},"excerpt":{"rendered":"<p>No dia 9 de janeiro, comemoramos os 101 anos de nascimento de Jo\u00e3o Cabral de Melo Neto. No dia 13 de janeiro, os 196 anos da morte de Joaquim do Amor Divino Rabelo, o Frei Caneca. &#8220;Em 02 de julho de 1824 os l\u00edderes revolucion\u00e1rios&#8230;<\/p>\n","protected":false},"author":1,"featured_media":1562,"comment_status":"open","ping_status":"closed","sticky":false,"template":"","format":"standard","meta":{"sfsi_plus_gutenberg_text_before_share":"","sfsi_plus_gutenberg_show_text_before_share":"","sfsi_plus_gutenberg_icon_type":"","sfsi_plus_gutenberg_icon_alignemt":"","sfsi_plus_gutenburg_max_per_row":"","footnotes":""},"categories":[8,46,45],"tags":[],"class_list":["post-1563","post","type-post","status-publish","format-standard","has-post-thumbnail","hentry","category-blog","category-links","category-slider"],"yoast_head":"<!-- This site is optimized with the Yoast SEO plugin v27.4 - https:\/\/yoast.com\/product\/yoast-seo-wordpress\/ -->\n<title>Jo\u00e3o Cabral e o separatismo | Ronaldo Correia de Brito | site oficial<\/title>\n<meta name=\"robots\" content=\"index, follow, max-snippet:-1, max-image-preview:large, max-video-preview:-1\" \/>\n<link rel=\"canonical\" href=\"https:\/\/www.ronaldocorreiadebrito.com.br\/site2\/2021\/01\/joao-cabral-e-o-separatismo\/\" \/>\n<meta property=\"og:locale\" content=\"pt_BR\" \/>\n<meta property=\"og:type\" content=\"article\" \/>\n<meta property=\"og:title\" content=\"Jo\u00e3o Cabral e o separatismo | Ronaldo Correia de Brito | site oficial\" \/>\n<meta property=\"og:description\" content=\"No dia 9 de janeiro, comemoramos os 101 anos de nascimento de Jo\u00e3o Cabral de Melo Neto. No dia 13 de janeiro, os 196 anos da morte de Joaquim do Amor Divino Rabelo, o Frei Caneca. &#8220;Em 02 de julho de 1824 os l\u00edderes revolucion\u00e1rios...\" \/>\n<meta property=\"og:url\" content=\"https:\/\/www.ronaldocorreiadebrito.com.br\/site2\/2021\/01\/joao-cabral-e-o-separatismo\/\" \/>\n<meta property=\"og:site_name\" content=\"Ronaldo Correia de Brito | site oficial\" \/>\n<meta property=\"article:publisher\" content=\"https:\/\/www.facebook.com\/ronaldocorreiadebrito.oficial\" \/>\n<meta property=\"article:published_time\" content=\"2021-01-14T20:34:24+00:00\" \/>\n<meta property=\"og:image\" content=\"https:\/\/www.ronaldocorreiadebrito.com.br\/site2\/wp-content\/uploads\/2021\/01\/3e20ce89f0f409d4f4b3ebf344041f6a.jpg\" \/>\n\t<meta property=\"og:image:width\" content=\"800\" \/>\n\t<meta property=\"og:image:height\" content=\"600\" \/>\n\t<meta property=\"og:image:type\" content=\"image\/jpeg\" \/>\n<meta name=\"author\" content=\"admin\" \/>\n<meta name=\"twitter:card\" content=\"summary_large_image\" \/>\n<meta name=\"twitter:label1\" content=\"Escrito por\" \/>\n\t<meta name=\"twitter:data1\" content=\"admin\" \/>\n\t<meta name=\"twitter:label2\" content=\"Est. tempo de leitura\" \/>\n\t<meta name=\"twitter:data2\" content=\"2 minutos\" \/>\n<script type=\"application\/ld+json\" class=\"yoast-schema-graph\">{\"@context\":\"https:\\\/\\\/schema.org\",\"@graph\":[{\"@type\":\"Article\",\"@id\":\"https:\\\/\\\/www.ronaldocorreiadebrito.com.br\\\/site2\\\/2021\\\/01\\\/joao-cabral-e-o-separatismo\\\/#article\",\"isPartOf\":{\"@id\":\"https:\\\/\\\/www.ronaldocorreiadebrito.com.br\\\/site2\\\/2021\\\/01\\\/joao-cabral-e-o-separatismo\\\/\"},\"author\":{\"name\":\"admin\",\"@id\":\"https:\\\/\\\/www.ronaldocorreiadebrito.com.br\\\/site2\\\/#\\\/schema\\\/person\\\/99a164d0eaaff7f78b11899bc7d5e7c9\"},\"headline\":\"Jo\u00e3o Cabral e o separatismo\",\"datePublished\":\"2021-01-14T20:34:24+00:00\",\"mainEntityOfPage\":{\"@id\":\"https:\\\/\\\/www.ronaldocorreiadebrito.com.br\\\/site2\\\/2021\\\/01\\\/joao-cabral-e-o-separatismo\\\/\"},\"wordCount\":481,\"commentCount\":1,\"image\":{\"@id\":\"https:\\\/\\\/www.ronaldocorreiadebrito.com.br\\\/site2\\\/2021\\\/01\\\/joao-cabral-e-o-separatismo\\\/#primaryimage\"},\"thumbnailUrl\":\"https:\\\/\\\/www.ronaldocorreiadebrito.com.br\\\/site2\\\/wp-content\\\/uploads\\\/2021\\\/01\\\/3e20ce89f0f409d4f4b3ebf344041f6a.jpg\",\"articleSection\":[\"Blog\",\"Links\",\"Slider\"],\"inLanguage\":\"pt-BR\",\"potentialAction\":[{\"@type\":\"CommentAction\",\"name\":\"Comment\",\"target\":[\"https:\\\/\\\/www.ronaldocorreiadebrito.com.br\\\/site2\\\/2021\\\/01\\\/joao-cabral-e-o-separatismo\\\/#respond\"]}]},{\"@type\":\"WebPage\",\"@id\":\"https:\\\/\\\/www.ronaldocorreiadebrito.com.br\\\/site2\\\/2021\\\/01\\\/joao-cabral-e-o-separatismo\\\/\",\"url\":\"https:\\\/\\\/www.ronaldocorreiadebrito.com.br\\\/site2\\\/2021\\\/01\\\/joao-cabral-e-o-separatismo\\\/\",\"name\":\"Jo\u00e3o Cabral e o separatismo | Ronaldo Correia de Brito | site oficial\",\"isPartOf\":{\"@id\":\"https:\\\/\\\/www.ronaldocorreiadebrito.com.br\\\/site2\\\/#website\"},\"primaryImageOfPage\":{\"@id\":\"https:\\\/\\\/www.ronaldocorreiadebrito.com.br\\\/site2\\\/2021\\\/01\\\/joao-cabral-e-o-separatismo\\\/#primaryimage\"},\"image\":{\"@id\":\"https:\\\/\\\/www.ronaldocorreiadebrito.com.br\\\/site2\\\/2021\\\/01\\\/joao-cabral-e-o-separatismo\\\/#primaryimage\"},\"thumbnailUrl\":\"https:\\\/\\\/www.ronaldocorreiadebrito.com.br\\\/site2\\\/wp-content\\\/uploads\\\/2021\\\/01\\\/3e20ce89f0f409d4f4b3ebf344041f6a.jpg\",\"datePublished\":\"2021-01-14T20:34:24+00:00\",\"author\":{\"@id\":\"https:\\\/\\\/www.ronaldocorreiadebrito.com.br\\\/site2\\\/#\\\/schema\\\/person\\\/99a164d0eaaff7f78b11899bc7d5e7c9\"},\"breadcrumb\":{\"@id\":\"https:\\\/\\\/www.ronaldocorreiadebrito.com.br\\\/site2\\\/2021\\\/01\\\/joao-cabral-e-o-separatismo\\\/#breadcrumb\"},\"inLanguage\":\"pt-BR\",\"potentialAction\":[{\"@type\":\"ReadAction\",\"target\":[\"https:\\\/\\\/www.ronaldocorreiadebrito.com.br\\\/site2\\\/2021\\\/01\\\/joao-cabral-e-o-separatismo\\\/\"]}]},{\"@type\":\"ImageObject\",\"inLanguage\":\"pt-BR\",\"@id\":\"https:\\\/\\\/www.ronaldocorreiadebrito.com.br\\\/site2\\\/2021\\\/01\\\/joao-cabral-e-o-separatismo\\\/#primaryimage\",\"url\":\"https:\\\/\\\/www.ronaldocorreiadebrito.com.br\\\/site2\\\/wp-content\\\/uploads\\\/2021\\\/01\\\/3e20ce89f0f409d4f4b3ebf344041f6a.jpg\",\"contentUrl\":\"https:\\\/\\\/www.ronaldocorreiadebrito.com.br\\\/site2\\\/wp-content\\\/uploads\\\/2021\\\/01\\\/3e20ce89f0f409d4f4b3ebf344041f6a.jpg\",\"width\":800,\"height\":600},{\"@type\":\"BreadcrumbList\",\"@id\":\"https:\\\/\\\/www.ronaldocorreiadebrito.com.br\\\/site2\\\/2021\\\/01\\\/joao-cabral-e-o-separatismo\\\/#breadcrumb\",\"itemListElement\":[{\"@type\":\"ListItem\",\"position\":1,\"name\":\"In\u00edcio\",\"item\":\"https:\\\/\\\/www.ronaldocorreiadebrito.com.br\\\/site2\\\/\"},{\"@type\":\"ListItem\",\"position\":2,\"name\":\"Jo\u00e3o Cabral e o separatismo\"}]},{\"@type\":\"WebSite\",\"@id\":\"https:\\\/\\\/www.ronaldocorreiadebrito.com.br\\\/site2\\\/#website\",\"url\":\"https:\\\/\\\/www.ronaldocorreiadebrito.com.br\\\/site2\\\/\",\"name\":\"Ronaldo Correia de Brito | site oficial\",\"description\":\"Site oficial do escritor Ronaldo Correia de Brito\",\"potentialAction\":[{\"@type\":\"SearchAction\",\"target\":{\"@type\":\"EntryPoint\",\"urlTemplate\":\"https:\\\/\\\/www.ronaldocorreiadebrito.com.br\\\/site2\\\/?s={search_term_string}\"},\"query-input\":{\"@type\":\"PropertyValueSpecification\",\"valueRequired\":true,\"valueName\":\"search_term_string\"}}],\"inLanguage\":\"pt-BR\"},{\"@type\":\"Person\",\"@id\":\"https:\\\/\\\/www.ronaldocorreiadebrito.com.br\\\/site2\\\/#\\\/schema\\\/person\\\/99a164d0eaaff7f78b11899bc7d5e7c9\",\"name\":\"admin\",\"url\":\"https:\\\/\\\/www.ronaldocorreiadebrito.com.br\\\/site2\\\/author\\\/admin\\\/\"}]}<\/script>\n<!-- \/ Yoast SEO plugin. -->","yoast_head_json":{"title":"Jo\u00e3o Cabral e o separatismo | Ronaldo Correia de Brito | site oficial","robots":{"index":"index","follow":"follow","max-snippet":"max-snippet:-1","max-image-preview":"max-image-preview:large","max-video-preview":"max-video-preview:-1"},"canonical":"https:\/\/www.ronaldocorreiadebrito.com.br\/site2\/2021\/01\/joao-cabral-e-o-separatismo\/","og_locale":"pt_BR","og_type":"article","og_title":"Jo\u00e3o Cabral e o separatismo | Ronaldo Correia de Brito | site oficial","og_description":"No dia 9 de janeiro, comemoramos os 101 anos de nascimento de Jo\u00e3o Cabral de Melo Neto. No dia 13 de janeiro, os 196 anos da morte de Joaquim do Amor Divino Rabelo, o Frei Caneca. &#8220;Em 02 de julho de 1824 os l\u00edderes revolucion\u00e1rios...","og_url":"https:\/\/www.ronaldocorreiadebrito.com.br\/site2\/2021\/01\/joao-cabral-e-o-separatismo\/","og_site_name":"Ronaldo Correia de Brito | site oficial","article_publisher":"https:\/\/www.facebook.com\/ronaldocorreiadebrito.oficial","article_published_time":"2021-01-14T20:34:24+00:00","og_image":[{"width":800,"height":600,"url":"https:\/\/www.ronaldocorreiadebrito.com.br\/site2\/wp-content\/uploads\/2021\/01\/3e20ce89f0f409d4f4b3ebf344041f6a.jpg","type":"image\/jpeg"}],"author":"admin","twitter_card":"summary_large_image","twitter_misc":{"Escrito por":"admin","Est. tempo de leitura":"2 minutos"},"schema":{"@context":"https:\/\/schema.org","@graph":[{"@type":"Article","@id":"https:\/\/www.ronaldocorreiadebrito.com.br\/site2\/2021\/01\/joao-cabral-e-o-separatismo\/#article","isPartOf":{"@id":"https:\/\/www.ronaldocorreiadebrito.com.br\/site2\/2021\/01\/joao-cabral-e-o-separatismo\/"},"author":{"name":"admin","@id":"https:\/\/www.ronaldocorreiadebrito.com.br\/site2\/#\/schema\/person\/99a164d0eaaff7f78b11899bc7d5e7c9"},"headline":"Jo\u00e3o Cabral e o separatismo","datePublished":"2021-01-14T20:34:24+00:00","mainEntityOfPage":{"@id":"https:\/\/www.ronaldocorreiadebrito.com.br\/site2\/2021\/01\/joao-cabral-e-o-separatismo\/"},"wordCount":481,"commentCount":1,"image":{"@id":"https:\/\/www.ronaldocorreiadebrito.com.br\/site2\/2021\/01\/joao-cabral-e-o-separatismo\/#primaryimage"},"thumbnailUrl":"https:\/\/www.ronaldocorreiadebrito.com.br\/site2\/wp-content\/uploads\/2021\/01\/3e20ce89f0f409d4f4b3ebf344041f6a.jpg","articleSection":["Blog","Links","Slider"],"inLanguage":"pt-BR","potentialAction":[{"@type":"CommentAction","name":"Comment","target":["https:\/\/www.ronaldocorreiadebrito.com.br\/site2\/2021\/01\/joao-cabral-e-o-separatismo\/#respond"]}]},{"@type":"WebPage","@id":"https:\/\/www.ronaldocorreiadebrito.com.br\/site2\/2021\/01\/joao-cabral-e-o-separatismo\/","url":"https:\/\/www.ronaldocorreiadebrito.com.br\/site2\/2021\/01\/joao-cabral-e-o-separatismo\/","name":"Jo\u00e3o Cabral e o separatismo | Ronaldo Correia de Brito | site oficial","isPartOf":{"@id":"https:\/\/www.ronaldocorreiadebrito.com.br\/site2\/#website"},"primaryImageOfPage":{"@id":"https:\/\/www.ronaldocorreiadebrito.com.br\/site2\/2021\/01\/joao-cabral-e-o-separatismo\/#primaryimage"},"image":{"@id":"https:\/\/www.ronaldocorreiadebrito.com.br\/site2\/2021\/01\/joao-cabral-e-o-separatismo\/#primaryimage"},"thumbnailUrl":"https:\/\/www.ronaldocorreiadebrito.com.br\/site2\/wp-content\/uploads\/2021\/01\/3e20ce89f0f409d4f4b3ebf344041f6a.jpg","datePublished":"2021-01-14T20:34:24+00:00","author":{"@id":"https:\/\/www.ronaldocorreiadebrito.com.br\/site2\/#\/schema\/person\/99a164d0eaaff7f78b11899bc7d5e7c9"},"breadcrumb":{"@id":"https:\/\/www.ronaldocorreiadebrito.com.br\/site2\/2021\/01\/joao-cabral-e-o-separatismo\/#breadcrumb"},"inLanguage":"pt-BR","potentialAction":[{"@type":"ReadAction","target":["https:\/\/www.ronaldocorreiadebrito.com.br\/site2\/2021\/01\/joao-cabral-e-o-separatismo\/"]}]},{"@type":"ImageObject","inLanguage":"pt-BR","@id":"https:\/\/www.ronaldocorreiadebrito.com.br\/site2\/2021\/01\/joao-cabral-e-o-separatismo\/#primaryimage","url":"https:\/\/www.ronaldocorreiadebrito.com.br\/site2\/wp-content\/uploads\/2021\/01\/3e20ce89f0f409d4f4b3ebf344041f6a.jpg","contentUrl":"https:\/\/www.ronaldocorreiadebrito.com.br\/site2\/wp-content\/uploads\/2021\/01\/3e20ce89f0f409d4f4b3ebf344041f6a.jpg","width":800,"height":600},{"@type":"BreadcrumbList","@id":"https:\/\/www.ronaldocorreiadebrito.com.br\/site2\/2021\/01\/joao-cabral-e-o-separatismo\/#breadcrumb","itemListElement":[{"@type":"ListItem","position":1,"name":"In\u00edcio","item":"https:\/\/www.ronaldocorreiadebrito.com.br\/site2\/"},{"@type":"ListItem","position":2,"name":"Jo\u00e3o Cabral e o separatismo"}]},{"@type":"WebSite","@id":"https:\/\/www.ronaldocorreiadebrito.com.br\/site2\/#website","url":"https:\/\/www.ronaldocorreiadebrito.com.br\/site2\/","name":"Ronaldo Correia de Brito | site oficial","description":"Site oficial do escritor Ronaldo Correia de Brito","potentialAction":[{"@type":"SearchAction","target":{"@type":"EntryPoint","urlTemplate":"https:\/\/www.ronaldocorreiadebrito.com.br\/site2\/?s={search_term_string}"},"query-input":{"@type":"PropertyValueSpecification","valueRequired":true,"valueName":"search_term_string"}}],"inLanguage":"pt-BR"},{"@type":"Person","@id":"https:\/\/www.ronaldocorreiadebrito.com.br\/site2\/#\/schema\/person\/99a164d0eaaff7f78b11899bc7d5e7c9","name":"admin","url":"https:\/\/www.ronaldocorreiadebrito.com.br\/site2\/author\/admin\/"}]}},"wps_subtitle":"","_links":{"self":[{"href":"https:\/\/www.ronaldocorreiadebrito.com.br\/site2\/wp-json\/wp\/v2\/posts\/1563","targetHints":{"allow":["GET"]}}],"collection":[{"href":"https:\/\/www.ronaldocorreiadebrito.com.br\/site2\/wp-json\/wp\/v2\/posts"}],"about":[{"href":"https:\/\/www.ronaldocorreiadebrito.com.br\/site2\/wp-json\/wp\/v2\/types\/post"}],"author":[{"embeddable":true,"href":"https:\/\/www.ronaldocorreiadebrito.com.br\/site2\/wp-json\/wp\/v2\/users\/1"}],"replies":[{"embeddable":true,"href":"https:\/\/www.ronaldocorreiadebrito.com.br\/site2\/wp-json\/wp\/v2\/comments?post=1563"}],"version-history":[{"count":0,"href":"https:\/\/www.ronaldocorreiadebrito.com.br\/site2\/wp-json\/wp\/v2\/posts\/1563\/revisions"}],"wp:featuredmedia":[{"embeddable":true,"href":"https:\/\/www.ronaldocorreiadebrito.com.br\/site2\/wp-json\/wp\/v2\/media\/1562"}],"wp:attachment":[{"href":"https:\/\/www.ronaldocorreiadebrito.com.br\/site2\/wp-json\/wp\/v2\/media?parent=1563"}],"wp:term":[{"taxonomy":"category","embeddable":true,"href":"https:\/\/www.ronaldocorreiadebrito.com.br\/site2\/wp-json\/wp\/v2\/categories?post=1563"},{"taxonomy":"post_tag","embeddable":true,"href":"https:\/\/www.ronaldocorreiadebrito.com.br\/site2\/wp-json\/wp\/v2\/tags?post=1563"}],"curies":[{"name":"wp","href":"https:\/\/api.w.org\/{rel}","templated":true}]}}