{"id":1558,"date":"2021-01-13T10:19:29","date_gmt":"2021-01-13T13:19:29","guid":{"rendered":"https:\/\/www.ronaldocorreiadebrito.com.br\/site2\/?p=1558"},"modified":"2021-01-13T10:20:18","modified_gmt":"2021-01-13T13:20:18","slug":"do-que-morremos-todos-os-dias","status":"publish","type":"post","link":"https:\/\/www.ronaldocorreiadebrito.com.br\/site2\/2021\/01\/do-que-morremos-todos-os-dias\/","title":{"rendered":"Do que morremos todos os dias"},"content":{"rendered":"<p class=\"p1\"><span class=\"s1\">\u00c0 luz do primeiro sol da madrugada, olhei da varanda os morros de Casa Amarela e senti um aperto na alma, beirando a ang\u00fastia. O dourado e azul das casas, a cada dia mais escassas de quintais, \u00e1rvores, arbustos e flores, doeram pela separa\u00e7\u00e3o. Sofro a falta de gente, ruas e cores na minha vida de agora. <\/span><\/p>\n<p class=\"p1\"><span class=\"s1\">O que me separa desse meio c\u00edrculo de constru\u00e7\u00f5es amontoadas, nem \u00e9 o apartheid social, isso nunca contou para mim, mas a m\u00e1scara recobrindo meu rosto e a prescri\u00e7\u00e3o de isolamento. <\/span><\/p>\n<p class=\"p1\"><span class=\"s1\">Vivi subindo e descendo altos, atravessando c\u00f3rregos \u00e0 procura de aprendizado e alegria nas brincadeiras de caboclinhos e maracatus, de toques nos terreiros de orix\u00e1s. Agora&#8230; agora s\u00f3 recebo ordem para fechar-me, manter dist\u00e2ncia das pessoas e h\u00e1bitos, morrer devagar de uma doen\u00e7a mais grave do que essa que apavora o mundo. <\/span><\/p>\n<p class=\"p1\"><span class=\"s1\">Minha cria\u00e7\u00e3o e vida se alimentam do conv\u00edvio humano. Sem isso, estou murchando, envelhecendo mais depressa, perdendo habilidades f\u00edsicas, for\u00e7a, resist\u00eancia, respira\u00e7\u00e3o e coragem. Tudo o que de melhor a vida me deu, recebi atrav\u00e9s das pessoas. Sim, a natureza me ofereceu bastante, mas o aconchego do \u00fatero materno e um peito farto de alimento chegaram primeiro.<\/span><\/p>\n<p class=\"p1\"><span class=\"s1\">O pior sintoma do isolamento \u00e9 a raiva de n\u00e3o poder fazer o que desejo. Mas o que eu desejo? A liberdade de fazer tudo, mesmo o que eu nunca pensei fazer, nem farei. Um faminto sente mais fome quando o alimento lhe \u00e9 negado. Impedem-me de viver para continuar vivo, eis o paradoxo. E o medicamento me mata depressa, a cada dia um pouco. <\/span><\/p>\n<p class=\"p1\"><span class=\"s1\">Cresce a raiva at\u00e9 transformar-se em f\u00faria.<\/span><\/p>\n<p class=\"p1\"><span class=\"s1\">A impot\u00eancia \u00e9 um dos seus motores, o acelerador. N\u00e3o que eu fosse imune \u00e0 raiva no passado, nunca fui. Sei precisamente a idade em que troquei a timidez pelo enfrentamento raivoso. S\u00f3 que ela tem crescido, a ponto de me assustar pela virul\u00eancia. Talvez seja um sintoma da derradeira onda da pandemia. J\u00e1 chegamos a esse est\u00e1gio, ainda parecemos no come\u00e7o de todo esse horror? <\/span><\/p>\n<p class=\"p1\"><span class=\"s1\">As \u00e1guas do mar s\u00e3o fortes, mas n\u00e3o s\u00e3o como as do rio, cantavam os apanhadores de algod\u00e3o nas terras de minha av\u00f3. O caudal me afoga quando tento atravess\u00e1-lo, acreditando que j\u00e1 n\u00e3o serei o mesmo na outra margem. Sou o mesmo, mais avariado. Desminto Her\u00e1clito, ningu\u00e9m atravessa o mesmo rio porque tudo flui. Flui sim, para bem pior.<\/span><\/p>\n<p class=\"p1\"><span class=\"s1\">Existem iras divinas, a briga de Jac\u00f3 com o Anjo, o furor do Cristo com os vendilh\u00f5es no templo, a revolta de Prometeu com o seu castigo. Sem arvorar-me divino, experimento as tr\u00eas iras. Por\u00e9m a mais corriqueira e di\u00e1ria \u00e9 o desgaste com o nada, com as coisinhas f\u00fateis sem valor ou sentido. Terr\u00edvel revela\u00e7\u00e3o do que morremos e do que nos mata.<\/span><\/p>\n<p class=\"p1\"><span class=\"s1\">O que n\u00e3o me mata me torna mais forte, afirmou Nietzsche. Ser\u00e1 mesmo? Seremos melhores depois da terr\u00edvel prova? Ou apenas estaremos com o Ego mais inflado de tanto olhar para a nossa ferida, tentando san\u00e1-la como se fosse a \u00fanica a doer? <\/span><\/p>\n<p class=\"p1\"><span class=\"s1\">No desespero, enxergamos n\u00f3s mesmos, exacerbamos o individualismo ao inv\u00e9s da compaix\u00e3o. E a raiva talvez seja consequ\u00eancia da hiperinfla\u00e7\u00e3o do Eu, de um suposto amor pr\u00f3prio ferido, indigente de f\u00e9 em si mesmo. O que aparenta sanidade e for\u00e7a, esconde fragilidade, medo, inseguran\u00e7a. Pobre homem \u00e0 semelhan\u00e7a de Deus. Pobre <\/span><span class=\"s2\">eu<\/span><span class=\"s1\">. <\/span><\/p>\n<p class=\"p1\"><span class=\"s1\">Um homem, Don Juan de Mara\u00f1a, depois de haver ofendido um incont\u00e1vel n\u00famero de pessoas, se recolheu a um convento cat\u00f3lico, pensando expiar os seus pecados, sobretudo a soberba e a lux\u00faria. Depois de anos, parecia apaziguado. Um dia, foi descoberto em seu retiro por um jovem nobre, cuja irm\u00e3 havia sido violentada e levada ao suic\u00eddio pelo fac\u00ednora aspirante a santo. O rapaz provocou Don Juan a um duelo, entregou-lhe uma espada, mas ele n\u00e3o reagiu. Por \u00faltimo, o fidalgo cuspiu-lhe no rosto e o antigo valent\u00e3o desperta, luta e mata o rapaz.<\/span><\/p>\n<p class=\"p1\"><span class=\"s1\">O diabo da raiva mora em n\u00f3s adormecido, latente, aguardando apenas que acendam o seu inflam\u00e1vel estopim. Quase nada sempre, um argueiro, um sopro. <\/span><\/p>\n<p class=\"p1\"><span class=\"s1\">Os ferimentos da luta nos mant\u00eam despertos e vivos, acreditamos erradamente nisso. Brigamos, urramos, batemos \u00e0 direita e \u00e0 esquerda. Desespero? Guerra? Sonho de poder? A paz anda longe dessas coisas. Reside na medida, mod\u00e9stia e bondade. <\/span><\/p>\n<p class=\"p1\"><span class=\"s1\">Mas isso j\u00e1 se trata do inalcan\u00e7\u00e1vel Tao. Somos humanos. Quase sempre, desumanos.<\/span><\/p>\n","protected":false},"excerpt":{"rendered":"<p>\u00c0 luz do primeiro sol da madrugada, olhei da varanda os morros de Casa Amarela e senti um aperto na alma, beirando a ang\u00fastia. O dourado e azul das casas, a cada dia mais escassas de quintais, \u00e1rvores, arbustos e flores, doeram pela separa\u00e7\u00e3o. Sofro&#8230;<\/p>\n","protected":false},"author":1,"featured_media":1560,"comment_status":"open","ping_status":"closed","sticky":false,"template":"","format":"standard","meta":{"sfsi_plus_gutenberg_text_before_share":"","sfsi_plus_gutenberg_show_text_before_share":"","sfsi_plus_gutenberg_icon_type":"","sfsi_plus_gutenberg_icon_alignemt":"","sfsi_plus_gutenburg_max_per_row":"","footnotes":""},"categories":[8,46,45],"tags":[],"class_list":["post-1558","post","type-post","status-publish","format-standard","has-post-thumbnail","hentry","category-blog","category-links","category-slider"],"yoast_head":"<!-- This site is optimized with the Yoast SEO plugin v27.4 - https:\/\/yoast.com\/product\/yoast-seo-wordpress\/ -->\n<title>Do que morremos todos os dias | Ronaldo Correia de Brito | site oficial<\/title>\n<meta name=\"robots\" content=\"index, follow, max-snippet:-1, max-image-preview:large, max-video-preview:-1\" \/>\n<link rel=\"canonical\" href=\"https:\/\/www.ronaldocorreiadebrito.com.br\/site2\/2021\/01\/do-que-morremos-todos-os-dias\/\" \/>\n<meta property=\"og:locale\" content=\"pt_BR\" \/>\n<meta property=\"og:type\" content=\"article\" \/>\n<meta property=\"og:title\" content=\"Do que morremos todos os dias | Ronaldo Correia de Brito | site oficial\" \/>\n<meta property=\"og:description\" content=\"\u00c0 luz do primeiro sol da madrugada, olhei da varanda os morros de Casa Amarela e senti um aperto na alma, beirando a ang\u00fastia. O dourado e azul das casas, a cada dia mais escassas de quintais, \u00e1rvores, arbustos e flores, doeram pela separa\u00e7\u00e3o. Sofro...\" \/>\n<meta property=\"og:url\" content=\"https:\/\/www.ronaldocorreiadebrito.com.br\/site2\/2021\/01\/do-que-morremos-todos-os-dias\/\" \/>\n<meta property=\"og:site_name\" content=\"Ronaldo Correia de Brito | site oficial\" \/>\n<meta property=\"article:publisher\" content=\"https:\/\/www.facebook.com\/ronaldocorreiadebrito.oficial\" \/>\n<meta property=\"article:published_time\" content=\"2021-01-13T13:19:29+00:00\" \/>\n<meta property=\"article:modified_time\" content=\"2021-01-13T13:20:18+00:00\" \/>\n<meta property=\"og:image\" content=\"https:\/\/www.ronaldocorreiadebrito.com.br\/site2\/wp-content\/uploads\/2021\/01\/solidao-1583442992128_v2_900x506.jpg\" \/>\n\t<meta property=\"og:image:width\" content=\"900\" \/>\n\t<meta property=\"og:image:height\" content=\"506\" \/>\n\t<meta property=\"og:image:type\" content=\"image\/jpeg\" \/>\n<meta name=\"author\" content=\"admin\" \/>\n<meta name=\"twitter:card\" content=\"summary_large_image\" \/>\n<meta name=\"twitter:label1\" content=\"Escrito por\" \/>\n\t<meta name=\"twitter:data1\" content=\"admin\" \/>\n\t<meta name=\"twitter:label2\" content=\"Est. tempo de leitura\" \/>\n\t<meta name=\"twitter:data2\" content=\"4 minutos\" \/>\n<script type=\"application\/ld+json\" class=\"yoast-schema-graph\">{\"@context\":\"https:\\\/\\\/schema.org\",\"@graph\":[{\"@type\":\"Article\",\"@id\":\"https:\\\/\\\/www.ronaldocorreiadebrito.com.br\\\/site2\\\/2021\\\/01\\\/do-que-morremos-todos-os-dias\\\/#article\",\"isPartOf\":{\"@id\":\"https:\\\/\\\/www.ronaldocorreiadebrito.com.br\\\/site2\\\/2021\\\/01\\\/do-que-morremos-todos-os-dias\\\/\"},\"author\":{\"name\":\"admin\",\"@id\":\"https:\\\/\\\/www.ronaldocorreiadebrito.com.br\\\/site2\\\/#\\\/schema\\\/person\\\/99a164d0eaaff7f78b11899bc7d5e7c9\"},\"headline\":\"Do que morremos todos os dias\",\"datePublished\":\"2021-01-13T13:19:29+00:00\",\"dateModified\":\"2021-01-13T13:20:18+00:00\",\"mainEntityOfPage\":{\"@id\":\"https:\\\/\\\/www.ronaldocorreiadebrito.com.br\\\/site2\\\/2021\\\/01\\\/do-que-morremos-todos-os-dias\\\/\"},\"wordCount\":783,\"commentCount\":0,\"image\":{\"@id\":\"https:\\\/\\\/www.ronaldocorreiadebrito.com.br\\\/site2\\\/2021\\\/01\\\/do-que-morremos-todos-os-dias\\\/#primaryimage\"},\"thumbnailUrl\":\"https:\\\/\\\/www.ronaldocorreiadebrito.com.br\\\/site2\\\/wp-content\\\/uploads\\\/2021\\\/01\\\/solidao-1583442992128_v2_900x506.jpg\",\"articleSection\":[\"Blog\",\"Links\",\"Slider\"],\"inLanguage\":\"pt-BR\",\"potentialAction\":[{\"@type\":\"CommentAction\",\"name\":\"Comment\",\"target\":[\"https:\\\/\\\/www.ronaldocorreiadebrito.com.br\\\/site2\\\/2021\\\/01\\\/do-que-morremos-todos-os-dias\\\/#respond\"]}]},{\"@type\":\"WebPage\",\"@id\":\"https:\\\/\\\/www.ronaldocorreiadebrito.com.br\\\/site2\\\/2021\\\/01\\\/do-que-morremos-todos-os-dias\\\/\",\"url\":\"https:\\\/\\\/www.ronaldocorreiadebrito.com.br\\\/site2\\\/2021\\\/01\\\/do-que-morremos-todos-os-dias\\\/\",\"name\":\"Do que morremos todos os dias | Ronaldo Correia de Brito | site oficial\",\"isPartOf\":{\"@id\":\"https:\\\/\\\/www.ronaldocorreiadebrito.com.br\\\/site2\\\/#website\"},\"primaryImageOfPage\":{\"@id\":\"https:\\\/\\\/www.ronaldocorreiadebrito.com.br\\\/site2\\\/2021\\\/01\\\/do-que-morremos-todos-os-dias\\\/#primaryimage\"},\"image\":{\"@id\":\"https:\\\/\\\/www.ronaldocorreiadebrito.com.br\\\/site2\\\/2021\\\/01\\\/do-que-morremos-todos-os-dias\\\/#primaryimage\"},\"thumbnailUrl\":\"https:\\\/\\\/www.ronaldocorreiadebrito.com.br\\\/site2\\\/wp-content\\\/uploads\\\/2021\\\/01\\\/solidao-1583442992128_v2_900x506.jpg\",\"datePublished\":\"2021-01-13T13:19:29+00:00\",\"dateModified\":\"2021-01-13T13:20:18+00:00\",\"author\":{\"@id\":\"https:\\\/\\\/www.ronaldocorreiadebrito.com.br\\\/site2\\\/#\\\/schema\\\/person\\\/99a164d0eaaff7f78b11899bc7d5e7c9\"},\"breadcrumb\":{\"@id\":\"https:\\\/\\\/www.ronaldocorreiadebrito.com.br\\\/site2\\\/2021\\\/01\\\/do-que-morremos-todos-os-dias\\\/#breadcrumb\"},\"inLanguage\":\"pt-BR\",\"potentialAction\":[{\"@type\":\"ReadAction\",\"target\":[\"https:\\\/\\\/www.ronaldocorreiadebrito.com.br\\\/site2\\\/2021\\\/01\\\/do-que-morremos-todos-os-dias\\\/\"]}]},{\"@type\":\"ImageObject\",\"inLanguage\":\"pt-BR\",\"@id\":\"https:\\\/\\\/www.ronaldocorreiadebrito.com.br\\\/site2\\\/2021\\\/01\\\/do-que-morremos-todos-os-dias\\\/#primaryimage\",\"url\":\"https:\\\/\\\/www.ronaldocorreiadebrito.com.br\\\/site2\\\/wp-content\\\/uploads\\\/2021\\\/01\\\/solidao-1583442992128_v2_900x506.jpg\",\"contentUrl\":\"https:\\\/\\\/www.ronaldocorreiadebrito.com.br\\\/site2\\\/wp-content\\\/uploads\\\/2021\\\/01\\\/solidao-1583442992128_v2_900x506.jpg\",\"width\":900,\"height\":506},{\"@type\":\"BreadcrumbList\",\"@id\":\"https:\\\/\\\/www.ronaldocorreiadebrito.com.br\\\/site2\\\/2021\\\/01\\\/do-que-morremos-todos-os-dias\\\/#breadcrumb\",\"itemListElement\":[{\"@type\":\"ListItem\",\"position\":1,\"name\":\"In\u00edcio\",\"item\":\"https:\\\/\\\/www.ronaldocorreiadebrito.com.br\\\/site2\\\/\"},{\"@type\":\"ListItem\",\"position\":2,\"name\":\"Do que morremos todos os dias\"}]},{\"@type\":\"WebSite\",\"@id\":\"https:\\\/\\\/www.ronaldocorreiadebrito.com.br\\\/site2\\\/#website\",\"url\":\"https:\\\/\\\/www.ronaldocorreiadebrito.com.br\\\/site2\\\/\",\"name\":\"Ronaldo Correia de Brito | site oficial\",\"description\":\"Site oficial do escritor Ronaldo Correia de Brito\",\"potentialAction\":[{\"@type\":\"SearchAction\",\"target\":{\"@type\":\"EntryPoint\",\"urlTemplate\":\"https:\\\/\\\/www.ronaldocorreiadebrito.com.br\\\/site2\\\/?s={search_term_string}\"},\"query-input\":{\"@type\":\"PropertyValueSpecification\",\"valueRequired\":true,\"valueName\":\"search_term_string\"}}],\"inLanguage\":\"pt-BR\"},{\"@type\":\"Person\",\"@id\":\"https:\\\/\\\/www.ronaldocorreiadebrito.com.br\\\/site2\\\/#\\\/schema\\\/person\\\/99a164d0eaaff7f78b11899bc7d5e7c9\",\"name\":\"admin\",\"url\":\"https:\\\/\\\/www.ronaldocorreiadebrito.com.br\\\/site2\\\/author\\\/admin\\\/\"}]}<\/script>\n<!-- \/ Yoast SEO plugin. -->","yoast_head_json":{"title":"Do que morremos todos os dias | Ronaldo Correia de Brito | site oficial","robots":{"index":"index","follow":"follow","max-snippet":"max-snippet:-1","max-image-preview":"max-image-preview:large","max-video-preview":"max-video-preview:-1"},"canonical":"https:\/\/www.ronaldocorreiadebrito.com.br\/site2\/2021\/01\/do-que-morremos-todos-os-dias\/","og_locale":"pt_BR","og_type":"article","og_title":"Do que morremos todos os dias | Ronaldo Correia de Brito | site oficial","og_description":"\u00c0 luz do primeiro sol da madrugada, olhei da varanda os morros de Casa Amarela e senti um aperto na alma, beirando a ang\u00fastia. O dourado e azul das casas, a cada dia mais escassas de quintais, \u00e1rvores, arbustos e flores, doeram pela separa\u00e7\u00e3o. Sofro...","og_url":"https:\/\/www.ronaldocorreiadebrito.com.br\/site2\/2021\/01\/do-que-morremos-todos-os-dias\/","og_site_name":"Ronaldo Correia de Brito | site oficial","article_publisher":"https:\/\/www.facebook.com\/ronaldocorreiadebrito.oficial","article_published_time":"2021-01-13T13:19:29+00:00","article_modified_time":"2021-01-13T13:20:18+00:00","og_image":[{"width":900,"height":506,"url":"https:\/\/www.ronaldocorreiadebrito.com.br\/site2\/wp-content\/uploads\/2021\/01\/solidao-1583442992128_v2_900x506.jpg","type":"image\/jpeg"}],"author":"admin","twitter_card":"summary_large_image","twitter_misc":{"Escrito por":"admin","Est. tempo de leitura":"4 minutos"},"schema":{"@context":"https:\/\/schema.org","@graph":[{"@type":"Article","@id":"https:\/\/www.ronaldocorreiadebrito.com.br\/site2\/2021\/01\/do-que-morremos-todos-os-dias\/#article","isPartOf":{"@id":"https:\/\/www.ronaldocorreiadebrito.com.br\/site2\/2021\/01\/do-que-morremos-todos-os-dias\/"},"author":{"name":"admin","@id":"https:\/\/www.ronaldocorreiadebrito.com.br\/site2\/#\/schema\/person\/99a164d0eaaff7f78b11899bc7d5e7c9"},"headline":"Do que morremos todos os dias","datePublished":"2021-01-13T13:19:29+00:00","dateModified":"2021-01-13T13:20:18+00:00","mainEntityOfPage":{"@id":"https:\/\/www.ronaldocorreiadebrito.com.br\/site2\/2021\/01\/do-que-morremos-todos-os-dias\/"},"wordCount":783,"commentCount":0,"image":{"@id":"https:\/\/www.ronaldocorreiadebrito.com.br\/site2\/2021\/01\/do-que-morremos-todos-os-dias\/#primaryimage"},"thumbnailUrl":"https:\/\/www.ronaldocorreiadebrito.com.br\/site2\/wp-content\/uploads\/2021\/01\/solidao-1583442992128_v2_900x506.jpg","articleSection":["Blog","Links","Slider"],"inLanguage":"pt-BR","potentialAction":[{"@type":"CommentAction","name":"Comment","target":["https:\/\/www.ronaldocorreiadebrito.com.br\/site2\/2021\/01\/do-que-morremos-todos-os-dias\/#respond"]}]},{"@type":"WebPage","@id":"https:\/\/www.ronaldocorreiadebrito.com.br\/site2\/2021\/01\/do-que-morremos-todos-os-dias\/","url":"https:\/\/www.ronaldocorreiadebrito.com.br\/site2\/2021\/01\/do-que-morremos-todos-os-dias\/","name":"Do que morremos todos os dias | Ronaldo Correia de Brito | site oficial","isPartOf":{"@id":"https:\/\/www.ronaldocorreiadebrito.com.br\/site2\/#website"},"primaryImageOfPage":{"@id":"https:\/\/www.ronaldocorreiadebrito.com.br\/site2\/2021\/01\/do-que-morremos-todos-os-dias\/#primaryimage"},"image":{"@id":"https:\/\/www.ronaldocorreiadebrito.com.br\/site2\/2021\/01\/do-que-morremos-todos-os-dias\/#primaryimage"},"thumbnailUrl":"https:\/\/www.ronaldocorreiadebrito.com.br\/site2\/wp-content\/uploads\/2021\/01\/solidao-1583442992128_v2_900x506.jpg","datePublished":"2021-01-13T13:19:29+00:00","dateModified":"2021-01-13T13:20:18+00:00","author":{"@id":"https:\/\/www.ronaldocorreiadebrito.com.br\/site2\/#\/schema\/person\/99a164d0eaaff7f78b11899bc7d5e7c9"},"breadcrumb":{"@id":"https:\/\/www.ronaldocorreiadebrito.com.br\/site2\/2021\/01\/do-que-morremos-todos-os-dias\/#breadcrumb"},"inLanguage":"pt-BR","potentialAction":[{"@type":"ReadAction","target":["https:\/\/www.ronaldocorreiadebrito.com.br\/site2\/2021\/01\/do-que-morremos-todos-os-dias\/"]}]},{"@type":"ImageObject","inLanguage":"pt-BR","@id":"https:\/\/www.ronaldocorreiadebrito.com.br\/site2\/2021\/01\/do-que-morremos-todos-os-dias\/#primaryimage","url":"https:\/\/www.ronaldocorreiadebrito.com.br\/site2\/wp-content\/uploads\/2021\/01\/solidao-1583442992128_v2_900x506.jpg","contentUrl":"https:\/\/www.ronaldocorreiadebrito.com.br\/site2\/wp-content\/uploads\/2021\/01\/solidao-1583442992128_v2_900x506.jpg","width":900,"height":506},{"@type":"BreadcrumbList","@id":"https:\/\/www.ronaldocorreiadebrito.com.br\/site2\/2021\/01\/do-que-morremos-todos-os-dias\/#breadcrumb","itemListElement":[{"@type":"ListItem","position":1,"name":"In\u00edcio","item":"https:\/\/www.ronaldocorreiadebrito.com.br\/site2\/"},{"@type":"ListItem","position":2,"name":"Do que morremos todos os dias"}]},{"@type":"WebSite","@id":"https:\/\/www.ronaldocorreiadebrito.com.br\/site2\/#website","url":"https:\/\/www.ronaldocorreiadebrito.com.br\/site2\/","name":"Ronaldo Correia de Brito | site oficial","description":"Site oficial do escritor Ronaldo Correia de Brito","potentialAction":[{"@type":"SearchAction","target":{"@type":"EntryPoint","urlTemplate":"https:\/\/www.ronaldocorreiadebrito.com.br\/site2\/?s={search_term_string}"},"query-input":{"@type":"PropertyValueSpecification","valueRequired":true,"valueName":"search_term_string"}}],"inLanguage":"pt-BR"},{"@type":"Person","@id":"https:\/\/www.ronaldocorreiadebrito.com.br\/site2\/#\/schema\/person\/99a164d0eaaff7f78b11899bc7d5e7c9","name":"admin","url":"https:\/\/www.ronaldocorreiadebrito.com.br\/site2\/author\/admin\/"}]}},"wps_subtitle":"","_links":{"self":[{"href":"https:\/\/www.ronaldocorreiadebrito.com.br\/site2\/wp-json\/wp\/v2\/posts\/1558","targetHints":{"allow":["GET"]}}],"collection":[{"href":"https:\/\/www.ronaldocorreiadebrito.com.br\/site2\/wp-json\/wp\/v2\/posts"}],"about":[{"href":"https:\/\/www.ronaldocorreiadebrito.com.br\/site2\/wp-json\/wp\/v2\/types\/post"}],"author":[{"embeddable":true,"href":"https:\/\/www.ronaldocorreiadebrito.com.br\/site2\/wp-json\/wp\/v2\/users\/1"}],"replies":[{"embeddable":true,"href":"https:\/\/www.ronaldocorreiadebrito.com.br\/site2\/wp-json\/wp\/v2\/comments?post=1558"}],"version-history":[{"count":0,"href":"https:\/\/www.ronaldocorreiadebrito.com.br\/site2\/wp-json\/wp\/v2\/posts\/1558\/revisions"}],"wp:featuredmedia":[{"embeddable":true,"href":"https:\/\/www.ronaldocorreiadebrito.com.br\/site2\/wp-json\/wp\/v2\/media\/1560"}],"wp:attachment":[{"href":"https:\/\/www.ronaldocorreiadebrito.com.br\/site2\/wp-json\/wp\/v2\/media?parent=1558"}],"wp:term":[{"taxonomy":"category","embeddable":true,"href":"https:\/\/www.ronaldocorreiadebrito.com.br\/site2\/wp-json\/wp\/v2\/categories?post=1558"},{"taxonomy":"post_tag","embeddable":true,"href":"https:\/\/www.ronaldocorreiadebrito.com.br\/site2\/wp-json\/wp\/v2\/tags?post=1558"}],"curies":[{"name":"wp","href":"https:\/\/api.w.org\/{rel}","templated":true}]}}