{"id":1545,"date":"2021-01-06T16:41:06","date_gmt":"2021-01-06T19:41:06","guid":{"rendered":"http:\/\/www.ronaldocorreiadebrito.com.br\/site2\/?p=1545"},"modified":"2021-01-06T16:41:06","modified_gmt":"2021-01-06T19:41:06","slug":"nao-existe-vacina-da-pfizer-contra-ignorancia","status":"publish","type":"post","link":"https:\/\/www.ronaldocorreiadebrito.com.br\/site2\/2021\/01\/nao-existe-vacina-da-pfizer-contra-ignorancia\/","title":{"rendered":"N\u00e3o existe vacina da Pfizer contra a ignor\u00e2ncia"},"content":{"rendered":"<p class=\"p1\"><span class=\"s1\">Quem lembra as li\u00e7\u00f5es de biologia? H\u00e1 um per\u00edodo chamado de interfase em que as c\u00e9lulas criam condi\u00e7\u00f5es para se dividir e originar c\u00e9lulas filhas. Parece que nada acontece, tudo se encontra em in\u00e9rcia, mas \u00e9 nessa fase que a energia se acumula para o evento. Igual ao estado que precede a explos\u00e3o criadora, carregado de mist\u00e9rio e simbolismo. <\/span><\/p>\n<p class=\"p1\"><span class=\"s1\">Os escritores tamb\u00e9m apresentam interfases, o tempo imensur\u00e1vel entre uma cria\u00e7\u00e3o e outra. Geralmente, enquanto d\u00e3o acabamento num romance, as ideias para o livro seguinte se armazenam em cadernetas, em arquivos e na imagina\u00e7\u00e3o. <\/span><\/p>\n<p class=\"p1\"><span class=\"s1\">Est\u00e1 na natureza das c\u00e9lulas dividir-se em outras c\u00e9lulas, por mitose ou meiose. Uma lei biol\u00f3gica determina isso. O artista cria fora da lei, em d\u00favida. Seu impulso criador \u00e9 desafiado a cada obra. Alguns desistem cedo, como Juan Rulfo e Raduan Nassar. Outros se esgotam como se nada mais pudesse eclodir do seu g\u00eanio. Shakespeare seria o maior exemplo de todos. \u201cPersistiu vinte anos nessa alucina\u00e7\u00e3o dirigida, mas uma manh\u00e3 surpreenderam-no o fastio e o horror de ser tantos reis que morrem pela espada e tantos desditados amantes que convergem, divergem e melodiosamente agonizam\u201d.<\/span><span class=\"s2\"> *1<\/span><\/p>\n<p class=\"p1\"><span class=\"s1\">Talvez a pergunta mais obsessiva seja: para quem escrevo?<\/span><\/p>\n<p class=\"p1\"><span class=\"s1\">Ou por que escrevo? <\/span><\/p>\n<p class=\"p1\"><span class=\"s1\">No Brasil, a d\u00favida se tornou lancinante. Os editores proclamaram a crise na leitura, embora acreditem que a literatura continuar\u00e1 sempre existindo. A venda de livros caiu, os jornais impressos entraram em fal\u00eancia. Quem l\u00ea? Se comparamos \u00e0 performance do romancista Jorge Amado, mesmo nas d\u00e9cadas de 1950 e 1960 ele vendia incomparavelmente mais do que os bons romancistas de agora. At\u00e9 as biografias e os livros para jovens, o grande fil\u00e3o que sustentava o mercado, permitindo o investimento em escritores de vendas modestas, despencaram. Jorge Amado supunha abrir um caminho para o romance nacional, que atr\u00e1s dele viriam outros romancistas de igual ou maior sucesso, mas isso n\u00e3o aconteceu. Continuou isolado com as maiores tiragens, a menos que se considere o fen\u00f4meno Paulo Coelho.<\/span><\/p>\n<p class=\"p1\"><span class=\"s1\">Permanece o analfabetismo de quando o poeta Augusto Frederico Schmidt dava os primeiros passos na cria\u00e7\u00e3o de um mercado editorial. Ler continua um privil\u00e9gio de poucos. A esse problema se somou outro, n\u00e3o menos grave, o da censura \u00e0 livre leitura, feito pelas religi\u00f5es pentecostais e neopentecostais, um p\u00fablico leitor de cerca de 50 milh\u00f5es, que se autoriza um \u00fanico livro, A B\u00edblia. Parecemos retornados aos prim\u00f3rdios de Lutero e aos cinco <i>sola<\/i>, ao <i>Sola Scriptura<\/i>, somente a Escritura. <\/span><\/p>\n<p class=\"p1\"><span class=\"s1\">A B\u00edblia, na reforma protestante, tem absoluta primazia diante da Tradi\u00e7\u00e3o legada pelo magist\u00e9rio da Igreja Crist\u00e3. Se houver diverg\u00eancias entre B\u00edblia e Tradi\u00e7\u00e3o, a B\u00edblia ter\u00e1 primazia. Nos movimentos radicais como os anabatistas e puritanos, considera-se que a Escritura interpreta a pr\u00f3pria escritura, sendo a \u00fanica fonte de doutrina e pr\u00e1tica crist\u00e3s, em todos os aspectos. O que nos lembra o radicalismo de algumas religi\u00f5es isl\u00e2micas ou a ortodoxia judaica. <\/span><\/p>\n<p class=\"p1\"><span class=\"s1\">Sobram quais leitores para a fic\u00e7\u00e3o e a poesia? Somados os analfabetos funcionais, os censurados religiosos, os que consideram os livros sup\u00e9rfluos, os que n\u00e3o t\u00eam dinheiro nem motiva\u00e7\u00e3o para entrar numa livraria ou num site de vendas, os que se limitam aos textos do <i>WhatsApp<\/i> e do <i>Face book<\/i>, restam bem poucos. Esse tempo iluminado e de falsas portas abertas come\u00e7a a se assemelhar com a Idade M\u00e9dia, quando o conhecimento era preservado e escondido nas bibliotecas dos conventos.<\/span><\/p>\n<p class=\"p1\"><span class=\"s1\">A compara\u00e7\u00e3o \u00e9 pertinente. O acesso \u00e0 informa\u00e7\u00e3o e ao saber nunca pareceu t\u00e3o f\u00e1cil, t\u00e3o verdadeiro. Mas o manique\u00edsmo e a mentira em que o conhecimento moderno vem embalado \u00e9 o mesmo dos tempos obscuros. J\u00e1 n\u00e3o \u00e9 apenas a Igreja Cat\u00f3lica quem manipula a informa\u00e7\u00e3o e as promessas de salva\u00e7\u00e3o. S\u00e3o outras igrejas, outros poderes pol\u00edticos e econ\u00f4micos. A orgia de informa\u00e7\u00f5es, o banquete de conhecimento servido de gra\u00e7a tamb\u00e9m pode ter o objetivo perverso de confundir, enganar, manter na ignor\u00e2ncia, impedir o discernimento e o livre pensar. Bem pior do que fazia o Vaticano vendendo indulg\u00eancias plenas, porque agora se cria a arrog\u00e2ncia do saber. S\u00f3 que esse saber cheio de soberba \u00e9 falso.<\/span><\/p>\n<p class=\"p1\"><span class=\"s1\">N\u00e3o h\u00e1 interfase nem descanso na mitose e meiose da ignor\u00e2ncia. A cegueira falsificada em vis\u00e3o 3d acomete em epidemia. A vacina \u00e9 usada por bem poucos. Nem vou revelar quais seriam. Pensem.<\/span><\/p>\n<p class=\"p4\"><span class=\"s1\">*1 Jorge Luis Borges<\/span><\/p>\n","protected":false},"excerpt":{"rendered":"<p>Quem lembra as li\u00e7\u00f5es de biologia? H\u00e1 um per\u00edodo chamado de interfase em que as c\u00e9lulas criam condi\u00e7\u00f5es para se dividir e originar c\u00e9lulas filhas. Parece que nada acontece, tudo se encontra em in\u00e9rcia, mas \u00e9 nessa fase que a energia se acumula para o&#8230;<\/p>\n","protected":false},"author":1,"featured_media":1547,"comment_status":"open","ping_status":"closed","sticky":false,"template":"","format":"standard","meta":{"sfsi_plus_gutenberg_text_before_share":"","sfsi_plus_gutenberg_show_text_before_share":"","sfsi_plus_gutenberg_icon_type":"","sfsi_plus_gutenberg_icon_alignemt":"","sfsi_plus_gutenburg_max_per_row":"","footnotes":""},"categories":[8,46,45],"tags":[],"class_list":["post-1545","post","type-post","status-publish","format-standard","has-post-thumbnail","hentry","category-blog","category-links","category-slider"],"yoast_head":"<!-- This site is optimized with the Yoast SEO plugin v27.4 - https:\/\/yoast.com\/product\/yoast-seo-wordpress\/ -->\n<title>N\u00e3o existe vacina da Pfizer contra a ignor\u00e2ncia | Ronaldo Correia de Brito | site oficial<\/title>\n<meta name=\"robots\" content=\"index, follow, max-snippet:-1, max-image-preview:large, max-video-preview:-1\" \/>\n<link rel=\"canonical\" href=\"https:\/\/www.ronaldocorreiadebrito.com.br\/site2\/2021\/01\/nao-existe-vacina-da-pfizer-contra-ignorancia\/\" \/>\n<meta property=\"og:locale\" content=\"pt_BR\" \/>\n<meta property=\"og:type\" content=\"article\" \/>\n<meta property=\"og:title\" content=\"N\u00e3o existe vacina da Pfizer contra a ignor\u00e2ncia | Ronaldo Correia de Brito | site oficial\" \/>\n<meta property=\"og:description\" content=\"Quem lembra as li\u00e7\u00f5es de biologia? H\u00e1 um per\u00edodo chamado de interfase em que as c\u00e9lulas criam condi\u00e7\u00f5es para se dividir e originar c\u00e9lulas filhas. Parece que nada acontece, tudo se encontra em in\u00e9rcia, mas \u00e9 nessa fase que a energia se acumula para o...\" \/>\n<meta property=\"og:url\" content=\"https:\/\/www.ronaldocorreiadebrito.com.br\/site2\/2021\/01\/nao-existe-vacina-da-pfizer-contra-ignorancia\/\" \/>\n<meta property=\"og:site_name\" content=\"Ronaldo Correia de Brito | site oficial\" \/>\n<meta property=\"article:publisher\" content=\"https:\/\/www.facebook.com\/ronaldocorreiadebrito.oficial\" \/>\n<meta property=\"article:published_time\" content=\"2021-01-06T19:41:06+00:00\" \/>\n<meta property=\"og:image\" content=\"https:\/\/www.ronaldocorreiadebrito.com.br\/site2\/wp-content\/uploads\/2021\/01\/image_processing20200327-16011-qz1v02-1.jpeg\" \/>\n\t<meta property=\"og:image:width\" content=\"500\" \/>\n\t<meta property=\"og:image:height\" content=\"333\" \/>\n\t<meta property=\"og:image:type\" content=\"image\/jpeg\" \/>\n<meta name=\"author\" content=\"admin\" \/>\n<meta name=\"twitter:card\" content=\"summary_large_image\" \/>\n<meta name=\"twitter:label1\" content=\"Escrito por\" \/>\n\t<meta name=\"twitter:data1\" content=\"admin\" \/>\n\t<meta name=\"twitter:label2\" content=\"Est. tempo de leitura\" \/>\n\t<meta name=\"twitter:data2\" content=\"4 minutos\" \/>\n<script type=\"application\/ld+json\" class=\"yoast-schema-graph\">{\"@context\":\"https:\\\/\\\/schema.org\",\"@graph\":[{\"@type\":\"Article\",\"@id\":\"https:\\\/\\\/www.ronaldocorreiadebrito.com.br\\\/site2\\\/2021\\\/01\\\/nao-existe-vacina-da-pfizer-contra-ignorancia\\\/#article\",\"isPartOf\":{\"@id\":\"https:\\\/\\\/www.ronaldocorreiadebrito.com.br\\\/site2\\\/2021\\\/01\\\/nao-existe-vacina-da-pfizer-contra-ignorancia\\\/\"},\"author\":{\"name\":\"admin\",\"@id\":\"https:\\\/\\\/www.ronaldocorreiadebrito.com.br\\\/site2\\\/#\\\/schema\\\/person\\\/99a164d0eaaff7f78b11899bc7d5e7c9\"},\"headline\":\"N\u00e3o existe vacina da Pfizer contra a ignor\u00e2ncia\",\"datePublished\":\"2021-01-06T19:41:06+00:00\",\"mainEntityOfPage\":{\"@id\":\"https:\\\/\\\/www.ronaldocorreiadebrito.com.br\\\/site2\\\/2021\\\/01\\\/nao-existe-vacina-da-pfizer-contra-ignorancia\\\/\"},\"wordCount\":781,\"commentCount\":0,\"image\":{\"@id\":\"https:\\\/\\\/www.ronaldocorreiadebrito.com.br\\\/site2\\\/2021\\\/01\\\/nao-existe-vacina-da-pfizer-contra-ignorancia\\\/#primaryimage\"},\"thumbnailUrl\":\"https:\\\/\\\/www.ronaldocorreiadebrito.com.br\\\/site2\\\/wp-content\\\/uploads\\\/2021\\\/01\\\/image_processing20200327-16011-qz1v02-1.jpeg\",\"articleSection\":[\"Blog\",\"Links\",\"Slider\"],\"inLanguage\":\"pt-BR\",\"potentialAction\":[{\"@type\":\"CommentAction\",\"name\":\"Comment\",\"target\":[\"https:\\\/\\\/www.ronaldocorreiadebrito.com.br\\\/site2\\\/2021\\\/01\\\/nao-existe-vacina-da-pfizer-contra-ignorancia\\\/#respond\"]}]},{\"@type\":\"WebPage\",\"@id\":\"https:\\\/\\\/www.ronaldocorreiadebrito.com.br\\\/site2\\\/2021\\\/01\\\/nao-existe-vacina-da-pfizer-contra-ignorancia\\\/\",\"url\":\"https:\\\/\\\/www.ronaldocorreiadebrito.com.br\\\/site2\\\/2021\\\/01\\\/nao-existe-vacina-da-pfizer-contra-ignorancia\\\/\",\"name\":\"N\u00e3o existe vacina da Pfizer contra a ignor\u00e2ncia | Ronaldo Correia de Brito | site oficial\",\"isPartOf\":{\"@id\":\"https:\\\/\\\/www.ronaldocorreiadebrito.com.br\\\/site2\\\/#website\"},\"primaryImageOfPage\":{\"@id\":\"https:\\\/\\\/www.ronaldocorreiadebrito.com.br\\\/site2\\\/2021\\\/01\\\/nao-existe-vacina-da-pfizer-contra-ignorancia\\\/#primaryimage\"},\"image\":{\"@id\":\"https:\\\/\\\/www.ronaldocorreiadebrito.com.br\\\/site2\\\/2021\\\/01\\\/nao-existe-vacina-da-pfizer-contra-ignorancia\\\/#primaryimage\"},\"thumbnailUrl\":\"https:\\\/\\\/www.ronaldocorreiadebrito.com.br\\\/site2\\\/wp-content\\\/uploads\\\/2021\\\/01\\\/image_processing20200327-16011-qz1v02-1.jpeg\",\"datePublished\":\"2021-01-06T19:41:06+00:00\",\"author\":{\"@id\":\"https:\\\/\\\/www.ronaldocorreiadebrito.com.br\\\/site2\\\/#\\\/schema\\\/person\\\/99a164d0eaaff7f78b11899bc7d5e7c9\"},\"breadcrumb\":{\"@id\":\"https:\\\/\\\/www.ronaldocorreiadebrito.com.br\\\/site2\\\/2021\\\/01\\\/nao-existe-vacina-da-pfizer-contra-ignorancia\\\/#breadcrumb\"},\"inLanguage\":\"pt-BR\",\"potentialAction\":[{\"@type\":\"ReadAction\",\"target\":[\"https:\\\/\\\/www.ronaldocorreiadebrito.com.br\\\/site2\\\/2021\\\/01\\\/nao-existe-vacina-da-pfizer-contra-ignorancia\\\/\"]}]},{\"@type\":\"ImageObject\",\"inLanguage\":\"pt-BR\",\"@id\":\"https:\\\/\\\/www.ronaldocorreiadebrito.com.br\\\/site2\\\/2021\\\/01\\\/nao-existe-vacina-da-pfizer-contra-ignorancia\\\/#primaryimage\",\"url\":\"https:\\\/\\\/www.ronaldocorreiadebrito.com.br\\\/site2\\\/wp-content\\\/uploads\\\/2021\\\/01\\\/image_processing20200327-16011-qz1v02-1.jpeg\",\"contentUrl\":\"https:\\\/\\\/www.ronaldocorreiadebrito.com.br\\\/site2\\\/wp-content\\\/uploads\\\/2021\\\/01\\\/image_processing20200327-16011-qz1v02-1.jpeg\",\"width\":500,\"height\":333},{\"@type\":\"BreadcrumbList\",\"@id\":\"https:\\\/\\\/www.ronaldocorreiadebrito.com.br\\\/site2\\\/2021\\\/01\\\/nao-existe-vacina-da-pfizer-contra-ignorancia\\\/#breadcrumb\",\"itemListElement\":[{\"@type\":\"ListItem\",\"position\":1,\"name\":\"In\u00edcio\",\"item\":\"https:\\\/\\\/www.ronaldocorreiadebrito.com.br\\\/site2\\\/\"},{\"@type\":\"ListItem\",\"position\":2,\"name\":\"N\u00e3o existe vacina da Pfizer contra a ignor\u00e2ncia\"}]},{\"@type\":\"WebSite\",\"@id\":\"https:\\\/\\\/www.ronaldocorreiadebrito.com.br\\\/site2\\\/#website\",\"url\":\"https:\\\/\\\/www.ronaldocorreiadebrito.com.br\\\/site2\\\/\",\"name\":\"Ronaldo Correia de Brito | site oficial\",\"description\":\"Site oficial do escritor Ronaldo Correia de Brito\",\"potentialAction\":[{\"@type\":\"SearchAction\",\"target\":{\"@type\":\"EntryPoint\",\"urlTemplate\":\"https:\\\/\\\/www.ronaldocorreiadebrito.com.br\\\/site2\\\/?s={search_term_string}\"},\"query-input\":{\"@type\":\"PropertyValueSpecification\",\"valueRequired\":true,\"valueName\":\"search_term_string\"}}],\"inLanguage\":\"pt-BR\"},{\"@type\":\"Person\",\"@id\":\"https:\\\/\\\/www.ronaldocorreiadebrito.com.br\\\/site2\\\/#\\\/schema\\\/person\\\/99a164d0eaaff7f78b11899bc7d5e7c9\",\"name\":\"admin\",\"url\":\"https:\\\/\\\/www.ronaldocorreiadebrito.com.br\\\/site2\\\/author\\\/admin\\\/\"}]}<\/script>\n<!-- \/ Yoast SEO plugin. -->","yoast_head_json":{"title":"N\u00e3o existe vacina da Pfizer contra a ignor\u00e2ncia | Ronaldo Correia de Brito | site oficial","robots":{"index":"index","follow":"follow","max-snippet":"max-snippet:-1","max-image-preview":"max-image-preview:large","max-video-preview":"max-video-preview:-1"},"canonical":"https:\/\/www.ronaldocorreiadebrito.com.br\/site2\/2021\/01\/nao-existe-vacina-da-pfizer-contra-ignorancia\/","og_locale":"pt_BR","og_type":"article","og_title":"N\u00e3o existe vacina da Pfizer contra a ignor\u00e2ncia | Ronaldo Correia de Brito | site oficial","og_description":"Quem lembra as li\u00e7\u00f5es de biologia? H\u00e1 um per\u00edodo chamado de interfase em que as c\u00e9lulas criam condi\u00e7\u00f5es para se dividir e originar c\u00e9lulas filhas. Parece que nada acontece, tudo se encontra em in\u00e9rcia, mas \u00e9 nessa fase que a energia se acumula para o...","og_url":"https:\/\/www.ronaldocorreiadebrito.com.br\/site2\/2021\/01\/nao-existe-vacina-da-pfizer-contra-ignorancia\/","og_site_name":"Ronaldo Correia de Brito | site oficial","article_publisher":"https:\/\/www.facebook.com\/ronaldocorreiadebrito.oficial","article_published_time":"2021-01-06T19:41:06+00:00","og_image":[{"width":500,"height":333,"url":"https:\/\/www.ronaldocorreiadebrito.com.br\/site2\/wp-content\/uploads\/2021\/01\/image_processing20200327-16011-qz1v02-1.jpeg","type":"image\/jpeg"}],"author":"admin","twitter_card":"summary_large_image","twitter_misc":{"Escrito por":"admin","Est. tempo de leitura":"4 minutos"},"schema":{"@context":"https:\/\/schema.org","@graph":[{"@type":"Article","@id":"https:\/\/www.ronaldocorreiadebrito.com.br\/site2\/2021\/01\/nao-existe-vacina-da-pfizer-contra-ignorancia\/#article","isPartOf":{"@id":"https:\/\/www.ronaldocorreiadebrito.com.br\/site2\/2021\/01\/nao-existe-vacina-da-pfizer-contra-ignorancia\/"},"author":{"name":"admin","@id":"https:\/\/www.ronaldocorreiadebrito.com.br\/site2\/#\/schema\/person\/99a164d0eaaff7f78b11899bc7d5e7c9"},"headline":"N\u00e3o existe vacina da Pfizer contra a ignor\u00e2ncia","datePublished":"2021-01-06T19:41:06+00:00","mainEntityOfPage":{"@id":"https:\/\/www.ronaldocorreiadebrito.com.br\/site2\/2021\/01\/nao-existe-vacina-da-pfizer-contra-ignorancia\/"},"wordCount":781,"commentCount":0,"image":{"@id":"https:\/\/www.ronaldocorreiadebrito.com.br\/site2\/2021\/01\/nao-existe-vacina-da-pfizer-contra-ignorancia\/#primaryimage"},"thumbnailUrl":"https:\/\/www.ronaldocorreiadebrito.com.br\/site2\/wp-content\/uploads\/2021\/01\/image_processing20200327-16011-qz1v02-1.jpeg","articleSection":["Blog","Links","Slider"],"inLanguage":"pt-BR","potentialAction":[{"@type":"CommentAction","name":"Comment","target":["https:\/\/www.ronaldocorreiadebrito.com.br\/site2\/2021\/01\/nao-existe-vacina-da-pfizer-contra-ignorancia\/#respond"]}]},{"@type":"WebPage","@id":"https:\/\/www.ronaldocorreiadebrito.com.br\/site2\/2021\/01\/nao-existe-vacina-da-pfizer-contra-ignorancia\/","url":"https:\/\/www.ronaldocorreiadebrito.com.br\/site2\/2021\/01\/nao-existe-vacina-da-pfizer-contra-ignorancia\/","name":"N\u00e3o existe vacina da Pfizer contra a ignor\u00e2ncia | Ronaldo Correia de Brito | site oficial","isPartOf":{"@id":"https:\/\/www.ronaldocorreiadebrito.com.br\/site2\/#website"},"primaryImageOfPage":{"@id":"https:\/\/www.ronaldocorreiadebrito.com.br\/site2\/2021\/01\/nao-existe-vacina-da-pfizer-contra-ignorancia\/#primaryimage"},"image":{"@id":"https:\/\/www.ronaldocorreiadebrito.com.br\/site2\/2021\/01\/nao-existe-vacina-da-pfizer-contra-ignorancia\/#primaryimage"},"thumbnailUrl":"https:\/\/www.ronaldocorreiadebrito.com.br\/site2\/wp-content\/uploads\/2021\/01\/image_processing20200327-16011-qz1v02-1.jpeg","datePublished":"2021-01-06T19:41:06+00:00","author":{"@id":"https:\/\/www.ronaldocorreiadebrito.com.br\/site2\/#\/schema\/person\/99a164d0eaaff7f78b11899bc7d5e7c9"},"breadcrumb":{"@id":"https:\/\/www.ronaldocorreiadebrito.com.br\/site2\/2021\/01\/nao-existe-vacina-da-pfizer-contra-ignorancia\/#breadcrumb"},"inLanguage":"pt-BR","potentialAction":[{"@type":"ReadAction","target":["https:\/\/www.ronaldocorreiadebrito.com.br\/site2\/2021\/01\/nao-existe-vacina-da-pfizer-contra-ignorancia\/"]}]},{"@type":"ImageObject","inLanguage":"pt-BR","@id":"https:\/\/www.ronaldocorreiadebrito.com.br\/site2\/2021\/01\/nao-existe-vacina-da-pfizer-contra-ignorancia\/#primaryimage","url":"https:\/\/www.ronaldocorreiadebrito.com.br\/site2\/wp-content\/uploads\/2021\/01\/image_processing20200327-16011-qz1v02-1.jpeg","contentUrl":"https:\/\/www.ronaldocorreiadebrito.com.br\/site2\/wp-content\/uploads\/2021\/01\/image_processing20200327-16011-qz1v02-1.jpeg","width":500,"height":333},{"@type":"BreadcrumbList","@id":"https:\/\/www.ronaldocorreiadebrito.com.br\/site2\/2021\/01\/nao-existe-vacina-da-pfizer-contra-ignorancia\/#breadcrumb","itemListElement":[{"@type":"ListItem","position":1,"name":"In\u00edcio","item":"https:\/\/www.ronaldocorreiadebrito.com.br\/site2\/"},{"@type":"ListItem","position":2,"name":"N\u00e3o existe vacina da Pfizer contra a ignor\u00e2ncia"}]},{"@type":"WebSite","@id":"https:\/\/www.ronaldocorreiadebrito.com.br\/site2\/#website","url":"https:\/\/www.ronaldocorreiadebrito.com.br\/site2\/","name":"Ronaldo Correia de Brito | site oficial","description":"Site oficial do escritor Ronaldo Correia de Brito","potentialAction":[{"@type":"SearchAction","target":{"@type":"EntryPoint","urlTemplate":"https:\/\/www.ronaldocorreiadebrito.com.br\/site2\/?s={search_term_string}"},"query-input":{"@type":"PropertyValueSpecification","valueRequired":true,"valueName":"search_term_string"}}],"inLanguage":"pt-BR"},{"@type":"Person","@id":"https:\/\/www.ronaldocorreiadebrito.com.br\/site2\/#\/schema\/person\/99a164d0eaaff7f78b11899bc7d5e7c9","name":"admin","url":"https:\/\/www.ronaldocorreiadebrito.com.br\/site2\/author\/admin\/"}]}},"wps_subtitle":"","_links":{"self":[{"href":"https:\/\/www.ronaldocorreiadebrito.com.br\/site2\/wp-json\/wp\/v2\/posts\/1545","targetHints":{"allow":["GET"]}}],"collection":[{"href":"https:\/\/www.ronaldocorreiadebrito.com.br\/site2\/wp-json\/wp\/v2\/posts"}],"about":[{"href":"https:\/\/www.ronaldocorreiadebrito.com.br\/site2\/wp-json\/wp\/v2\/types\/post"}],"author":[{"embeddable":true,"href":"https:\/\/www.ronaldocorreiadebrito.com.br\/site2\/wp-json\/wp\/v2\/users\/1"}],"replies":[{"embeddable":true,"href":"https:\/\/www.ronaldocorreiadebrito.com.br\/site2\/wp-json\/wp\/v2\/comments?post=1545"}],"version-history":[{"count":0,"href":"https:\/\/www.ronaldocorreiadebrito.com.br\/site2\/wp-json\/wp\/v2\/posts\/1545\/revisions"}],"wp:featuredmedia":[{"embeddable":true,"href":"https:\/\/www.ronaldocorreiadebrito.com.br\/site2\/wp-json\/wp\/v2\/media\/1547"}],"wp:attachment":[{"href":"https:\/\/www.ronaldocorreiadebrito.com.br\/site2\/wp-json\/wp\/v2\/media?parent=1545"}],"wp:term":[{"taxonomy":"category","embeddable":true,"href":"https:\/\/www.ronaldocorreiadebrito.com.br\/site2\/wp-json\/wp\/v2\/categories?post=1545"},{"taxonomy":"post_tag","embeddable":true,"href":"https:\/\/www.ronaldocorreiadebrito.com.br\/site2\/wp-json\/wp\/v2\/tags?post=1545"}],"curies":[{"name":"wp","href":"https:\/\/api.w.org\/{rel}","templated":true}]}}