{"id":1538,"date":"2020-12-27T16:31:15","date_gmt":"2020-12-27T19:31:15","guid":{"rendered":"http:\/\/www.ronaldocorreiadebrito.com.br\/site2\/?p=1538"},"modified":"2020-12-27T16:31:15","modified_gmt":"2020-12-27T19:31:15","slug":"vai-continuar-assim","status":"publish","type":"post","link":"https:\/\/www.ronaldocorreiadebrito.com.br\/site2\/2020\/12\/vai-continuar-assim\/","title":{"rendered":"Vai continuar assim"},"content":{"rendered":"<p class=\"p1\"><span class=\"s1\">Que ano dif\u00edcil esse de 2020! Voc\u00eas concordam comigo? Em fevereiro eu viajava pelo sert\u00e3o do Cear\u00e1, na companhia de Reinaldo Moraes e equipe, filmando um epis\u00f3dio da s\u00e9rie \u201cViagem de bolso\u201d, sobre o meu romance <i>Galileia<\/i>. No mesmo m\u00eas eu brincava o Carnaval do Recife, a meio corpo, uma perna na rua e outra dentro de casa. Cismava com a multid\u00e3o e os estrangeiros. Sentia na alma os ventos da peste, a suspeita de que os pr\u00f3ximos a adoecer e morrer ser\u00edamos n\u00f3s. Um Carnaval febril, agonizante, ao som do frevo <i>\u00daltimo dia<\/i>, de Levino Ferreira. O bloco que passou ao meu lado cantava a marcha de Get\u00falio Cavalcanti: \u201cfalam tanto que meu bloco est\u00e1 \/ dando adeus pra nunca mais sair \/ e depois que ele desfilar \/ do seu povo vai se despedir&#8230;\u201d<\/span><\/p>\n<p class=\"p1\"><span class=\"s1\">Em 16 de mar\u00e7o, as primeiras ordens para que se fechassem as portas. Os que podiam, se recolheram. Os pobres, miser\u00e1veis e moradores de rua continuaram perambulando em busca da sobreviv\u00eancia. <i>A peste<\/i>, o <i>Estado de s\u00edtio<\/i>. Inquietos, leitores antigos sopraram a poeira dos livros de Albert Camus. Busquei atmosfera mais soturna e achei-a no romance <i>Sangue na neve<\/i>, de Georges Simenon: \u201co jovem Frank n\u00e3o compreende a vida e entrega-se \u00e0 mais completa solid\u00e3o, num ambiente prop\u00edcio ao mal. O mundo indefinido em que vive, escapa aos limites do tempo e do espa\u00e7o.\u201d <\/span><\/p>\n<p class=\"p1\"><span class=\"s1\">Na pol\u00edtica nacional, ficamos entregues ao obscurantismo, ao negacionismo, num navio \u00e0 deriva, com um capit\u00e3o insano no comando. Pelas lentes opacificadas da luneta, o criminoso nada via de real, apenas delirava com os filhos e a tripula\u00e7\u00e3o de seus comandados. Sob amea\u00e7a de naufr\u00e1gio, transcorrem dois anos. Desses, dez meses numa pandemia. <\/span><\/p>\n<p class=\"p1\"><span class=\"s1\">Nascemos e vivemos por um fio, t\u00eanue como se fosse tecido por aranha. O medo de cont\u00e1gio pelo Covid-19 estica o fio, aumenta o perigo de que ele se rompa. O segundo perigo de cont\u00e1gio pode ser a perda de f\u00e9 na Ci\u00eancia, como no romance de Camus, para quem o triunfo sobre a doen\u00e7a n\u00e3o o ilude: \u201cSabia o que esta multid\u00e3o euf\u00f3rica ignorava, que o bacilo da peste n\u00e3o morre nem desaparece nunca, que pode ficar adormecido durante d\u00e9cadas nos m\u00f3veis ou entre a roupa, que&#8230;\u201d <\/span><\/p>\n<p class=\"p3\"><span class=\"s2\">O Comandante cospe para todos os lados, metralha, debocha do conhecimento acumulado em s\u00e9culos, tripudia, confunde, manipula. Farsa, crime? No livro das Mil e uma noites, ramo eg\u00edpcio, os homens s\u00e3o classificados em quatro. <\/span><span class=\"s3\">O que entende e sabe que entende: \u00e9 o s\u00e1bio, e deveis segui-lo. O que entende e n\u00e3o sabe que entende: \u00e9 o esquecido, e deveis lembr\u00e1-lo. O que n\u00e3o entende e sabe que n\u00e3o entende: \u00e9 algu\u00e9m \u00e0 procura de orienta\u00e7\u00e3o, e deveis orient\u00e1-lo. O que n\u00e3o entende e n\u00e3o sabe que n\u00e3o entende: \u00e9 o ignorante, e deveis tomar cuidado com ele.<span class=\"Apple-converted-space\">\u00a0 <\/span>Fiquem de olho no Senhor Presidente e em seu s\u00e9quito de mequetrefes!<\/span><\/p>\n<p class=\"p1\"><span class=\"s1\">N\u00e3o tivemos comemora\u00e7\u00e3o de P\u00e1scoa, os chocolates amoleceram nas prateleiras dos supermercados. As pessoas que fazem os espet\u00e1culos da Paix\u00e3o em Pernambuco, guardaram os figurinos em sacos de celofane com naftalina. Cristo morreu sem ressuscitar. Os bolsos vazios de t\u00e9cnicos e artistas sacolejaram sem tinido de moedas, nem as da trai\u00e7\u00e3o. Abandonados ao Deus dar\u00e1 os lavradores da arte subiram ao G\u00f3lgota.<\/span><\/p>\n<p class=\"p1\"><span class=\"s1\">N\u00e3o tivemos S\u00e3o Jo\u00e3o. O Nordeste do Brasil sem Jo\u00e3o? Ser\u00e1 poss\u00edvel? \u201cQuem vem de l\u00e1, quem vem do mar, rugindo feito drag\u00e3o, ser\u00e1 S\u00e3o Jo\u00e3o?\u201d De nada valeram os rugidos do santo, n\u00e3o houve festa. Foi proibido o Natal e o Ano Novo. Est\u00e1 proibido o Carnaval no pa\u00eds tropical. O calend\u00e1rio se repete vazio, esvaziado. N\u00e3o teremos P\u00e1scoa. Artistas das Paix\u00f5es de Pernambuco novamente n\u00e3o sacrificar\u00e3o o Cristo e ele novamente n\u00e3o ressuscitar\u00e1 para ganho de todos. <\/span><\/p>\n<p class=\"p1\"><span class=\"s1\">Vai continuar assim. \u00c9 necess\u00e1rio reinventar-se, se adaptar ao novo. A pandemia veio para transformar o que era em n\u00e3o ser\u00e1 mais. Aceite o tempo herm\u00e9tico. Tente encontrar sa\u00eddas e garantir-se vivo.<\/span><\/p>\n<p class=\"p1\"><span class=\"s1\">E feliz 2021! Sem festa de r\u00e9veillon.<\/span><\/p>\n","protected":false},"excerpt":{"rendered":"<p>Que ano dif\u00edcil esse de 2020! Voc\u00eas concordam comigo? Em fevereiro eu viajava pelo sert\u00e3o do Cear\u00e1, na companhia de Reinaldo Moraes e equipe, filmando um epis\u00f3dio da s\u00e9rie \u201cViagem de bolso\u201d, sobre o meu romance Galileia. No mesmo m\u00eas eu brincava o Carnaval do&#8230;<\/p>\n","protected":false},"author":1,"featured_media":1539,"comment_status":"open","ping_status":"closed","sticky":false,"template":"","format":"standard","meta":{"sfsi_plus_gutenberg_text_before_share":"","sfsi_plus_gutenberg_show_text_before_share":"","sfsi_plus_gutenberg_icon_type":"","sfsi_plus_gutenberg_icon_alignemt":"","sfsi_plus_gutenburg_max_per_row":"","footnotes":""},"categories":[8,46,45],"tags":[],"class_list":["post-1538","post","type-post","status-publish","format-standard","has-post-thumbnail","hentry","category-blog","category-links","category-slider"],"yoast_head":"<!-- This site is optimized with the Yoast SEO plugin v27.4 - https:\/\/yoast.com\/product\/yoast-seo-wordpress\/ -->\n<title>Vai continuar assim | Ronaldo Correia de Brito | site oficial<\/title>\n<meta name=\"robots\" content=\"index, follow, max-snippet:-1, max-image-preview:large, max-video-preview:-1\" \/>\n<link rel=\"canonical\" href=\"https:\/\/www.ronaldocorreiadebrito.com.br\/site2\/2020\/12\/vai-continuar-assim\/\" \/>\n<meta property=\"og:locale\" content=\"pt_BR\" \/>\n<meta property=\"og:type\" content=\"article\" \/>\n<meta property=\"og:title\" content=\"Vai continuar assim | Ronaldo Correia de Brito | site oficial\" \/>\n<meta property=\"og:description\" content=\"Que ano dif\u00edcil esse de 2020! Voc\u00eas concordam comigo? Em fevereiro eu viajava pelo sert\u00e3o do Cear\u00e1, na companhia de Reinaldo Moraes e equipe, filmando um epis\u00f3dio da s\u00e9rie \u201cViagem de bolso\u201d, sobre o meu romance Galileia. No mesmo m\u00eas eu brincava o Carnaval do...\" \/>\n<meta property=\"og:url\" content=\"https:\/\/www.ronaldocorreiadebrito.com.br\/site2\/2020\/12\/vai-continuar-assim\/\" \/>\n<meta property=\"og:site_name\" content=\"Ronaldo Correia de Brito | site oficial\" \/>\n<meta property=\"article:publisher\" content=\"https:\/\/www.facebook.com\/ronaldocorreiadebrito.oficial\" \/>\n<meta property=\"article:published_time\" content=\"2020-12-27T19:31:15+00:00\" \/>\n<meta property=\"og:image\" content=\"https:\/\/www.ronaldocorreiadebrito.com.br\/site2\/wp-content\/uploads\/2020\/12\/road_124163875_1000.jpg\" \/>\n\t<meta property=\"og:image:width\" content=\"1000\" \/>\n\t<meta property=\"og:image:height\" content=\"1000\" \/>\n\t<meta property=\"og:image:type\" content=\"image\/jpeg\" \/>\n<meta name=\"author\" content=\"admin\" \/>\n<meta name=\"twitter:card\" content=\"summary_large_image\" \/>\n<meta name=\"twitter:label1\" content=\"Escrito por\" \/>\n\t<meta name=\"twitter:data1\" content=\"admin\" \/>\n\t<meta name=\"twitter:label2\" content=\"Est. tempo de leitura\" \/>\n\t<meta name=\"twitter:data2\" content=\"4 minutos\" \/>\n<script type=\"application\/ld+json\" class=\"yoast-schema-graph\">{\"@context\":\"https:\\\/\\\/schema.org\",\"@graph\":[{\"@type\":\"Article\",\"@id\":\"https:\\\/\\\/www.ronaldocorreiadebrito.com.br\\\/site2\\\/2020\\\/12\\\/vai-continuar-assim\\\/#article\",\"isPartOf\":{\"@id\":\"https:\\\/\\\/www.ronaldocorreiadebrito.com.br\\\/site2\\\/2020\\\/12\\\/vai-continuar-assim\\\/\"},\"author\":{\"name\":\"admin\",\"@id\":\"https:\\\/\\\/www.ronaldocorreiadebrito.com.br\\\/site2\\\/#\\\/schema\\\/person\\\/99a164d0eaaff7f78b11899bc7d5e7c9\"},\"headline\":\"Vai continuar assim\",\"datePublished\":\"2020-12-27T19:31:15+00:00\",\"mainEntityOfPage\":{\"@id\":\"https:\\\/\\\/www.ronaldocorreiadebrito.com.br\\\/site2\\\/2020\\\/12\\\/vai-continuar-assim\\\/\"},\"wordCount\":730,\"commentCount\":0,\"image\":{\"@id\":\"https:\\\/\\\/www.ronaldocorreiadebrito.com.br\\\/site2\\\/2020\\\/12\\\/vai-continuar-assim\\\/#primaryimage\"},\"thumbnailUrl\":\"https:\\\/\\\/www.ronaldocorreiadebrito.com.br\\\/site2\\\/wp-content\\\/uploads\\\/2020\\\/12\\\/road_124163875_1000.jpg\",\"articleSection\":[\"Blog\",\"Links\",\"Slider\"],\"inLanguage\":\"pt-BR\",\"potentialAction\":[{\"@type\":\"CommentAction\",\"name\":\"Comment\",\"target\":[\"https:\\\/\\\/www.ronaldocorreiadebrito.com.br\\\/site2\\\/2020\\\/12\\\/vai-continuar-assim\\\/#respond\"]}]},{\"@type\":\"WebPage\",\"@id\":\"https:\\\/\\\/www.ronaldocorreiadebrito.com.br\\\/site2\\\/2020\\\/12\\\/vai-continuar-assim\\\/\",\"url\":\"https:\\\/\\\/www.ronaldocorreiadebrito.com.br\\\/site2\\\/2020\\\/12\\\/vai-continuar-assim\\\/\",\"name\":\"Vai continuar assim | Ronaldo Correia de Brito | site oficial\",\"isPartOf\":{\"@id\":\"https:\\\/\\\/www.ronaldocorreiadebrito.com.br\\\/site2\\\/#website\"},\"primaryImageOfPage\":{\"@id\":\"https:\\\/\\\/www.ronaldocorreiadebrito.com.br\\\/site2\\\/2020\\\/12\\\/vai-continuar-assim\\\/#primaryimage\"},\"image\":{\"@id\":\"https:\\\/\\\/www.ronaldocorreiadebrito.com.br\\\/site2\\\/2020\\\/12\\\/vai-continuar-assim\\\/#primaryimage\"},\"thumbnailUrl\":\"https:\\\/\\\/www.ronaldocorreiadebrito.com.br\\\/site2\\\/wp-content\\\/uploads\\\/2020\\\/12\\\/road_124163875_1000.jpg\",\"datePublished\":\"2020-12-27T19:31:15+00:00\",\"author\":{\"@id\":\"https:\\\/\\\/www.ronaldocorreiadebrito.com.br\\\/site2\\\/#\\\/schema\\\/person\\\/99a164d0eaaff7f78b11899bc7d5e7c9\"},\"breadcrumb\":{\"@id\":\"https:\\\/\\\/www.ronaldocorreiadebrito.com.br\\\/site2\\\/2020\\\/12\\\/vai-continuar-assim\\\/#breadcrumb\"},\"inLanguage\":\"pt-BR\",\"potentialAction\":[{\"@type\":\"ReadAction\",\"target\":[\"https:\\\/\\\/www.ronaldocorreiadebrito.com.br\\\/site2\\\/2020\\\/12\\\/vai-continuar-assim\\\/\"]}]},{\"@type\":\"ImageObject\",\"inLanguage\":\"pt-BR\",\"@id\":\"https:\\\/\\\/www.ronaldocorreiadebrito.com.br\\\/site2\\\/2020\\\/12\\\/vai-continuar-assim\\\/#primaryimage\",\"url\":\"https:\\\/\\\/www.ronaldocorreiadebrito.com.br\\\/site2\\\/wp-content\\\/uploads\\\/2020\\\/12\\\/road_124163875_1000.jpg\",\"contentUrl\":\"https:\\\/\\\/www.ronaldocorreiadebrito.com.br\\\/site2\\\/wp-content\\\/uploads\\\/2020\\\/12\\\/road_124163875_1000.jpg\",\"width\":1000,\"height\":1000},{\"@type\":\"BreadcrumbList\",\"@id\":\"https:\\\/\\\/www.ronaldocorreiadebrito.com.br\\\/site2\\\/2020\\\/12\\\/vai-continuar-assim\\\/#breadcrumb\",\"itemListElement\":[{\"@type\":\"ListItem\",\"position\":1,\"name\":\"In\u00edcio\",\"item\":\"https:\\\/\\\/www.ronaldocorreiadebrito.com.br\\\/site2\\\/\"},{\"@type\":\"ListItem\",\"position\":2,\"name\":\"Vai continuar assim\"}]},{\"@type\":\"WebSite\",\"@id\":\"https:\\\/\\\/www.ronaldocorreiadebrito.com.br\\\/site2\\\/#website\",\"url\":\"https:\\\/\\\/www.ronaldocorreiadebrito.com.br\\\/site2\\\/\",\"name\":\"Ronaldo Correia de Brito | site oficial\",\"description\":\"Site oficial do escritor Ronaldo Correia de Brito\",\"potentialAction\":[{\"@type\":\"SearchAction\",\"target\":{\"@type\":\"EntryPoint\",\"urlTemplate\":\"https:\\\/\\\/www.ronaldocorreiadebrito.com.br\\\/site2\\\/?s={search_term_string}\"},\"query-input\":{\"@type\":\"PropertyValueSpecification\",\"valueRequired\":true,\"valueName\":\"search_term_string\"}}],\"inLanguage\":\"pt-BR\"},{\"@type\":\"Person\",\"@id\":\"https:\\\/\\\/www.ronaldocorreiadebrito.com.br\\\/site2\\\/#\\\/schema\\\/person\\\/99a164d0eaaff7f78b11899bc7d5e7c9\",\"name\":\"admin\",\"url\":\"https:\\\/\\\/www.ronaldocorreiadebrito.com.br\\\/site2\\\/author\\\/admin\\\/\"}]}<\/script>\n<!-- \/ Yoast SEO plugin. -->","yoast_head_json":{"title":"Vai continuar assim | Ronaldo Correia de Brito | site oficial","robots":{"index":"index","follow":"follow","max-snippet":"max-snippet:-1","max-image-preview":"max-image-preview:large","max-video-preview":"max-video-preview:-1"},"canonical":"https:\/\/www.ronaldocorreiadebrito.com.br\/site2\/2020\/12\/vai-continuar-assim\/","og_locale":"pt_BR","og_type":"article","og_title":"Vai continuar assim | Ronaldo Correia de Brito | site oficial","og_description":"Que ano dif\u00edcil esse de 2020! Voc\u00eas concordam comigo? Em fevereiro eu viajava pelo sert\u00e3o do Cear\u00e1, na companhia de Reinaldo Moraes e equipe, filmando um epis\u00f3dio da s\u00e9rie \u201cViagem de bolso\u201d, sobre o meu romance Galileia. No mesmo m\u00eas eu brincava o Carnaval do...","og_url":"https:\/\/www.ronaldocorreiadebrito.com.br\/site2\/2020\/12\/vai-continuar-assim\/","og_site_name":"Ronaldo Correia de Brito | site oficial","article_publisher":"https:\/\/www.facebook.com\/ronaldocorreiadebrito.oficial","article_published_time":"2020-12-27T19:31:15+00:00","og_image":[{"width":1000,"height":1000,"url":"https:\/\/www.ronaldocorreiadebrito.com.br\/site2\/wp-content\/uploads\/2020\/12\/road_124163875_1000.jpg","type":"image\/jpeg"}],"author":"admin","twitter_card":"summary_large_image","twitter_misc":{"Escrito por":"admin","Est. tempo de leitura":"4 minutos"},"schema":{"@context":"https:\/\/schema.org","@graph":[{"@type":"Article","@id":"https:\/\/www.ronaldocorreiadebrito.com.br\/site2\/2020\/12\/vai-continuar-assim\/#article","isPartOf":{"@id":"https:\/\/www.ronaldocorreiadebrito.com.br\/site2\/2020\/12\/vai-continuar-assim\/"},"author":{"name":"admin","@id":"https:\/\/www.ronaldocorreiadebrito.com.br\/site2\/#\/schema\/person\/99a164d0eaaff7f78b11899bc7d5e7c9"},"headline":"Vai continuar assim","datePublished":"2020-12-27T19:31:15+00:00","mainEntityOfPage":{"@id":"https:\/\/www.ronaldocorreiadebrito.com.br\/site2\/2020\/12\/vai-continuar-assim\/"},"wordCount":730,"commentCount":0,"image":{"@id":"https:\/\/www.ronaldocorreiadebrito.com.br\/site2\/2020\/12\/vai-continuar-assim\/#primaryimage"},"thumbnailUrl":"https:\/\/www.ronaldocorreiadebrito.com.br\/site2\/wp-content\/uploads\/2020\/12\/road_124163875_1000.jpg","articleSection":["Blog","Links","Slider"],"inLanguage":"pt-BR","potentialAction":[{"@type":"CommentAction","name":"Comment","target":["https:\/\/www.ronaldocorreiadebrito.com.br\/site2\/2020\/12\/vai-continuar-assim\/#respond"]}]},{"@type":"WebPage","@id":"https:\/\/www.ronaldocorreiadebrito.com.br\/site2\/2020\/12\/vai-continuar-assim\/","url":"https:\/\/www.ronaldocorreiadebrito.com.br\/site2\/2020\/12\/vai-continuar-assim\/","name":"Vai continuar assim | Ronaldo Correia de Brito | site oficial","isPartOf":{"@id":"https:\/\/www.ronaldocorreiadebrito.com.br\/site2\/#website"},"primaryImageOfPage":{"@id":"https:\/\/www.ronaldocorreiadebrito.com.br\/site2\/2020\/12\/vai-continuar-assim\/#primaryimage"},"image":{"@id":"https:\/\/www.ronaldocorreiadebrito.com.br\/site2\/2020\/12\/vai-continuar-assim\/#primaryimage"},"thumbnailUrl":"https:\/\/www.ronaldocorreiadebrito.com.br\/site2\/wp-content\/uploads\/2020\/12\/road_124163875_1000.jpg","datePublished":"2020-12-27T19:31:15+00:00","author":{"@id":"https:\/\/www.ronaldocorreiadebrito.com.br\/site2\/#\/schema\/person\/99a164d0eaaff7f78b11899bc7d5e7c9"},"breadcrumb":{"@id":"https:\/\/www.ronaldocorreiadebrito.com.br\/site2\/2020\/12\/vai-continuar-assim\/#breadcrumb"},"inLanguage":"pt-BR","potentialAction":[{"@type":"ReadAction","target":["https:\/\/www.ronaldocorreiadebrito.com.br\/site2\/2020\/12\/vai-continuar-assim\/"]}]},{"@type":"ImageObject","inLanguage":"pt-BR","@id":"https:\/\/www.ronaldocorreiadebrito.com.br\/site2\/2020\/12\/vai-continuar-assim\/#primaryimage","url":"https:\/\/www.ronaldocorreiadebrito.com.br\/site2\/wp-content\/uploads\/2020\/12\/road_124163875_1000.jpg","contentUrl":"https:\/\/www.ronaldocorreiadebrito.com.br\/site2\/wp-content\/uploads\/2020\/12\/road_124163875_1000.jpg","width":1000,"height":1000},{"@type":"BreadcrumbList","@id":"https:\/\/www.ronaldocorreiadebrito.com.br\/site2\/2020\/12\/vai-continuar-assim\/#breadcrumb","itemListElement":[{"@type":"ListItem","position":1,"name":"In\u00edcio","item":"https:\/\/www.ronaldocorreiadebrito.com.br\/site2\/"},{"@type":"ListItem","position":2,"name":"Vai continuar assim"}]},{"@type":"WebSite","@id":"https:\/\/www.ronaldocorreiadebrito.com.br\/site2\/#website","url":"https:\/\/www.ronaldocorreiadebrito.com.br\/site2\/","name":"Ronaldo Correia de Brito | site oficial","description":"Site oficial do escritor Ronaldo Correia de Brito","potentialAction":[{"@type":"SearchAction","target":{"@type":"EntryPoint","urlTemplate":"https:\/\/www.ronaldocorreiadebrito.com.br\/site2\/?s={search_term_string}"},"query-input":{"@type":"PropertyValueSpecification","valueRequired":true,"valueName":"search_term_string"}}],"inLanguage":"pt-BR"},{"@type":"Person","@id":"https:\/\/www.ronaldocorreiadebrito.com.br\/site2\/#\/schema\/person\/99a164d0eaaff7f78b11899bc7d5e7c9","name":"admin","url":"https:\/\/www.ronaldocorreiadebrito.com.br\/site2\/author\/admin\/"}]}},"wps_subtitle":"","_links":{"self":[{"href":"https:\/\/www.ronaldocorreiadebrito.com.br\/site2\/wp-json\/wp\/v2\/posts\/1538","targetHints":{"allow":["GET"]}}],"collection":[{"href":"https:\/\/www.ronaldocorreiadebrito.com.br\/site2\/wp-json\/wp\/v2\/posts"}],"about":[{"href":"https:\/\/www.ronaldocorreiadebrito.com.br\/site2\/wp-json\/wp\/v2\/types\/post"}],"author":[{"embeddable":true,"href":"https:\/\/www.ronaldocorreiadebrito.com.br\/site2\/wp-json\/wp\/v2\/users\/1"}],"replies":[{"embeddable":true,"href":"https:\/\/www.ronaldocorreiadebrito.com.br\/site2\/wp-json\/wp\/v2\/comments?post=1538"}],"version-history":[{"count":0,"href":"https:\/\/www.ronaldocorreiadebrito.com.br\/site2\/wp-json\/wp\/v2\/posts\/1538\/revisions"}],"wp:featuredmedia":[{"embeddable":true,"href":"https:\/\/www.ronaldocorreiadebrito.com.br\/site2\/wp-json\/wp\/v2\/media\/1539"}],"wp:attachment":[{"href":"https:\/\/www.ronaldocorreiadebrito.com.br\/site2\/wp-json\/wp\/v2\/media?parent=1538"}],"wp:term":[{"taxonomy":"category","embeddable":true,"href":"https:\/\/www.ronaldocorreiadebrito.com.br\/site2\/wp-json\/wp\/v2\/categories?post=1538"},{"taxonomy":"post_tag","embeddable":true,"href":"https:\/\/www.ronaldocorreiadebrito.com.br\/site2\/wp-json\/wp\/v2\/tags?post=1538"}],"curies":[{"name":"wp","href":"https:\/\/api.w.org\/{rel}","templated":true}]}}