{"id":1531,"date":"2020-12-21T12:13:37","date_gmt":"2020-12-21T15:13:37","guid":{"rendered":"http:\/\/www.ronaldocorreiadebrito.com.br\/site2\/?p=1531"},"modified":"2020-12-21T13:51:00","modified_gmt":"2020-12-21T16:51:00","slug":"eu-nao-vi-live-de-caetano-veloso","status":"publish","type":"post","link":"https:\/\/www.ronaldocorreiadebrito.com.br\/site2\/2020\/12\/eu-nao-vi-live-de-caetano-veloso\/","title":{"rendered":"Eu n\u00e3o vi a live de Caetano Veloso"},"content":{"rendered":"<p class=\"p1\"><span class=\"s1\">\u2013 Verdade, cara? N\u00e3o acredito que voc\u00ea perdeu.<\/span><\/p>\n<p class=\"p1\"><span class=\"s1\">H\u00e1 dias, num grupo de artistas, intelectuais, jornalistas, escritores, etc., no qual fui inclu\u00eddo, anunciaram a <i>live<\/i> como o maior acontecimento de 2020. Poxa, pensei. Deve ser mesmo um estouro. Aconteceram e deixaram de acontecer tantas coisas nesse ano maluco que se finda. Ser\u00e1 que n\u00e3o est\u00e3o exagerando?<\/span><\/p>\n<p class=\"p1\"><span class=\"s1\">O grupo tem pessoas na maioria de S\u00e3o Paulo, Rio e Minas Gerais, artistas que circulam por esse eixo, se curtem, admiram e estimam. Tratam-se por querido e trocam muitos afagos e elogios. \u00c9 bem engra\u00e7ado. Sisudos como Jo\u00e3o Cabral e Graciliano estranhariam. Mas o tempo \u00e9 mesmo de auto e heteroajuda.<\/span><\/p>\n<p class=\"p1\"><span class=\"s1\">V\u00e1rios amigos lamentaram que eu n\u00e3o tivesse visto a <i>live<\/i>. Caetano parecia grave, suave, as m\u00e3os tr\u00eamulas, nost\u00e1lgico. Pediu desculpas por errar uma letra e mostrou a genialidade de suas composi\u00e7\u00f5es. Todos se emocionaram quando ele rememorou o Natal de Santo Amaro. Parecia que apenas ele viveu essa \u00e9poca, ningu\u00e9m, nem os mais velhos, se lembravam que existiu.<\/span><\/p>\n<p class=\"p1\"><span class=\"s1\">Deixei a casa dos meus pais em 1968, com apenas 16 anos, embalado pela m\u00fasica \u201cAlegria, alegria\u201d. Acompanhei a carreira de Caetano e, aqui no Recife, nunca deixei de ver os seus shows. Numa entrevista que o tropicalista fez com Mick Jagger, dos Rolling Stones, Jagger afirmou que havia pelo menos dez bandas tocando melhor do que eles no metr\u00f4 de Nova Iorque.<\/span><\/p>\n<p class=\"p1\"><span class=\"s1\">N\u00e3o creio que existam dez artistas como Caetano Veloso no Brasil. Mas tem muita coisa boa rolando fora do mesquinho e autossuficiente eixo Sudeste. Dif\u00edcil \u00e9 romper a barreira que separa S\u00e3o Paulo e Rio de Janeiro do restante do Brasil, sem ter de mudar-se para l\u00e1, mesmo em tempos de internet, YouTube e redes sociais. As pessoas n\u00e3o se arriscam a ver e a gostar de novas propostas. \u00c9 mais f\u00e1cil, seguro e c\u00f4modo continuar aplaudindo os de sempre. At\u00e9 precisaram criar uma esp\u00e9cie de cotas nos pr\u00eamios liter\u00e1rios para dar ingresso no mercado a talentos marginais.<\/span><\/p>\n<p class=\"p1\"><span class=\"s1\">O Brasil \u00e9 um pa\u00eds isolado pelo idioma portugu\u00eas. Se um artista mora e produz sua arte em Bel\u00e9m do Par\u00e1, ele primeiro tem de vencer o periferismo interno, o auto preconceito, o r\u00f3tulo de regionalista. Depois ele tem de superar o periferismo dentro do Brasil, a condena\u00e7\u00e3o de ter nascido e viver na regi\u00e3o Norte. Se ele consegue parear-se aos \u201cvalores nacionais\u201d, ou seja, aos brasileiros do sudeste, torna-se como todos eles perif\u00e9rico em rela\u00e7\u00e3o ao mundo. <\/span><\/p>\n<p class=\"p1\"><span class=\"s1\">Por mais que difamem o regionalismo e se proclamem universalistas. <\/span><\/p>\n","protected":false},"excerpt":{"rendered":"<p>\u2013 Verdade, cara? N\u00e3o acredito que voc\u00ea perdeu. H\u00e1 dias, num grupo de artistas, intelectuais, jornalistas, escritores, etc., no qual fui inclu\u00eddo, anunciaram a live como o maior acontecimento de 2020. Poxa, pensei. Deve ser mesmo um estouro. Aconteceram e deixaram de acontecer tantas coisas&#8230;<\/p>\n","protected":false},"author":1,"featured_media":1532,"comment_status":"open","ping_status":"closed","sticky":false,"template":"","format":"standard","meta":{"sfsi_plus_gutenberg_text_before_share":"","sfsi_plus_gutenberg_show_text_before_share":"","sfsi_plus_gutenberg_icon_type":"","sfsi_plus_gutenberg_icon_alignemt":"","sfsi_plus_gutenburg_max_per_row":"","footnotes":""},"categories":[8,46,45],"tags":[],"class_list":["post-1531","post","type-post","status-publish","format-standard","has-post-thumbnail","hentry","category-blog","category-links","category-slider"],"yoast_head":"<!-- This site is optimized with the Yoast SEO plugin v27.4 - https:\/\/yoast.com\/product\/yoast-seo-wordpress\/ -->\n<title>Eu n\u00e3o vi a live de Caetano Veloso | Ronaldo Correia de Brito | site oficial<\/title>\n<meta name=\"robots\" content=\"index, follow, max-snippet:-1, max-image-preview:large, max-video-preview:-1\" \/>\n<link rel=\"canonical\" href=\"https:\/\/www.ronaldocorreiadebrito.com.br\/site2\/2020\/12\/eu-nao-vi-live-de-caetano-veloso\/\" \/>\n<meta property=\"og:locale\" content=\"pt_BR\" \/>\n<meta property=\"og:type\" content=\"article\" \/>\n<meta property=\"og:title\" content=\"Eu n\u00e3o vi a live de Caetano Veloso | Ronaldo Correia de Brito | site oficial\" \/>\n<meta property=\"og:description\" content=\"\u2013 Verdade, cara? N\u00e3o acredito que voc\u00ea perdeu. H\u00e1 dias, num grupo de artistas, intelectuais, jornalistas, escritores, etc., no qual fui inclu\u00eddo, anunciaram a live como o maior acontecimento de 2020. Poxa, pensei. Deve ser mesmo um estouro. Aconteceram e deixaram de acontecer tantas coisas...\" \/>\n<meta property=\"og:url\" content=\"https:\/\/www.ronaldocorreiadebrito.com.br\/site2\/2020\/12\/eu-nao-vi-live-de-caetano-veloso\/\" \/>\n<meta property=\"og:site_name\" content=\"Ronaldo Correia de Brito | site oficial\" \/>\n<meta property=\"article:publisher\" content=\"https:\/\/www.facebook.com\/ronaldocorreiadebrito.oficial\" \/>\n<meta property=\"article:published_time\" content=\"2020-12-21T15:13:37+00:00\" \/>\n<meta property=\"article:modified_time\" content=\"2020-12-21T16:51:00+00:00\" \/>\n<meta property=\"og:image\" content=\"https:\/\/www.ronaldocorreiadebrito.com.br\/site2\/wp-content\/uploads\/2020\/12\/xcaetano-veloso.jpg.pagespeed.ic_.gkculRrYfH.jpg\" \/>\n\t<meta property=\"og:image:width\" content=\"1086\" \/>\n\t<meta property=\"og:image:height\" content=\"652\" \/>\n\t<meta property=\"og:image:type\" content=\"image\/jpeg\" \/>\n<meta name=\"author\" content=\"admin\" \/>\n<meta name=\"twitter:card\" content=\"summary_large_image\" \/>\n<meta name=\"twitter:label1\" content=\"Escrito por\" \/>\n\t<meta name=\"twitter:data1\" content=\"admin\" \/>\n\t<meta name=\"twitter:label2\" content=\"Est. tempo de leitura\" \/>\n\t<meta name=\"twitter:data2\" content=\"2 minutos\" \/>\n<script type=\"application\/ld+json\" class=\"yoast-schema-graph\">{\"@context\":\"https:\\\/\\\/schema.org\",\"@graph\":[{\"@type\":\"Article\",\"@id\":\"https:\\\/\\\/www.ronaldocorreiadebrito.com.br\\\/site2\\\/2020\\\/12\\\/eu-nao-vi-live-de-caetano-veloso\\\/#article\",\"isPartOf\":{\"@id\":\"https:\\\/\\\/www.ronaldocorreiadebrito.com.br\\\/site2\\\/2020\\\/12\\\/eu-nao-vi-live-de-caetano-veloso\\\/\"},\"author\":{\"name\":\"admin\",\"@id\":\"https:\\\/\\\/www.ronaldocorreiadebrito.com.br\\\/site2\\\/#\\\/schema\\\/person\\\/99a164d0eaaff7f78b11899bc7d5e7c9\"},\"headline\":\"Eu n\u00e3o vi a live de Caetano Veloso\",\"datePublished\":\"2020-12-21T15:13:37+00:00\",\"dateModified\":\"2020-12-21T16:51:00+00:00\",\"mainEntityOfPage\":{\"@id\":\"https:\\\/\\\/www.ronaldocorreiadebrito.com.br\\\/site2\\\/2020\\\/12\\\/eu-nao-vi-live-de-caetano-veloso\\\/\"},\"wordCount\":447,\"commentCount\":0,\"image\":{\"@id\":\"https:\\\/\\\/www.ronaldocorreiadebrito.com.br\\\/site2\\\/2020\\\/12\\\/eu-nao-vi-live-de-caetano-veloso\\\/#primaryimage\"},\"thumbnailUrl\":\"https:\\\/\\\/www.ronaldocorreiadebrito.com.br\\\/site2\\\/wp-content\\\/uploads\\\/2020\\\/12\\\/xcaetano-veloso.jpg.pagespeed.ic_.gkculRrYfH.jpg\",\"articleSection\":[\"Blog\",\"Links\",\"Slider\"],\"inLanguage\":\"pt-BR\",\"potentialAction\":[{\"@type\":\"CommentAction\",\"name\":\"Comment\",\"target\":[\"https:\\\/\\\/www.ronaldocorreiadebrito.com.br\\\/site2\\\/2020\\\/12\\\/eu-nao-vi-live-de-caetano-veloso\\\/#respond\"]}]},{\"@type\":\"WebPage\",\"@id\":\"https:\\\/\\\/www.ronaldocorreiadebrito.com.br\\\/site2\\\/2020\\\/12\\\/eu-nao-vi-live-de-caetano-veloso\\\/\",\"url\":\"https:\\\/\\\/www.ronaldocorreiadebrito.com.br\\\/site2\\\/2020\\\/12\\\/eu-nao-vi-live-de-caetano-veloso\\\/\",\"name\":\"Eu n\u00e3o vi a live de Caetano Veloso | Ronaldo Correia de Brito | site oficial\",\"isPartOf\":{\"@id\":\"https:\\\/\\\/www.ronaldocorreiadebrito.com.br\\\/site2\\\/#website\"},\"primaryImageOfPage\":{\"@id\":\"https:\\\/\\\/www.ronaldocorreiadebrito.com.br\\\/site2\\\/2020\\\/12\\\/eu-nao-vi-live-de-caetano-veloso\\\/#primaryimage\"},\"image\":{\"@id\":\"https:\\\/\\\/www.ronaldocorreiadebrito.com.br\\\/site2\\\/2020\\\/12\\\/eu-nao-vi-live-de-caetano-veloso\\\/#primaryimage\"},\"thumbnailUrl\":\"https:\\\/\\\/www.ronaldocorreiadebrito.com.br\\\/site2\\\/wp-content\\\/uploads\\\/2020\\\/12\\\/xcaetano-veloso.jpg.pagespeed.ic_.gkculRrYfH.jpg\",\"datePublished\":\"2020-12-21T15:13:37+00:00\",\"dateModified\":\"2020-12-21T16:51:00+00:00\",\"author\":{\"@id\":\"https:\\\/\\\/www.ronaldocorreiadebrito.com.br\\\/site2\\\/#\\\/schema\\\/person\\\/99a164d0eaaff7f78b11899bc7d5e7c9\"},\"breadcrumb\":{\"@id\":\"https:\\\/\\\/www.ronaldocorreiadebrito.com.br\\\/site2\\\/2020\\\/12\\\/eu-nao-vi-live-de-caetano-veloso\\\/#breadcrumb\"},\"inLanguage\":\"pt-BR\",\"potentialAction\":[{\"@type\":\"ReadAction\",\"target\":[\"https:\\\/\\\/www.ronaldocorreiadebrito.com.br\\\/site2\\\/2020\\\/12\\\/eu-nao-vi-live-de-caetano-veloso\\\/\"]}]},{\"@type\":\"ImageObject\",\"inLanguage\":\"pt-BR\",\"@id\":\"https:\\\/\\\/www.ronaldocorreiadebrito.com.br\\\/site2\\\/2020\\\/12\\\/eu-nao-vi-live-de-caetano-veloso\\\/#primaryimage\",\"url\":\"https:\\\/\\\/www.ronaldocorreiadebrito.com.br\\\/site2\\\/wp-content\\\/uploads\\\/2020\\\/12\\\/xcaetano-veloso.jpg.pagespeed.ic_.gkculRrYfH.jpg\",\"contentUrl\":\"https:\\\/\\\/www.ronaldocorreiadebrito.com.br\\\/site2\\\/wp-content\\\/uploads\\\/2020\\\/12\\\/xcaetano-veloso.jpg.pagespeed.ic_.gkculRrYfH.jpg\",\"width\":1086,\"height\":652},{\"@type\":\"BreadcrumbList\",\"@id\":\"https:\\\/\\\/www.ronaldocorreiadebrito.com.br\\\/site2\\\/2020\\\/12\\\/eu-nao-vi-live-de-caetano-veloso\\\/#breadcrumb\",\"itemListElement\":[{\"@type\":\"ListItem\",\"position\":1,\"name\":\"In\u00edcio\",\"item\":\"https:\\\/\\\/www.ronaldocorreiadebrito.com.br\\\/site2\\\/\"},{\"@type\":\"ListItem\",\"position\":2,\"name\":\"Eu n\u00e3o vi a live de Caetano Veloso\"}]},{\"@type\":\"WebSite\",\"@id\":\"https:\\\/\\\/www.ronaldocorreiadebrito.com.br\\\/site2\\\/#website\",\"url\":\"https:\\\/\\\/www.ronaldocorreiadebrito.com.br\\\/site2\\\/\",\"name\":\"Ronaldo Correia de Brito | site oficial\",\"description\":\"Site oficial do escritor Ronaldo Correia de Brito\",\"potentialAction\":[{\"@type\":\"SearchAction\",\"target\":{\"@type\":\"EntryPoint\",\"urlTemplate\":\"https:\\\/\\\/www.ronaldocorreiadebrito.com.br\\\/site2\\\/?s={search_term_string}\"},\"query-input\":{\"@type\":\"PropertyValueSpecification\",\"valueRequired\":true,\"valueName\":\"search_term_string\"}}],\"inLanguage\":\"pt-BR\"},{\"@type\":\"Person\",\"@id\":\"https:\\\/\\\/www.ronaldocorreiadebrito.com.br\\\/site2\\\/#\\\/schema\\\/person\\\/99a164d0eaaff7f78b11899bc7d5e7c9\",\"name\":\"admin\",\"url\":\"https:\\\/\\\/www.ronaldocorreiadebrito.com.br\\\/site2\\\/author\\\/admin\\\/\"}]}<\/script>\n<!-- \/ Yoast SEO plugin. -->","yoast_head_json":{"title":"Eu n\u00e3o vi a live de Caetano Veloso | Ronaldo Correia de Brito | site oficial","robots":{"index":"index","follow":"follow","max-snippet":"max-snippet:-1","max-image-preview":"max-image-preview:large","max-video-preview":"max-video-preview:-1"},"canonical":"https:\/\/www.ronaldocorreiadebrito.com.br\/site2\/2020\/12\/eu-nao-vi-live-de-caetano-veloso\/","og_locale":"pt_BR","og_type":"article","og_title":"Eu n\u00e3o vi a live de Caetano Veloso | Ronaldo Correia de Brito | site oficial","og_description":"\u2013 Verdade, cara? N\u00e3o acredito que voc\u00ea perdeu. H\u00e1 dias, num grupo de artistas, intelectuais, jornalistas, escritores, etc., no qual fui inclu\u00eddo, anunciaram a live como o maior acontecimento de 2020. Poxa, pensei. Deve ser mesmo um estouro. Aconteceram e deixaram de acontecer tantas coisas...","og_url":"https:\/\/www.ronaldocorreiadebrito.com.br\/site2\/2020\/12\/eu-nao-vi-live-de-caetano-veloso\/","og_site_name":"Ronaldo Correia de Brito | site oficial","article_publisher":"https:\/\/www.facebook.com\/ronaldocorreiadebrito.oficial","article_published_time":"2020-12-21T15:13:37+00:00","article_modified_time":"2020-12-21T16:51:00+00:00","og_image":[{"width":1086,"height":652,"url":"https:\/\/www.ronaldocorreiadebrito.com.br\/site2\/wp-content\/uploads\/2020\/12\/xcaetano-veloso.jpg.pagespeed.ic_.gkculRrYfH.jpg","type":"image\/jpeg"}],"author":"admin","twitter_card":"summary_large_image","twitter_misc":{"Escrito por":"admin","Est. tempo de leitura":"2 minutos"},"schema":{"@context":"https:\/\/schema.org","@graph":[{"@type":"Article","@id":"https:\/\/www.ronaldocorreiadebrito.com.br\/site2\/2020\/12\/eu-nao-vi-live-de-caetano-veloso\/#article","isPartOf":{"@id":"https:\/\/www.ronaldocorreiadebrito.com.br\/site2\/2020\/12\/eu-nao-vi-live-de-caetano-veloso\/"},"author":{"name":"admin","@id":"https:\/\/www.ronaldocorreiadebrito.com.br\/site2\/#\/schema\/person\/99a164d0eaaff7f78b11899bc7d5e7c9"},"headline":"Eu n\u00e3o vi a live de Caetano Veloso","datePublished":"2020-12-21T15:13:37+00:00","dateModified":"2020-12-21T16:51:00+00:00","mainEntityOfPage":{"@id":"https:\/\/www.ronaldocorreiadebrito.com.br\/site2\/2020\/12\/eu-nao-vi-live-de-caetano-veloso\/"},"wordCount":447,"commentCount":0,"image":{"@id":"https:\/\/www.ronaldocorreiadebrito.com.br\/site2\/2020\/12\/eu-nao-vi-live-de-caetano-veloso\/#primaryimage"},"thumbnailUrl":"https:\/\/www.ronaldocorreiadebrito.com.br\/site2\/wp-content\/uploads\/2020\/12\/xcaetano-veloso.jpg.pagespeed.ic_.gkculRrYfH.jpg","articleSection":["Blog","Links","Slider"],"inLanguage":"pt-BR","potentialAction":[{"@type":"CommentAction","name":"Comment","target":["https:\/\/www.ronaldocorreiadebrito.com.br\/site2\/2020\/12\/eu-nao-vi-live-de-caetano-veloso\/#respond"]}]},{"@type":"WebPage","@id":"https:\/\/www.ronaldocorreiadebrito.com.br\/site2\/2020\/12\/eu-nao-vi-live-de-caetano-veloso\/","url":"https:\/\/www.ronaldocorreiadebrito.com.br\/site2\/2020\/12\/eu-nao-vi-live-de-caetano-veloso\/","name":"Eu n\u00e3o vi a live de Caetano Veloso | Ronaldo Correia de Brito | site oficial","isPartOf":{"@id":"https:\/\/www.ronaldocorreiadebrito.com.br\/site2\/#website"},"primaryImageOfPage":{"@id":"https:\/\/www.ronaldocorreiadebrito.com.br\/site2\/2020\/12\/eu-nao-vi-live-de-caetano-veloso\/#primaryimage"},"image":{"@id":"https:\/\/www.ronaldocorreiadebrito.com.br\/site2\/2020\/12\/eu-nao-vi-live-de-caetano-veloso\/#primaryimage"},"thumbnailUrl":"https:\/\/www.ronaldocorreiadebrito.com.br\/site2\/wp-content\/uploads\/2020\/12\/xcaetano-veloso.jpg.pagespeed.ic_.gkculRrYfH.jpg","datePublished":"2020-12-21T15:13:37+00:00","dateModified":"2020-12-21T16:51:00+00:00","author":{"@id":"https:\/\/www.ronaldocorreiadebrito.com.br\/site2\/#\/schema\/person\/99a164d0eaaff7f78b11899bc7d5e7c9"},"breadcrumb":{"@id":"https:\/\/www.ronaldocorreiadebrito.com.br\/site2\/2020\/12\/eu-nao-vi-live-de-caetano-veloso\/#breadcrumb"},"inLanguage":"pt-BR","potentialAction":[{"@type":"ReadAction","target":["https:\/\/www.ronaldocorreiadebrito.com.br\/site2\/2020\/12\/eu-nao-vi-live-de-caetano-veloso\/"]}]},{"@type":"ImageObject","inLanguage":"pt-BR","@id":"https:\/\/www.ronaldocorreiadebrito.com.br\/site2\/2020\/12\/eu-nao-vi-live-de-caetano-veloso\/#primaryimage","url":"https:\/\/www.ronaldocorreiadebrito.com.br\/site2\/wp-content\/uploads\/2020\/12\/xcaetano-veloso.jpg.pagespeed.ic_.gkculRrYfH.jpg","contentUrl":"https:\/\/www.ronaldocorreiadebrito.com.br\/site2\/wp-content\/uploads\/2020\/12\/xcaetano-veloso.jpg.pagespeed.ic_.gkculRrYfH.jpg","width":1086,"height":652},{"@type":"BreadcrumbList","@id":"https:\/\/www.ronaldocorreiadebrito.com.br\/site2\/2020\/12\/eu-nao-vi-live-de-caetano-veloso\/#breadcrumb","itemListElement":[{"@type":"ListItem","position":1,"name":"In\u00edcio","item":"https:\/\/www.ronaldocorreiadebrito.com.br\/site2\/"},{"@type":"ListItem","position":2,"name":"Eu n\u00e3o vi a live de Caetano Veloso"}]},{"@type":"WebSite","@id":"https:\/\/www.ronaldocorreiadebrito.com.br\/site2\/#website","url":"https:\/\/www.ronaldocorreiadebrito.com.br\/site2\/","name":"Ronaldo Correia de Brito | site oficial","description":"Site oficial do escritor Ronaldo Correia de Brito","potentialAction":[{"@type":"SearchAction","target":{"@type":"EntryPoint","urlTemplate":"https:\/\/www.ronaldocorreiadebrito.com.br\/site2\/?s={search_term_string}"},"query-input":{"@type":"PropertyValueSpecification","valueRequired":true,"valueName":"search_term_string"}}],"inLanguage":"pt-BR"},{"@type":"Person","@id":"https:\/\/www.ronaldocorreiadebrito.com.br\/site2\/#\/schema\/person\/99a164d0eaaff7f78b11899bc7d5e7c9","name":"admin","url":"https:\/\/www.ronaldocorreiadebrito.com.br\/site2\/author\/admin\/"}]}},"wps_subtitle":"","_links":{"self":[{"href":"https:\/\/www.ronaldocorreiadebrito.com.br\/site2\/wp-json\/wp\/v2\/posts\/1531","targetHints":{"allow":["GET"]}}],"collection":[{"href":"https:\/\/www.ronaldocorreiadebrito.com.br\/site2\/wp-json\/wp\/v2\/posts"}],"about":[{"href":"https:\/\/www.ronaldocorreiadebrito.com.br\/site2\/wp-json\/wp\/v2\/types\/post"}],"author":[{"embeddable":true,"href":"https:\/\/www.ronaldocorreiadebrito.com.br\/site2\/wp-json\/wp\/v2\/users\/1"}],"replies":[{"embeddable":true,"href":"https:\/\/www.ronaldocorreiadebrito.com.br\/site2\/wp-json\/wp\/v2\/comments?post=1531"}],"version-history":[{"count":0,"href":"https:\/\/www.ronaldocorreiadebrito.com.br\/site2\/wp-json\/wp\/v2\/posts\/1531\/revisions"}],"wp:featuredmedia":[{"embeddable":true,"href":"https:\/\/www.ronaldocorreiadebrito.com.br\/site2\/wp-json\/wp\/v2\/media\/1532"}],"wp:attachment":[{"href":"https:\/\/www.ronaldocorreiadebrito.com.br\/site2\/wp-json\/wp\/v2\/media?parent=1531"}],"wp:term":[{"taxonomy":"category","embeddable":true,"href":"https:\/\/www.ronaldocorreiadebrito.com.br\/site2\/wp-json\/wp\/v2\/categories?post=1531"},{"taxonomy":"post_tag","embeddable":true,"href":"https:\/\/www.ronaldocorreiadebrito.com.br\/site2\/wp-json\/wp\/v2\/tags?post=1531"}],"curies":[{"name":"wp","href":"https:\/\/api.w.org\/{rel}","templated":true}]}}