{"id":1528,"date":"2020-12-20T16:40:11","date_gmt":"2020-12-20T19:40:11","guid":{"rendered":"http:\/\/www.ronaldocorreiadebrito.com.br\/site2\/?p=1528"},"modified":"2020-12-20T16:40:11","modified_gmt":"2020-12-20T19:40:11","slug":"na-luta","status":"publish","type":"post","link":"https:\/\/www.ronaldocorreiadebrito.com.br\/site2\/2020\/12\/na-luta\/","title":{"rendered":"Na luta"},"content":{"rendered":"<p class=\"p1\"><span class=\"s1\">\u201cO Brasil empobrece e fica mais distante do mundo\u201d, diz a manchete do jornal Folha de S\u00e3o Paulo. Nem \u00e9 necess\u00e1rio ler jornais para constatar isso, basta sair \u00e0 rua, parar num sinal, fazer as contas no final do m\u00eas. O mundo inteiro tamb\u00e9m come\u00e7a a empobrecer. Um clima de Idade M\u00e9dia, o terror da pandemia do coronav\u00edrus, semelhante \u00e0 Peste, e o consequente medo e isolamento, pobreza e fome, se alastra por muitos pa\u00edses. <\/span><\/p>\n<p class=\"p1\"><span class=\"s1\">\u00c9 incompreens\u00edvel nosso empobrecimento, mas n\u00e3o estamos sozinhos nesse barco. Os n\u00fameros dos economistas indicam que houve um crescimento do PIB mundial, nos \u00faltimos 10 anos, de 30,5 %, enquanto o Brasil cresceu apenas 2,2%, projetadas as previs\u00f5es para 2020. Nossa popula\u00e7\u00e3o cresceu quase 10 %, aumentando a pobreza.<\/span><\/p>\n<p class=\"p1\"><span class=\"s1\">N\u00e3o aprecio estat\u00edsticas, nem econom\u00eas. Mas \u00e9 vis\u00edvel que a pujan\u00e7a de oito anos de governo Lula come\u00e7ou a decair com os seis anos em que n\u00e3o deixaram Dilma Rousseff governar, at\u00e9 o golpe em que ela foi deposta. Seguiram-se dois anos do desastre Temer e mais dois anos de uma dupla cat\u00e1strofe: o Coronav\u00edrus e Bolsonaro, que vai manter-se por mais dois anos e amea\u00e7a repetir-se por mais quatro anos, se os eleitores continuarem usando vendas no lugar de m\u00e1scaras (que o presidente n\u00e3o usa nem aconselha usar).<\/span><\/p>\n<p class=\"p1\"><span class=\"s1\">De que forma manter os sonhos e a cria\u00e7\u00e3o? E satisfazer as necessidades b\u00e1sicas? Trabalho \u00e9 liberdade, afirmava uma c\u00e9lebre guru. \u00c9 necess\u00e1rio encontrar sa\u00eddas para a in\u00e9rcia e a depress\u00e3o. Trabalhar. Como, se as estat\u00edsticas s\u00f3 falam em crescimento de desemprego? <\/span><\/p>\n<p class=\"p1\"><span class=\"s1\">N\u00e3o sei.<\/span><\/p>\n<p class=\"p1\"><span class=\"s1\">Lutando? De que maneira?<\/span><\/p>\n<p class=\"p1\"><span class=\"s1\">Desejo que em 2021 encontremos coragem para agir contra o que nos imobiliza. <\/span><\/p>\n<p class=\"p1\"><span class=\"s1\">Feliz Ano Novo! <\/span><\/p>\n","protected":false},"excerpt":{"rendered":"<p>\u201cO Brasil empobrece e fica mais distante do mundo\u201d, diz a manchete do jornal Folha de S\u00e3o Paulo. Nem \u00e9 necess\u00e1rio ler jornais para constatar isso, basta sair \u00e0 rua, parar num sinal, fazer as contas no final do m\u00eas. O mundo inteiro tamb\u00e9m come\u00e7a&#8230;<\/p>\n","protected":false},"author":1,"featured_media":1529,"comment_status":"open","ping_status":"closed","sticky":false,"template":"","format":"standard","meta":{"sfsi_plus_gutenberg_text_before_share":"","sfsi_plus_gutenberg_show_text_before_share":"","sfsi_plus_gutenberg_icon_type":"","sfsi_plus_gutenberg_icon_alignemt":"","sfsi_plus_gutenburg_max_per_row":"","footnotes":""},"categories":[8,46,45],"tags":[],"class_list":["post-1528","post","type-post","status-publish","format-standard","has-post-thumbnail","hentry","category-blog","category-links","category-slider"],"yoast_head":"<!-- This site is optimized with the Yoast SEO plugin v27.4 - https:\/\/yoast.com\/product\/yoast-seo-wordpress\/ -->\n<title>Na luta | Ronaldo Correia de Brito | site oficial<\/title>\n<meta name=\"robots\" content=\"index, follow, max-snippet:-1, max-image-preview:large, max-video-preview:-1\" \/>\n<link rel=\"canonical\" href=\"https:\/\/www.ronaldocorreiadebrito.com.br\/site2\/2020\/12\/na-luta\/\" \/>\n<meta property=\"og:locale\" content=\"pt_BR\" \/>\n<meta property=\"og:type\" content=\"article\" \/>\n<meta property=\"og:title\" content=\"Na luta | Ronaldo Correia de Brito | site oficial\" \/>\n<meta property=\"og:description\" content=\"\u201cO Brasil empobrece e fica mais distante do mundo\u201d, diz a manchete do jornal Folha de S\u00e3o Paulo. Nem \u00e9 necess\u00e1rio ler jornais para constatar isso, basta sair \u00e0 rua, parar num sinal, fazer as contas no final do m\u00eas. O mundo inteiro tamb\u00e9m come\u00e7a...\" \/>\n<meta property=\"og:url\" content=\"https:\/\/www.ronaldocorreiadebrito.com.br\/site2\/2020\/12\/na-luta\/\" \/>\n<meta property=\"og:site_name\" content=\"Ronaldo Correia de Brito | site oficial\" \/>\n<meta property=\"article:publisher\" content=\"https:\/\/www.facebook.com\/ronaldocorreiadebrito.oficial\" \/>\n<meta property=\"article:published_time\" content=\"2020-12-20T19:40:11+00:00\" \/>\n<meta property=\"og:image\" content=\"https:\/\/www.ronaldocorreiadebrito.com.br\/site2\/wp-content\/uploads\/2020\/12\/NA-LUTA-A-GENTE-SE-ENCONTRA_verde-rosa_Nicolau-Mello_web.jpg\" \/>\n\t<meta property=\"og:image:width\" content=\"600\" \/>\n\t<meta property=\"og:image:height\" content=\"778\" \/>\n\t<meta property=\"og:image:type\" content=\"image\/jpeg\" \/>\n<meta name=\"author\" content=\"admin\" \/>\n<meta name=\"twitter:card\" content=\"summary_large_image\" \/>\n<meta name=\"twitter:label1\" content=\"Escrito por\" \/>\n\t<meta name=\"twitter:data1\" content=\"admin\" \/>\n\t<meta name=\"twitter:label2\" content=\"Est. tempo de leitura\" \/>\n\t<meta name=\"twitter:data2\" content=\"1 minuto\" \/>\n<script type=\"application\/ld+json\" class=\"yoast-schema-graph\">{\"@context\":\"https:\\\/\\\/schema.org\",\"@graph\":[{\"@type\":\"Article\",\"@id\":\"https:\\\/\\\/www.ronaldocorreiadebrito.com.br\\\/site2\\\/2020\\\/12\\\/na-luta\\\/#article\",\"isPartOf\":{\"@id\":\"https:\\\/\\\/www.ronaldocorreiadebrito.com.br\\\/site2\\\/2020\\\/12\\\/na-luta\\\/\"},\"author\":{\"name\":\"admin\",\"@id\":\"https:\\\/\\\/www.ronaldocorreiadebrito.com.br\\\/site2\\\/#\\\/schema\\\/person\\\/99a164d0eaaff7f78b11899bc7d5e7c9\"},\"headline\":\"Na luta\",\"datePublished\":\"2020-12-20T19:40:11+00:00\",\"mainEntityOfPage\":{\"@id\":\"https:\\\/\\\/www.ronaldocorreiadebrito.com.br\\\/site2\\\/2020\\\/12\\\/na-luta\\\/\"},\"wordCount\":298,\"commentCount\":0,\"image\":{\"@id\":\"https:\\\/\\\/www.ronaldocorreiadebrito.com.br\\\/site2\\\/2020\\\/12\\\/na-luta\\\/#primaryimage\"},\"thumbnailUrl\":\"https:\\\/\\\/www.ronaldocorreiadebrito.com.br\\\/site2\\\/wp-content\\\/uploads\\\/2020\\\/12\\\/NA-LUTA-A-GENTE-SE-ENCONTRA_verde-rosa_Nicolau-Mello_web.jpg\",\"articleSection\":[\"Blog\",\"Links\",\"Slider\"],\"inLanguage\":\"pt-BR\",\"potentialAction\":[{\"@type\":\"CommentAction\",\"name\":\"Comment\",\"target\":[\"https:\\\/\\\/www.ronaldocorreiadebrito.com.br\\\/site2\\\/2020\\\/12\\\/na-luta\\\/#respond\"]}]},{\"@type\":\"WebPage\",\"@id\":\"https:\\\/\\\/www.ronaldocorreiadebrito.com.br\\\/site2\\\/2020\\\/12\\\/na-luta\\\/\",\"url\":\"https:\\\/\\\/www.ronaldocorreiadebrito.com.br\\\/site2\\\/2020\\\/12\\\/na-luta\\\/\",\"name\":\"Na luta | Ronaldo Correia de Brito | site oficial\",\"isPartOf\":{\"@id\":\"https:\\\/\\\/www.ronaldocorreiadebrito.com.br\\\/site2\\\/#website\"},\"primaryImageOfPage\":{\"@id\":\"https:\\\/\\\/www.ronaldocorreiadebrito.com.br\\\/site2\\\/2020\\\/12\\\/na-luta\\\/#primaryimage\"},\"image\":{\"@id\":\"https:\\\/\\\/www.ronaldocorreiadebrito.com.br\\\/site2\\\/2020\\\/12\\\/na-luta\\\/#primaryimage\"},\"thumbnailUrl\":\"https:\\\/\\\/www.ronaldocorreiadebrito.com.br\\\/site2\\\/wp-content\\\/uploads\\\/2020\\\/12\\\/NA-LUTA-A-GENTE-SE-ENCONTRA_verde-rosa_Nicolau-Mello_web.jpg\",\"datePublished\":\"2020-12-20T19:40:11+00:00\",\"author\":{\"@id\":\"https:\\\/\\\/www.ronaldocorreiadebrito.com.br\\\/site2\\\/#\\\/schema\\\/person\\\/99a164d0eaaff7f78b11899bc7d5e7c9\"},\"breadcrumb\":{\"@id\":\"https:\\\/\\\/www.ronaldocorreiadebrito.com.br\\\/site2\\\/2020\\\/12\\\/na-luta\\\/#breadcrumb\"},\"inLanguage\":\"pt-BR\",\"potentialAction\":[{\"@type\":\"ReadAction\",\"target\":[\"https:\\\/\\\/www.ronaldocorreiadebrito.com.br\\\/site2\\\/2020\\\/12\\\/na-luta\\\/\"]}]},{\"@type\":\"ImageObject\",\"inLanguage\":\"pt-BR\",\"@id\":\"https:\\\/\\\/www.ronaldocorreiadebrito.com.br\\\/site2\\\/2020\\\/12\\\/na-luta\\\/#primaryimage\",\"url\":\"https:\\\/\\\/www.ronaldocorreiadebrito.com.br\\\/site2\\\/wp-content\\\/uploads\\\/2020\\\/12\\\/NA-LUTA-A-GENTE-SE-ENCONTRA_verde-rosa_Nicolau-Mello_web.jpg\",\"contentUrl\":\"https:\\\/\\\/www.ronaldocorreiadebrito.com.br\\\/site2\\\/wp-content\\\/uploads\\\/2020\\\/12\\\/NA-LUTA-A-GENTE-SE-ENCONTRA_verde-rosa_Nicolau-Mello_web.jpg\",\"width\":600,\"height\":778},{\"@type\":\"BreadcrumbList\",\"@id\":\"https:\\\/\\\/www.ronaldocorreiadebrito.com.br\\\/site2\\\/2020\\\/12\\\/na-luta\\\/#breadcrumb\",\"itemListElement\":[{\"@type\":\"ListItem\",\"position\":1,\"name\":\"In\u00edcio\",\"item\":\"https:\\\/\\\/www.ronaldocorreiadebrito.com.br\\\/site2\\\/\"},{\"@type\":\"ListItem\",\"position\":2,\"name\":\"Na luta\"}]},{\"@type\":\"WebSite\",\"@id\":\"https:\\\/\\\/www.ronaldocorreiadebrito.com.br\\\/site2\\\/#website\",\"url\":\"https:\\\/\\\/www.ronaldocorreiadebrito.com.br\\\/site2\\\/\",\"name\":\"Ronaldo Correia de Brito | site oficial\",\"description\":\"Site oficial do escritor Ronaldo Correia de Brito\",\"potentialAction\":[{\"@type\":\"SearchAction\",\"target\":{\"@type\":\"EntryPoint\",\"urlTemplate\":\"https:\\\/\\\/www.ronaldocorreiadebrito.com.br\\\/site2\\\/?s={search_term_string}\"},\"query-input\":{\"@type\":\"PropertyValueSpecification\",\"valueRequired\":true,\"valueName\":\"search_term_string\"}}],\"inLanguage\":\"pt-BR\"},{\"@type\":\"Person\",\"@id\":\"https:\\\/\\\/www.ronaldocorreiadebrito.com.br\\\/site2\\\/#\\\/schema\\\/person\\\/99a164d0eaaff7f78b11899bc7d5e7c9\",\"name\":\"admin\",\"url\":\"https:\\\/\\\/www.ronaldocorreiadebrito.com.br\\\/site2\\\/author\\\/admin\\\/\"}]}<\/script>\n<!-- \/ Yoast SEO plugin. -->","yoast_head_json":{"title":"Na luta | Ronaldo Correia de Brito | site oficial","robots":{"index":"index","follow":"follow","max-snippet":"max-snippet:-1","max-image-preview":"max-image-preview:large","max-video-preview":"max-video-preview:-1"},"canonical":"https:\/\/www.ronaldocorreiadebrito.com.br\/site2\/2020\/12\/na-luta\/","og_locale":"pt_BR","og_type":"article","og_title":"Na luta | Ronaldo Correia de Brito | site oficial","og_description":"\u201cO Brasil empobrece e fica mais distante do mundo\u201d, diz a manchete do jornal Folha de S\u00e3o Paulo. Nem \u00e9 necess\u00e1rio ler jornais para constatar isso, basta sair \u00e0 rua, parar num sinal, fazer as contas no final do m\u00eas. O mundo inteiro tamb\u00e9m come\u00e7a...","og_url":"https:\/\/www.ronaldocorreiadebrito.com.br\/site2\/2020\/12\/na-luta\/","og_site_name":"Ronaldo Correia de Brito | site oficial","article_publisher":"https:\/\/www.facebook.com\/ronaldocorreiadebrito.oficial","article_published_time":"2020-12-20T19:40:11+00:00","og_image":[{"width":600,"height":778,"url":"https:\/\/www.ronaldocorreiadebrito.com.br\/site2\/wp-content\/uploads\/2020\/12\/NA-LUTA-A-GENTE-SE-ENCONTRA_verde-rosa_Nicolau-Mello_web.jpg","type":"image\/jpeg"}],"author":"admin","twitter_card":"summary_large_image","twitter_misc":{"Escrito por":"admin","Est. tempo de leitura":"1 minuto"},"schema":{"@context":"https:\/\/schema.org","@graph":[{"@type":"Article","@id":"https:\/\/www.ronaldocorreiadebrito.com.br\/site2\/2020\/12\/na-luta\/#article","isPartOf":{"@id":"https:\/\/www.ronaldocorreiadebrito.com.br\/site2\/2020\/12\/na-luta\/"},"author":{"name":"admin","@id":"https:\/\/www.ronaldocorreiadebrito.com.br\/site2\/#\/schema\/person\/99a164d0eaaff7f78b11899bc7d5e7c9"},"headline":"Na luta","datePublished":"2020-12-20T19:40:11+00:00","mainEntityOfPage":{"@id":"https:\/\/www.ronaldocorreiadebrito.com.br\/site2\/2020\/12\/na-luta\/"},"wordCount":298,"commentCount":0,"image":{"@id":"https:\/\/www.ronaldocorreiadebrito.com.br\/site2\/2020\/12\/na-luta\/#primaryimage"},"thumbnailUrl":"https:\/\/www.ronaldocorreiadebrito.com.br\/site2\/wp-content\/uploads\/2020\/12\/NA-LUTA-A-GENTE-SE-ENCONTRA_verde-rosa_Nicolau-Mello_web.jpg","articleSection":["Blog","Links","Slider"],"inLanguage":"pt-BR","potentialAction":[{"@type":"CommentAction","name":"Comment","target":["https:\/\/www.ronaldocorreiadebrito.com.br\/site2\/2020\/12\/na-luta\/#respond"]}]},{"@type":"WebPage","@id":"https:\/\/www.ronaldocorreiadebrito.com.br\/site2\/2020\/12\/na-luta\/","url":"https:\/\/www.ronaldocorreiadebrito.com.br\/site2\/2020\/12\/na-luta\/","name":"Na luta | Ronaldo Correia de Brito | site oficial","isPartOf":{"@id":"https:\/\/www.ronaldocorreiadebrito.com.br\/site2\/#website"},"primaryImageOfPage":{"@id":"https:\/\/www.ronaldocorreiadebrito.com.br\/site2\/2020\/12\/na-luta\/#primaryimage"},"image":{"@id":"https:\/\/www.ronaldocorreiadebrito.com.br\/site2\/2020\/12\/na-luta\/#primaryimage"},"thumbnailUrl":"https:\/\/www.ronaldocorreiadebrito.com.br\/site2\/wp-content\/uploads\/2020\/12\/NA-LUTA-A-GENTE-SE-ENCONTRA_verde-rosa_Nicolau-Mello_web.jpg","datePublished":"2020-12-20T19:40:11+00:00","author":{"@id":"https:\/\/www.ronaldocorreiadebrito.com.br\/site2\/#\/schema\/person\/99a164d0eaaff7f78b11899bc7d5e7c9"},"breadcrumb":{"@id":"https:\/\/www.ronaldocorreiadebrito.com.br\/site2\/2020\/12\/na-luta\/#breadcrumb"},"inLanguage":"pt-BR","potentialAction":[{"@type":"ReadAction","target":["https:\/\/www.ronaldocorreiadebrito.com.br\/site2\/2020\/12\/na-luta\/"]}]},{"@type":"ImageObject","inLanguage":"pt-BR","@id":"https:\/\/www.ronaldocorreiadebrito.com.br\/site2\/2020\/12\/na-luta\/#primaryimage","url":"https:\/\/www.ronaldocorreiadebrito.com.br\/site2\/wp-content\/uploads\/2020\/12\/NA-LUTA-A-GENTE-SE-ENCONTRA_verde-rosa_Nicolau-Mello_web.jpg","contentUrl":"https:\/\/www.ronaldocorreiadebrito.com.br\/site2\/wp-content\/uploads\/2020\/12\/NA-LUTA-A-GENTE-SE-ENCONTRA_verde-rosa_Nicolau-Mello_web.jpg","width":600,"height":778},{"@type":"BreadcrumbList","@id":"https:\/\/www.ronaldocorreiadebrito.com.br\/site2\/2020\/12\/na-luta\/#breadcrumb","itemListElement":[{"@type":"ListItem","position":1,"name":"In\u00edcio","item":"https:\/\/www.ronaldocorreiadebrito.com.br\/site2\/"},{"@type":"ListItem","position":2,"name":"Na luta"}]},{"@type":"WebSite","@id":"https:\/\/www.ronaldocorreiadebrito.com.br\/site2\/#website","url":"https:\/\/www.ronaldocorreiadebrito.com.br\/site2\/","name":"Ronaldo Correia de Brito | site oficial","description":"Site oficial do escritor Ronaldo Correia de Brito","potentialAction":[{"@type":"SearchAction","target":{"@type":"EntryPoint","urlTemplate":"https:\/\/www.ronaldocorreiadebrito.com.br\/site2\/?s={search_term_string}"},"query-input":{"@type":"PropertyValueSpecification","valueRequired":true,"valueName":"search_term_string"}}],"inLanguage":"pt-BR"},{"@type":"Person","@id":"https:\/\/www.ronaldocorreiadebrito.com.br\/site2\/#\/schema\/person\/99a164d0eaaff7f78b11899bc7d5e7c9","name":"admin","url":"https:\/\/www.ronaldocorreiadebrito.com.br\/site2\/author\/admin\/"}]}},"wps_subtitle":"","_links":{"self":[{"href":"https:\/\/www.ronaldocorreiadebrito.com.br\/site2\/wp-json\/wp\/v2\/posts\/1528","targetHints":{"allow":["GET"]}}],"collection":[{"href":"https:\/\/www.ronaldocorreiadebrito.com.br\/site2\/wp-json\/wp\/v2\/posts"}],"about":[{"href":"https:\/\/www.ronaldocorreiadebrito.com.br\/site2\/wp-json\/wp\/v2\/types\/post"}],"author":[{"embeddable":true,"href":"https:\/\/www.ronaldocorreiadebrito.com.br\/site2\/wp-json\/wp\/v2\/users\/1"}],"replies":[{"embeddable":true,"href":"https:\/\/www.ronaldocorreiadebrito.com.br\/site2\/wp-json\/wp\/v2\/comments?post=1528"}],"version-history":[{"count":0,"href":"https:\/\/www.ronaldocorreiadebrito.com.br\/site2\/wp-json\/wp\/v2\/posts\/1528\/revisions"}],"wp:featuredmedia":[{"embeddable":true,"href":"https:\/\/www.ronaldocorreiadebrito.com.br\/site2\/wp-json\/wp\/v2\/media\/1529"}],"wp:attachment":[{"href":"https:\/\/www.ronaldocorreiadebrito.com.br\/site2\/wp-json\/wp\/v2\/media?parent=1528"}],"wp:term":[{"taxonomy":"category","embeddable":true,"href":"https:\/\/www.ronaldocorreiadebrito.com.br\/site2\/wp-json\/wp\/v2\/categories?post=1528"},{"taxonomy":"post_tag","embeddable":true,"href":"https:\/\/www.ronaldocorreiadebrito.com.br\/site2\/wp-json\/wp\/v2\/tags?post=1528"}],"curies":[{"name":"wp","href":"https:\/\/api.w.org\/{rel}","templated":true}]}}