{"id":1514,"date":"2020-12-09T17:05:33","date_gmt":"2020-12-09T20:05:33","guid":{"rendered":"http:\/\/www.ronaldocorreiadebrito.com.br\/site2\/?p=1514"},"modified":"2020-12-09T17:05:33","modified_gmt":"2020-12-09T20:05:33","slug":"fe-covid-e-morte","status":"publish","type":"post","link":"https:\/\/www.ronaldocorreiadebrito.com.br\/site2\/2020\/12\/fe-covid-e-morte\/","title":{"rendered":"F\u00e9, Covid e morte"},"content":{"rendered":"<p class=\"p1\"><span class=\"s1\">Foi triste o dia de nossa Senhora da Concei\u00e7\u00e3o. Mesmo para os n\u00e3o cat\u00f3licos nem devotos, \u00e9 bonito olhar as casas do morro, pintadas de azul, e as ruas iluminadas para a festa. Neste ano sem prociss\u00e3o, sem sinos tocando, sem salvas de fogos \u00e0s cinco da manh\u00e3, meio dia e seis da tarde, sentimos desamparo. No Recife, celebra-se Iemanj\u00e1 no dia oito de dezembro, mas os terreiros tamb\u00e9m fecharam as portas, talvez nem as panelas de oferendas foram levadas ao mar. <\/span><\/p>\n<p class=\"p1\"><span class=\"s1\">Costumo me levantar com a primeira luz do sol para ver os que seguem descal\u00e7os, vestidos de azul e branco, \u00e0 igreja onde a santa \u00e9 celebrada. S\u00e3o muitos, tornam-se multid\u00e3o quando se re\u00fanem no alto. Mas o medo da Covid afastou os fi\u00e9is, os ritos foram esquecidos por conta da pandemia. Na Idade M\u00e9dia, em tempo de peste, cortejos em louvor aos santos percorriam as cidades. A nova religi\u00e3o, a ci\u00eancia, pro\u00edbe que as pessoas se aglomerem. Somos intimados ao isolamento. <\/span><\/p>\n<p class=\"p1\"><span class=\"s1\">Ontem, completei 45 anos de formatura em medicina. Uma data sem muita alegria. Expostos como nunca, os m\u00e9dicos her\u00f3is revelaram a fragilidade diante da morte. Um choque para a onipot\u00eancia de muitos. A ci\u00eancia sofreu ranhuras. Perguntas ficaram sem resposta.<\/span><\/p>\n<p class=\"p1\"><span class=\"s1\">A pandemia pareceu-me muralha, interceptou projetos, sonhos, fantasias, a busca pela vida. Tempo sombrio. Sombra sobre a sombra do bolsonarismo. Perplexidade e incerteza. Esbravejei, revoltei-me como um profeta antigo, mas obedeci \u00e0 vontade da ci\u00eancia m\u00e9dica, cumpri \u00e0 risca cada ordem, cada prescri\u00e7\u00e3o.<span class=\"Apple-converted-space\">\u00a0 <\/span>Estou vivo a um custo elevado. Perdi os acenos de prazer, a proximidade dos amigos e da fam\u00edlia. <\/span><\/p>\n<p class=\"p1\"><span class=\"s1\">Quando o vento parecia soprar a favor, nova onda. A doen\u00e7a e a morte voltaram a nos espreitar. As reca\u00eddas s\u00e3o piores do que a primeira queda, frustram a esperan\u00e7a. A vacina\u00e7\u00e3o ganhou a esfera do poder capital, do capitalismo. No Brasil, tornou-se disputa eleitoral antecipada, elei\u00e7\u00f5es de 2022 versus vacina. Jogo, jogo, na cena nacional e internacional. Os pobres ficar\u00e3o de fora da imuniza\u00e7\u00e3o. A \u00c1frica entregue aos v\u00edrus.<\/span><\/p>\n<p class=\"p1\"><span class=\"s1\">A Concei\u00e7\u00e3o contempla os filhos desvalidos do alto de sua igreja. J\u00e1 foi t\u00e3o poderosa, agora parece fr\u00e1gil. Seu poder retornou ao sobrenatural. Roma, de onde irradiou-se o culto \u00e0 Virgem, tamb\u00e9m sofre, desamparada.<span class=\"Apple-converted-space\">\u00a0 <\/span>Nenhum apelo aos c\u00e9us tem resposta. Pouco vale o perd\u00e3o concedido pelo Papa Francisco aos que morreram v\u00edtimas da Covid. Pelo menos para os que sofreram a perda e ficaram por aqui, nesse \u201cvale de l\u00e1grimas\u201d.<\/span><\/p>\n<p class=\"p1\"><span class=\"s1\">\u201cSalve Rainha, M\u00e3e de Miseric\u00f3rdia, vida, do\u00e7ura e esperan\u00e7a nossa. Salve! A V\u00f3s bradamos os degredados filhos de Eva.\u201d<\/span><\/p>\n<p class=\"p1\"><span class=\"s1\">Continuamos aqui por baixo, desejando que a ci\u00eancia nos traga consolo. Mas que n\u00e3o retarde, j\u00e1 que os homens da pol\u00edtica s\u00f3 atrapalham.\u00a0<\/span><\/p>\n","protected":false},"excerpt":{"rendered":"<p>Foi triste o dia de nossa Senhora da Concei\u00e7\u00e3o. Mesmo para os n\u00e3o cat\u00f3licos nem devotos, \u00e9 bonito olhar as casas do morro, pintadas de azul, e as ruas iluminadas para a festa. Neste ano sem prociss\u00e3o, sem sinos tocando, sem salvas de fogos \u00e0s&#8230;<\/p>\n","protected":false},"author":1,"featured_media":1515,"comment_status":"open","ping_status":"closed","sticky":false,"template":"","format":"standard","meta":{"sfsi_plus_gutenberg_text_before_share":"","sfsi_plus_gutenberg_show_text_before_share":"","sfsi_plus_gutenberg_icon_type":"","sfsi_plus_gutenberg_icon_alignemt":"","sfsi_plus_gutenburg_max_per_row":"","footnotes":""},"categories":[8,46,45],"tags":[],"class_list":["post-1514","post","type-post","status-publish","format-standard","has-post-thumbnail","hentry","category-blog","category-links","category-slider"],"yoast_head":"<!-- This site is optimized with the Yoast SEO plugin v27.4 - https:\/\/yoast.com\/product\/yoast-seo-wordpress\/ -->\n<title>F\u00e9, Covid e morte | Ronaldo Correia de Brito | site oficial<\/title>\n<meta name=\"robots\" content=\"index, follow, max-snippet:-1, max-image-preview:large, max-video-preview:-1\" \/>\n<link rel=\"canonical\" href=\"https:\/\/www.ronaldocorreiadebrito.com.br\/site2\/2020\/12\/fe-covid-e-morte\/\" \/>\n<meta property=\"og:locale\" content=\"pt_BR\" \/>\n<meta property=\"og:type\" content=\"article\" \/>\n<meta property=\"og:title\" content=\"F\u00e9, Covid e morte | Ronaldo Correia de Brito | site oficial\" \/>\n<meta property=\"og:description\" content=\"Foi triste o dia de nossa Senhora da Concei\u00e7\u00e3o. Mesmo para os n\u00e3o cat\u00f3licos nem devotos, \u00e9 bonito olhar as casas do morro, pintadas de azul, e as ruas iluminadas para a festa. Neste ano sem prociss\u00e3o, sem sinos tocando, sem salvas de fogos \u00e0s...\" \/>\n<meta property=\"og:url\" content=\"https:\/\/www.ronaldocorreiadebrito.com.br\/site2\/2020\/12\/fe-covid-e-morte\/\" \/>\n<meta property=\"og:site_name\" content=\"Ronaldo Correia de Brito | site oficial\" \/>\n<meta property=\"article:publisher\" content=\"https:\/\/www.facebook.com\/ronaldocorreiadebrito.oficial\" \/>\n<meta property=\"article:published_time\" content=\"2020-12-09T20:05:33+00:00\" \/>\n<meta property=\"og:image\" content=\"https:\/\/www.ronaldocorreiadebrito.com.br\/site2\/wp-content\/uploads\/2020\/12\/20201116135608297728e.jpeg\" \/>\n\t<meta property=\"og:image:width\" content=\"700\" \/>\n\t<meta property=\"og:image:height\" content=\"450\" \/>\n\t<meta property=\"og:image:type\" content=\"image\/jpeg\" \/>\n<meta name=\"author\" content=\"admin\" \/>\n<meta name=\"twitter:card\" content=\"summary_large_image\" \/>\n<meta name=\"twitter:label1\" content=\"Escrito por\" \/>\n\t<meta name=\"twitter:data1\" content=\"admin\" \/>\n\t<meta name=\"twitter:label2\" content=\"Est. tempo de leitura\" \/>\n\t<meta name=\"twitter:data2\" content=\"2 minutos\" \/>\n<script type=\"application\/ld+json\" class=\"yoast-schema-graph\">{\"@context\":\"https:\\\/\\\/schema.org\",\"@graph\":[{\"@type\":\"Article\",\"@id\":\"https:\\\/\\\/www.ronaldocorreiadebrito.com.br\\\/site2\\\/2020\\\/12\\\/fe-covid-e-morte\\\/#article\",\"isPartOf\":{\"@id\":\"https:\\\/\\\/www.ronaldocorreiadebrito.com.br\\\/site2\\\/2020\\\/12\\\/fe-covid-e-morte\\\/\"},\"author\":{\"name\":\"admin\",\"@id\":\"https:\\\/\\\/www.ronaldocorreiadebrito.com.br\\\/site2\\\/#\\\/schema\\\/person\\\/99a164d0eaaff7f78b11899bc7d5e7c9\"},\"headline\":\"F\u00e9, Covid e morte\",\"datePublished\":\"2020-12-09T20:05:33+00:00\",\"mainEntityOfPage\":{\"@id\":\"https:\\\/\\\/www.ronaldocorreiadebrito.com.br\\\/site2\\\/2020\\\/12\\\/fe-covid-e-morte\\\/\"},\"wordCount\":490,\"commentCount\":0,\"image\":{\"@id\":\"https:\\\/\\\/www.ronaldocorreiadebrito.com.br\\\/site2\\\/2020\\\/12\\\/fe-covid-e-morte\\\/#primaryimage\"},\"thumbnailUrl\":\"https:\\\/\\\/www.ronaldocorreiadebrito.com.br\\\/site2\\\/wp-content\\\/uploads\\\/2020\\\/12\\\/20201116135608297728e.jpeg\",\"articleSection\":[\"Blog\",\"Links\",\"Slider\"],\"inLanguage\":\"pt-BR\",\"potentialAction\":[{\"@type\":\"CommentAction\",\"name\":\"Comment\",\"target\":[\"https:\\\/\\\/www.ronaldocorreiadebrito.com.br\\\/site2\\\/2020\\\/12\\\/fe-covid-e-morte\\\/#respond\"]}]},{\"@type\":\"WebPage\",\"@id\":\"https:\\\/\\\/www.ronaldocorreiadebrito.com.br\\\/site2\\\/2020\\\/12\\\/fe-covid-e-morte\\\/\",\"url\":\"https:\\\/\\\/www.ronaldocorreiadebrito.com.br\\\/site2\\\/2020\\\/12\\\/fe-covid-e-morte\\\/\",\"name\":\"F\u00e9, Covid e morte | Ronaldo Correia de Brito | site oficial\",\"isPartOf\":{\"@id\":\"https:\\\/\\\/www.ronaldocorreiadebrito.com.br\\\/site2\\\/#website\"},\"primaryImageOfPage\":{\"@id\":\"https:\\\/\\\/www.ronaldocorreiadebrito.com.br\\\/site2\\\/2020\\\/12\\\/fe-covid-e-morte\\\/#primaryimage\"},\"image\":{\"@id\":\"https:\\\/\\\/www.ronaldocorreiadebrito.com.br\\\/site2\\\/2020\\\/12\\\/fe-covid-e-morte\\\/#primaryimage\"},\"thumbnailUrl\":\"https:\\\/\\\/www.ronaldocorreiadebrito.com.br\\\/site2\\\/wp-content\\\/uploads\\\/2020\\\/12\\\/20201116135608297728e.jpeg\",\"datePublished\":\"2020-12-09T20:05:33+00:00\",\"author\":{\"@id\":\"https:\\\/\\\/www.ronaldocorreiadebrito.com.br\\\/site2\\\/#\\\/schema\\\/person\\\/99a164d0eaaff7f78b11899bc7d5e7c9\"},\"breadcrumb\":{\"@id\":\"https:\\\/\\\/www.ronaldocorreiadebrito.com.br\\\/site2\\\/2020\\\/12\\\/fe-covid-e-morte\\\/#breadcrumb\"},\"inLanguage\":\"pt-BR\",\"potentialAction\":[{\"@type\":\"ReadAction\",\"target\":[\"https:\\\/\\\/www.ronaldocorreiadebrito.com.br\\\/site2\\\/2020\\\/12\\\/fe-covid-e-morte\\\/\"]}]},{\"@type\":\"ImageObject\",\"inLanguage\":\"pt-BR\",\"@id\":\"https:\\\/\\\/www.ronaldocorreiadebrito.com.br\\\/site2\\\/2020\\\/12\\\/fe-covid-e-morte\\\/#primaryimage\",\"url\":\"https:\\\/\\\/www.ronaldocorreiadebrito.com.br\\\/site2\\\/wp-content\\\/uploads\\\/2020\\\/12\\\/20201116135608297728e.jpeg\",\"contentUrl\":\"https:\\\/\\\/www.ronaldocorreiadebrito.com.br\\\/site2\\\/wp-content\\\/uploads\\\/2020\\\/12\\\/20201116135608297728e.jpeg\",\"width\":700,\"height\":450},{\"@type\":\"BreadcrumbList\",\"@id\":\"https:\\\/\\\/www.ronaldocorreiadebrito.com.br\\\/site2\\\/2020\\\/12\\\/fe-covid-e-morte\\\/#breadcrumb\",\"itemListElement\":[{\"@type\":\"ListItem\",\"position\":1,\"name\":\"In\u00edcio\",\"item\":\"https:\\\/\\\/www.ronaldocorreiadebrito.com.br\\\/site2\\\/\"},{\"@type\":\"ListItem\",\"position\":2,\"name\":\"F\u00e9, Covid e morte\"}]},{\"@type\":\"WebSite\",\"@id\":\"https:\\\/\\\/www.ronaldocorreiadebrito.com.br\\\/site2\\\/#website\",\"url\":\"https:\\\/\\\/www.ronaldocorreiadebrito.com.br\\\/site2\\\/\",\"name\":\"Ronaldo Correia de Brito | site oficial\",\"description\":\"Site oficial do escritor Ronaldo Correia de Brito\",\"potentialAction\":[{\"@type\":\"SearchAction\",\"target\":{\"@type\":\"EntryPoint\",\"urlTemplate\":\"https:\\\/\\\/www.ronaldocorreiadebrito.com.br\\\/site2\\\/?s={search_term_string}\"},\"query-input\":{\"@type\":\"PropertyValueSpecification\",\"valueRequired\":true,\"valueName\":\"search_term_string\"}}],\"inLanguage\":\"pt-BR\"},{\"@type\":\"Person\",\"@id\":\"https:\\\/\\\/www.ronaldocorreiadebrito.com.br\\\/site2\\\/#\\\/schema\\\/person\\\/99a164d0eaaff7f78b11899bc7d5e7c9\",\"name\":\"admin\",\"url\":\"https:\\\/\\\/www.ronaldocorreiadebrito.com.br\\\/site2\\\/author\\\/admin\\\/\"}]}<\/script>\n<!-- \/ Yoast SEO plugin. -->","yoast_head_json":{"title":"F\u00e9, Covid e morte | Ronaldo Correia de Brito | site oficial","robots":{"index":"index","follow":"follow","max-snippet":"max-snippet:-1","max-image-preview":"max-image-preview:large","max-video-preview":"max-video-preview:-1"},"canonical":"https:\/\/www.ronaldocorreiadebrito.com.br\/site2\/2020\/12\/fe-covid-e-morte\/","og_locale":"pt_BR","og_type":"article","og_title":"F\u00e9, Covid e morte | Ronaldo Correia de Brito | site oficial","og_description":"Foi triste o dia de nossa Senhora da Concei\u00e7\u00e3o. Mesmo para os n\u00e3o cat\u00f3licos nem devotos, \u00e9 bonito olhar as casas do morro, pintadas de azul, e as ruas iluminadas para a festa. Neste ano sem prociss\u00e3o, sem sinos tocando, sem salvas de fogos \u00e0s...","og_url":"https:\/\/www.ronaldocorreiadebrito.com.br\/site2\/2020\/12\/fe-covid-e-morte\/","og_site_name":"Ronaldo Correia de Brito | site oficial","article_publisher":"https:\/\/www.facebook.com\/ronaldocorreiadebrito.oficial","article_published_time":"2020-12-09T20:05:33+00:00","og_image":[{"width":700,"height":450,"url":"https:\/\/www.ronaldocorreiadebrito.com.br\/site2\/wp-content\/uploads\/2020\/12\/20201116135608297728e.jpeg","type":"image\/jpeg"}],"author":"admin","twitter_card":"summary_large_image","twitter_misc":{"Escrito por":"admin","Est. tempo de leitura":"2 minutos"},"schema":{"@context":"https:\/\/schema.org","@graph":[{"@type":"Article","@id":"https:\/\/www.ronaldocorreiadebrito.com.br\/site2\/2020\/12\/fe-covid-e-morte\/#article","isPartOf":{"@id":"https:\/\/www.ronaldocorreiadebrito.com.br\/site2\/2020\/12\/fe-covid-e-morte\/"},"author":{"name":"admin","@id":"https:\/\/www.ronaldocorreiadebrito.com.br\/site2\/#\/schema\/person\/99a164d0eaaff7f78b11899bc7d5e7c9"},"headline":"F\u00e9, Covid e morte","datePublished":"2020-12-09T20:05:33+00:00","mainEntityOfPage":{"@id":"https:\/\/www.ronaldocorreiadebrito.com.br\/site2\/2020\/12\/fe-covid-e-morte\/"},"wordCount":490,"commentCount":0,"image":{"@id":"https:\/\/www.ronaldocorreiadebrito.com.br\/site2\/2020\/12\/fe-covid-e-morte\/#primaryimage"},"thumbnailUrl":"https:\/\/www.ronaldocorreiadebrito.com.br\/site2\/wp-content\/uploads\/2020\/12\/20201116135608297728e.jpeg","articleSection":["Blog","Links","Slider"],"inLanguage":"pt-BR","potentialAction":[{"@type":"CommentAction","name":"Comment","target":["https:\/\/www.ronaldocorreiadebrito.com.br\/site2\/2020\/12\/fe-covid-e-morte\/#respond"]}]},{"@type":"WebPage","@id":"https:\/\/www.ronaldocorreiadebrito.com.br\/site2\/2020\/12\/fe-covid-e-morte\/","url":"https:\/\/www.ronaldocorreiadebrito.com.br\/site2\/2020\/12\/fe-covid-e-morte\/","name":"F\u00e9, Covid e morte | Ronaldo Correia de Brito | site oficial","isPartOf":{"@id":"https:\/\/www.ronaldocorreiadebrito.com.br\/site2\/#website"},"primaryImageOfPage":{"@id":"https:\/\/www.ronaldocorreiadebrito.com.br\/site2\/2020\/12\/fe-covid-e-morte\/#primaryimage"},"image":{"@id":"https:\/\/www.ronaldocorreiadebrito.com.br\/site2\/2020\/12\/fe-covid-e-morte\/#primaryimage"},"thumbnailUrl":"https:\/\/www.ronaldocorreiadebrito.com.br\/site2\/wp-content\/uploads\/2020\/12\/20201116135608297728e.jpeg","datePublished":"2020-12-09T20:05:33+00:00","author":{"@id":"https:\/\/www.ronaldocorreiadebrito.com.br\/site2\/#\/schema\/person\/99a164d0eaaff7f78b11899bc7d5e7c9"},"breadcrumb":{"@id":"https:\/\/www.ronaldocorreiadebrito.com.br\/site2\/2020\/12\/fe-covid-e-morte\/#breadcrumb"},"inLanguage":"pt-BR","potentialAction":[{"@type":"ReadAction","target":["https:\/\/www.ronaldocorreiadebrito.com.br\/site2\/2020\/12\/fe-covid-e-morte\/"]}]},{"@type":"ImageObject","inLanguage":"pt-BR","@id":"https:\/\/www.ronaldocorreiadebrito.com.br\/site2\/2020\/12\/fe-covid-e-morte\/#primaryimage","url":"https:\/\/www.ronaldocorreiadebrito.com.br\/site2\/wp-content\/uploads\/2020\/12\/20201116135608297728e.jpeg","contentUrl":"https:\/\/www.ronaldocorreiadebrito.com.br\/site2\/wp-content\/uploads\/2020\/12\/20201116135608297728e.jpeg","width":700,"height":450},{"@type":"BreadcrumbList","@id":"https:\/\/www.ronaldocorreiadebrito.com.br\/site2\/2020\/12\/fe-covid-e-morte\/#breadcrumb","itemListElement":[{"@type":"ListItem","position":1,"name":"In\u00edcio","item":"https:\/\/www.ronaldocorreiadebrito.com.br\/site2\/"},{"@type":"ListItem","position":2,"name":"F\u00e9, Covid e morte"}]},{"@type":"WebSite","@id":"https:\/\/www.ronaldocorreiadebrito.com.br\/site2\/#website","url":"https:\/\/www.ronaldocorreiadebrito.com.br\/site2\/","name":"Ronaldo Correia de Brito | site oficial","description":"Site oficial do escritor Ronaldo Correia de Brito","potentialAction":[{"@type":"SearchAction","target":{"@type":"EntryPoint","urlTemplate":"https:\/\/www.ronaldocorreiadebrito.com.br\/site2\/?s={search_term_string}"},"query-input":{"@type":"PropertyValueSpecification","valueRequired":true,"valueName":"search_term_string"}}],"inLanguage":"pt-BR"},{"@type":"Person","@id":"https:\/\/www.ronaldocorreiadebrito.com.br\/site2\/#\/schema\/person\/99a164d0eaaff7f78b11899bc7d5e7c9","name":"admin","url":"https:\/\/www.ronaldocorreiadebrito.com.br\/site2\/author\/admin\/"}]}},"wps_subtitle":"","_links":{"self":[{"href":"https:\/\/www.ronaldocorreiadebrito.com.br\/site2\/wp-json\/wp\/v2\/posts\/1514","targetHints":{"allow":["GET"]}}],"collection":[{"href":"https:\/\/www.ronaldocorreiadebrito.com.br\/site2\/wp-json\/wp\/v2\/posts"}],"about":[{"href":"https:\/\/www.ronaldocorreiadebrito.com.br\/site2\/wp-json\/wp\/v2\/types\/post"}],"author":[{"embeddable":true,"href":"https:\/\/www.ronaldocorreiadebrito.com.br\/site2\/wp-json\/wp\/v2\/users\/1"}],"replies":[{"embeddable":true,"href":"https:\/\/www.ronaldocorreiadebrito.com.br\/site2\/wp-json\/wp\/v2\/comments?post=1514"}],"version-history":[{"count":0,"href":"https:\/\/www.ronaldocorreiadebrito.com.br\/site2\/wp-json\/wp\/v2\/posts\/1514\/revisions"}],"wp:featuredmedia":[{"embeddable":true,"href":"https:\/\/www.ronaldocorreiadebrito.com.br\/site2\/wp-json\/wp\/v2\/media\/1515"}],"wp:attachment":[{"href":"https:\/\/www.ronaldocorreiadebrito.com.br\/site2\/wp-json\/wp\/v2\/media?parent=1514"}],"wp:term":[{"taxonomy":"category","embeddable":true,"href":"https:\/\/www.ronaldocorreiadebrito.com.br\/site2\/wp-json\/wp\/v2\/categories?post=1514"},{"taxonomy":"post_tag","embeddable":true,"href":"https:\/\/www.ronaldocorreiadebrito.com.br\/site2\/wp-json\/wp\/v2\/tags?post=1514"}],"curies":[{"name":"wp","href":"https:\/\/api.w.org\/{rel}","templated":true}]}}