{"id":1500,"date":"2020-11-25T09:38:47","date_gmt":"2020-11-25T12:38:47","guid":{"rendered":"http:\/\/www.ronaldocorreiadebrito.com.br\/site2\/?p=1500"},"modified":"2020-11-25T09:38:47","modified_gmt":"2020-11-25T12:38:47","slug":"sob-camadas-de-esquecimento-2","status":"publish","type":"post","link":"https:\/\/www.ronaldocorreiadebrito.com.br\/site2\/2020\/11\/sob-camadas-de-esquecimento-2\/","title":{"rendered":"Sob camadas de esquecimento"},"content":{"rendered":"<p class=\"p1\"><span class=\"s1\">Num dia 26 de julho, enquanto atendia os doentes, escutei um canto forte e bonito, parecendo a voz de Clementina de Jesus. Nada demais cantar, embora as pessoas cada dia cantem menos enquanto trabalham ou descansam. O inusitado \u00e9 que a mulher cantava dentro de uma enfermaria, num hospital de trauma com mais de cem leitos. <\/span><\/p>\n<p class=\"p1\"><span class=\"s1\">A cantiga veio depois de gritos sofridos, por causa dos curativos dolorosos a que ela estava sendo submetida. Parecia um al\u00edvio ou pedido de desculpas pelo transtorno que os gritos causaram. Parei de examinar um paciente para ouvir o que cantavam. Seria um ponto de umbanda? Melhor perguntar.<\/span><\/p>\n<p class=\"p1\"><span class=\"s1\">\u2013 Gostei de sua voz. A senhora canta bem, falei.<\/span><\/p>\n<p class=\"p1\"><span class=\"s1\">\u2013 Gostou? Era um hino evang\u00e9lico.<\/span><\/p>\n<p class=\"p1\"><span class=\"s1\">Conhe\u00e7o o disfarce. Antes, os cultos religiosos negros se escondiam atr\u00e1s das devo\u00e7\u00f5es cat\u00f3licas, por conta das persegui\u00e7\u00f5es da Igreja e da pol\u00edcia. No mais famoso terreiro nag\u00f4 da cidade do Recife, o S\u00edtio de Pai Ad\u00e3o, onde existe plantada uma gameleira de copa imensa, o Iroco, os devotos sa\u00edam \u00e0 rua com um andor para S\u00e3o Jo\u00e3o e, depois, a portas fechadas, tocavam para Xang\u00f4. Cada dia menos prestigiadas e cultuadas, as religi\u00f5es africanas agora se disfar\u00e7am e diluem nas seitas evang\u00e9licas, que demonizam os orix\u00e1s. Conhe\u00e7o essa vergonha em afirmar as origens e uso de artimanhas em minhas investiga\u00e7\u00f5es.<\/span><\/p>\n<p class=\"p1\"><span class=\"s1\">\u2013 N\u00e3o achei que fosse um hino. Parecia mais um bendito de romeiro do Padrinho C\u00edcero, digo \u00e0 mulher.<\/span><\/p>\n<p class=\"p1\"><span class=\"s1\">A velha de oitenta e sete anos abre um sorriso e solta uma gargalhada. Possui voz forte, com acento no \u201cr\u201d que apenas os antigos usam. Esquece o desespero por estar internada h\u00e1 mais de dois meses, de in\u00edcio para uma cirurgia de fratura de f\u00eamur, que nunca foi realizada. Agora, trata as complica\u00e7\u00f5es do internamento prolongado, escaras e infec\u00e7\u00f5es. <\/span><\/p>\n<p class=\"p1\"><span class=\"s1\">\u2013 Fui ao Juazeiro, sim. N\u00e3o do jeito que v\u00e3o agora, em caminh\u00e3o e \u00f4nibus. Viajamos a p\u00e9, em lombo de jumento, minha irm\u00e3 mais nova escanchada na cintura de mam\u00e3e. O Padre ainda era vivo e batizou minha irm\u00e3. A gente dormia debaixo dos p\u00e9s de \u00e1rvore, acendia fogo, cozinhava o comer. J\u00e1 ouviu falar em Lampi\u00e3o, em Antonio Silvino? N\u00e3o eram como os bandidos de hoje. Agora tem mais gente e mais bandido. Me escondi muitas vezes com medo de cangaceiro.<\/span><\/p>\n<p class=\"p1\"><span class=\"s1\">E conta hist\u00f3rias de canga\u00e7o, sert\u00e3o, viagens, terrores. Relembra os irm\u00e3os, as tias velhas encarquilhadas em cima da cama, os parentes escravos. Felizmente, livrou-se da escravid\u00e3o, mas se tivesse de ser, seria. Parece outra \u00e0 medida que fala, liberando a mem\u00f3ria soterrada, agora fresca e l\u00facida. Abre a tampa do ba\u00fa de hist\u00f3rias. Reconstitui o dia em que Get\u00falio Vargas se matou, refaz an\u00e1lises jornal\u00edsticas da \u00e9poca. Chora inconsol\u00e1vel quando fala do governador Miguel Arraes. Gra\u00e7as a ele ganhou um terreno e ergueu um barraco.<\/span><\/p>\n<p class=\"p1\"><span class=\"s1\">\u2013 E o ponto? pergunto.<\/span><\/p>\n<p class=\"p1\"><span class=\"s1\">\u2013 Que ponto?<\/span><\/p>\n<p class=\"p1\"><span class=\"s1\">\u2013 O que a senhora cantava h\u00e1 pouco. N\u00e3o me engane, tamb\u00e9m sei das coisas. Nunca guardei quarto, mas jogaram pra mim e me deram Orixal\u00e1 de frente e Ians\u00e3 de costa. <\/span><\/p>\n<p class=\"p1\"><span class=\"s1\">Ela fica muda. Olha para os cantos e baixa a voz.<\/span><\/p>\n<p class=\"p1\"><span class=\"s1\">\u2013 O senhor sabe, \u00e9 a religi\u00e3o de meu povo, da na\u00e7\u00e3o. Tamb\u00e9m n\u00e3o raspei cabe\u00e7a, mas andei em tudo que \u00e9 terreiro do Recife e recebo os orix\u00e1s. Agora n\u00e3o vou mais a lugar nenhum. Mas se deixar, recebo aqui nessa cama.<\/span><\/p>\n<p class=\"p1\"><span class=\"s1\">\u2013 E quem \u00e9 seu santo?<\/span><\/p>\n<p class=\"p1\"><span class=\"s1\">\u2013 N\u00e3o posso dizer, \u00e9 segredo.<\/span><\/p>\n<p class=\"p1\"><span class=\"s1\">Por\u00e9m revela os nomes de todas as casas ilustres do Recife, onde se cultuavam os orix\u00e1s. Conta as hist\u00f3rias dos pais e das m\u00e3es de santos, as particularidades de cada um e as futricas dos terreiros. Confiante no interlocutor, ela ignora a companheira de enfermaria, eleva a voz e solta a l\u00edngua. D\u00e1 mais risadas, se agita, faz trejeitos no rosto, trai suas origens. <\/span><\/p>\n<p class=\"p1\"><span class=\"s1\">Arrisco-me. <\/span><\/p>\n<p class=\"p1\"><span class=\"s1\">\u2013 A senhora \u00e9 filha de Xang\u00f4.<\/span><\/p>\n<p class=\"p1\"><span class=\"s1\">Ela ri satisfeita. <\/span><\/p>\n<p class=\"p1\"><span class=\"s1\">\u2013 E da velha Nan\u00e3, completa. <\/span><\/p>\n<p class=\"p3\"><span class=\"s1\">Nan\u00e3 \u00e9 a mais temida de todos os orix\u00e1s. \u00c9 tamb\u00e9m a mais velha, poderosa e respeitada. Seus c\u00e2nticos s\u00e3o s\u00faplicas, pedem que levem a morte para longe, permitindo que a vida se mantenha<\/span><\/p>\n","protected":false},"excerpt":{"rendered":"<p>Num dia 26 de julho, enquanto atendia os doentes, escutei um canto forte e bonito, parecendo a voz de Clementina de Jesus. Nada demais cantar, embora as pessoas cada dia cantem menos enquanto trabalham ou descansam. O inusitado \u00e9 que a mulher cantava dentro de&#8230;<\/p>\n","protected":false},"author":1,"featured_media":1501,"comment_status":"open","ping_status":"closed","sticky":false,"template":"","format":"standard","meta":{"sfsi_plus_gutenberg_text_before_share":"","sfsi_plus_gutenberg_show_text_before_share":"","sfsi_plus_gutenberg_icon_type":"","sfsi_plus_gutenberg_icon_alignemt":"","sfsi_plus_gutenburg_max_per_row":"","footnotes":""},"categories":[8,46,45],"tags":[],"class_list":["post-1500","post","type-post","status-publish","format-standard","has-post-thumbnail","hentry","category-blog","category-links","category-slider"],"yoast_head":"<!-- This site is optimized with the Yoast SEO plugin v27.4 - https:\/\/yoast.com\/product\/yoast-seo-wordpress\/ -->\n<title>Sob camadas de esquecimento | Ronaldo Correia de Brito | site oficial<\/title>\n<meta name=\"robots\" content=\"index, follow, max-snippet:-1, max-image-preview:large, max-video-preview:-1\" \/>\n<link rel=\"canonical\" href=\"https:\/\/www.ronaldocorreiadebrito.com.br\/site2\/2020\/11\/sob-camadas-de-esquecimento-2\/\" \/>\n<meta property=\"og:locale\" content=\"pt_BR\" \/>\n<meta property=\"og:type\" content=\"article\" \/>\n<meta property=\"og:title\" content=\"Sob camadas de esquecimento | Ronaldo Correia de Brito | site oficial\" \/>\n<meta property=\"og:description\" content=\"Num dia 26 de julho, enquanto atendia os doentes, escutei um canto forte e bonito, parecendo a voz de Clementina de Jesus. Nada demais cantar, embora as pessoas cada dia cantem menos enquanto trabalham ou descansam. O inusitado \u00e9 que a mulher cantava dentro de...\" \/>\n<meta property=\"og:url\" content=\"https:\/\/www.ronaldocorreiadebrito.com.br\/site2\/2020\/11\/sob-camadas-de-esquecimento-2\/\" \/>\n<meta property=\"og:site_name\" content=\"Ronaldo Correia de Brito | site oficial\" \/>\n<meta property=\"article:publisher\" content=\"https:\/\/www.facebook.com\/ronaldocorreiadebrito.oficial\" \/>\n<meta property=\"article:published_time\" content=\"2020-11-25T12:38:47+00:00\" \/>\n<meta property=\"og:image\" content=\"https:\/\/www.ronaldocorreiadebrito.com.br\/site2\/wp-content\/uploads\/2020\/11\/clementina-jesus.jpg\" \/>\n\t<meta property=\"og:image:width\" content=\"512\" \/>\n\t<meta property=\"og:image:height\" content=\"234\" \/>\n\t<meta property=\"og:image:type\" content=\"image\/jpeg\" \/>\n<meta name=\"author\" content=\"admin\" \/>\n<meta name=\"twitter:card\" content=\"summary_large_image\" \/>\n<meta name=\"twitter:label1\" content=\"Escrito por\" \/>\n\t<meta name=\"twitter:data1\" content=\"admin\" \/>\n\t<meta name=\"twitter:label2\" content=\"Est. tempo de leitura\" \/>\n\t<meta name=\"twitter:data2\" content=\"4 minutos\" \/>\n<script type=\"application\/ld+json\" class=\"yoast-schema-graph\">{\"@context\":\"https:\\\/\\\/schema.org\",\"@graph\":[{\"@type\":\"Article\",\"@id\":\"https:\\\/\\\/www.ronaldocorreiadebrito.com.br\\\/site2\\\/2020\\\/11\\\/sob-camadas-de-esquecimento-2\\\/#article\",\"isPartOf\":{\"@id\":\"https:\\\/\\\/www.ronaldocorreiadebrito.com.br\\\/site2\\\/2020\\\/11\\\/sob-camadas-de-esquecimento-2\\\/\"},\"author\":{\"name\":\"admin\",\"@id\":\"https:\\\/\\\/www.ronaldocorreiadebrito.com.br\\\/site2\\\/#\\\/schema\\\/person\\\/99a164d0eaaff7f78b11899bc7d5e7c9\"},\"headline\":\"Sob camadas de esquecimento\",\"datePublished\":\"2020-11-25T12:38:47+00:00\",\"mainEntityOfPage\":{\"@id\":\"https:\\\/\\\/www.ronaldocorreiadebrito.com.br\\\/site2\\\/2020\\\/11\\\/sob-camadas-de-esquecimento-2\\\/\"},\"wordCount\":734,\"commentCount\":0,\"image\":{\"@id\":\"https:\\\/\\\/www.ronaldocorreiadebrito.com.br\\\/site2\\\/2020\\\/11\\\/sob-camadas-de-esquecimento-2\\\/#primaryimage\"},\"thumbnailUrl\":\"https:\\\/\\\/www.ronaldocorreiadebrito.com.br\\\/site2\\\/wp-content\\\/uploads\\\/2020\\\/11\\\/clementina-jesus.jpg\",\"articleSection\":[\"Blog\",\"Links\",\"Slider\"],\"inLanguage\":\"pt-BR\",\"potentialAction\":[{\"@type\":\"CommentAction\",\"name\":\"Comment\",\"target\":[\"https:\\\/\\\/www.ronaldocorreiadebrito.com.br\\\/site2\\\/2020\\\/11\\\/sob-camadas-de-esquecimento-2\\\/#respond\"]}]},{\"@type\":\"WebPage\",\"@id\":\"https:\\\/\\\/www.ronaldocorreiadebrito.com.br\\\/site2\\\/2020\\\/11\\\/sob-camadas-de-esquecimento-2\\\/\",\"url\":\"https:\\\/\\\/www.ronaldocorreiadebrito.com.br\\\/site2\\\/2020\\\/11\\\/sob-camadas-de-esquecimento-2\\\/\",\"name\":\"Sob camadas de esquecimento | Ronaldo Correia de Brito | site oficial\",\"isPartOf\":{\"@id\":\"https:\\\/\\\/www.ronaldocorreiadebrito.com.br\\\/site2\\\/#website\"},\"primaryImageOfPage\":{\"@id\":\"https:\\\/\\\/www.ronaldocorreiadebrito.com.br\\\/site2\\\/2020\\\/11\\\/sob-camadas-de-esquecimento-2\\\/#primaryimage\"},\"image\":{\"@id\":\"https:\\\/\\\/www.ronaldocorreiadebrito.com.br\\\/site2\\\/2020\\\/11\\\/sob-camadas-de-esquecimento-2\\\/#primaryimage\"},\"thumbnailUrl\":\"https:\\\/\\\/www.ronaldocorreiadebrito.com.br\\\/site2\\\/wp-content\\\/uploads\\\/2020\\\/11\\\/clementina-jesus.jpg\",\"datePublished\":\"2020-11-25T12:38:47+00:00\",\"author\":{\"@id\":\"https:\\\/\\\/www.ronaldocorreiadebrito.com.br\\\/site2\\\/#\\\/schema\\\/person\\\/99a164d0eaaff7f78b11899bc7d5e7c9\"},\"breadcrumb\":{\"@id\":\"https:\\\/\\\/www.ronaldocorreiadebrito.com.br\\\/site2\\\/2020\\\/11\\\/sob-camadas-de-esquecimento-2\\\/#breadcrumb\"},\"inLanguage\":\"pt-BR\",\"potentialAction\":[{\"@type\":\"ReadAction\",\"target\":[\"https:\\\/\\\/www.ronaldocorreiadebrito.com.br\\\/site2\\\/2020\\\/11\\\/sob-camadas-de-esquecimento-2\\\/\"]}]},{\"@type\":\"ImageObject\",\"inLanguage\":\"pt-BR\",\"@id\":\"https:\\\/\\\/www.ronaldocorreiadebrito.com.br\\\/site2\\\/2020\\\/11\\\/sob-camadas-de-esquecimento-2\\\/#primaryimage\",\"url\":\"https:\\\/\\\/www.ronaldocorreiadebrito.com.br\\\/site2\\\/wp-content\\\/uploads\\\/2020\\\/11\\\/clementina-jesus.jpg\",\"contentUrl\":\"https:\\\/\\\/www.ronaldocorreiadebrito.com.br\\\/site2\\\/wp-content\\\/uploads\\\/2020\\\/11\\\/clementina-jesus.jpg\",\"width\":512,\"height\":234,\"caption\":\"AJB\\\/RIO - 13\\\/09\\\/08CLEMENTINA DE JESUS.FOTO PRODUZIDA EM 10\\\/03\\\/65FOTO: ARQUIVO\\\/CPDoc JB\"},{\"@type\":\"BreadcrumbList\",\"@id\":\"https:\\\/\\\/www.ronaldocorreiadebrito.com.br\\\/site2\\\/2020\\\/11\\\/sob-camadas-de-esquecimento-2\\\/#breadcrumb\",\"itemListElement\":[{\"@type\":\"ListItem\",\"position\":1,\"name\":\"In\u00edcio\",\"item\":\"https:\\\/\\\/www.ronaldocorreiadebrito.com.br\\\/site2\\\/\"},{\"@type\":\"ListItem\",\"position\":2,\"name\":\"Sob camadas de esquecimento\"}]},{\"@type\":\"WebSite\",\"@id\":\"https:\\\/\\\/www.ronaldocorreiadebrito.com.br\\\/site2\\\/#website\",\"url\":\"https:\\\/\\\/www.ronaldocorreiadebrito.com.br\\\/site2\\\/\",\"name\":\"Ronaldo Correia de Brito | site oficial\",\"description\":\"Site oficial do escritor Ronaldo Correia de Brito\",\"potentialAction\":[{\"@type\":\"SearchAction\",\"target\":{\"@type\":\"EntryPoint\",\"urlTemplate\":\"https:\\\/\\\/www.ronaldocorreiadebrito.com.br\\\/site2\\\/?s={search_term_string}\"},\"query-input\":{\"@type\":\"PropertyValueSpecification\",\"valueRequired\":true,\"valueName\":\"search_term_string\"}}],\"inLanguage\":\"pt-BR\"},{\"@type\":\"Person\",\"@id\":\"https:\\\/\\\/www.ronaldocorreiadebrito.com.br\\\/site2\\\/#\\\/schema\\\/person\\\/99a164d0eaaff7f78b11899bc7d5e7c9\",\"name\":\"admin\",\"url\":\"https:\\\/\\\/www.ronaldocorreiadebrito.com.br\\\/site2\\\/author\\\/admin\\\/\"}]}<\/script>\n<!-- \/ Yoast SEO plugin. -->","yoast_head_json":{"title":"Sob camadas de esquecimento | Ronaldo Correia de Brito | site oficial","robots":{"index":"index","follow":"follow","max-snippet":"max-snippet:-1","max-image-preview":"max-image-preview:large","max-video-preview":"max-video-preview:-1"},"canonical":"https:\/\/www.ronaldocorreiadebrito.com.br\/site2\/2020\/11\/sob-camadas-de-esquecimento-2\/","og_locale":"pt_BR","og_type":"article","og_title":"Sob camadas de esquecimento | Ronaldo Correia de Brito | site oficial","og_description":"Num dia 26 de julho, enquanto atendia os doentes, escutei um canto forte e bonito, parecendo a voz de Clementina de Jesus. Nada demais cantar, embora as pessoas cada dia cantem menos enquanto trabalham ou descansam. O inusitado \u00e9 que a mulher cantava dentro de...","og_url":"https:\/\/www.ronaldocorreiadebrito.com.br\/site2\/2020\/11\/sob-camadas-de-esquecimento-2\/","og_site_name":"Ronaldo Correia de Brito | site oficial","article_publisher":"https:\/\/www.facebook.com\/ronaldocorreiadebrito.oficial","article_published_time":"2020-11-25T12:38:47+00:00","og_image":[{"width":512,"height":234,"url":"https:\/\/www.ronaldocorreiadebrito.com.br\/site2\/wp-content\/uploads\/2020\/11\/clementina-jesus.jpg","type":"image\/jpeg"}],"author":"admin","twitter_card":"summary_large_image","twitter_misc":{"Escrito por":"admin","Est. tempo de leitura":"4 minutos"},"schema":{"@context":"https:\/\/schema.org","@graph":[{"@type":"Article","@id":"https:\/\/www.ronaldocorreiadebrito.com.br\/site2\/2020\/11\/sob-camadas-de-esquecimento-2\/#article","isPartOf":{"@id":"https:\/\/www.ronaldocorreiadebrito.com.br\/site2\/2020\/11\/sob-camadas-de-esquecimento-2\/"},"author":{"name":"admin","@id":"https:\/\/www.ronaldocorreiadebrito.com.br\/site2\/#\/schema\/person\/99a164d0eaaff7f78b11899bc7d5e7c9"},"headline":"Sob camadas de esquecimento","datePublished":"2020-11-25T12:38:47+00:00","mainEntityOfPage":{"@id":"https:\/\/www.ronaldocorreiadebrito.com.br\/site2\/2020\/11\/sob-camadas-de-esquecimento-2\/"},"wordCount":734,"commentCount":0,"image":{"@id":"https:\/\/www.ronaldocorreiadebrito.com.br\/site2\/2020\/11\/sob-camadas-de-esquecimento-2\/#primaryimage"},"thumbnailUrl":"https:\/\/www.ronaldocorreiadebrito.com.br\/site2\/wp-content\/uploads\/2020\/11\/clementina-jesus.jpg","articleSection":["Blog","Links","Slider"],"inLanguage":"pt-BR","potentialAction":[{"@type":"CommentAction","name":"Comment","target":["https:\/\/www.ronaldocorreiadebrito.com.br\/site2\/2020\/11\/sob-camadas-de-esquecimento-2\/#respond"]}]},{"@type":"WebPage","@id":"https:\/\/www.ronaldocorreiadebrito.com.br\/site2\/2020\/11\/sob-camadas-de-esquecimento-2\/","url":"https:\/\/www.ronaldocorreiadebrito.com.br\/site2\/2020\/11\/sob-camadas-de-esquecimento-2\/","name":"Sob camadas de esquecimento | Ronaldo Correia de Brito | site oficial","isPartOf":{"@id":"https:\/\/www.ronaldocorreiadebrito.com.br\/site2\/#website"},"primaryImageOfPage":{"@id":"https:\/\/www.ronaldocorreiadebrito.com.br\/site2\/2020\/11\/sob-camadas-de-esquecimento-2\/#primaryimage"},"image":{"@id":"https:\/\/www.ronaldocorreiadebrito.com.br\/site2\/2020\/11\/sob-camadas-de-esquecimento-2\/#primaryimage"},"thumbnailUrl":"https:\/\/www.ronaldocorreiadebrito.com.br\/site2\/wp-content\/uploads\/2020\/11\/clementina-jesus.jpg","datePublished":"2020-11-25T12:38:47+00:00","author":{"@id":"https:\/\/www.ronaldocorreiadebrito.com.br\/site2\/#\/schema\/person\/99a164d0eaaff7f78b11899bc7d5e7c9"},"breadcrumb":{"@id":"https:\/\/www.ronaldocorreiadebrito.com.br\/site2\/2020\/11\/sob-camadas-de-esquecimento-2\/#breadcrumb"},"inLanguage":"pt-BR","potentialAction":[{"@type":"ReadAction","target":["https:\/\/www.ronaldocorreiadebrito.com.br\/site2\/2020\/11\/sob-camadas-de-esquecimento-2\/"]}]},{"@type":"ImageObject","inLanguage":"pt-BR","@id":"https:\/\/www.ronaldocorreiadebrito.com.br\/site2\/2020\/11\/sob-camadas-de-esquecimento-2\/#primaryimage","url":"https:\/\/www.ronaldocorreiadebrito.com.br\/site2\/wp-content\/uploads\/2020\/11\/clementina-jesus.jpg","contentUrl":"https:\/\/www.ronaldocorreiadebrito.com.br\/site2\/wp-content\/uploads\/2020\/11\/clementina-jesus.jpg","width":512,"height":234,"caption":"AJB\/RIO - 13\/09\/08CLEMENTINA DE JESUS.FOTO PRODUZIDA EM 10\/03\/65FOTO: ARQUIVO\/CPDoc JB"},{"@type":"BreadcrumbList","@id":"https:\/\/www.ronaldocorreiadebrito.com.br\/site2\/2020\/11\/sob-camadas-de-esquecimento-2\/#breadcrumb","itemListElement":[{"@type":"ListItem","position":1,"name":"In\u00edcio","item":"https:\/\/www.ronaldocorreiadebrito.com.br\/site2\/"},{"@type":"ListItem","position":2,"name":"Sob camadas de esquecimento"}]},{"@type":"WebSite","@id":"https:\/\/www.ronaldocorreiadebrito.com.br\/site2\/#website","url":"https:\/\/www.ronaldocorreiadebrito.com.br\/site2\/","name":"Ronaldo Correia de Brito | site oficial","description":"Site oficial do escritor Ronaldo Correia de Brito","potentialAction":[{"@type":"SearchAction","target":{"@type":"EntryPoint","urlTemplate":"https:\/\/www.ronaldocorreiadebrito.com.br\/site2\/?s={search_term_string}"},"query-input":{"@type":"PropertyValueSpecification","valueRequired":true,"valueName":"search_term_string"}}],"inLanguage":"pt-BR"},{"@type":"Person","@id":"https:\/\/www.ronaldocorreiadebrito.com.br\/site2\/#\/schema\/person\/99a164d0eaaff7f78b11899bc7d5e7c9","name":"admin","url":"https:\/\/www.ronaldocorreiadebrito.com.br\/site2\/author\/admin\/"}]}},"wps_subtitle":"","_links":{"self":[{"href":"https:\/\/www.ronaldocorreiadebrito.com.br\/site2\/wp-json\/wp\/v2\/posts\/1500","targetHints":{"allow":["GET"]}}],"collection":[{"href":"https:\/\/www.ronaldocorreiadebrito.com.br\/site2\/wp-json\/wp\/v2\/posts"}],"about":[{"href":"https:\/\/www.ronaldocorreiadebrito.com.br\/site2\/wp-json\/wp\/v2\/types\/post"}],"author":[{"embeddable":true,"href":"https:\/\/www.ronaldocorreiadebrito.com.br\/site2\/wp-json\/wp\/v2\/users\/1"}],"replies":[{"embeddable":true,"href":"https:\/\/www.ronaldocorreiadebrito.com.br\/site2\/wp-json\/wp\/v2\/comments?post=1500"}],"version-history":[{"count":0,"href":"https:\/\/www.ronaldocorreiadebrito.com.br\/site2\/wp-json\/wp\/v2\/posts\/1500\/revisions"}],"wp:featuredmedia":[{"embeddable":true,"href":"https:\/\/www.ronaldocorreiadebrito.com.br\/site2\/wp-json\/wp\/v2\/media\/1501"}],"wp:attachment":[{"href":"https:\/\/www.ronaldocorreiadebrito.com.br\/site2\/wp-json\/wp\/v2\/media?parent=1500"}],"wp:term":[{"taxonomy":"category","embeddable":true,"href":"https:\/\/www.ronaldocorreiadebrito.com.br\/site2\/wp-json\/wp\/v2\/categories?post=1500"},{"taxonomy":"post_tag","embeddable":true,"href":"https:\/\/www.ronaldocorreiadebrito.com.br\/site2\/wp-json\/wp\/v2\/tags?post=1500"}],"curies":[{"name":"wp","href":"https:\/\/api.w.org\/{rel}","templated":true}]}}