{"id":1489,"date":"2020-11-10T10:37:24","date_gmt":"2020-11-10T13:37:24","guid":{"rendered":"http:\/\/www.ronaldocorreiadebrito.com.br\/site2\/?p=1489"},"modified":"2020-11-10T10:37:24","modified_gmt":"2020-11-10T13:37:24","slug":"o-que-fazer-com-cabeca-torta","status":"publish","type":"post","link":"https:\/\/www.ronaldocorreiadebrito.com.br\/site2\/2020\/11\/o-que-fazer-com-cabeca-torta\/","title":{"rendered":"O que fazer com a cabe\u00e7a torta?"},"content":{"rendered":"<p class=\"p1\"><span class=\"s1\">Dizem que o achado entre os cearenses de uma doen\u00e7a neurol\u00f3gica chamada impress\u00e3o basilar, que acomete a transi\u00e7\u00e3o do cr\u00e2nio para as v\u00e9rtebras, \u00e9 heran\u00e7a judaica. Ser\u00e1 verdade? Chegaram tantos crist\u00e3os novos ao deserto cearense? Isso explica a apar\u00eancia de que nossas cabe\u00e7as est\u00e3o sentadas sobre os ombros, o que serviu de chacota at\u00e9 mesmo a Pedro Nava? Apregoam as m\u00e1s l\u00ednguas que a todo cearense sobra tamanho de cabe\u00e7a e falta pesco\u00e7o. \u00c9 mentira. Basta olhar uma foto do ditador Marechal Humberto de Alencar Castelo Branco e, infelizmente, constatar a verdade.<\/span><\/p>\n<p class=\"p1\"><span class=\"s1\">Recuso a explica\u00e7\u00e3o de que sofro de impress\u00e3o basilar ou invagina\u00e7\u00e3o basilar por conta dos meus genes semitas. N\u00e3o culparei minha gen\u00e9tica pelo sofrimento cervical, pelas dores, tonturas, perda de equil\u00edbrio e zumbidos permanentes nos ouvidos. A \u00fanica culpada disso tudo \u00e9 minha m\u00e3e, que assumiu uma d\u00edvida com S\u00e3o Francisco de Assis em meu nome, quando eu tinha apenas dezoito dias de nascido.<\/span><\/p>\n<p class=\"p1\"><span class=\"s1\">Eu n\u00e3o passava de um inocente, que o irm\u00e3o mais velho, tomado de ci\u00fame b\u00edblico, tentava matar. Para livra-me do Caim fratricida, a ardilosa m\u00e3e armou bem alta a rede em que eu dormia. Mas n\u00e3o t\u00e3o alta que o demoniozinho deixasse de alcan\u00e7ar, me derrubando no ch\u00e3o de tijoleiras da casa. Dizem que permaneci horas sem choro, me consideraram morto. Notaram um detalhe m\u00f3rbido, que meu pesco\u00e7o e a cabe\u00e7a haviam entortado para um lado.<\/span><\/p>\n<p class=\"p1\"><span class=\"s1\">Depois de tentarem todos os rem\u00e9dios caseiros e o \u00faltimo recurso da aguardente alem\u00e3, mam\u00e3e, devota de S\u00e3o Francisco, prometeu o seguinte: quando eu completasse 21 anos, vestiria o h\u00e1bito marrom dos franciscanos, mandaria esculpir em madeira um pesco\u00e7o e uma cabe\u00e7a torta, iria descal\u00e7o \u00e0 cidade romeira de Canind\u00e9, no Cear\u00e1, daria esmolas aos pobres e deixaria o ex-voto e o h\u00e1bito aos p\u00e9s do santo.<\/span><\/p>\n<p class=\"p1\"><span class=\"s1\">Nunca paguei a promessa e Ele me castiga at\u00e9 hoje.<span class=\"Apple-converted-space\">\u00a0 <\/span>Gasto fortunas com fisioterapeutas e neurologistas e vez por outra me deito no sarc\u00f3fago da resson\u00e2ncia magn\u00e9tica. Em v\u00e3o. O Santo n\u00e3o larga o meu cangote. Ou pago o que devo ou ele me castiga. Considerando meus 69 anos, devo 48 anos de juros, num pa\u00eds com as taxa\u00e7\u00f5es mais altas do planeta. Terei de vender o apartamento onde moro ou pedir um amortecimento da d\u00edvida.<\/span><\/p>\n<p class=\"p1\"><span class=\"s1\">Ser\u00e1 que S\u00e3o Francisco me concede? A julgar pelos esc\u00e2ndalos do Banco Vaticano, estou ferrado.<\/span><\/p>\n","protected":false},"excerpt":{"rendered":"<p>Dizem que o achado entre os cearenses de uma doen\u00e7a neurol\u00f3gica chamada impress\u00e3o basilar, que acomete a transi\u00e7\u00e3o do cr\u00e2nio para as v\u00e9rtebras, \u00e9 heran\u00e7a judaica. Ser\u00e1 verdade? Chegaram tantos crist\u00e3os novos ao deserto cearense? Isso explica a apar\u00eancia de que nossas cabe\u00e7as est\u00e3o sentadas&#8230;<\/p>\n","protected":false},"author":1,"featured_media":1490,"comment_status":"open","ping_status":"closed","sticky":false,"template":"","format":"standard","meta":{"sfsi_plus_gutenberg_text_before_share":"","sfsi_plus_gutenberg_show_text_before_share":"","sfsi_plus_gutenberg_icon_type":"","sfsi_plus_gutenberg_icon_alignemt":"","sfsi_plus_gutenburg_max_per_row":"","footnotes":""},"categories":[8,46,45],"tags":[],"class_list":["post-1489","post","type-post","status-publish","format-standard","has-post-thumbnail","hentry","category-blog","category-links","category-slider"],"yoast_head":"<!-- This site is optimized with the Yoast SEO plugin v27.4 - https:\/\/yoast.com\/product\/yoast-seo-wordpress\/ -->\n<title>O que fazer com a cabe\u00e7a torta? | Ronaldo Correia de Brito | site oficial<\/title>\n<meta name=\"robots\" content=\"index, follow, max-snippet:-1, max-image-preview:large, max-video-preview:-1\" \/>\n<link rel=\"canonical\" href=\"https:\/\/www.ronaldocorreiadebrito.com.br\/site2\/2020\/11\/o-que-fazer-com-cabeca-torta\/\" \/>\n<meta property=\"og:locale\" content=\"pt_BR\" \/>\n<meta property=\"og:type\" content=\"article\" \/>\n<meta property=\"og:title\" content=\"O que fazer com a cabe\u00e7a torta? | Ronaldo Correia de Brito | site oficial\" \/>\n<meta property=\"og:description\" content=\"Dizem que o achado entre os cearenses de uma doen\u00e7a neurol\u00f3gica chamada impress\u00e3o basilar, que acomete a transi\u00e7\u00e3o do cr\u00e2nio para as v\u00e9rtebras, \u00e9 heran\u00e7a judaica. Ser\u00e1 verdade? Chegaram tantos crist\u00e3os novos ao deserto cearense? Isso explica a apar\u00eancia de que nossas cabe\u00e7as est\u00e3o sentadas...\" \/>\n<meta property=\"og:url\" content=\"https:\/\/www.ronaldocorreiadebrito.com.br\/site2\/2020\/11\/o-que-fazer-com-cabeca-torta\/\" \/>\n<meta property=\"og:site_name\" content=\"Ronaldo Correia de Brito | site oficial\" \/>\n<meta property=\"article:publisher\" content=\"https:\/\/www.facebook.com\/ronaldocorreiadebrito.oficial\" \/>\n<meta property=\"article:published_time\" content=\"2020-11-10T13:37:24+00:00\" \/>\n<meta property=\"og:image\" content=\"https:\/\/www.ronaldocorreiadebrito.com.br\/site2\/wp-content\/uploads\/2020\/11\/Design-sem-nome.png\" \/>\n\t<meta property=\"og:image:width\" content=\"1000\" \/>\n\t<meta property=\"og:image:height\" content=\"751\" \/>\n\t<meta property=\"og:image:type\" content=\"image\/png\" \/>\n<meta name=\"author\" content=\"admin\" \/>\n<meta name=\"twitter:card\" content=\"summary_large_image\" \/>\n<meta name=\"twitter:label1\" content=\"Escrito por\" \/>\n\t<meta name=\"twitter:data1\" content=\"admin\" \/>\n\t<meta name=\"twitter:label2\" content=\"Est. tempo de leitura\" \/>\n\t<meta name=\"twitter:data2\" content=\"2 minutos\" \/>\n<script type=\"application\/ld+json\" class=\"yoast-schema-graph\">{\"@context\":\"https:\\\/\\\/schema.org\",\"@graph\":[{\"@type\":\"Article\",\"@id\":\"https:\\\/\\\/www.ronaldocorreiadebrito.com.br\\\/site2\\\/2020\\\/11\\\/o-que-fazer-com-cabeca-torta\\\/#article\",\"isPartOf\":{\"@id\":\"https:\\\/\\\/www.ronaldocorreiadebrito.com.br\\\/site2\\\/2020\\\/11\\\/o-que-fazer-com-cabeca-torta\\\/\"},\"author\":{\"name\":\"admin\",\"@id\":\"https:\\\/\\\/www.ronaldocorreiadebrito.com.br\\\/site2\\\/#\\\/schema\\\/person\\\/99a164d0eaaff7f78b11899bc7d5e7c9\"},\"headline\":\"O que fazer com a cabe\u00e7a torta?\",\"datePublished\":\"2020-11-10T13:37:24+00:00\",\"mainEntityOfPage\":{\"@id\":\"https:\\\/\\\/www.ronaldocorreiadebrito.com.br\\\/site2\\\/2020\\\/11\\\/o-que-fazer-com-cabeca-torta\\\/\"},\"wordCount\":446,\"commentCount\":0,\"image\":{\"@id\":\"https:\\\/\\\/www.ronaldocorreiadebrito.com.br\\\/site2\\\/2020\\\/11\\\/o-que-fazer-com-cabeca-torta\\\/#primaryimage\"},\"thumbnailUrl\":\"https:\\\/\\\/www.ronaldocorreiadebrito.com.br\\\/site2\\\/wp-content\\\/uploads\\\/2020\\\/11\\\/Design-sem-nome.png\",\"articleSection\":[\"Blog\",\"Links\",\"Slider\"],\"inLanguage\":\"pt-BR\",\"potentialAction\":[{\"@type\":\"CommentAction\",\"name\":\"Comment\",\"target\":[\"https:\\\/\\\/www.ronaldocorreiadebrito.com.br\\\/site2\\\/2020\\\/11\\\/o-que-fazer-com-cabeca-torta\\\/#respond\"]}]},{\"@type\":\"WebPage\",\"@id\":\"https:\\\/\\\/www.ronaldocorreiadebrito.com.br\\\/site2\\\/2020\\\/11\\\/o-que-fazer-com-cabeca-torta\\\/\",\"url\":\"https:\\\/\\\/www.ronaldocorreiadebrito.com.br\\\/site2\\\/2020\\\/11\\\/o-que-fazer-com-cabeca-torta\\\/\",\"name\":\"O que fazer com a cabe\u00e7a torta? | Ronaldo Correia de Brito | site oficial\",\"isPartOf\":{\"@id\":\"https:\\\/\\\/www.ronaldocorreiadebrito.com.br\\\/site2\\\/#website\"},\"primaryImageOfPage\":{\"@id\":\"https:\\\/\\\/www.ronaldocorreiadebrito.com.br\\\/site2\\\/2020\\\/11\\\/o-que-fazer-com-cabeca-torta\\\/#primaryimage\"},\"image\":{\"@id\":\"https:\\\/\\\/www.ronaldocorreiadebrito.com.br\\\/site2\\\/2020\\\/11\\\/o-que-fazer-com-cabeca-torta\\\/#primaryimage\"},\"thumbnailUrl\":\"https:\\\/\\\/www.ronaldocorreiadebrito.com.br\\\/site2\\\/wp-content\\\/uploads\\\/2020\\\/11\\\/Design-sem-nome.png\",\"datePublished\":\"2020-11-10T13:37:24+00:00\",\"author\":{\"@id\":\"https:\\\/\\\/www.ronaldocorreiadebrito.com.br\\\/site2\\\/#\\\/schema\\\/person\\\/99a164d0eaaff7f78b11899bc7d5e7c9\"},\"breadcrumb\":{\"@id\":\"https:\\\/\\\/www.ronaldocorreiadebrito.com.br\\\/site2\\\/2020\\\/11\\\/o-que-fazer-com-cabeca-torta\\\/#breadcrumb\"},\"inLanguage\":\"pt-BR\",\"potentialAction\":[{\"@type\":\"ReadAction\",\"target\":[\"https:\\\/\\\/www.ronaldocorreiadebrito.com.br\\\/site2\\\/2020\\\/11\\\/o-que-fazer-com-cabeca-torta\\\/\"]}]},{\"@type\":\"ImageObject\",\"inLanguage\":\"pt-BR\",\"@id\":\"https:\\\/\\\/www.ronaldocorreiadebrito.com.br\\\/site2\\\/2020\\\/11\\\/o-que-fazer-com-cabeca-torta\\\/#primaryimage\",\"url\":\"https:\\\/\\\/www.ronaldocorreiadebrito.com.br\\\/site2\\\/wp-content\\\/uploads\\\/2020\\\/11\\\/Design-sem-nome.png\",\"contentUrl\":\"https:\\\/\\\/www.ronaldocorreiadebrito.com.br\\\/site2\\\/wp-content\\\/uploads\\\/2020\\\/11\\\/Design-sem-nome.png\",\"width\":1000,\"height\":751},{\"@type\":\"BreadcrumbList\",\"@id\":\"https:\\\/\\\/www.ronaldocorreiadebrito.com.br\\\/site2\\\/2020\\\/11\\\/o-que-fazer-com-cabeca-torta\\\/#breadcrumb\",\"itemListElement\":[{\"@type\":\"ListItem\",\"position\":1,\"name\":\"In\u00edcio\",\"item\":\"https:\\\/\\\/www.ronaldocorreiadebrito.com.br\\\/site2\\\/\"},{\"@type\":\"ListItem\",\"position\":2,\"name\":\"O que fazer com a cabe\u00e7a torta?\"}]},{\"@type\":\"WebSite\",\"@id\":\"https:\\\/\\\/www.ronaldocorreiadebrito.com.br\\\/site2\\\/#website\",\"url\":\"https:\\\/\\\/www.ronaldocorreiadebrito.com.br\\\/site2\\\/\",\"name\":\"Ronaldo Correia de Brito | site oficial\",\"description\":\"Site oficial do escritor Ronaldo Correia de Brito\",\"potentialAction\":[{\"@type\":\"SearchAction\",\"target\":{\"@type\":\"EntryPoint\",\"urlTemplate\":\"https:\\\/\\\/www.ronaldocorreiadebrito.com.br\\\/site2\\\/?s={search_term_string}\"},\"query-input\":{\"@type\":\"PropertyValueSpecification\",\"valueRequired\":true,\"valueName\":\"search_term_string\"}}],\"inLanguage\":\"pt-BR\"},{\"@type\":\"Person\",\"@id\":\"https:\\\/\\\/www.ronaldocorreiadebrito.com.br\\\/site2\\\/#\\\/schema\\\/person\\\/99a164d0eaaff7f78b11899bc7d5e7c9\",\"name\":\"admin\",\"url\":\"https:\\\/\\\/www.ronaldocorreiadebrito.com.br\\\/site2\\\/author\\\/admin\\\/\"}]}<\/script>\n<!-- \/ Yoast SEO plugin. -->","yoast_head_json":{"title":"O que fazer com a cabe\u00e7a torta? | Ronaldo Correia de Brito | site oficial","robots":{"index":"index","follow":"follow","max-snippet":"max-snippet:-1","max-image-preview":"max-image-preview:large","max-video-preview":"max-video-preview:-1"},"canonical":"https:\/\/www.ronaldocorreiadebrito.com.br\/site2\/2020\/11\/o-que-fazer-com-cabeca-torta\/","og_locale":"pt_BR","og_type":"article","og_title":"O que fazer com a cabe\u00e7a torta? | Ronaldo Correia de Brito | site oficial","og_description":"Dizem que o achado entre os cearenses de uma doen\u00e7a neurol\u00f3gica chamada impress\u00e3o basilar, que acomete a transi\u00e7\u00e3o do cr\u00e2nio para as v\u00e9rtebras, \u00e9 heran\u00e7a judaica. Ser\u00e1 verdade? Chegaram tantos crist\u00e3os novos ao deserto cearense? Isso explica a apar\u00eancia de que nossas cabe\u00e7as est\u00e3o sentadas...","og_url":"https:\/\/www.ronaldocorreiadebrito.com.br\/site2\/2020\/11\/o-que-fazer-com-cabeca-torta\/","og_site_name":"Ronaldo Correia de Brito | site oficial","article_publisher":"https:\/\/www.facebook.com\/ronaldocorreiadebrito.oficial","article_published_time":"2020-11-10T13:37:24+00:00","og_image":[{"width":1000,"height":751,"url":"https:\/\/www.ronaldocorreiadebrito.com.br\/site2\/wp-content\/uploads\/2020\/11\/Design-sem-nome.png","type":"image\/png"}],"author":"admin","twitter_card":"summary_large_image","twitter_misc":{"Escrito por":"admin","Est. tempo de leitura":"2 minutos"},"schema":{"@context":"https:\/\/schema.org","@graph":[{"@type":"Article","@id":"https:\/\/www.ronaldocorreiadebrito.com.br\/site2\/2020\/11\/o-que-fazer-com-cabeca-torta\/#article","isPartOf":{"@id":"https:\/\/www.ronaldocorreiadebrito.com.br\/site2\/2020\/11\/o-que-fazer-com-cabeca-torta\/"},"author":{"name":"admin","@id":"https:\/\/www.ronaldocorreiadebrito.com.br\/site2\/#\/schema\/person\/99a164d0eaaff7f78b11899bc7d5e7c9"},"headline":"O que fazer com a cabe\u00e7a torta?","datePublished":"2020-11-10T13:37:24+00:00","mainEntityOfPage":{"@id":"https:\/\/www.ronaldocorreiadebrito.com.br\/site2\/2020\/11\/o-que-fazer-com-cabeca-torta\/"},"wordCount":446,"commentCount":0,"image":{"@id":"https:\/\/www.ronaldocorreiadebrito.com.br\/site2\/2020\/11\/o-que-fazer-com-cabeca-torta\/#primaryimage"},"thumbnailUrl":"https:\/\/www.ronaldocorreiadebrito.com.br\/site2\/wp-content\/uploads\/2020\/11\/Design-sem-nome.png","articleSection":["Blog","Links","Slider"],"inLanguage":"pt-BR","potentialAction":[{"@type":"CommentAction","name":"Comment","target":["https:\/\/www.ronaldocorreiadebrito.com.br\/site2\/2020\/11\/o-que-fazer-com-cabeca-torta\/#respond"]}]},{"@type":"WebPage","@id":"https:\/\/www.ronaldocorreiadebrito.com.br\/site2\/2020\/11\/o-que-fazer-com-cabeca-torta\/","url":"https:\/\/www.ronaldocorreiadebrito.com.br\/site2\/2020\/11\/o-que-fazer-com-cabeca-torta\/","name":"O que fazer com a cabe\u00e7a torta? | Ronaldo Correia de Brito | site oficial","isPartOf":{"@id":"https:\/\/www.ronaldocorreiadebrito.com.br\/site2\/#website"},"primaryImageOfPage":{"@id":"https:\/\/www.ronaldocorreiadebrito.com.br\/site2\/2020\/11\/o-que-fazer-com-cabeca-torta\/#primaryimage"},"image":{"@id":"https:\/\/www.ronaldocorreiadebrito.com.br\/site2\/2020\/11\/o-que-fazer-com-cabeca-torta\/#primaryimage"},"thumbnailUrl":"https:\/\/www.ronaldocorreiadebrito.com.br\/site2\/wp-content\/uploads\/2020\/11\/Design-sem-nome.png","datePublished":"2020-11-10T13:37:24+00:00","author":{"@id":"https:\/\/www.ronaldocorreiadebrito.com.br\/site2\/#\/schema\/person\/99a164d0eaaff7f78b11899bc7d5e7c9"},"breadcrumb":{"@id":"https:\/\/www.ronaldocorreiadebrito.com.br\/site2\/2020\/11\/o-que-fazer-com-cabeca-torta\/#breadcrumb"},"inLanguage":"pt-BR","potentialAction":[{"@type":"ReadAction","target":["https:\/\/www.ronaldocorreiadebrito.com.br\/site2\/2020\/11\/o-que-fazer-com-cabeca-torta\/"]}]},{"@type":"ImageObject","inLanguage":"pt-BR","@id":"https:\/\/www.ronaldocorreiadebrito.com.br\/site2\/2020\/11\/o-que-fazer-com-cabeca-torta\/#primaryimage","url":"https:\/\/www.ronaldocorreiadebrito.com.br\/site2\/wp-content\/uploads\/2020\/11\/Design-sem-nome.png","contentUrl":"https:\/\/www.ronaldocorreiadebrito.com.br\/site2\/wp-content\/uploads\/2020\/11\/Design-sem-nome.png","width":1000,"height":751},{"@type":"BreadcrumbList","@id":"https:\/\/www.ronaldocorreiadebrito.com.br\/site2\/2020\/11\/o-que-fazer-com-cabeca-torta\/#breadcrumb","itemListElement":[{"@type":"ListItem","position":1,"name":"In\u00edcio","item":"https:\/\/www.ronaldocorreiadebrito.com.br\/site2\/"},{"@type":"ListItem","position":2,"name":"O que fazer com a cabe\u00e7a torta?"}]},{"@type":"WebSite","@id":"https:\/\/www.ronaldocorreiadebrito.com.br\/site2\/#website","url":"https:\/\/www.ronaldocorreiadebrito.com.br\/site2\/","name":"Ronaldo Correia de Brito | site oficial","description":"Site oficial do escritor Ronaldo Correia de Brito","potentialAction":[{"@type":"SearchAction","target":{"@type":"EntryPoint","urlTemplate":"https:\/\/www.ronaldocorreiadebrito.com.br\/site2\/?s={search_term_string}"},"query-input":{"@type":"PropertyValueSpecification","valueRequired":true,"valueName":"search_term_string"}}],"inLanguage":"pt-BR"},{"@type":"Person","@id":"https:\/\/www.ronaldocorreiadebrito.com.br\/site2\/#\/schema\/person\/99a164d0eaaff7f78b11899bc7d5e7c9","name":"admin","url":"https:\/\/www.ronaldocorreiadebrito.com.br\/site2\/author\/admin\/"}]}},"wps_subtitle":"","_links":{"self":[{"href":"https:\/\/www.ronaldocorreiadebrito.com.br\/site2\/wp-json\/wp\/v2\/posts\/1489","targetHints":{"allow":["GET"]}}],"collection":[{"href":"https:\/\/www.ronaldocorreiadebrito.com.br\/site2\/wp-json\/wp\/v2\/posts"}],"about":[{"href":"https:\/\/www.ronaldocorreiadebrito.com.br\/site2\/wp-json\/wp\/v2\/types\/post"}],"author":[{"embeddable":true,"href":"https:\/\/www.ronaldocorreiadebrito.com.br\/site2\/wp-json\/wp\/v2\/users\/1"}],"replies":[{"embeddable":true,"href":"https:\/\/www.ronaldocorreiadebrito.com.br\/site2\/wp-json\/wp\/v2\/comments?post=1489"}],"version-history":[{"count":0,"href":"https:\/\/www.ronaldocorreiadebrito.com.br\/site2\/wp-json\/wp\/v2\/posts\/1489\/revisions"}],"wp:featuredmedia":[{"embeddable":true,"href":"https:\/\/www.ronaldocorreiadebrito.com.br\/site2\/wp-json\/wp\/v2\/media\/1490"}],"wp:attachment":[{"href":"https:\/\/www.ronaldocorreiadebrito.com.br\/site2\/wp-json\/wp\/v2\/media?parent=1489"}],"wp:term":[{"taxonomy":"category","embeddable":true,"href":"https:\/\/www.ronaldocorreiadebrito.com.br\/site2\/wp-json\/wp\/v2\/categories?post=1489"},{"taxonomy":"post_tag","embeddable":true,"href":"https:\/\/www.ronaldocorreiadebrito.com.br\/site2\/wp-json\/wp\/v2\/tags?post=1489"}],"curies":[{"name":"wp","href":"https:\/\/api.w.org\/{rel}","templated":true}]}}