{"id":1478,"date":"2020-10-28T10:11:29","date_gmt":"2020-10-28T13:11:29","guid":{"rendered":"http:\/\/www.ronaldocorreiadebrito.com.br\/site2\/?p=1478"},"modified":"2020-10-28T10:11:29","modified_gmt":"2020-10-28T13:11:29","slug":"o-que-levo-e-o-que-deixo","status":"publish","type":"post","link":"https:\/\/www.ronaldocorreiadebrito.com.br\/site2\/2020\/10\/o-que-levo-e-o-que-deixo\/","title":{"rendered":"O que levo e o que deixo"},"content":{"rendered":"<p style=\"font-weight: 400;\">O que fa\u00e7o de um chaveiro com um bon\u00e9 de lou\u00e7a, em que est\u00e1 escrito: Raimundo Leandro \u2013 80 anos? O objeto surgiu dentro de uma caixinha azul, em meio \u00e0s quinquilharias de um arm\u00e1rio. De repente, lembrei o tio padrinho, na cidade de V\u00e1rzea Alegre, no Cear\u00e1, e da festa a que n\u00e3o compareci por medo de encontrar a fam\u00edlia. Raimundo Leandro morreu. Os mortos deveriam carregar suas lembran\u00e7as.<\/p>\n<p style=\"font-weight: 400;\">\n<p style=\"font-weight: 400;\">As mudan\u00e7as nos obrigam a mexer em gavetas, a revisitar guardados e buscar uma fun\u00e7\u00e3o para eles na vida atual. Meu filho encontrou uma caixa de m\u00fasica na forma de uma cabe\u00e7a de gato. O brinquedo, que pendur\u00e1vamos em seu ber\u00e7o, ainda toca e mexe os olhos. Est\u00e1 perfeito. Poderia servir para os netos e foi preservado com esta inten\u00e7\u00e3o. Num mundo sem compromisso com o passado, em que at\u00e9 a mem\u00f3ria \u00e9 deletada, a eternidade de algumas coisas incomoda.<\/p>\n<p style=\"font-weight: 400;\">\n<p style=\"font-weight: 400;\">Durante anos orgulhei-me de duas cadeiras de jacarand\u00e1 e palhinha, desconfort\u00e1veis, mas soberbamente bonitas, que ladeavam uma c\u00f4moda do s\u00e9culo dezenove, de amarelo vinh\u00e1tico e com puxadores de prata alem\u00e3. Tanto o jacarand\u00e1 quanto o amarelo s\u00e3o madeiras de lei, de \u00e1rvores em extin\u00e7\u00e3o. Um arm\u00e1rio de cerca de trezentos anos tamb\u00e9m nos orgulhava pelo seu peso e resist\u00eancia, parecendo um d\u00f3lmen plantado em nossa sala. Esse mobili\u00e1rio parece pesado e obsoleto em apartamentos com m\u00f3veis de compensado e\u00a0<em>mdf<\/em>, com durabilidade de 12 ou 15 anos, feitos para descartar.<\/p>\n<p style=\"font-weight: 400;\">\n<p style=\"font-weight: 400;\">Quando nasceu meu primeiro filho, papai e mam\u00e3e fizeram uma pequena rede para ele. Durante noites, eles confeccionaram as varandas de linha, em pontos de n\u00f3, um trabalho de paci\u00eancia e amor. Os nossos tr\u00eas filhos foram embalados, dormiram e sonharam nessa rede, um mimo dos av\u00f3s. Ela est\u00e1 entre os nossos guardados,\u00a0 outros corpos pequenos sonhar\u00e3o ao balan\u00e7o dos punhos.<\/p>\n<p style=\"font-weight: 400;\">\n<p style=\"font-weight: 400;\">As casas guardam mem\u00f3rias de pessoas, atrav\u00e9s de objetos. Quando morreu nosso av\u00f4 materno, a av\u00f3 levantou uma parede, dividindo a casa em duas. Um lado servia apenas para guardar os trastes do av\u00f4. Entr\u00e1vamos nos aposentos escuros como numa igreja medieval. Era como se nosso av\u00f4 nunca tivesse ido embora da casa. Na verdade, seus gestos continuavam por ali, como no poema do peruano C\u00e9sar Vallejo.<\/p>\n<p style=\"font-weight: 400;\">\n<p style=\"font-weight: 400;\">Ao mudar de casa para um apartamento, precisei arejar os ba\u00fas, decidir o que continuaria comigo, despedir-me do que j\u00e1 n\u00e3o tinha significado. \u00c9 poss\u00edvel que mais tarde eu sonhe com esses objetos que me deixam. Ou, talvez, me sinta mais leve, pronto para uma viagem, apenas com um guarda-sol como o poeta japon\u00eas Bash\u00f4. Viver \u00e9 administrar perdas. Acho que muitos j\u00e1 escreveram essa frase. \u00c9 melhor parar por aqui, pois a conversa descamba para a autoajuda.<\/p>\n","protected":false},"excerpt":{"rendered":"<p>O que fa\u00e7o de um chaveiro com um bon\u00e9 de lou\u00e7a, em que est\u00e1 escrito: Raimundo Leandro \u2013 80 anos? O objeto surgiu dentro de uma caixinha azul, em meio \u00e0s quinquilharias de um arm\u00e1rio. De repente, lembrei o tio padrinho, na cidade de V\u00e1rzea&#8230;<\/p>\n","protected":false},"author":1,"featured_media":1479,"comment_status":"open","ping_status":"closed","sticky":false,"template":"","format":"standard","meta":{"sfsi_plus_gutenberg_text_before_share":"","sfsi_plus_gutenberg_show_text_before_share":"","sfsi_plus_gutenberg_icon_type":"","sfsi_plus_gutenberg_icon_alignemt":"","sfsi_plus_gutenburg_max_per_row":"","footnotes":""},"categories":[8,46,45],"tags":[],"class_list":["post-1478","post","type-post","status-publish","format-standard","has-post-thumbnail","hentry","category-blog","category-links","category-slider"],"yoast_head":"<!-- This site is optimized with the Yoast SEO plugin v27.4 - https:\/\/yoast.com\/product\/yoast-seo-wordpress\/ -->\n<title>O que levo e o que deixo | Ronaldo Correia de Brito | site oficial<\/title>\n<meta name=\"robots\" content=\"index, follow, max-snippet:-1, max-image-preview:large, max-video-preview:-1\" \/>\n<link rel=\"canonical\" href=\"https:\/\/www.ronaldocorreiadebrito.com.br\/site2\/2020\/10\/o-que-levo-e-o-que-deixo\/\" \/>\n<meta property=\"og:locale\" content=\"pt_BR\" \/>\n<meta property=\"og:type\" content=\"article\" \/>\n<meta property=\"og:title\" content=\"O que levo e o que deixo | Ronaldo Correia de Brito | site oficial\" \/>\n<meta property=\"og:description\" content=\"O que fa\u00e7o de um chaveiro com um bon\u00e9 de lou\u00e7a, em que est\u00e1 escrito: Raimundo Leandro \u2013 80 anos? O objeto surgiu dentro de uma caixinha azul, em meio \u00e0s quinquilharias de um arm\u00e1rio. De repente, lembrei o tio padrinho, na cidade de V\u00e1rzea...\" \/>\n<meta property=\"og:url\" content=\"https:\/\/www.ronaldocorreiadebrito.com.br\/site2\/2020\/10\/o-que-levo-e-o-que-deixo\/\" \/>\n<meta property=\"og:site_name\" content=\"Ronaldo Correia de Brito | site oficial\" \/>\n<meta property=\"article:publisher\" content=\"https:\/\/www.facebook.com\/ronaldocorreiadebrito.oficial\" \/>\n<meta property=\"article:published_time\" content=\"2020-10-28T13:11:29+00:00\" \/>\n<meta property=\"og:image\" content=\"https:\/\/www.ronaldocorreiadebrito.com.br\/site2\/wp-content\/uploads\/2020\/10\/old-teak-chest-6.jpg\" \/>\n\t<meta property=\"og:image:width\" content=\"1200\" \/>\n\t<meta property=\"og:image:height\" content=\"900\" \/>\n\t<meta property=\"og:image:type\" content=\"image\/jpeg\" \/>\n<meta name=\"author\" content=\"admin\" \/>\n<meta name=\"twitter:card\" content=\"summary_large_image\" \/>\n<meta name=\"twitter:label1\" content=\"Escrito por\" \/>\n\t<meta name=\"twitter:data1\" content=\"admin\" \/>\n\t<meta name=\"twitter:label2\" content=\"Est. tempo de leitura\" \/>\n\t<meta name=\"twitter:data2\" content=\"2 minutos\" \/>\n<script type=\"application\/ld+json\" class=\"yoast-schema-graph\">{\"@context\":\"https:\\\/\\\/schema.org\",\"@graph\":[{\"@type\":\"Article\",\"@id\":\"https:\\\/\\\/www.ronaldocorreiadebrito.com.br\\\/site2\\\/2020\\\/10\\\/o-que-levo-e-o-que-deixo\\\/#article\",\"isPartOf\":{\"@id\":\"https:\\\/\\\/www.ronaldocorreiadebrito.com.br\\\/site2\\\/2020\\\/10\\\/o-que-levo-e-o-que-deixo\\\/\"},\"author\":{\"name\":\"admin\",\"@id\":\"https:\\\/\\\/www.ronaldocorreiadebrito.com.br\\\/site2\\\/#\\\/schema\\\/person\\\/99a164d0eaaff7f78b11899bc7d5e7c9\"},\"headline\":\"O que levo e o que deixo\",\"datePublished\":\"2020-10-28T13:11:29+00:00\",\"mainEntityOfPage\":{\"@id\":\"https:\\\/\\\/www.ronaldocorreiadebrito.com.br\\\/site2\\\/2020\\\/10\\\/o-que-levo-e-o-que-deixo\\\/\"},\"wordCount\":486,\"commentCount\":0,\"image\":{\"@id\":\"https:\\\/\\\/www.ronaldocorreiadebrito.com.br\\\/site2\\\/2020\\\/10\\\/o-que-levo-e-o-que-deixo\\\/#primaryimage\"},\"thumbnailUrl\":\"https:\\\/\\\/www.ronaldocorreiadebrito.com.br\\\/site2\\\/wp-content\\\/uploads\\\/2020\\\/10\\\/old-teak-chest-6.jpg\",\"articleSection\":[\"Blog\",\"Links\",\"Slider\"],\"inLanguage\":\"pt-BR\",\"potentialAction\":[{\"@type\":\"CommentAction\",\"name\":\"Comment\",\"target\":[\"https:\\\/\\\/www.ronaldocorreiadebrito.com.br\\\/site2\\\/2020\\\/10\\\/o-que-levo-e-o-que-deixo\\\/#respond\"]}]},{\"@type\":\"WebPage\",\"@id\":\"https:\\\/\\\/www.ronaldocorreiadebrito.com.br\\\/site2\\\/2020\\\/10\\\/o-que-levo-e-o-que-deixo\\\/\",\"url\":\"https:\\\/\\\/www.ronaldocorreiadebrito.com.br\\\/site2\\\/2020\\\/10\\\/o-que-levo-e-o-que-deixo\\\/\",\"name\":\"O que levo e o que deixo | Ronaldo Correia de Brito | site oficial\",\"isPartOf\":{\"@id\":\"https:\\\/\\\/www.ronaldocorreiadebrito.com.br\\\/site2\\\/#website\"},\"primaryImageOfPage\":{\"@id\":\"https:\\\/\\\/www.ronaldocorreiadebrito.com.br\\\/site2\\\/2020\\\/10\\\/o-que-levo-e-o-que-deixo\\\/#primaryimage\"},\"image\":{\"@id\":\"https:\\\/\\\/www.ronaldocorreiadebrito.com.br\\\/site2\\\/2020\\\/10\\\/o-que-levo-e-o-que-deixo\\\/#primaryimage\"},\"thumbnailUrl\":\"https:\\\/\\\/www.ronaldocorreiadebrito.com.br\\\/site2\\\/wp-content\\\/uploads\\\/2020\\\/10\\\/old-teak-chest-6.jpg\",\"datePublished\":\"2020-10-28T13:11:29+00:00\",\"author\":{\"@id\":\"https:\\\/\\\/www.ronaldocorreiadebrito.com.br\\\/site2\\\/#\\\/schema\\\/person\\\/99a164d0eaaff7f78b11899bc7d5e7c9\"},\"breadcrumb\":{\"@id\":\"https:\\\/\\\/www.ronaldocorreiadebrito.com.br\\\/site2\\\/2020\\\/10\\\/o-que-levo-e-o-que-deixo\\\/#breadcrumb\"},\"inLanguage\":\"pt-BR\",\"potentialAction\":[{\"@type\":\"ReadAction\",\"target\":[\"https:\\\/\\\/www.ronaldocorreiadebrito.com.br\\\/site2\\\/2020\\\/10\\\/o-que-levo-e-o-que-deixo\\\/\"]}]},{\"@type\":\"ImageObject\",\"inLanguage\":\"pt-BR\",\"@id\":\"https:\\\/\\\/www.ronaldocorreiadebrito.com.br\\\/site2\\\/2020\\\/10\\\/o-que-levo-e-o-que-deixo\\\/#primaryimage\",\"url\":\"https:\\\/\\\/www.ronaldocorreiadebrito.com.br\\\/site2\\\/wp-content\\\/uploads\\\/2020\\\/10\\\/old-teak-chest-6.jpg\",\"contentUrl\":\"https:\\\/\\\/www.ronaldocorreiadebrito.com.br\\\/site2\\\/wp-content\\\/uploads\\\/2020\\\/10\\\/old-teak-chest-6.jpg\",\"width\":1200,\"height\":900},{\"@type\":\"BreadcrumbList\",\"@id\":\"https:\\\/\\\/www.ronaldocorreiadebrito.com.br\\\/site2\\\/2020\\\/10\\\/o-que-levo-e-o-que-deixo\\\/#breadcrumb\",\"itemListElement\":[{\"@type\":\"ListItem\",\"position\":1,\"name\":\"In\u00edcio\",\"item\":\"https:\\\/\\\/www.ronaldocorreiadebrito.com.br\\\/site2\\\/\"},{\"@type\":\"ListItem\",\"position\":2,\"name\":\"O que levo e o que deixo\"}]},{\"@type\":\"WebSite\",\"@id\":\"https:\\\/\\\/www.ronaldocorreiadebrito.com.br\\\/site2\\\/#website\",\"url\":\"https:\\\/\\\/www.ronaldocorreiadebrito.com.br\\\/site2\\\/\",\"name\":\"Ronaldo Correia de Brito | site oficial\",\"description\":\"Site oficial do escritor Ronaldo Correia de Brito\",\"potentialAction\":[{\"@type\":\"SearchAction\",\"target\":{\"@type\":\"EntryPoint\",\"urlTemplate\":\"https:\\\/\\\/www.ronaldocorreiadebrito.com.br\\\/site2\\\/?s={search_term_string}\"},\"query-input\":{\"@type\":\"PropertyValueSpecification\",\"valueRequired\":true,\"valueName\":\"search_term_string\"}}],\"inLanguage\":\"pt-BR\"},{\"@type\":\"Person\",\"@id\":\"https:\\\/\\\/www.ronaldocorreiadebrito.com.br\\\/site2\\\/#\\\/schema\\\/person\\\/99a164d0eaaff7f78b11899bc7d5e7c9\",\"name\":\"admin\",\"url\":\"https:\\\/\\\/www.ronaldocorreiadebrito.com.br\\\/site2\\\/author\\\/admin\\\/\"}]}<\/script>\n<!-- \/ Yoast SEO plugin. -->","yoast_head_json":{"title":"O que levo e o que deixo | Ronaldo Correia de Brito | site oficial","robots":{"index":"index","follow":"follow","max-snippet":"max-snippet:-1","max-image-preview":"max-image-preview:large","max-video-preview":"max-video-preview:-1"},"canonical":"https:\/\/www.ronaldocorreiadebrito.com.br\/site2\/2020\/10\/o-que-levo-e-o-que-deixo\/","og_locale":"pt_BR","og_type":"article","og_title":"O que levo e o que deixo | Ronaldo Correia de Brito | site oficial","og_description":"O que fa\u00e7o de um chaveiro com um bon\u00e9 de lou\u00e7a, em que est\u00e1 escrito: Raimundo Leandro \u2013 80 anos? O objeto surgiu dentro de uma caixinha azul, em meio \u00e0s quinquilharias de um arm\u00e1rio. De repente, lembrei o tio padrinho, na cidade de V\u00e1rzea...","og_url":"https:\/\/www.ronaldocorreiadebrito.com.br\/site2\/2020\/10\/o-que-levo-e-o-que-deixo\/","og_site_name":"Ronaldo Correia de Brito | site oficial","article_publisher":"https:\/\/www.facebook.com\/ronaldocorreiadebrito.oficial","article_published_time":"2020-10-28T13:11:29+00:00","og_image":[{"width":1200,"height":900,"url":"https:\/\/www.ronaldocorreiadebrito.com.br\/site2\/wp-content\/uploads\/2020\/10\/old-teak-chest-6.jpg","type":"image\/jpeg"}],"author":"admin","twitter_card":"summary_large_image","twitter_misc":{"Escrito por":"admin","Est. tempo de leitura":"2 minutos"},"schema":{"@context":"https:\/\/schema.org","@graph":[{"@type":"Article","@id":"https:\/\/www.ronaldocorreiadebrito.com.br\/site2\/2020\/10\/o-que-levo-e-o-que-deixo\/#article","isPartOf":{"@id":"https:\/\/www.ronaldocorreiadebrito.com.br\/site2\/2020\/10\/o-que-levo-e-o-que-deixo\/"},"author":{"name":"admin","@id":"https:\/\/www.ronaldocorreiadebrito.com.br\/site2\/#\/schema\/person\/99a164d0eaaff7f78b11899bc7d5e7c9"},"headline":"O que levo e o que deixo","datePublished":"2020-10-28T13:11:29+00:00","mainEntityOfPage":{"@id":"https:\/\/www.ronaldocorreiadebrito.com.br\/site2\/2020\/10\/o-que-levo-e-o-que-deixo\/"},"wordCount":486,"commentCount":0,"image":{"@id":"https:\/\/www.ronaldocorreiadebrito.com.br\/site2\/2020\/10\/o-que-levo-e-o-que-deixo\/#primaryimage"},"thumbnailUrl":"https:\/\/www.ronaldocorreiadebrito.com.br\/site2\/wp-content\/uploads\/2020\/10\/old-teak-chest-6.jpg","articleSection":["Blog","Links","Slider"],"inLanguage":"pt-BR","potentialAction":[{"@type":"CommentAction","name":"Comment","target":["https:\/\/www.ronaldocorreiadebrito.com.br\/site2\/2020\/10\/o-que-levo-e-o-que-deixo\/#respond"]}]},{"@type":"WebPage","@id":"https:\/\/www.ronaldocorreiadebrito.com.br\/site2\/2020\/10\/o-que-levo-e-o-que-deixo\/","url":"https:\/\/www.ronaldocorreiadebrito.com.br\/site2\/2020\/10\/o-que-levo-e-o-que-deixo\/","name":"O que levo e o que deixo | Ronaldo Correia de Brito | site oficial","isPartOf":{"@id":"https:\/\/www.ronaldocorreiadebrito.com.br\/site2\/#website"},"primaryImageOfPage":{"@id":"https:\/\/www.ronaldocorreiadebrito.com.br\/site2\/2020\/10\/o-que-levo-e-o-que-deixo\/#primaryimage"},"image":{"@id":"https:\/\/www.ronaldocorreiadebrito.com.br\/site2\/2020\/10\/o-que-levo-e-o-que-deixo\/#primaryimage"},"thumbnailUrl":"https:\/\/www.ronaldocorreiadebrito.com.br\/site2\/wp-content\/uploads\/2020\/10\/old-teak-chest-6.jpg","datePublished":"2020-10-28T13:11:29+00:00","author":{"@id":"https:\/\/www.ronaldocorreiadebrito.com.br\/site2\/#\/schema\/person\/99a164d0eaaff7f78b11899bc7d5e7c9"},"breadcrumb":{"@id":"https:\/\/www.ronaldocorreiadebrito.com.br\/site2\/2020\/10\/o-que-levo-e-o-que-deixo\/#breadcrumb"},"inLanguage":"pt-BR","potentialAction":[{"@type":"ReadAction","target":["https:\/\/www.ronaldocorreiadebrito.com.br\/site2\/2020\/10\/o-que-levo-e-o-que-deixo\/"]}]},{"@type":"ImageObject","inLanguage":"pt-BR","@id":"https:\/\/www.ronaldocorreiadebrito.com.br\/site2\/2020\/10\/o-que-levo-e-o-que-deixo\/#primaryimage","url":"https:\/\/www.ronaldocorreiadebrito.com.br\/site2\/wp-content\/uploads\/2020\/10\/old-teak-chest-6.jpg","contentUrl":"https:\/\/www.ronaldocorreiadebrito.com.br\/site2\/wp-content\/uploads\/2020\/10\/old-teak-chest-6.jpg","width":1200,"height":900},{"@type":"BreadcrumbList","@id":"https:\/\/www.ronaldocorreiadebrito.com.br\/site2\/2020\/10\/o-que-levo-e-o-que-deixo\/#breadcrumb","itemListElement":[{"@type":"ListItem","position":1,"name":"In\u00edcio","item":"https:\/\/www.ronaldocorreiadebrito.com.br\/site2\/"},{"@type":"ListItem","position":2,"name":"O que levo e o que deixo"}]},{"@type":"WebSite","@id":"https:\/\/www.ronaldocorreiadebrito.com.br\/site2\/#website","url":"https:\/\/www.ronaldocorreiadebrito.com.br\/site2\/","name":"Ronaldo Correia de Brito | site oficial","description":"Site oficial do escritor Ronaldo Correia de Brito","potentialAction":[{"@type":"SearchAction","target":{"@type":"EntryPoint","urlTemplate":"https:\/\/www.ronaldocorreiadebrito.com.br\/site2\/?s={search_term_string}"},"query-input":{"@type":"PropertyValueSpecification","valueRequired":true,"valueName":"search_term_string"}}],"inLanguage":"pt-BR"},{"@type":"Person","@id":"https:\/\/www.ronaldocorreiadebrito.com.br\/site2\/#\/schema\/person\/99a164d0eaaff7f78b11899bc7d5e7c9","name":"admin","url":"https:\/\/www.ronaldocorreiadebrito.com.br\/site2\/author\/admin\/"}]}},"wps_subtitle":"","_links":{"self":[{"href":"https:\/\/www.ronaldocorreiadebrito.com.br\/site2\/wp-json\/wp\/v2\/posts\/1478","targetHints":{"allow":["GET"]}}],"collection":[{"href":"https:\/\/www.ronaldocorreiadebrito.com.br\/site2\/wp-json\/wp\/v2\/posts"}],"about":[{"href":"https:\/\/www.ronaldocorreiadebrito.com.br\/site2\/wp-json\/wp\/v2\/types\/post"}],"author":[{"embeddable":true,"href":"https:\/\/www.ronaldocorreiadebrito.com.br\/site2\/wp-json\/wp\/v2\/users\/1"}],"replies":[{"embeddable":true,"href":"https:\/\/www.ronaldocorreiadebrito.com.br\/site2\/wp-json\/wp\/v2\/comments?post=1478"}],"version-history":[{"count":0,"href":"https:\/\/www.ronaldocorreiadebrito.com.br\/site2\/wp-json\/wp\/v2\/posts\/1478\/revisions"}],"wp:featuredmedia":[{"embeddable":true,"href":"https:\/\/www.ronaldocorreiadebrito.com.br\/site2\/wp-json\/wp\/v2\/media\/1479"}],"wp:attachment":[{"href":"https:\/\/www.ronaldocorreiadebrito.com.br\/site2\/wp-json\/wp\/v2\/media?parent=1478"}],"wp:term":[{"taxonomy":"category","embeddable":true,"href":"https:\/\/www.ronaldocorreiadebrito.com.br\/site2\/wp-json\/wp\/v2\/categories?post=1478"},{"taxonomy":"post_tag","embeddable":true,"href":"https:\/\/www.ronaldocorreiadebrito.com.br\/site2\/wp-json\/wp\/v2\/tags?post=1478"}],"curies":[{"name":"wp","href":"https:\/\/api.w.org\/{rel}","templated":true}]}}