{"id":1475,"date":"2020-10-26T14:44:33","date_gmt":"2020-10-26T17:44:33","guid":{"rendered":"http:\/\/www.ronaldocorreiadebrito.com.br\/site2\/?p=1475"},"modified":"2020-10-26T14:44:33","modified_gmt":"2020-10-26T17:44:33","slug":"onde-botar-os-livros-2","status":"publish","type":"post","link":"https:\/\/www.ronaldocorreiadebrito.com.br\/site2\/2020\/10\/onde-botar-os-livros-2\/","title":{"rendered":"Onde botar os livros?"},"content":{"rendered":"<p class=\"p1\"><span class=\"s1\">Ainda lerei <i>Os Buddenbrooks<\/i>, de Thomas Mann? Provavelmente n\u00e3o. J\u00e1 atravessei as centenas de p\u00e1ginas de <i>A Montanha M\u00e1gica<\/i>, romance considerado por \u00cdtalo Calvino como a introdu\u00e7\u00e3o mais completa \u00e0 cultura do s\u00e9culo XX. De quebra, li as novelas <i>Morte em Veneza<\/i>, <i>O Eleito<\/i> e <i>T\u00f4nio Kr\u00f6ger<\/i>. Chega de Mann. Nem pelo <i>Doutor Fausto<\/i> ou <i>Jos\u00e9 e Seus<\/i> <i>Irm\u00e3os<\/i> irei me aventurar. <\/span><\/p>\n<p class=\"p1\"><span class=\"s1\">E por que teimo em guardar os livros, se tenho certeza de que nunca os lerei? Por cupidez ou esquecimento. Mais provavelmente porque os deixei na oitava prateleira de minha estante monumental, onde quase nunca os alcan\u00e7o. Amamos at\u00e9 os livros que nunca lemos, pois eles fazem parte de nossa hist\u00f3ria. O desmonte de uma biblioteca nos obriga a repensar o significado desses objetos fetiche, a avaliar se continuamos ou n\u00e3o com eles, a desfazer um contrato amoroso que dura trinta ou quarenta anos. <\/span><\/p>\n<p class=\"p1\"><span class=\"s1\">O mais dif\u00edcil em mudar de casa \u00e9 a troca de h\u00e1bitos. As casas s\u00e3o geralmente amplas e possuem c\u00f4modos largos. Deixamos a biblioteca proliferar em estantes de at\u00e9 quatro metros de altura. Alimentamos a ilus\u00e3o de uma eterna juventude, de continuar capazes de subir em escadas e alcan\u00e7ar um livro esquecido, comprado na juventude.<\/span><\/p>\n<p class=\"p1\"><span class=\"s1\">\u2013 Ah! Desse eu n\u00e3o posso me desfazer: <i>Vento Forte<\/i>, de Miguel Angel Asturias. Comprei num sebo de cal\u00e7ada, ao lado do Cinema Trianon. O cinema nem existe mais. Tamb\u00e9m caiu de moda ler escritores latino-americanos. Era uma febre nos anos setenta e oitenta. A meninada n\u00e3o se liga no papo de Am\u00e9rica Latina. Usam camisa com retrato do Che, e ignoram o resto. Os intelectuais de esquerda nos tempos da repress\u00e3o liam Onetti, Arguedas, Rulfo, Galeano, Vallejo e escutavam a m\u00fasica dos irm\u00e3os Parra. Torciam o nariz para Cortazar, o argentino que se naturalizou franc\u00eas, e queimavam os livros de Borges, dizendo que ele se vendeu a Pinochet, quando aceitou uma comenda do ditador chileno. <\/span><\/p>\n<p class=\"p1\"><span class=\"s1\">\u00c9 dif\u00edcil dar um novo destino aos livros que amamos e custaram caro. Organizei uma biblioteca de cerca de cinquenta volumes e dei de presente a um sobrinho. Como gostaria de possuir aqueles livros aos quinze anos! Lembrei um coment\u00e1rio de Claude L\u00e9vi-Strauss sobre os \u00edndios nambikwara, em <i>Tristes Tr\u00f3picos<\/i>. Davam roupas aos \u00edndios nus, eles as colocavam sobre o corpo durante algumas horas e depois largavam os molambos pelos ch\u00e3os da tribo. N\u00e3o passavam de trapos desnecess\u00e1rios \u00e0s suas vidas.<\/span><\/p>\n<p class=\"p1\"><span class=\"s1\">Para muita gente os livros s\u00e3o trapos desnecess\u00e1rios. Ficaria magoado se nada significassem para os meus sobrinhos. Sempre os presenteei com livros e recebi agradecimentos constrangidos. Acredito que nem todos s\u00e3o como Jos\u00e9 Mindlin, mas n\u00e3o custa nada demonstrar um pouco de interesse.\u00a0<\/span><\/p>\n<p class=\"p1\"><span class=\"s1\">Doar livros \u00e9 bem dif\u00edcil. As bibliotecas p\u00fablicas n\u00e3o t\u00eam espa\u00e7o, nem funcion\u00e1rios que os classifiquem e cuidem deles. Em muitas bibliotecas os livros ficam amontoados e terminam se estragando. Morro de medo que os volumes de Pedro Nava sejam devorados por cupins e tra\u00e7as. <\/span><\/p>\n<p class=\"p1\"><span class=\"s1\">Os livros s\u00e3o o meu ba\u00fa de ossos. Gosto de carreg\u00e1-los como Rebeca. Lembram a personagem de Gabriel Garcia M\u00e1rquez, em <i>Cem anos de Solid\u00e3o<\/i>? Ela arrastava um saco com os ossos dos antepassados. Carrego meus livros comigo. De vez em quando deixo alguns pelo caminho. Essa frase \u00e9 de p\u00e9ssimo gosto. Do mesmo mau gosto da classe m\u00e9dia que n\u00e3o pensa em c\u00f4modos para bibliotecas quando constr\u00f3i ou reforma apartamentos.<\/span><\/p>\n<p class=\"p2\"><span class=\"s1\"> <span class=\"Apple-converted-space\">\u00a0 \u00a0 \u00a0 \u00a0<\/span><\/span><\/p>\n","protected":false},"excerpt":{"rendered":"<p>Ainda lerei Os Buddenbrooks, de Thomas Mann? Provavelmente n\u00e3o. J\u00e1 atravessei as centenas de p\u00e1ginas de A Montanha M\u00e1gica, romance considerado por \u00cdtalo Calvino como a introdu\u00e7\u00e3o mais completa \u00e0 cultura do s\u00e9culo XX. De quebra, li as novelas Morte em Veneza, O Eleito e&#8230;<\/p>\n","protected":false},"author":1,"featured_media":1476,"comment_status":"open","ping_status":"closed","sticky":false,"template":"","format":"standard","meta":{"sfsi_plus_gutenberg_text_before_share":"","sfsi_plus_gutenberg_show_text_before_share":"","sfsi_plus_gutenberg_icon_type":"","sfsi_plus_gutenberg_icon_alignemt":"","sfsi_plus_gutenburg_max_per_row":"","footnotes":""},"categories":[8,46,45],"tags":[],"class_list":["post-1475","post","type-post","status-publish","format-standard","has-post-thumbnail","hentry","category-blog","category-links","category-slider"],"yoast_head":"<!-- This site is optimized with the Yoast SEO plugin v27.4 - https:\/\/yoast.com\/product\/yoast-seo-wordpress\/ -->\n<title>Onde botar os livros? | Ronaldo Correia de Brito | site oficial<\/title>\n<meta name=\"robots\" content=\"index, follow, max-snippet:-1, max-image-preview:large, max-video-preview:-1\" \/>\n<link rel=\"canonical\" href=\"https:\/\/www.ronaldocorreiadebrito.com.br\/site2\/2020\/10\/onde-botar-os-livros-2\/\" \/>\n<meta property=\"og:locale\" content=\"pt_BR\" \/>\n<meta property=\"og:type\" content=\"article\" \/>\n<meta property=\"og:title\" content=\"Onde botar os livros? | Ronaldo Correia de Brito | site oficial\" \/>\n<meta property=\"og:description\" content=\"Ainda lerei Os Buddenbrooks, de Thomas Mann? Provavelmente n\u00e3o. J\u00e1 atravessei as centenas de p\u00e1ginas de A Montanha M\u00e1gica, romance considerado por \u00cdtalo Calvino como a introdu\u00e7\u00e3o mais completa \u00e0 cultura do s\u00e9culo XX. De quebra, li as novelas Morte em Veneza, O Eleito e...\" \/>\n<meta property=\"og:url\" content=\"https:\/\/www.ronaldocorreiadebrito.com.br\/site2\/2020\/10\/onde-botar-os-livros-2\/\" \/>\n<meta property=\"og:site_name\" content=\"Ronaldo Correia de Brito | site oficial\" \/>\n<meta property=\"article:publisher\" content=\"https:\/\/www.facebook.com\/ronaldocorreiadebrito.oficial\" \/>\n<meta property=\"article:published_time\" content=\"2020-10-26T17:44:33+00:00\" \/>\n<meta property=\"og:image\" content=\"https:\/\/www.ronaldocorreiadebrito.com.br\/site2\/wp-content\/uploads\/2020\/10\/w7n7rb.jpg\" \/>\n\t<meta property=\"og:image:width\" content=\"768\" \/>\n\t<meta property=\"og:image:height\" content=\"432\" \/>\n\t<meta property=\"og:image:type\" content=\"image\/jpeg\" \/>\n<meta name=\"author\" content=\"admin\" \/>\n<meta name=\"twitter:card\" content=\"summary_large_image\" \/>\n<meta name=\"twitter:label1\" content=\"Escrito por\" \/>\n\t<meta name=\"twitter:data1\" content=\"admin\" \/>\n\t<meta name=\"twitter:label2\" content=\"Est. tempo de leitura\" \/>\n\t<meta name=\"twitter:data2\" content=\"3 minutos\" \/>\n<script type=\"application\/ld+json\" class=\"yoast-schema-graph\">{\"@context\":\"https:\\\/\\\/schema.org\",\"@graph\":[{\"@type\":\"Article\",\"@id\":\"https:\\\/\\\/www.ronaldocorreiadebrito.com.br\\\/site2\\\/2020\\\/10\\\/onde-botar-os-livros-2\\\/#article\",\"isPartOf\":{\"@id\":\"https:\\\/\\\/www.ronaldocorreiadebrito.com.br\\\/site2\\\/2020\\\/10\\\/onde-botar-os-livros-2\\\/\"},\"author\":{\"name\":\"admin\",\"@id\":\"https:\\\/\\\/www.ronaldocorreiadebrito.com.br\\\/site2\\\/#\\\/schema\\\/person\\\/99a164d0eaaff7f78b11899bc7d5e7c9\"},\"headline\":\"Onde botar os livros?\",\"datePublished\":\"2020-10-26T17:44:33+00:00\",\"mainEntityOfPage\":{\"@id\":\"https:\\\/\\\/www.ronaldocorreiadebrito.com.br\\\/site2\\\/2020\\\/10\\\/onde-botar-os-livros-2\\\/\"},\"wordCount\":608,\"commentCount\":0,\"image\":{\"@id\":\"https:\\\/\\\/www.ronaldocorreiadebrito.com.br\\\/site2\\\/2020\\\/10\\\/onde-botar-os-livros-2\\\/#primaryimage\"},\"thumbnailUrl\":\"https:\\\/\\\/www.ronaldocorreiadebrito.com.br\\\/site2\\\/wp-content\\\/uploads\\\/2020\\\/10\\\/w7n7rb.jpg\",\"articleSection\":[\"Blog\",\"Links\",\"Slider\"],\"inLanguage\":\"pt-BR\",\"potentialAction\":[{\"@type\":\"CommentAction\",\"name\":\"Comment\",\"target\":[\"https:\\\/\\\/www.ronaldocorreiadebrito.com.br\\\/site2\\\/2020\\\/10\\\/onde-botar-os-livros-2\\\/#respond\"]}]},{\"@type\":\"WebPage\",\"@id\":\"https:\\\/\\\/www.ronaldocorreiadebrito.com.br\\\/site2\\\/2020\\\/10\\\/onde-botar-os-livros-2\\\/\",\"url\":\"https:\\\/\\\/www.ronaldocorreiadebrito.com.br\\\/site2\\\/2020\\\/10\\\/onde-botar-os-livros-2\\\/\",\"name\":\"Onde botar os livros? | Ronaldo Correia de Brito | site oficial\",\"isPartOf\":{\"@id\":\"https:\\\/\\\/www.ronaldocorreiadebrito.com.br\\\/site2\\\/#website\"},\"primaryImageOfPage\":{\"@id\":\"https:\\\/\\\/www.ronaldocorreiadebrito.com.br\\\/site2\\\/2020\\\/10\\\/onde-botar-os-livros-2\\\/#primaryimage\"},\"image\":{\"@id\":\"https:\\\/\\\/www.ronaldocorreiadebrito.com.br\\\/site2\\\/2020\\\/10\\\/onde-botar-os-livros-2\\\/#primaryimage\"},\"thumbnailUrl\":\"https:\\\/\\\/www.ronaldocorreiadebrito.com.br\\\/site2\\\/wp-content\\\/uploads\\\/2020\\\/10\\\/w7n7rb.jpg\",\"datePublished\":\"2020-10-26T17:44:33+00:00\",\"author\":{\"@id\":\"https:\\\/\\\/www.ronaldocorreiadebrito.com.br\\\/site2\\\/#\\\/schema\\\/person\\\/99a164d0eaaff7f78b11899bc7d5e7c9\"},\"breadcrumb\":{\"@id\":\"https:\\\/\\\/www.ronaldocorreiadebrito.com.br\\\/site2\\\/2020\\\/10\\\/onde-botar-os-livros-2\\\/#breadcrumb\"},\"inLanguage\":\"pt-BR\",\"potentialAction\":[{\"@type\":\"ReadAction\",\"target\":[\"https:\\\/\\\/www.ronaldocorreiadebrito.com.br\\\/site2\\\/2020\\\/10\\\/onde-botar-os-livros-2\\\/\"]}]},{\"@type\":\"ImageObject\",\"inLanguage\":\"pt-BR\",\"@id\":\"https:\\\/\\\/www.ronaldocorreiadebrito.com.br\\\/site2\\\/2020\\\/10\\\/onde-botar-os-livros-2\\\/#primaryimage\",\"url\":\"https:\\\/\\\/www.ronaldocorreiadebrito.com.br\\\/site2\\\/wp-content\\\/uploads\\\/2020\\\/10\\\/w7n7rb.jpg\",\"contentUrl\":\"https:\\\/\\\/www.ronaldocorreiadebrito.com.br\\\/site2\\\/wp-content\\\/uploads\\\/2020\\\/10\\\/w7n7rb.jpg\",\"width\":768,\"height\":432},{\"@type\":\"BreadcrumbList\",\"@id\":\"https:\\\/\\\/www.ronaldocorreiadebrito.com.br\\\/site2\\\/2020\\\/10\\\/onde-botar-os-livros-2\\\/#breadcrumb\",\"itemListElement\":[{\"@type\":\"ListItem\",\"position\":1,\"name\":\"In\u00edcio\",\"item\":\"https:\\\/\\\/www.ronaldocorreiadebrito.com.br\\\/site2\\\/\"},{\"@type\":\"ListItem\",\"position\":2,\"name\":\"Onde botar os livros?\"}]},{\"@type\":\"WebSite\",\"@id\":\"https:\\\/\\\/www.ronaldocorreiadebrito.com.br\\\/site2\\\/#website\",\"url\":\"https:\\\/\\\/www.ronaldocorreiadebrito.com.br\\\/site2\\\/\",\"name\":\"Ronaldo Correia de Brito | site oficial\",\"description\":\"Site oficial do escritor Ronaldo Correia de Brito\",\"potentialAction\":[{\"@type\":\"SearchAction\",\"target\":{\"@type\":\"EntryPoint\",\"urlTemplate\":\"https:\\\/\\\/www.ronaldocorreiadebrito.com.br\\\/site2\\\/?s={search_term_string}\"},\"query-input\":{\"@type\":\"PropertyValueSpecification\",\"valueRequired\":true,\"valueName\":\"search_term_string\"}}],\"inLanguage\":\"pt-BR\"},{\"@type\":\"Person\",\"@id\":\"https:\\\/\\\/www.ronaldocorreiadebrito.com.br\\\/site2\\\/#\\\/schema\\\/person\\\/99a164d0eaaff7f78b11899bc7d5e7c9\",\"name\":\"admin\",\"url\":\"https:\\\/\\\/www.ronaldocorreiadebrito.com.br\\\/site2\\\/author\\\/admin\\\/\"}]}<\/script>\n<!-- \/ Yoast SEO plugin. -->","yoast_head_json":{"title":"Onde botar os livros? | Ronaldo Correia de Brito | site oficial","robots":{"index":"index","follow":"follow","max-snippet":"max-snippet:-1","max-image-preview":"max-image-preview:large","max-video-preview":"max-video-preview:-1"},"canonical":"https:\/\/www.ronaldocorreiadebrito.com.br\/site2\/2020\/10\/onde-botar-os-livros-2\/","og_locale":"pt_BR","og_type":"article","og_title":"Onde botar os livros? | Ronaldo Correia de Brito | site oficial","og_description":"Ainda lerei Os Buddenbrooks, de Thomas Mann? Provavelmente n\u00e3o. J\u00e1 atravessei as centenas de p\u00e1ginas de A Montanha M\u00e1gica, romance considerado por \u00cdtalo Calvino como a introdu\u00e7\u00e3o mais completa \u00e0 cultura do s\u00e9culo XX. De quebra, li as novelas Morte em Veneza, O Eleito e...","og_url":"https:\/\/www.ronaldocorreiadebrito.com.br\/site2\/2020\/10\/onde-botar-os-livros-2\/","og_site_name":"Ronaldo Correia de Brito | site oficial","article_publisher":"https:\/\/www.facebook.com\/ronaldocorreiadebrito.oficial","article_published_time":"2020-10-26T17:44:33+00:00","og_image":[{"width":768,"height":432,"url":"https:\/\/www.ronaldocorreiadebrito.com.br\/site2\/wp-content\/uploads\/2020\/10\/w7n7rb.jpg","type":"image\/jpeg"}],"author":"admin","twitter_card":"summary_large_image","twitter_misc":{"Escrito por":"admin","Est. tempo de leitura":"3 minutos"},"schema":{"@context":"https:\/\/schema.org","@graph":[{"@type":"Article","@id":"https:\/\/www.ronaldocorreiadebrito.com.br\/site2\/2020\/10\/onde-botar-os-livros-2\/#article","isPartOf":{"@id":"https:\/\/www.ronaldocorreiadebrito.com.br\/site2\/2020\/10\/onde-botar-os-livros-2\/"},"author":{"name":"admin","@id":"https:\/\/www.ronaldocorreiadebrito.com.br\/site2\/#\/schema\/person\/99a164d0eaaff7f78b11899bc7d5e7c9"},"headline":"Onde botar os livros?","datePublished":"2020-10-26T17:44:33+00:00","mainEntityOfPage":{"@id":"https:\/\/www.ronaldocorreiadebrito.com.br\/site2\/2020\/10\/onde-botar-os-livros-2\/"},"wordCount":608,"commentCount":0,"image":{"@id":"https:\/\/www.ronaldocorreiadebrito.com.br\/site2\/2020\/10\/onde-botar-os-livros-2\/#primaryimage"},"thumbnailUrl":"https:\/\/www.ronaldocorreiadebrito.com.br\/site2\/wp-content\/uploads\/2020\/10\/w7n7rb.jpg","articleSection":["Blog","Links","Slider"],"inLanguage":"pt-BR","potentialAction":[{"@type":"CommentAction","name":"Comment","target":["https:\/\/www.ronaldocorreiadebrito.com.br\/site2\/2020\/10\/onde-botar-os-livros-2\/#respond"]}]},{"@type":"WebPage","@id":"https:\/\/www.ronaldocorreiadebrito.com.br\/site2\/2020\/10\/onde-botar-os-livros-2\/","url":"https:\/\/www.ronaldocorreiadebrito.com.br\/site2\/2020\/10\/onde-botar-os-livros-2\/","name":"Onde botar os livros? | Ronaldo Correia de Brito | site oficial","isPartOf":{"@id":"https:\/\/www.ronaldocorreiadebrito.com.br\/site2\/#website"},"primaryImageOfPage":{"@id":"https:\/\/www.ronaldocorreiadebrito.com.br\/site2\/2020\/10\/onde-botar-os-livros-2\/#primaryimage"},"image":{"@id":"https:\/\/www.ronaldocorreiadebrito.com.br\/site2\/2020\/10\/onde-botar-os-livros-2\/#primaryimage"},"thumbnailUrl":"https:\/\/www.ronaldocorreiadebrito.com.br\/site2\/wp-content\/uploads\/2020\/10\/w7n7rb.jpg","datePublished":"2020-10-26T17:44:33+00:00","author":{"@id":"https:\/\/www.ronaldocorreiadebrito.com.br\/site2\/#\/schema\/person\/99a164d0eaaff7f78b11899bc7d5e7c9"},"breadcrumb":{"@id":"https:\/\/www.ronaldocorreiadebrito.com.br\/site2\/2020\/10\/onde-botar-os-livros-2\/#breadcrumb"},"inLanguage":"pt-BR","potentialAction":[{"@type":"ReadAction","target":["https:\/\/www.ronaldocorreiadebrito.com.br\/site2\/2020\/10\/onde-botar-os-livros-2\/"]}]},{"@type":"ImageObject","inLanguage":"pt-BR","@id":"https:\/\/www.ronaldocorreiadebrito.com.br\/site2\/2020\/10\/onde-botar-os-livros-2\/#primaryimage","url":"https:\/\/www.ronaldocorreiadebrito.com.br\/site2\/wp-content\/uploads\/2020\/10\/w7n7rb.jpg","contentUrl":"https:\/\/www.ronaldocorreiadebrito.com.br\/site2\/wp-content\/uploads\/2020\/10\/w7n7rb.jpg","width":768,"height":432},{"@type":"BreadcrumbList","@id":"https:\/\/www.ronaldocorreiadebrito.com.br\/site2\/2020\/10\/onde-botar-os-livros-2\/#breadcrumb","itemListElement":[{"@type":"ListItem","position":1,"name":"In\u00edcio","item":"https:\/\/www.ronaldocorreiadebrito.com.br\/site2\/"},{"@type":"ListItem","position":2,"name":"Onde botar os livros?"}]},{"@type":"WebSite","@id":"https:\/\/www.ronaldocorreiadebrito.com.br\/site2\/#website","url":"https:\/\/www.ronaldocorreiadebrito.com.br\/site2\/","name":"Ronaldo Correia de Brito | site oficial","description":"Site oficial do escritor Ronaldo Correia de Brito","potentialAction":[{"@type":"SearchAction","target":{"@type":"EntryPoint","urlTemplate":"https:\/\/www.ronaldocorreiadebrito.com.br\/site2\/?s={search_term_string}"},"query-input":{"@type":"PropertyValueSpecification","valueRequired":true,"valueName":"search_term_string"}}],"inLanguage":"pt-BR"},{"@type":"Person","@id":"https:\/\/www.ronaldocorreiadebrito.com.br\/site2\/#\/schema\/person\/99a164d0eaaff7f78b11899bc7d5e7c9","name":"admin","url":"https:\/\/www.ronaldocorreiadebrito.com.br\/site2\/author\/admin\/"}]}},"wps_subtitle":"","_links":{"self":[{"href":"https:\/\/www.ronaldocorreiadebrito.com.br\/site2\/wp-json\/wp\/v2\/posts\/1475","targetHints":{"allow":["GET"]}}],"collection":[{"href":"https:\/\/www.ronaldocorreiadebrito.com.br\/site2\/wp-json\/wp\/v2\/posts"}],"about":[{"href":"https:\/\/www.ronaldocorreiadebrito.com.br\/site2\/wp-json\/wp\/v2\/types\/post"}],"author":[{"embeddable":true,"href":"https:\/\/www.ronaldocorreiadebrito.com.br\/site2\/wp-json\/wp\/v2\/users\/1"}],"replies":[{"embeddable":true,"href":"https:\/\/www.ronaldocorreiadebrito.com.br\/site2\/wp-json\/wp\/v2\/comments?post=1475"}],"version-history":[{"count":0,"href":"https:\/\/www.ronaldocorreiadebrito.com.br\/site2\/wp-json\/wp\/v2\/posts\/1475\/revisions"}],"wp:featuredmedia":[{"embeddable":true,"href":"https:\/\/www.ronaldocorreiadebrito.com.br\/site2\/wp-json\/wp\/v2\/media\/1476"}],"wp:attachment":[{"href":"https:\/\/www.ronaldocorreiadebrito.com.br\/site2\/wp-json\/wp\/v2\/media?parent=1475"}],"wp:term":[{"taxonomy":"category","embeddable":true,"href":"https:\/\/www.ronaldocorreiadebrito.com.br\/site2\/wp-json\/wp\/v2\/categories?post=1475"},{"taxonomy":"post_tag","embeddable":true,"href":"https:\/\/www.ronaldocorreiadebrito.com.br\/site2\/wp-json\/wp\/v2\/tags?post=1475"}],"curies":[{"name":"wp","href":"https:\/\/api.w.org\/{rel}","templated":true}]}}