{"id":1472,"date":"2020-10-24T10:51:44","date_gmt":"2020-10-24T13:51:44","guid":{"rendered":"http:\/\/www.ronaldocorreiadebrito.com.br\/site2\/?p=1472"},"modified":"2020-10-24T10:51:44","modified_gmt":"2020-10-24T13:51:44","slug":"o-cravo-e-as-tulipas-2","status":"publish","type":"post","link":"https:\/\/www.ronaldocorreiadebrito.com.br\/site2\/2020\/10\/o-cravo-e-as-tulipas-2\/","title":{"rendered":"O cravo e as tulipas"},"content":{"rendered":"<p class=\"p1\"><span class=\"s1\">O escritor argentino Jorge Luis Borges costumava dizer que n\u00e3o havia nada que os seus detratores pudessem escrever sobre ele que n\u00e3o pudesse faz\u00ea-lo de forma mais rigorosa e contundente. Alguns cr\u00edticos trocam a an\u00e1lise de uma obra liter\u00e1ria por agress\u00e3o pessoal e deboche, um subproduto da cr\u00edtica. A vida e o comportamento dos escritores deveriam importar menos do que suas obras. O \u00fanico crit\u00e9rio justo seria o que avaliasse se um indiv\u00edduo escreve bem ou mal.\u00a0<\/span><\/p>\n<p class=\"p1\"><span class=\"s1\">Os artistas vivem uma contradi\u00e7\u00e3o: n\u00e3o podem sentir-se satisfeitos com o que fazem e precisam defender o que fazem. J\u00e1 imaginaram um Picasso satisfeito? N\u00e3o teria passado da primeira fase de sua pintura. Sem a virul\u00eancia de Rimbaud o manifesto simbolista n\u00e3o teria significado, pois implicava na nega\u00e7\u00e3o de valores consagrados da poesia francesa na \u00e9poca. <\/span><\/p>\n<p class=\"p1\"><span class=\"s1\">\u00c9 vexat\u00f3rio quando um escritor e jornalista dispara a metralhadora num colega de profiss\u00e3o, atacando-o apenas em supostos defeitos de personalidade, sem analisar uma \u00fanica linha do que escreve. Isso lembra um velho prov\u00e9rbio chin\u00eas que ensina: se vires um homem bom, alegra-te; se vires um homem mau, observa o teu cora\u00e7\u00e3o. Talvez, os insultos sejam dirigidos a defeitos do pr\u00f3prio car\u00e1ter. <\/span><\/p>\n<p class=\"p1\"><span class=\"s1\">O papel de um escritor que atua no nordeste do Brasil \u00e9 \u00e1rduo e conflitante. Muitas vezes ele precisa acender um facho de luz e clarear a pr\u00f3pria obra, chamando aten\u00e7\u00e3o para ela. Isso pode parecer vaidoso, uma exalta\u00e7\u00e3o do ego. Mas ser\u00e1 tamb\u00e9m um esfor\u00e7o em chamar aten\u00e7\u00e3o para o que ele faz. <\/span><\/p>\n<p class=\"p1\"><span class=\"s1\">N\u00e3o existe fluxo de informa\u00e7\u00f5es das cidades do nordeste para o restante do Brasil e do mundo.<span class=\"Apple-converted-space\">\u00a0 <\/span>O poeta pernambucano Carlos Pena Filho dizia que a melhor maneira de continuar an\u00f4nimo era escrever no Recife. Isso talvez explique porque o contista cearense Moreira Campos, que sempre viveu e escreveu em Fortaleza, \u00e9 t\u00e3o pouco lido e conhecido, apesar de sua grandeza.<\/span><\/p>\n<p class=\"p1\"><span class=\"s1\">No Recife, onde existe o movimento cultural mangue, tamb\u00e9m se conhece a teoria do caranguejo. Voc\u00eas j\u00e1 observaram que os caranguejos tentam escapar do cativeiro subindo uns nos outros? Quando algum consegue galgar alturas, o de baixo sai da posi\u00e7\u00e3o e todos despencam. \u00c9 o velho pecado capital: a inveja. <\/span><\/p>\n<p class=\"p1\"><span class=\"s1\">Alguns escritores nordestinos que falam de seus livros cheios de j\u00fabilo, apenas se alegram pela justa raz\u00e3o de conseguirem ser lidos. S\u00e1bato Magaldi afirma que todo artista busca falar para o seu tempo. Essa alegria em falar da pr\u00f3pria obra \u2013 sobre o qu\u00ea escritores v\u00e3o falar sen\u00e3o do que escrevem? \u2013 \u00e0s vezes provoca desafetos, mordidas de caranguejo. \u00c9 necess\u00e1rio que todo artista, em maior ou menor grau de vaidade, se alegre com a arte que produz, a defenda e, se necess\u00e1rio, a enalte\u00e7a. Nosso brilho \u00e9 pequeno, apesar da intensidade do sol que nos queima. <\/span><\/p>\n<p class=\"p1\"><span class=\"s1\">N\u00e3o possu\u00edmos vastos campos de tulipas como na Holanda. Vez por outra, na paisagem des\u00e9rtica do sert\u00e3o, sobre um jirau, plantado numa panela de barro, um cravo se mostra na exuber\u00e2ncia do cheiro e da cor. \u00c9 t\u00e3o pouco comparado \u00e0s ricas tulipas que a Holanda exporta para o mundo. Mas \u00e9 a nossa flor, a que sobreviveu \u00e0s agruras. Ou uma vida Severina, do poema de Jo\u00e3o Cabral. Por favor, deixe-a vicejar em sua alegria. Mesmo que ela pare\u00e7a impregnada de ego. <\/span><\/p>\n","protected":false},"excerpt":{"rendered":"<p>O escritor argentino Jorge Luis Borges costumava dizer que n\u00e3o havia nada que os seus detratores pudessem escrever sobre ele que n\u00e3o pudesse faz\u00ea-lo de forma mais rigorosa e contundente. Alguns cr\u00edticos trocam a an\u00e1lise de uma obra liter\u00e1ria por agress\u00e3o pessoal e deboche, um&#8230;<\/p>\n","protected":false},"author":1,"featured_media":1473,"comment_status":"open","ping_status":"closed","sticky":false,"template":"","format":"standard","meta":{"sfsi_plus_gutenberg_text_before_share":"","sfsi_plus_gutenberg_show_text_before_share":"","sfsi_plus_gutenberg_icon_type":"","sfsi_plus_gutenberg_icon_alignemt":"","sfsi_plus_gutenburg_max_per_row":"","footnotes":""},"categories":[8,46,45],"tags":[],"class_list":["post-1472","post","type-post","status-publish","format-standard","has-post-thumbnail","hentry","category-blog","category-links","category-slider"],"yoast_head":"<!-- This site is optimized with the Yoast SEO plugin v27.4 - https:\/\/yoast.com\/product\/yoast-seo-wordpress\/ -->\n<title>O cravo e as tulipas | Ronaldo Correia de Brito | site oficial<\/title>\n<meta name=\"robots\" content=\"index, follow, max-snippet:-1, max-image-preview:large, max-video-preview:-1\" \/>\n<link rel=\"canonical\" href=\"https:\/\/www.ronaldocorreiadebrito.com.br\/site2\/2020\/10\/o-cravo-e-as-tulipas-2\/\" \/>\n<meta property=\"og:locale\" content=\"pt_BR\" \/>\n<meta property=\"og:type\" content=\"article\" \/>\n<meta property=\"og:title\" content=\"O cravo e as tulipas | Ronaldo Correia de Brito | site oficial\" \/>\n<meta property=\"og:description\" content=\"O escritor argentino Jorge Luis Borges costumava dizer que n\u00e3o havia nada que os seus detratores pudessem escrever sobre ele que n\u00e3o pudesse faz\u00ea-lo de forma mais rigorosa e contundente. Alguns cr\u00edticos trocam a an\u00e1lise de uma obra liter\u00e1ria por agress\u00e3o pessoal e deboche, um...\" \/>\n<meta property=\"og:url\" content=\"https:\/\/www.ronaldocorreiadebrito.com.br\/site2\/2020\/10\/o-cravo-e-as-tulipas-2\/\" \/>\n<meta property=\"og:site_name\" content=\"Ronaldo Correia de Brito | site oficial\" \/>\n<meta property=\"article:publisher\" content=\"https:\/\/www.facebook.com\/ronaldocorreiadebrito.oficial\" \/>\n<meta property=\"article:published_time\" content=\"2020-10-24T13:51:44+00:00\" \/>\n<meta property=\"og:image\" content=\"https:\/\/www.ronaldocorreiadebrito.com.br\/site2\/wp-content\/uploads\/2020\/10\/caranguejo-uc\u0327a\u0301-Foto-Mayra-Jankowsky.jpg\" \/>\n\t<meta property=\"og:image:width\" content=\"800\" \/>\n\t<meta property=\"og:image:height\" content=\"600\" \/>\n\t<meta property=\"og:image:type\" content=\"image\/jpeg\" \/>\n<meta name=\"author\" content=\"admin\" \/>\n<meta name=\"twitter:card\" content=\"summary_large_image\" \/>\n<meta name=\"twitter:label1\" content=\"Escrito por\" \/>\n\t<meta name=\"twitter:data1\" content=\"admin\" \/>\n\t<meta name=\"twitter:label2\" content=\"Est. tempo de leitura\" \/>\n\t<meta name=\"twitter:data2\" content=\"3 minutos\" \/>\n<script type=\"application\/ld+json\" class=\"yoast-schema-graph\">{\"@context\":\"https:\\\/\\\/schema.org\",\"@graph\":[{\"@type\":\"Article\",\"@id\":\"https:\\\/\\\/www.ronaldocorreiadebrito.com.br\\\/site2\\\/2020\\\/10\\\/o-cravo-e-as-tulipas-2\\\/#article\",\"isPartOf\":{\"@id\":\"https:\\\/\\\/www.ronaldocorreiadebrito.com.br\\\/site2\\\/2020\\\/10\\\/o-cravo-e-as-tulipas-2\\\/\"},\"author\":{\"name\":\"admin\",\"@id\":\"https:\\\/\\\/www.ronaldocorreiadebrito.com.br\\\/site2\\\/#\\\/schema\\\/person\\\/99a164d0eaaff7f78b11899bc7d5e7c9\"},\"headline\":\"O cravo e as tulipas\",\"datePublished\":\"2020-10-24T13:51:44+00:00\",\"mainEntityOfPage\":{\"@id\":\"https:\\\/\\\/www.ronaldocorreiadebrito.com.br\\\/site2\\\/2020\\\/10\\\/o-cravo-e-as-tulipas-2\\\/\"},\"wordCount\":588,\"commentCount\":0,\"image\":{\"@id\":\"https:\\\/\\\/www.ronaldocorreiadebrito.com.br\\\/site2\\\/2020\\\/10\\\/o-cravo-e-as-tulipas-2\\\/#primaryimage\"},\"thumbnailUrl\":\"https:\\\/\\\/www.ronaldocorreiadebrito.com.br\\\/site2\\\/wp-content\\\/uploads\\\/2020\\\/10\\\/caranguejo-uc\u0327a\u0301-Foto-Mayra-Jankowsky.jpg\",\"articleSection\":[\"Blog\",\"Links\",\"Slider\"],\"inLanguage\":\"pt-BR\",\"potentialAction\":[{\"@type\":\"CommentAction\",\"name\":\"Comment\",\"target\":[\"https:\\\/\\\/www.ronaldocorreiadebrito.com.br\\\/site2\\\/2020\\\/10\\\/o-cravo-e-as-tulipas-2\\\/#respond\"]}]},{\"@type\":\"WebPage\",\"@id\":\"https:\\\/\\\/www.ronaldocorreiadebrito.com.br\\\/site2\\\/2020\\\/10\\\/o-cravo-e-as-tulipas-2\\\/\",\"url\":\"https:\\\/\\\/www.ronaldocorreiadebrito.com.br\\\/site2\\\/2020\\\/10\\\/o-cravo-e-as-tulipas-2\\\/\",\"name\":\"O cravo e as tulipas | Ronaldo Correia de Brito | site oficial\",\"isPartOf\":{\"@id\":\"https:\\\/\\\/www.ronaldocorreiadebrito.com.br\\\/site2\\\/#website\"},\"primaryImageOfPage\":{\"@id\":\"https:\\\/\\\/www.ronaldocorreiadebrito.com.br\\\/site2\\\/2020\\\/10\\\/o-cravo-e-as-tulipas-2\\\/#primaryimage\"},\"image\":{\"@id\":\"https:\\\/\\\/www.ronaldocorreiadebrito.com.br\\\/site2\\\/2020\\\/10\\\/o-cravo-e-as-tulipas-2\\\/#primaryimage\"},\"thumbnailUrl\":\"https:\\\/\\\/www.ronaldocorreiadebrito.com.br\\\/site2\\\/wp-content\\\/uploads\\\/2020\\\/10\\\/caranguejo-uc\u0327a\u0301-Foto-Mayra-Jankowsky.jpg\",\"datePublished\":\"2020-10-24T13:51:44+00:00\",\"author\":{\"@id\":\"https:\\\/\\\/www.ronaldocorreiadebrito.com.br\\\/site2\\\/#\\\/schema\\\/person\\\/99a164d0eaaff7f78b11899bc7d5e7c9\"},\"breadcrumb\":{\"@id\":\"https:\\\/\\\/www.ronaldocorreiadebrito.com.br\\\/site2\\\/2020\\\/10\\\/o-cravo-e-as-tulipas-2\\\/#breadcrumb\"},\"inLanguage\":\"pt-BR\",\"potentialAction\":[{\"@type\":\"ReadAction\",\"target\":[\"https:\\\/\\\/www.ronaldocorreiadebrito.com.br\\\/site2\\\/2020\\\/10\\\/o-cravo-e-as-tulipas-2\\\/\"]}]},{\"@type\":\"ImageObject\",\"inLanguage\":\"pt-BR\",\"@id\":\"https:\\\/\\\/www.ronaldocorreiadebrito.com.br\\\/site2\\\/2020\\\/10\\\/o-cravo-e-as-tulipas-2\\\/#primaryimage\",\"url\":\"https:\\\/\\\/www.ronaldocorreiadebrito.com.br\\\/site2\\\/wp-content\\\/uploads\\\/2020\\\/10\\\/caranguejo-uc\u0327a\u0301-Foto-Mayra-Jankowsky.jpg\",\"contentUrl\":\"https:\\\/\\\/www.ronaldocorreiadebrito.com.br\\\/site2\\\/wp-content\\\/uploads\\\/2020\\\/10\\\/caranguejo-uc\u0327a\u0301-Foto-Mayra-Jankowsky.jpg\",\"width\":800,\"height\":600},{\"@type\":\"BreadcrumbList\",\"@id\":\"https:\\\/\\\/www.ronaldocorreiadebrito.com.br\\\/site2\\\/2020\\\/10\\\/o-cravo-e-as-tulipas-2\\\/#breadcrumb\",\"itemListElement\":[{\"@type\":\"ListItem\",\"position\":1,\"name\":\"In\u00edcio\",\"item\":\"https:\\\/\\\/www.ronaldocorreiadebrito.com.br\\\/site2\\\/\"},{\"@type\":\"ListItem\",\"position\":2,\"name\":\"O cravo e as tulipas\"}]},{\"@type\":\"WebSite\",\"@id\":\"https:\\\/\\\/www.ronaldocorreiadebrito.com.br\\\/site2\\\/#website\",\"url\":\"https:\\\/\\\/www.ronaldocorreiadebrito.com.br\\\/site2\\\/\",\"name\":\"Ronaldo Correia de Brito | site oficial\",\"description\":\"Site oficial do escritor Ronaldo Correia de Brito\",\"potentialAction\":[{\"@type\":\"SearchAction\",\"target\":{\"@type\":\"EntryPoint\",\"urlTemplate\":\"https:\\\/\\\/www.ronaldocorreiadebrito.com.br\\\/site2\\\/?s={search_term_string}\"},\"query-input\":{\"@type\":\"PropertyValueSpecification\",\"valueRequired\":true,\"valueName\":\"search_term_string\"}}],\"inLanguage\":\"pt-BR\"},{\"@type\":\"Person\",\"@id\":\"https:\\\/\\\/www.ronaldocorreiadebrito.com.br\\\/site2\\\/#\\\/schema\\\/person\\\/99a164d0eaaff7f78b11899bc7d5e7c9\",\"name\":\"admin\",\"url\":\"https:\\\/\\\/www.ronaldocorreiadebrito.com.br\\\/site2\\\/author\\\/admin\\\/\"}]}<\/script>\n<!-- \/ Yoast SEO plugin. -->","yoast_head_json":{"title":"O cravo e as tulipas | Ronaldo Correia de Brito | site oficial","robots":{"index":"index","follow":"follow","max-snippet":"max-snippet:-1","max-image-preview":"max-image-preview:large","max-video-preview":"max-video-preview:-1"},"canonical":"https:\/\/www.ronaldocorreiadebrito.com.br\/site2\/2020\/10\/o-cravo-e-as-tulipas-2\/","og_locale":"pt_BR","og_type":"article","og_title":"O cravo e as tulipas | Ronaldo Correia de Brito | site oficial","og_description":"O escritor argentino Jorge Luis Borges costumava dizer que n\u00e3o havia nada que os seus detratores pudessem escrever sobre ele que n\u00e3o pudesse faz\u00ea-lo de forma mais rigorosa e contundente. Alguns cr\u00edticos trocam a an\u00e1lise de uma obra liter\u00e1ria por agress\u00e3o pessoal e deboche, um...","og_url":"https:\/\/www.ronaldocorreiadebrito.com.br\/site2\/2020\/10\/o-cravo-e-as-tulipas-2\/","og_site_name":"Ronaldo Correia de Brito | site oficial","article_publisher":"https:\/\/www.facebook.com\/ronaldocorreiadebrito.oficial","article_published_time":"2020-10-24T13:51:44+00:00","og_image":[{"width":800,"height":600,"url":"https:\/\/www.ronaldocorreiadebrito.com.br\/site2\/wp-content\/uploads\/2020\/10\/caranguejo-uc\u0327a\u0301-Foto-Mayra-Jankowsky.jpg","type":"image\/jpeg"}],"author":"admin","twitter_card":"summary_large_image","twitter_misc":{"Escrito por":"admin","Est. tempo de leitura":"3 minutos"},"schema":{"@context":"https:\/\/schema.org","@graph":[{"@type":"Article","@id":"https:\/\/www.ronaldocorreiadebrito.com.br\/site2\/2020\/10\/o-cravo-e-as-tulipas-2\/#article","isPartOf":{"@id":"https:\/\/www.ronaldocorreiadebrito.com.br\/site2\/2020\/10\/o-cravo-e-as-tulipas-2\/"},"author":{"name":"admin","@id":"https:\/\/www.ronaldocorreiadebrito.com.br\/site2\/#\/schema\/person\/99a164d0eaaff7f78b11899bc7d5e7c9"},"headline":"O cravo e as tulipas","datePublished":"2020-10-24T13:51:44+00:00","mainEntityOfPage":{"@id":"https:\/\/www.ronaldocorreiadebrito.com.br\/site2\/2020\/10\/o-cravo-e-as-tulipas-2\/"},"wordCount":588,"commentCount":0,"image":{"@id":"https:\/\/www.ronaldocorreiadebrito.com.br\/site2\/2020\/10\/o-cravo-e-as-tulipas-2\/#primaryimage"},"thumbnailUrl":"https:\/\/www.ronaldocorreiadebrito.com.br\/site2\/wp-content\/uploads\/2020\/10\/caranguejo-uc\u0327a\u0301-Foto-Mayra-Jankowsky.jpg","articleSection":["Blog","Links","Slider"],"inLanguage":"pt-BR","potentialAction":[{"@type":"CommentAction","name":"Comment","target":["https:\/\/www.ronaldocorreiadebrito.com.br\/site2\/2020\/10\/o-cravo-e-as-tulipas-2\/#respond"]}]},{"@type":"WebPage","@id":"https:\/\/www.ronaldocorreiadebrito.com.br\/site2\/2020\/10\/o-cravo-e-as-tulipas-2\/","url":"https:\/\/www.ronaldocorreiadebrito.com.br\/site2\/2020\/10\/o-cravo-e-as-tulipas-2\/","name":"O cravo e as tulipas | Ronaldo Correia de Brito | site oficial","isPartOf":{"@id":"https:\/\/www.ronaldocorreiadebrito.com.br\/site2\/#website"},"primaryImageOfPage":{"@id":"https:\/\/www.ronaldocorreiadebrito.com.br\/site2\/2020\/10\/o-cravo-e-as-tulipas-2\/#primaryimage"},"image":{"@id":"https:\/\/www.ronaldocorreiadebrito.com.br\/site2\/2020\/10\/o-cravo-e-as-tulipas-2\/#primaryimage"},"thumbnailUrl":"https:\/\/www.ronaldocorreiadebrito.com.br\/site2\/wp-content\/uploads\/2020\/10\/caranguejo-uc\u0327a\u0301-Foto-Mayra-Jankowsky.jpg","datePublished":"2020-10-24T13:51:44+00:00","author":{"@id":"https:\/\/www.ronaldocorreiadebrito.com.br\/site2\/#\/schema\/person\/99a164d0eaaff7f78b11899bc7d5e7c9"},"breadcrumb":{"@id":"https:\/\/www.ronaldocorreiadebrito.com.br\/site2\/2020\/10\/o-cravo-e-as-tulipas-2\/#breadcrumb"},"inLanguage":"pt-BR","potentialAction":[{"@type":"ReadAction","target":["https:\/\/www.ronaldocorreiadebrito.com.br\/site2\/2020\/10\/o-cravo-e-as-tulipas-2\/"]}]},{"@type":"ImageObject","inLanguage":"pt-BR","@id":"https:\/\/www.ronaldocorreiadebrito.com.br\/site2\/2020\/10\/o-cravo-e-as-tulipas-2\/#primaryimage","url":"https:\/\/www.ronaldocorreiadebrito.com.br\/site2\/wp-content\/uploads\/2020\/10\/caranguejo-uc\u0327a\u0301-Foto-Mayra-Jankowsky.jpg","contentUrl":"https:\/\/www.ronaldocorreiadebrito.com.br\/site2\/wp-content\/uploads\/2020\/10\/caranguejo-uc\u0327a\u0301-Foto-Mayra-Jankowsky.jpg","width":800,"height":600},{"@type":"BreadcrumbList","@id":"https:\/\/www.ronaldocorreiadebrito.com.br\/site2\/2020\/10\/o-cravo-e-as-tulipas-2\/#breadcrumb","itemListElement":[{"@type":"ListItem","position":1,"name":"In\u00edcio","item":"https:\/\/www.ronaldocorreiadebrito.com.br\/site2\/"},{"@type":"ListItem","position":2,"name":"O cravo e as tulipas"}]},{"@type":"WebSite","@id":"https:\/\/www.ronaldocorreiadebrito.com.br\/site2\/#website","url":"https:\/\/www.ronaldocorreiadebrito.com.br\/site2\/","name":"Ronaldo Correia de Brito | site oficial","description":"Site oficial do escritor Ronaldo Correia de Brito","potentialAction":[{"@type":"SearchAction","target":{"@type":"EntryPoint","urlTemplate":"https:\/\/www.ronaldocorreiadebrito.com.br\/site2\/?s={search_term_string}"},"query-input":{"@type":"PropertyValueSpecification","valueRequired":true,"valueName":"search_term_string"}}],"inLanguage":"pt-BR"},{"@type":"Person","@id":"https:\/\/www.ronaldocorreiadebrito.com.br\/site2\/#\/schema\/person\/99a164d0eaaff7f78b11899bc7d5e7c9","name":"admin","url":"https:\/\/www.ronaldocorreiadebrito.com.br\/site2\/author\/admin\/"}]}},"wps_subtitle":"","_links":{"self":[{"href":"https:\/\/www.ronaldocorreiadebrito.com.br\/site2\/wp-json\/wp\/v2\/posts\/1472","targetHints":{"allow":["GET"]}}],"collection":[{"href":"https:\/\/www.ronaldocorreiadebrito.com.br\/site2\/wp-json\/wp\/v2\/posts"}],"about":[{"href":"https:\/\/www.ronaldocorreiadebrito.com.br\/site2\/wp-json\/wp\/v2\/types\/post"}],"author":[{"embeddable":true,"href":"https:\/\/www.ronaldocorreiadebrito.com.br\/site2\/wp-json\/wp\/v2\/users\/1"}],"replies":[{"embeddable":true,"href":"https:\/\/www.ronaldocorreiadebrito.com.br\/site2\/wp-json\/wp\/v2\/comments?post=1472"}],"version-history":[{"count":0,"href":"https:\/\/www.ronaldocorreiadebrito.com.br\/site2\/wp-json\/wp\/v2\/posts\/1472\/revisions"}],"wp:featuredmedia":[{"embeddable":true,"href":"https:\/\/www.ronaldocorreiadebrito.com.br\/site2\/wp-json\/wp\/v2\/media\/1473"}],"wp:attachment":[{"href":"https:\/\/www.ronaldocorreiadebrito.com.br\/site2\/wp-json\/wp\/v2\/media?parent=1472"}],"wp:term":[{"taxonomy":"category","embeddable":true,"href":"https:\/\/www.ronaldocorreiadebrito.com.br\/site2\/wp-json\/wp\/v2\/categories?post=1472"},{"taxonomy":"post_tag","embeddable":true,"href":"https:\/\/www.ronaldocorreiadebrito.com.br\/site2\/wp-json\/wp\/v2\/tags?post=1472"}],"curies":[{"name":"wp","href":"https:\/\/api.w.org\/{rel}","templated":true}]}}