{"id":1466,"date":"2020-10-21T16:29:56","date_gmt":"2020-10-21T19:29:56","guid":{"rendered":"http:\/\/www.ronaldocorreiadebrito.com.br\/site2\/?p=1466"},"modified":"2020-10-21T16:29:56","modified_gmt":"2020-10-21T19:29:56","slug":"se-todos-tivessem-memoria-de-elefante","status":"publish","type":"post","link":"https:\/\/www.ronaldocorreiadebrito.com.br\/site2\/2020\/10\/se-todos-tivessem-memoria-de-elefante\/","title":{"rendered":"Se todos tivessem mem\u00f3ria de elefante"},"content":{"rendered":"<p class=\"p1\"><span class=\"s1\">Come\u00e7ou a temporada de ca\u00e7a aos patos. <\/span><\/p>\n<p class=\"p1\"><span class=\"s1\">Ing\u00eanuos, eles nunca aprendem a li\u00e7\u00e3o e deixam-se abater pelos mesmos ca\u00e7adores e suas velhas armas. Atra\u00eddos por migalhas, caem nas armadilhas de sempre. <\/span><\/p>\n<p class=\"p1\"><span class=\"s1\">S\u00e3o patos. <\/span><\/p>\n<p class=\"p1\"><span class=\"s1\">Voam em bando, enfileirados no c\u00e9u, lindos contra a luz do sol. Descem \u00e0 terra para o descanso noturno e satisfazem necessidades simples: comer e beber \u00e1gua. <\/span><\/p>\n<p class=\"p1\"><span class=\"s1\">Incautos, nem lembram o chumbo que levaram em anos anteriores. <\/span><\/p>\n<p class=\"p1\"><span class=\"s1\">Os patos nasceram patos e \u00e9 mentira do escritor dinamarqu\u00eas Hans Christian Andersen que eles aspiram um dia se tornar cisnes. Pato adora ser pato, desde a cria\u00e7\u00e3o do mundo. Antigamente, os ca\u00e7adores os abatiam com pedras arremessadas de fundas ou baladeiras. Vieram as flechas, as lan\u00e7as, os c\u00e3es adestrados e, por \u00faltimo, as armas de fogo. Ah, a p\u00f3lvora! Desde que os chineses a inventaram os patos n\u00e3o tiveram mais sossego.<\/span><\/p>\n<p class=\"p1\"><span class=\"s1\">Existir\u00e1 criatura de Deus mais burra do que um pato? <\/span><\/p>\n<p class=\"p1\"><span class=\"s1\">Nem mesmo o burro. Quando voc\u00ea olha para o c\u00e9u e avista a fileira bonita, um desenho de nanquim preto contra o fundo vermelho do sol, imagina que s\u00e3o donos do pr\u00f3prio destino e sabem porque batem as asas com tanto esfor\u00e7o. Grasnam, ao pousar no ch\u00e3o, numa algazarra que s\u00f3 os patos fazem. Mas n\u00e3o cuidam que est\u00e3o sob a mira do inimigo. Pato tem mem\u00f3ria fraca, n\u00e3o \u00e9 como o elefante, esquece logo o que fizeram com ele ou com algum dos seus parentes. Olham as migalhas jogadas aos seus p\u00e9s e acreditam que dessa vez ser\u00e1 diferente.<\/span><\/p>\n<p class=\"p1\"><span class=\"s1\">Grasnar \u00e9 um verbo para referir a voz dos corvos e patos. \u00c9 um som irritante como o dos trios el\u00e9tricos da Bahia, aqueles que saem no carnaval de fevereiro e no carnaval das elei\u00e7\u00f5es. Os patos deixam-se levar pela estrid\u00eancia dos discursos, pelo embalo das promessas e por camisas de malha e alpargatas que atiram para eles de cima dos trios. Fazer o que? Nasceram mesmo para voar em bando, um atr\u00e1s do outro, sem pensar em nada e sem perguntar por nada. <\/span><\/p>\n<p class=\"p1\"><span class=\"s1\">Pato gosta de ser pato.<\/span><\/p>\n<p class=\"p1\"><span class=\"s1\">Quando agitam bandeiras ou exibem retratos em tabloides os patos dan\u00e7am e se animam, esquecidos do passado mais recente, de ca\u00e7adas e falcatruas. O grasnado que emitem chega a ser mais alto que o tiroteio zunindo por cima de suas cabe\u00e7as e chamuscando suas asas. <\/span><\/p>\n<p class=\"p1\"><span class=\"s1\">Fazer o que, se pato gosta de sair atr\u00e1s de trio el\u00e9trico?<\/span><\/p>\n<p class=\"p1\"><span class=\"s1\">A temporada de ca\u00e7a se repete de dois em dois anos. <\/span><\/p>\n<p class=\"p1\"><span class=\"s1\">Sempre.<\/span><\/p>\n<p class=\"p1\"><span class=\"s1\">\u00c9 um salve-se quem puder, saraivada de chumbo fino e grosso. Os ca\u00e7adores ricos t\u00eam poder de fogo, armas de maior alcance. S\u00e3o os que abatem mais patos. Tamb\u00e9m pudera, com tantos retratos e bandeiras, chamadas na televis\u00e3o, abra\u00e7os em crian\u00e7as e velhos, ret\u00f3rica de ca\u00e7ador matreiro&#8230; A tantos apelos e ciladas, n\u00e3o h\u00e1 pato que resista.<span class=\"Apple-converted-space\">\u00a0 <\/span>As arapucas fazem a farra e os corvos riem dos patos.<\/span><\/p>\n","protected":false},"excerpt":{"rendered":"<p>Come\u00e7ou a temporada de ca\u00e7a aos patos. Ing\u00eanuos, eles nunca aprendem a li\u00e7\u00e3o e deixam-se abater pelos mesmos ca\u00e7adores e suas velhas armas. Atra\u00eddos por migalhas, caem nas armadilhas de sempre. S\u00e3o patos. Voam em bando, enfileirados no c\u00e9u, lindos contra a luz do sol&#8230;.<\/p>\n","protected":false},"author":1,"featured_media":1467,"comment_status":"open","ping_status":"closed","sticky":false,"template":"","format":"standard","meta":{"sfsi_plus_gutenberg_text_before_share":"","sfsi_plus_gutenberg_show_text_before_share":"","sfsi_plus_gutenberg_icon_type":"","sfsi_plus_gutenberg_icon_alignemt":"","sfsi_plus_gutenburg_max_per_row":"","footnotes":""},"categories":[8,46,45],"tags":[],"class_list":["post-1466","post","type-post","status-publish","format-standard","has-post-thumbnail","hentry","category-blog","category-links","category-slider"],"yoast_head":"<!-- This site is optimized with the Yoast SEO plugin v27.4 - https:\/\/yoast.com\/product\/yoast-seo-wordpress\/ -->\n<title>Se todos tivessem mem\u00f3ria de elefante | Ronaldo Correia de Brito | site oficial<\/title>\n<meta name=\"robots\" content=\"index, follow, max-snippet:-1, max-image-preview:large, max-video-preview:-1\" \/>\n<link rel=\"canonical\" href=\"https:\/\/www.ronaldocorreiadebrito.com.br\/site2\/2020\/10\/se-todos-tivessem-memoria-de-elefante\/\" \/>\n<meta property=\"og:locale\" content=\"pt_BR\" \/>\n<meta property=\"og:type\" content=\"article\" \/>\n<meta property=\"og:title\" content=\"Se todos tivessem mem\u00f3ria de elefante | Ronaldo Correia de Brito | site oficial\" \/>\n<meta property=\"og:description\" content=\"Come\u00e7ou a temporada de ca\u00e7a aos patos. Ing\u00eanuos, eles nunca aprendem a li\u00e7\u00e3o e deixam-se abater pelos mesmos ca\u00e7adores e suas velhas armas. Atra\u00eddos por migalhas, caem nas armadilhas de sempre. S\u00e3o patos. Voam em bando, enfileirados no c\u00e9u, lindos contra a luz do sol....\" \/>\n<meta property=\"og:url\" content=\"https:\/\/www.ronaldocorreiadebrito.com.br\/site2\/2020\/10\/se-todos-tivessem-memoria-de-elefante\/\" \/>\n<meta property=\"og:site_name\" content=\"Ronaldo Correia de Brito | site oficial\" \/>\n<meta property=\"article:publisher\" content=\"https:\/\/www.facebook.com\/ronaldocorreiadebrito.oficial\" \/>\n<meta property=\"article:published_time\" content=\"2020-10-21T19:29:56+00:00\" \/>\n<meta property=\"og:image\" content=\"https:\/\/www.ronaldocorreiadebrito.com.br\/site2\/wp-content\/uploads\/2020\/10\/IMG_20160718_174147.jpg\" \/>\n\t<meta property=\"og:image:width\" content=\"600\" \/>\n\t<meta property=\"og:image:height\" content=\"315\" \/>\n\t<meta property=\"og:image:type\" content=\"image\/jpeg\" \/>\n<meta name=\"author\" content=\"admin\" \/>\n<meta name=\"twitter:card\" content=\"summary_large_image\" \/>\n<meta name=\"twitter:label1\" content=\"Escrito por\" \/>\n\t<meta name=\"twitter:data1\" content=\"admin\" \/>\n\t<meta name=\"twitter:label2\" content=\"Est. tempo de leitura\" \/>\n\t<meta name=\"twitter:data2\" content=\"3 minutos\" \/>\n<script type=\"application\/ld+json\" class=\"yoast-schema-graph\">{\"@context\":\"https:\\\/\\\/schema.org\",\"@graph\":[{\"@type\":\"Article\",\"@id\":\"https:\\\/\\\/www.ronaldocorreiadebrito.com.br\\\/site2\\\/2020\\\/10\\\/se-todos-tivessem-memoria-de-elefante\\\/#article\",\"isPartOf\":{\"@id\":\"https:\\\/\\\/www.ronaldocorreiadebrito.com.br\\\/site2\\\/2020\\\/10\\\/se-todos-tivessem-memoria-de-elefante\\\/\"},\"author\":{\"name\":\"admin\",\"@id\":\"https:\\\/\\\/www.ronaldocorreiadebrito.com.br\\\/site2\\\/#\\\/schema\\\/person\\\/99a164d0eaaff7f78b11899bc7d5e7c9\"},\"headline\":\"Se todos tivessem mem\u00f3ria de elefante\",\"datePublished\":\"2020-10-21T19:29:56+00:00\",\"mainEntityOfPage\":{\"@id\":\"https:\\\/\\\/www.ronaldocorreiadebrito.com.br\\\/site2\\\/2020\\\/10\\\/se-todos-tivessem-memoria-de-elefante\\\/\"},\"wordCount\":524,\"commentCount\":0,\"image\":{\"@id\":\"https:\\\/\\\/www.ronaldocorreiadebrito.com.br\\\/site2\\\/2020\\\/10\\\/se-todos-tivessem-memoria-de-elefante\\\/#primaryimage\"},\"thumbnailUrl\":\"https:\\\/\\\/www.ronaldocorreiadebrito.com.br\\\/site2\\\/wp-content\\\/uploads\\\/2020\\\/10\\\/IMG_20160718_174147.jpg\",\"articleSection\":[\"Blog\",\"Links\",\"Slider\"],\"inLanguage\":\"pt-BR\",\"potentialAction\":[{\"@type\":\"CommentAction\",\"name\":\"Comment\",\"target\":[\"https:\\\/\\\/www.ronaldocorreiadebrito.com.br\\\/site2\\\/2020\\\/10\\\/se-todos-tivessem-memoria-de-elefante\\\/#respond\"]}]},{\"@type\":\"WebPage\",\"@id\":\"https:\\\/\\\/www.ronaldocorreiadebrito.com.br\\\/site2\\\/2020\\\/10\\\/se-todos-tivessem-memoria-de-elefante\\\/\",\"url\":\"https:\\\/\\\/www.ronaldocorreiadebrito.com.br\\\/site2\\\/2020\\\/10\\\/se-todos-tivessem-memoria-de-elefante\\\/\",\"name\":\"Se todos tivessem mem\u00f3ria de elefante | Ronaldo Correia de Brito | site oficial\",\"isPartOf\":{\"@id\":\"https:\\\/\\\/www.ronaldocorreiadebrito.com.br\\\/site2\\\/#website\"},\"primaryImageOfPage\":{\"@id\":\"https:\\\/\\\/www.ronaldocorreiadebrito.com.br\\\/site2\\\/2020\\\/10\\\/se-todos-tivessem-memoria-de-elefante\\\/#primaryimage\"},\"image\":{\"@id\":\"https:\\\/\\\/www.ronaldocorreiadebrito.com.br\\\/site2\\\/2020\\\/10\\\/se-todos-tivessem-memoria-de-elefante\\\/#primaryimage\"},\"thumbnailUrl\":\"https:\\\/\\\/www.ronaldocorreiadebrito.com.br\\\/site2\\\/wp-content\\\/uploads\\\/2020\\\/10\\\/IMG_20160718_174147.jpg\",\"datePublished\":\"2020-10-21T19:29:56+00:00\",\"author\":{\"@id\":\"https:\\\/\\\/www.ronaldocorreiadebrito.com.br\\\/site2\\\/#\\\/schema\\\/person\\\/99a164d0eaaff7f78b11899bc7d5e7c9\"},\"breadcrumb\":{\"@id\":\"https:\\\/\\\/www.ronaldocorreiadebrito.com.br\\\/site2\\\/2020\\\/10\\\/se-todos-tivessem-memoria-de-elefante\\\/#breadcrumb\"},\"inLanguage\":\"pt-BR\",\"potentialAction\":[{\"@type\":\"ReadAction\",\"target\":[\"https:\\\/\\\/www.ronaldocorreiadebrito.com.br\\\/site2\\\/2020\\\/10\\\/se-todos-tivessem-memoria-de-elefante\\\/\"]}]},{\"@type\":\"ImageObject\",\"inLanguage\":\"pt-BR\",\"@id\":\"https:\\\/\\\/www.ronaldocorreiadebrito.com.br\\\/site2\\\/2020\\\/10\\\/se-todos-tivessem-memoria-de-elefante\\\/#primaryimage\",\"url\":\"https:\\\/\\\/www.ronaldocorreiadebrito.com.br\\\/site2\\\/wp-content\\\/uploads\\\/2020\\\/10\\\/IMG_20160718_174147.jpg\",\"contentUrl\":\"https:\\\/\\\/www.ronaldocorreiadebrito.com.br\\\/site2\\\/wp-content\\\/uploads\\\/2020\\\/10\\\/IMG_20160718_174147.jpg\",\"width\":600,\"height\":315},{\"@type\":\"BreadcrumbList\",\"@id\":\"https:\\\/\\\/www.ronaldocorreiadebrito.com.br\\\/site2\\\/2020\\\/10\\\/se-todos-tivessem-memoria-de-elefante\\\/#breadcrumb\",\"itemListElement\":[{\"@type\":\"ListItem\",\"position\":1,\"name\":\"In\u00edcio\",\"item\":\"https:\\\/\\\/www.ronaldocorreiadebrito.com.br\\\/site2\\\/\"},{\"@type\":\"ListItem\",\"position\":2,\"name\":\"Se todos tivessem mem\u00f3ria de elefante\"}]},{\"@type\":\"WebSite\",\"@id\":\"https:\\\/\\\/www.ronaldocorreiadebrito.com.br\\\/site2\\\/#website\",\"url\":\"https:\\\/\\\/www.ronaldocorreiadebrito.com.br\\\/site2\\\/\",\"name\":\"Ronaldo Correia de Brito | site oficial\",\"description\":\"Site oficial do escritor Ronaldo Correia de Brito\",\"potentialAction\":[{\"@type\":\"SearchAction\",\"target\":{\"@type\":\"EntryPoint\",\"urlTemplate\":\"https:\\\/\\\/www.ronaldocorreiadebrito.com.br\\\/site2\\\/?s={search_term_string}\"},\"query-input\":{\"@type\":\"PropertyValueSpecification\",\"valueRequired\":true,\"valueName\":\"search_term_string\"}}],\"inLanguage\":\"pt-BR\"},{\"@type\":\"Person\",\"@id\":\"https:\\\/\\\/www.ronaldocorreiadebrito.com.br\\\/site2\\\/#\\\/schema\\\/person\\\/99a164d0eaaff7f78b11899bc7d5e7c9\",\"name\":\"admin\",\"url\":\"https:\\\/\\\/www.ronaldocorreiadebrito.com.br\\\/site2\\\/author\\\/admin\\\/\"}]}<\/script>\n<!-- \/ Yoast SEO plugin. -->","yoast_head_json":{"title":"Se todos tivessem mem\u00f3ria de elefante | Ronaldo Correia de Brito | site oficial","robots":{"index":"index","follow":"follow","max-snippet":"max-snippet:-1","max-image-preview":"max-image-preview:large","max-video-preview":"max-video-preview:-1"},"canonical":"https:\/\/www.ronaldocorreiadebrito.com.br\/site2\/2020\/10\/se-todos-tivessem-memoria-de-elefante\/","og_locale":"pt_BR","og_type":"article","og_title":"Se todos tivessem mem\u00f3ria de elefante | Ronaldo Correia de Brito | site oficial","og_description":"Come\u00e7ou a temporada de ca\u00e7a aos patos. Ing\u00eanuos, eles nunca aprendem a li\u00e7\u00e3o e deixam-se abater pelos mesmos ca\u00e7adores e suas velhas armas. Atra\u00eddos por migalhas, caem nas armadilhas de sempre. S\u00e3o patos. Voam em bando, enfileirados no c\u00e9u, lindos contra a luz do sol....","og_url":"https:\/\/www.ronaldocorreiadebrito.com.br\/site2\/2020\/10\/se-todos-tivessem-memoria-de-elefante\/","og_site_name":"Ronaldo Correia de Brito | site oficial","article_publisher":"https:\/\/www.facebook.com\/ronaldocorreiadebrito.oficial","article_published_time":"2020-10-21T19:29:56+00:00","og_image":[{"width":600,"height":315,"url":"https:\/\/www.ronaldocorreiadebrito.com.br\/site2\/wp-content\/uploads\/2020\/10\/IMG_20160718_174147.jpg","type":"image\/jpeg"}],"author":"admin","twitter_card":"summary_large_image","twitter_misc":{"Escrito por":"admin","Est. tempo de leitura":"3 minutos"},"schema":{"@context":"https:\/\/schema.org","@graph":[{"@type":"Article","@id":"https:\/\/www.ronaldocorreiadebrito.com.br\/site2\/2020\/10\/se-todos-tivessem-memoria-de-elefante\/#article","isPartOf":{"@id":"https:\/\/www.ronaldocorreiadebrito.com.br\/site2\/2020\/10\/se-todos-tivessem-memoria-de-elefante\/"},"author":{"name":"admin","@id":"https:\/\/www.ronaldocorreiadebrito.com.br\/site2\/#\/schema\/person\/99a164d0eaaff7f78b11899bc7d5e7c9"},"headline":"Se todos tivessem mem\u00f3ria de elefante","datePublished":"2020-10-21T19:29:56+00:00","mainEntityOfPage":{"@id":"https:\/\/www.ronaldocorreiadebrito.com.br\/site2\/2020\/10\/se-todos-tivessem-memoria-de-elefante\/"},"wordCount":524,"commentCount":0,"image":{"@id":"https:\/\/www.ronaldocorreiadebrito.com.br\/site2\/2020\/10\/se-todos-tivessem-memoria-de-elefante\/#primaryimage"},"thumbnailUrl":"https:\/\/www.ronaldocorreiadebrito.com.br\/site2\/wp-content\/uploads\/2020\/10\/IMG_20160718_174147.jpg","articleSection":["Blog","Links","Slider"],"inLanguage":"pt-BR","potentialAction":[{"@type":"CommentAction","name":"Comment","target":["https:\/\/www.ronaldocorreiadebrito.com.br\/site2\/2020\/10\/se-todos-tivessem-memoria-de-elefante\/#respond"]}]},{"@type":"WebPage","@id":"https:\/\/www.ronaldocorreiadebrito.com.br\/site2\/2020\/10\/se-todos-tivessem-memoria-de-elefante\/","url":"https:\/\/www.ronaldocorreiadebrito.com.br\/site2\/2020\/10\/se-todos-tivessem-memoria-de-elefante\/","name":"Se todos tivessem mem\u00f3ria de elefante | Ronaldo Correia de Brito | site oficial","isPartOf":{"@id":"https:\/\/www.ronaldocorreiadebrito.com.br\/site2\/#website"},"primaryImageOfPage":{"@id":"https:\/\/www.ronaldocorreiadebrito.com.br\/site2\/2020\/10\/se-todos-tivessem-memoria-de-elefante\/#primaryimage"},"image":{"@id":"https:\/\/www.ronaldocorreiadebrito.com.br\/site2\/2020\/10\/se-todos-tivessem-memoria-de-elefante\/#primaryimage"},"thumbnailUrl":"https:\/\/www.ronaldocorreiadebrito.com.br\/site2\/wp-content\/uploads\/2020\/10\/IMG_20160718_174147.jpg","datePublished":"2020-10-21T19:29:56+00:00","author":{"@id":"https:\/\/www.ronaldocorreiadebrito.com.br\/site2\/#\/schema\/person\/99a164d0eaaff7f78b11899bc7d5e7c9"},"breadcrumb":{"@id":"https:\/\/www.ronaldocorreiadebrito.com.br\/site2\/2020\/10\/se-todos-tivessem-memoria-de-elefante\/#breadcrumb"},"inLanguage":"pt-BR","potentialAction":[{"@type":"ReadAction","target":["https:\/\/www.ronaldocorreiadebrito.com.br\/site2\/2020\/10\/se-todos-tivessem-memoria-de-elefante\/"]}]},{"@type":"ImageObject","inLanguage":"pt-BR","@id":"https:\/\/www.ronaldocorreiadebrito.com.br\/site2\/2020\/10\/se-todos-tivessem-memoria-de-elefante\/#primaryimage","url":"https:\/\/www.ronaldocorreiadebrito.com.br\/site2\/wp-content\/uploads\/2020\/10\/IMG_20160718_174147.jpg","contentUrl":"https:\/\/www.ronaldocorreiadebrito.com.br\/site2\/wp-content\/uploads\/2020\/10\/IMG_20160718_174147.jpg","width":600,"height":315},{"@type":"BreadcrumbList","@id":"https:\/\/www.ronaldocorreiadebrito.com.br\/site2\/2020\/10\/se-todos-tivessem-memoria-de-elefante\/#breadcrumb","itemListElement":[{"@type":"ListItem","position":1,"name":"In\u00edcio","item":"https:\/\/www.ronaldocorreiadebrito.com.br\/site2\/"},{"@type":"ListItem","position":2,"name":"Se todos tivessem mem\u00f3ria de elefante"}]},{"@type":"WebSite","@id":"https:\/\/www.ronaldocorreiadebrito.com.br\/site2\/#website","url":"https:\/\/www.ronaldocorreiadebrito.com.br\/site2\/","name":"Ronaldo Correia de Brito | site oficial","description":"Site oficial do escritor Ronaldo Correia de Brito","potentialAction":[{"@type":"SearchAction","target":{"@type":"EntryPoint","urlTemplate":"https:\/\/www.ronaldocorreiadebrito.com.br\/site2\/?s={search_term_string}"},"query-input":{"@type":"PropertyValueSpecification","valueRequired":true,"valueName":"search_term_string"}}],"inLanguage":"pt-BR"},{"@type":"Person","@id":"https:\/\/www.ronaldocorreiadebrito.com.br\/site2\/#\/schema\/person\/99a164d0eaaff7f78b11899bc7d5e7c9","name":"admin","url":"https:\/\/www.ronaldocorreiadebrito.com.br\/site2\/author\/admin\/"}]}},"wps_subtitle":"","_links":{"self":[{"href":"https:\/\/www.ronaldocorreiadebrito.com.br\/site2\/wp-json\/wp\/v2\/posts\/1466","targetHints":{"allow":["GET"]}}],"collection":[{"href":"https:\/\/www.ronaldocorreiadebrito.com.br\/site2\/wp-json\/wp\/v2\/posts"}],"about":[{"href":"https:\/\/www.ronaldocorreiadebrito.com.br\/site2\/wp-json\/wp\/v2\/types\/post"}],"author":[{"embeddable":true,"href":"https:\/\/www.ronaldocorreiadebrito.com.br\/site2\/wp-json\/wp\/v2\/users\/1"}],"replies":[{"embeddable":true,"href":"https:\/\/www.ronaldocorreiadebrito.com.br\/site2\/wp-json\/wp\/v2\/comments?post=1466"}],"version-history":[{"count":0,"href":"https:\/\/www.ronaldocorreiadebrito.com.br\/site2\/wp-json\/wp\/v2\/posts\/1466\/revisions"}],"wp:featuredmedia":[{"embeddable":true,"href":"https:\/\/www.ronaldocorreiadebrito.com.br\/site2\/wp-json\/wp\/v2\/media\/1467"}],"wp:attachment":[{"href":"https:\/\/www.ronaldocorreiadebrito.com.br\/site2\/wp-json\/wp\/v2\/media?parent=1466"}],"wp:term":[{"taxonomy":"category","embeddable":true,"href":"https:\/\/www.ronaldocorreiadebrito.com.br\/site2\/wp-json\/wp\/v2\/categories?post=1466"},{"taxonomy":"post_tag","embeddable":true,"href":"https:\/\/www.ronaldocorreiadebrito.com.br\/site2\/wp-json\/wp\/v2\/tags?post=1466"}],"curies":[{"name":"wp","href":"https:\/\/api.w.org\/{rel}","templated":true}]}}