{"id":1452,"date":"2020-10-13T14:39:20","date_gmt":"2020-10-13T17:39:20","guid":{"rendered":"http:\/\/www.ronaldocorreiadebrito.com.br\/site2\/?p=1452"},"modified":"2020-10-13T14:39:20","modified_gmt":"2020-10-13T17:39:20","slug":"ignorancia-ou-preconceito","status":"publish","type":"post","link":"https:\/\/www.ronaldocorreiadebrito.com.br\/site2\/2020\/10\/ignorancia-ou-preconceito\/","title":{"rendered":"Ignor\u00e2ncia ou preconceito?"},"content":{"rendered":"<p class=\"p1\"><span class=\"s1\">Um escritor do Recife teve seus originais devolvidos por uma editora de S\u00e3o Paulo. Alegaram que n\u00e3o havia interesse na impress\u00e3o do livro por conta de seu conte\u00fado fortemente regional. Lembrei de Guimar\u00e3es Rosa, apontado como mais um regionalista, quando foi publicado pela Livraria Jos\u00e9 Olympio. Saudade de quem inventou uma linguagem para falar do sert\u00e3o. E saudades de Manuel Bandeira, Jorge Amado, Graciliano Ramos, Jos\u00e9 Lins do Rego, Gilberto Freyre, Jorge de Lima, rotulados como regionalistas, que cuidavam apenas em produzir a melhor poesia e a grande literatura brasileira. Voc\u00eas conhecem safra melhor? Acrescentem \u00e0 lista Jo\u00e3o Cabral de Melo Neto.\u00a0<\/span><\/p>\n<p class=\"p1\"><span class=\"s1\"> Passado o Movimento Regionalista, aquele do romance de 30, idealizado por Gilberto Freyre para contrapor-se \u00e0 onda modernista de 1922, o termo regionalista ganhou significado pejorativo, referindo-se a tudo o que se produzia fora do eixo Rio e S\u00e3o Paulo e, portanto, de qualidade suspeita. Escritor regionalista deixou de ser aquele que fez parte do movimento do Recife e virou a caricatura de quem escreve tr\u00f4pego e conta causos. <\/span><\/p>\n<p class=\"p1\"><span class=\"s1\"> Em Houaiss, o verbete regionalismo pode ser lido como \u201ccar\u00e1ter de qualquer obra (m\u00fasica, literatura, teatro etc.) que se baseia em ou reflete ou expressa costumes ou tradi\u00e7\u00f5es regionais\u201d. Para n\u00e3o ser considerado um regionalista o escritor pernambucano precisaria ter escrito um texto sem nenhum car\u00e1ter, algo t\u00e3o sem identidade quanto um hamb\u00farguer da Mcdonalds, que tanto faz ser comido na China, na R\u00fassia ou nos Estados Unidos, porque o sabor \u00e9 sempre o mesmo.<\/span><\/p>\n<p class=\"p1\"><span class=\"s1\"> Se a recusa ao que cheira a regional fosse levada a s\u00e9rio pelo p\u00fablico, n\u00e3o existiria o blues, o jazz, o gospel, o tango, a rumba, o samba, o bai\u00e3o, o chorinho, o ax\u00e9&#8230; Felizmente, h\u00e1 um crit\u00e9rio de sele\u00e7\u00e3o mais abrangente do que o gosto de alguns editores e donos de gravadoras. Muita coisa que hoje soa universalista surgiu no fundo de um quintal, numa impressorazinha de esquina, numa sala pequena de uma casa de sub\u00farbio ou dentro de uma igreja, sem maiores pretens\u00f5es de ir al\u00e9m da rua ou do bairro. <\/span><\/p>\n<p class=\"p1\"><span class=\"s1\"> Essa moda de criar para um mercado global \u00e9 limitadora. Os espanh\u00f3is escreviam romances de cavalaria porque os cavaleiros andantes faziam parte da vida espanhola. J\u00e1 imaginaram Cervantes criando a Divina Com\u00e9dia ou o Decamer\u00e3o? Imposs\u00edvel. A cultura e a realidade da It\u00e1lia eram outras. Nenhum escritor era pago por uma grande editora para viajar ao Afeganist\u00e3o e produzir um romance sobre mulheres oprimidas pelos maridos e vestidas em burcas. Ou sobre terroristas talib\u00e3s. O usual era um mergulho dentro do pr\u00f3prio universo em que o escritor existia como fez Machado de Assis, talvez o mais regionalista dos nossos escritores se considerarmos que ele viu o mundo na perspectiva do Rio de Janeiro. <\/span><\/p>\n<p class=\"p1\"><span class=\"s1\"> Eu aceitaria a recusa ao livro do pernambucano, se a editora alegasse que o rapaz n\u00e3o escreve bem. Esse \u00e9 o \u00fanico crit\u00e9rio para se recusar um escrito. Dizer que n\u00e3o presta porque soa regional \u00e9 um preconceito t\u00e3o escandaloso quanto proibir que negros subam pelo elevador social.<\/span><\/p>\n","protected":false},"excerpt":{"rendered":"<p>Um escritor do Recife teve seus originais devolvidos por uma editora de S\u00e3o Paulo. Alegaram que n\u00e3o havia interesse na impress\u00e3o do livro por conta de seu conte\u00fado fortemente regional. Lembrei de Guimar\u00e3es Rosa, apontado como mais um regionalista, quando foi publicado pela Livraria Jos\u00e9&#8230;<\/p>\n","protected":false},"author":1,"featured_media":1453,"comment_status":"open","ping_status":"closed","sticky":false,"template":"","format":"standard","meta":{"sfsi_plus_gutenberg_text_before_share":"","sfsi_plus_gutenberg_show_text_before_share":"","sfsi_plus_gutenberg_icon_type":"","sfsi_plus_gutenberg_icon_alignemt":"","sfsi_plus_gutenburg_max_per_row":"","footnotes":""},"categories":[8,46,45],"tags":[],"class_list":["post-1452","post","type-post","status-publish","format-standard","has-post-thumbnail","hentry","category-blog","category-links","category-slider"],"yoast_head":"<!-- This site is optimized with the Yoast SEO plugin v27.4 - https:\/\/yoast.com\/product\/yoast-seo-wordpress\/ -->\n<title>Ignor\u00e2ncia ou preconceito? | Ronaldo Correia de Brito | site oficial<\/title>\n<meta name=\"robots\" content=\"index, follow, max-snippet:-1, max-image-preview:large, max-video-preview:-1\" \/>\n<link rel=\"canonical\" href=\"https:\/\/www.ronaldocorreiadebrito.com.br\/site2\/2020\/10\/ignorancia-ou-preconceito\/\" \/>\n<meta property=\"og:locale\" content=\"pt_BR\" \/>\n<meta property=\"og:type\" content=\"article\" \/>\n<meta property=\"og:title\" content=\"Ignor\u00e2ncia ou preconceito? | Ronaldo Correia de Brito | site oficial\" \/>\n<meta property=\"og:description\" content=\"Um escritor do Recife teve seus originais devolvidos por uma editora de S\u00e3o Paulo. Alegaram que n\u00e3o havia interesse na impress\u00e3o do livro por conta de seu conte\u00fado fortemente regional. Lembrei de Guimar\u00e3es Rosa, apontado como mais um regionalista, quando foi publicado pela Livraria Jos\u00e9...\" \/>\n<meta property=\"og:url\" content=\"https:\/\/www.ronaldocorreiadebrito.com.br\/site2\/2020\/10\/ignorancia-ou-preconceito\/\" \/>\n<meta property=\"og:site_name\" content=\"Ronaldo Correia de Brito | site oficial\" \/>\n<meta property=\"article:publisher\" content=\"https:\/\/www.facebook.com\/ronaldocorreiadebrito.oficial\" \/>\n<meta property=\"article:published_time\" content=\"2020-10-13T17:39:20+00:00\" \/>\n<meta property=\"og:image\" content=\"https:\/\/www.ronaldocorreiadebrito.com.br\/site2\/wp-content\/uploads\/2020\/10\/unnamed.jpg\" \/>\n\t<meta property=\"og:image:width\" content=\"512\" \/>\n\t<meta property=\"og:image:height\" content=\"408\" \/>\n\t<meta property=\"og:image:type\" content=\"image\/jpeg\" \/>\n<meta name=\"author\" content=\"admin\" \/>\n<meta name=\"twitter:card\" content=\"summary_large_image\" \/>\n<meta name=\"twitter:label1\" content=\"Escrito por\" \/>\n\t<meta name=\"twitter:data1\" content=\"admin\" \/>\n\t<meta name=\"twitter:label2\" content=\"Est. tempo de leitura\" \/>\n\t<meta name=\"twitter:data2\" content=\"3 minutos\" \/>\n<script type=\"application\/ld+json\" class=\"yoast-schema-graph\">{\"@context\":\"https:\\\/\\\/schema.org\",\"@graph\":[{\"@type\":\"Article\",\"@id\":\"https:\\\/\\\/www.ronaldocorreiadebrito.com.br\\\/site2\\\/2020\\\/10\\\/ignorancia-ou-preconceito\\\/#article\",\"isPartOf\":{\"@id\":\"https:\\\/\\\/www.ronaldocorreiadebrito.com.br\\\/site2\\\/2020\\\/10\\\/ignorancia-ou-preconceito\\\/\"},\"author\":{\"name\":\"admin\",\"@id\":\"https:\\\/\\\/www.ronaldocorreiadebrito.com.br\\\/site2\\\/#\\\/schema\\\/person\\\/99a164d0eaaff7f78b11899bc7d5e7c9\"},\"headline\":\"Ignor\u00e2ncia ou preconceito?\",\"datePublished\":\"2020-10-13T17:39:20+00:00\",\"mainEntityOfPage\":{\"@id\":\"https:\\\/\\\/www.ronaldocorreiadebrito.com.br\\\/site2\\\/2020\\\/10\\\/ignorancia-ou-preconceito\\\/\"},\"wordCount\":535,\"commentCount\":0,\"image\":{\"@id\":\"https:\\\/\\\/www.ronaldocorreiadebrito.com.br\\\/site2\\\/2020\\\/10\\\/ignorancia-ou-preconceito\\\/#primaryimage\"},\"thumbnailUrl\":\"https:\\\/\\\/www.ronaldocorreiadebrito.com.br\\\/site2\\\/wp-content\\\/uploads\\\/2020\\\/10\\\/unnamed.jpg\",\"articleSection\":[\"Blog\",\"Links\",\"Slider\"],\"inLanguage\":\"pt-BR\",\"potentialAction\":[{\"@type\":\"CommentAction\",\"name\":\"Comment\",\"target\":[\"https:\\\/\\\/www.ronaldocorreiadebrito.com.br\\\/site2\\\/2020\\\/10\\\/ignorancia-ou-preconceito\\\/#respond\"]}]},{\"@type\":\"WebPage\",\"@id\":\"https:\\\/\\\/www.ronaldocorreiadebrito.com.br\\\/site2\\\/2020\\\/10\\\/ignorancia-ou-preconceito\\\/\",\"url\":\"https:\\\/\\\/www.ronaldocorreiadebrito.com.br\\\/site2\\\/2020\\\/10\\\/ignorancia-ou-preconceito\\\/\",\"name\":\"Ignor\u00e2ncia ou preconceito? | Ronaldo Correia de Brito | site oficial\",\"isPartOf\":{\"@id\":\"https:\\\/\\\/www.ronaldocorreiadebrito.com.br\\\/site2\\\/#website\"},\"primaryImageOfPage\":{\"@id\":\"https:\\\/\\\/www.ronaldocorreiadebrito.com.br\\\/site2\\\/2020\\\/10\\\/ignorancia-ou-preconceito\\\/#primaryimage\"},\"image\":{\"@id\":\"https:\\\/\\\/www.ronaldocorreiadebrito.com.br\\\/site2\\\/2020\\\/10\\\/ignorancia-ou-preconceito\\\/#primaryimage\"},\"thumbnailUrl\":\"https:\\\/\\\/www.ronaldocorreiadebrito.com.br\\\/site2\\\/wp-content\\\/uploads\\\/2020\\\/10\\\/unnamed.jpg\",\"datePublished\":\"2020-10-13T17:39:20+00:00\",\"author\":{\"@id\":\"https:\\\/\\\/www.ronaldocorreiadebrito.com.br\\\/site2\\\/#\\\/schema\\\/person\\\/99a164d0eaaff7f78b11899bc7d5e7c9\"},\"breadcrumb\":{\"@id\":\"https:\\\/\\\/www.ronaldocorreiadebrito.com.br\\\/site2\\\/2020\\\/10\\\/ignorancia-ou-preconceito\\\/#breadcrumb\"},\"inLanguage\":\"pt-BR\",\"potentialAction\":[{\"@type\":\"ReadAction\",\"target\":[\"https:\\\/\\\/www.ronaldocorreiadebrito.com.br\\\/site2\\\/2020\\\/10\\\/ignorancia-ou-preconceito\\\/\"]}]},{\"@type\":\"ImageObject\",\"inLanguage\":\"pt-BR\",\"@id\":\"https:\\\/\\\/www.ronaldocorreiadebrito.com.br\\\/site2\\\/2020\\\/10\\\/ignorancia-ou-preconceito\\\/#primaryimage\",\"url\":\"https:\\\/\\\/www.ronaldocorreiadebrito.com.br\\\/site2\\\/wp-content\\\/uploads\\\/2020\\\/10\\\/unnamed.jpg\",\"contentUrl\":\"https:\\\/\\\/www.ronaldocorreiadebrito.com.br\\\/site2\\\/wp-content\\\/uploads\\\/2020\\\/10\\\/unnamed.jpg\",\"width\":512,\"height\":408},{\"@type\":\"BreadcrumbList\",\"@id\":\"https:\\\/\\\/www.ronaldocorreiadebrito.com.br\\\/site2\\\/2020\\\/10\\\/ignorancia-ou-preconceito\\\/#breadcrumb\",\"itemListElement\":[{\"@type\":\"ListItem\",\"position\":1,\"name\":\"In\u00edcio\",\"item\":\"https:\\\/\\\/www.ronaldocorreiadebrito.com.br\\\/site2\\\/\"},{\"@type\":\"ListItem\",\"position\":2,\"name\":\"Ignor\u00e2ncia ou preconceito?\"}]},{\"@type\":\"WebSite\",\"@id\":\"https:\\\/\\\/www.ronaldocorreiadebrito.com.br\\\/site2\\\/#website\",\"url\":\"https:\\\/\\\/www.ronaldocorreiadebrito.com.br\\\/site2\\\/\",\"name\":\"Ronaldo Correia de Brito | site oficial\",\"description\":\"Site oficial do escritor Ronaldo Correia de Brito\",\"potentialAction\":[{\"@type\":\"SearchAction\",\"target\":{\"@type\":\"EntryPoint\",\"urlTemplate\":\"https:\\\/\\\/www.ronaldocorreiadebrito.com.br\\\/site2\\\/?s={search_term_string}\"},\"query-input\":{\"@type\":\"PropertyValueSpecification\",\"valueRequired\":true,\"valueName\":\"search_term_string\"}}],\"inLanguage\":\"pt-BR\"},{\"@type\":\"Person\",\"@id\":\"https:\\\/\\\/www.ronaldocorreiadebrito.com.br\\\/site2\\\/#\\\/schema\\\/person\\\/99a164d0eaaff7f78b11899bc7d5e7c9\",\"name\":\"admin\",\"url\":\"https:\\\/\\\/www.ronaldocorreiadebrito.com.br\\\/site2\\\/author\\\/admin\\\/\"}]}<\/script>\n<!-- \/ Yoast SEO plugin. -->","yoast_head_json":{"title":"Ignor\u00e2ncia ou preconceito? | Ronaldo Correia de Brito | site oficial","robots":{"index":"index","follow":"follow","max-snippet":"max-snippet:-1","max-image-preview":"max-image-preview:large","max-video-preview":"max-video-preview:-1"},"canonical":"https:\/\/www.ronaldocorreiadebrito.com.br\/site2\/2020\/10\/ignorancia-ou-preconceito\/","og_locale":"pt_BR","og_type":"article","og_title":"Ignor\u00e2ncia ou preconceito? | Ronaldo Correia de Brito | site oficial","og_description":"Um escritor do Recife teve seus originais devolvidos por uma editora de S\u00e3o Paulo. Alegaram que n\u00e3o havia interesse na impress\u00e3o do livro por conta de seu conte\u00fado fortemente regional. Lembrei de Guimar\u00e3es Rosa, apontado como mais um regionalista, quando foi publicado pela Livraria Jos\u00e9...","og_url":"https:\/\/www.ronaldocorreiadebrito.com.br\/site2\/2020\/10\/ignorancia-ou-preconceito\/","og_site_name":"Ronaldo Correia de Brito | site oficial","article_publisher":"https:\/\/www.facebook.com\/ronaldocorreiadebrito.oficial","article_published_time":"2020-10-13T17:39:20+00:00","og_image":[{"width":512,"height":408,"url":"https:\/\/www.ronaldocorreiadebrito.com.br\/site2\/wp-content\/uploads\/2020\/10\/unnamed.jpg","type":"image\/jpeg"}],"author":"admin","twitter_card":"summary_large_image","twitter_misc":{"Escrito por":"admin","Est. tempo de leitura":"3 minutos"},"schema":{"@context":"https:\/\/schema.org","@graph":[{"@type":"Article","@id":"https:\/\/www.ronaldocorreiadebrito.com.br\/site2\/2020\/10\/ignorancia-ou-preconceito\/#article","isPartOf":{"@id":"https:\/\/www.ronaldocorreiadebrito.com.br\/site2\/2020\/10\/ignorancia-ou-preconceito\/"},"author":{"name":"admin","@id":"https:\/\/www.ronaldocorreiadebrito.com.br\/site2\/#\/schema\/person\/99a164d0eaaff7f78b11899bc7d5e7c9"},"headline":"Ignor\u00e2ncia ou preconceito?","datePublished":"2020-10-13T17:39:20+00:00","mainEntityOfPage":{"@id":"https:\/\/www.ronaldocorreiadebrito.com.br\/site2\/2020\/10\/ignorancia-ou-preconceito\/"},"wordCount":535,"commentCount":0,"image":{"@id":"https:\/\/www.ronaldocorreiadebrito.com.br\/site2\/2020\/10\/ignorancia-ou-preconceito\/#primaryimage"},"thumbnailUrl":"https:\/\/www.ronaldocorreiadebrito.com.br\/site2\/wp-content\/uploads\/2020\/10\/unnamed.jpg","articleSection":["Blog","Links","Slider"],"inLanguage":"pt-BR","potentialAction":[{"@type":"CommentAction","name":"Comment","target":["https:\/\/www.ronaldocorreiadebrito.com.br\/site2\/2020\/10\/ignorancia-ou-preconceito\/#respond"]}]},{"@type":"WebPage","@id":"https:\/\/www.ronaldocorreiadebrito.com.br\/site2\/2020\/10\/ignorancia-ou-preconceito\/","url":"https:\/\/www.ronaldocorreiadebrito.com.br\/site2\/2020\/10\/ignorancia-ou-preconceito\/","name":"Ignor\u00e2ncia ou preconceito? | Ronaldo Correia de Brito | site oficial","isPartOf":{"@id":"https:\/\/www.ronaldocorreiadebrito.com.br\/site2\/#website"},"primaryImageOfPage":{"@id":"https:\/\/www.ronaldocorreiadebrito.com.br\/site2\/2020\/10\/ignorancia-ou-preconceito\/#primaryimage"},"image":{"@id":"https:\/\/www.ronaldocorreiadebrito.com.br\/site2\/2020\/10\/ignorancia-ou-preconceito\/#primaryimage"},"thumbnailUrl":"https:\/\/www.ronaldocorreiadebrito.com.br\/site2\/wp-content\/uploads\/2020\/10\/unnamed.jpg","datePublished":"2020-10-13T17:39:20+00:00","author":{"@id":"https:\/\/www.ronaldocorreiadebrito.com.br\/site2\/#\/schema\/person\/99a164d0eaaff7f78b11899bc7d5e7c9"},"breadcrumb":{"@id":"https:\/\/www.ronaldocorreiadebrito.com.br\/site2\/2020\/10\/ignorancia-ou-preconceito\/#breadcrumb"},"inLanguage":"pt-BR","potentialAction":[{"@type":"ReadAction","target":["https:\/\/www.ronaldocorreiadebrito.com.br\/site2\/2020\/10\/ignorancia-ou-preconceito\/"]}]},{"@type":"ImageObject","inLanguage":"pt-BR","@id":"https:\/\/www.ronaldocorreiadebrito.com.br\/site2\/2020\/10\/ignorancia-ou-preconceito\/#primaryimage","url":"https:\/\/www.ronaldocorreiadebrito.com.br\/site2\/wp-content\/uploads\/2020\/10\/unnamed.jpg","contentUrl":"https:\/\/www.ronaldocorreiadebrito.com.br\/site2\/wp-content\/uploads\/2020\/10\/unnamed.jpg","width":512,"height":408},{"@type":"BreadcrumbList","@id":"https:\/\/www.ronaldocorreiadebrito.com.br\/site2\/2020\/10\/ignorancia-ou-preconceito\/#breadcrumb","itemListElement":[{"@type":"ListItem","position":1,"name":"In\u00edcio","item":"https:\/\/www.ronaldocorreiadebrito.com.br\/site2\/"},{"@type":"ListItem","position":2,"name":"Ignor\u00e2ncia ou preconceito?"}]},{"@type":"WebSite","@id":"https:\/\/www.ronaldocorreiadebrito.com.br\/site2\/#website","url":"https:\/\/www.ronaldocorreiadebrito.com.br\/site2\/","name":"Ronaldo Correia de Brito | site oficial","description":"Site oficial do escritor Ronaldo Correia de Brito","potentialAction":[{"@type":"SearchAction","target":{"@type":"EntryPoint","urlTemplate":"https:\/\/www.ronaldocorreiadebrito.com.br\/site2\/?s={search_term_string}"},"query-input":{"@type":"PropertyValueSpecification","valueRequired":true,"valueName":"search_term_string"}}],"inLanguage":"pt-BR"},{"@type":"Person","@id":"https:\/\/www.ronaldocorreiadebrito.com.br\/site2\/#\/schema\/person\/99a164d0eaaff7f78b11899bc7d5e7c9","name":"admin","url":"https:\/\/www.ronaldocorreiadebrito.com.br\/site2\/author\/admin\/"}]}},"wps_subtitle":"","_links":{"self":[{"href":"https:\/\/www.ronaldocorreiadebrito.com.br\/site2\/wp-json\/wp\/v2\/posts\/1452","targetHints":{"allow":["GET"]}}],"collection":[{"href":"https:\/\/www.ronaldocorreiadebrito.com.br\/site2\/wp-json\/wp\/v2\/posts"}],"about":[{"href":"https:\/\/www.ronaldocorreiadebrito.com.br\/site2\/wp-json\/wp\/v2\/types\/post"}],"author":[{"embeddable":true,"href":"https:\/\/www.ronaldocorreiadebrito.com.br\/site2\/wp-json\/wp\/v2\/users\/1"}],"replies":[{"embeddable":true,"href":"https:\/\/www.ronaldocorreiadebrito.com.br\/site2\/wp-json\/wp\/v2\/comments?post=1452"}],"version-history":[{"count":0,"href":"https:\/\/www.ronaldocorreiadebrito.com.br\/site2\/wp-json\/wp\/v2\/posts\/1452\/revisions"}],"wp:featuredmedia":[{"embeddable":true,"href":"https:\/\/www.ronaldocorreiadebrito.com.br\/site2\/wp-json\/wp\/v2\/media\/1453"}],"wp:attachment":[{"href":"https:\/\/www.ronaldocorreiadebrito.com.br\/site2\/wp-json\/wp\/v2\/media?parent=1452"}],"wp:term":[{"taxonomy":"category","embeddable":true,"href":"https:\/\/www.ronaldocorreiadebrito.com.br\/site2\/wp-json\/wp\/v2\/categories?post=1452"},{"taxonomy":"post_tag","embeddable":true,"href":"https:\/\/www.ronaldocorreiadebrito.com.br\/site2\/wp-json\/wp\/v2\/tags?post=1452"}],"curies":[{"name":"wp","href":"https:\/\/api.w.org\/{rel}","templated":true}]}}