{"id":1441,"date":"2020-10-04T12:07:53","date_gmt":"2020-10-04T15:07:53","guid":{"rendered":"http:\/\/www.ronaldocorreiadebrito.com.br\/site2\/?p=1441"},"modified":"2020-10-04T12:07:53","modified_gmt":"2020-10-04T15:07:53","slug":"e-se-deus-nao-for-brasileiro","status":"publish","type":"post","link":"https:\/\/www.ronaldocorreiadebrito.com.br\/site2\/2020\/10\/e-se-deus-nao-for-brasileiro\/","title":{"rendered":"E se Deus n\u00e3o for brasileiro?"},"content":{"rendered":"<p class=\"p1\"><span class=\"s1\">Vi a foto de um hospital americano, durante a pandemia de gripe espanhola, que matou cerca de cinquenta milh\u00f5es de pessoas em todo o mundo, nos anos dezoito e dezenove do s\u00e9culo passado. Na imagem em preto e branco, aparecem dezenas de camas arrumadas em duas fileiras, num pavilh\u00e3o comprido, em que mal se enxerga o fim. N\u00e3o h\u00e1 revestimento azulejo nas paredes, revelando que a enfermaria foi improvisada. Quem escapou de morrer durante a Primeira Guerra, sentiu o risco de n\u00e3o sobreviver ao ataque do v\u00edrus da influenza. <\/span><\/p>\n<p class=\"p1\"><span class=\"s1\">A representa\u00e7\u00e3o do sofrimento pela gripe n\u00e3o lembra em nada as terr\u00edveis pinturas a \u00f3leo da peste bub\u00f4nica, feitas na Idade M\u00e9dia. A aus\u00eancia de cores fortes talvez contribuam para a diferen\u00e7a. Na foto americana, o preto e o branco, a sombra e a luz sugerem sil\u00eancio e calma. Mas ser\u00e1 apenas pelo efeito das cores e da luz que os artistas alcan\u00e7aram comunicar grada\u00e7\u00f5es diferentes do horror? No retrato da epidemia espanhola a ordem do ambiente, a disposi\u00e7\u00e3o dos m\u00f3veis e a postura de m\u00e9dicos e enfermeiras tamb\u00e9m contribuem para essa aparente serenidade. Os pacientes est\u00e3o deitados em camas, com livros abertos nas m\u00e3os, parecendo concentrados na leitura. Ao v\u00ea-los, ningu\u00e9m imagina que sofrem febre, dores musculares intensas, cefaleia, falta de ar e outros sintomas.<\/span><\/p>\n<p class=\"p1\"><span class=\"s1\">Por que diferem tanto as imagens? Os pintores medievais viam epidemias, guerras, doen\u00e7as e morte como sobrenaturais, castigos divinos por pecados cometidos. Num plano, anjos tentam salvar os justos, noutro, dem\u00f4nios arrastam os maus para o inferno. Devassos s\u00e3o cozinhados em caldeir\u00f5es com azeite fervendo ou agonizam empalados. A sexualidade se representa disforme e patol\u00f3gica. A Igreja Cat\u00f3lica reprimia o Eros e suas manifesta\u00e7\u00f5es. Nada mais adequado que simbolizar atrav\u00e9s da peste o castigo pelos excessos. No terceiro plano de um quadro, no mais elevado c\u00e9u, Deus contempla os horrores do mundo terreal, interferindo vez ou outra atrav\u00e9s de seus anjos, a favor deste ou daquele piedoso.<\/span><\/p>\n<p class=\"p1\"><span class=\"s1\">N\u00e3o lembro se existe na fotografia americana, no alto de alguma parede, a imagem do Cristo. Esse crucifixo t\u00e3o comum nos pavilh\u00f5es dos hospitais brasileiros, mantidos por institui\u00e7\u00f5es cat\u00f3licas, n\u00e3o deveria existir nos Estados Unidos, um pa\u00eds em que predominou o protestantismo. Na foto, tamb\u00e9m \u00e9 poss\u00edvel a leitura de uma hierarquia, diversa da que descrevemos na pintura medieval. Lembro que os pacientes est\u00e3o deitados em camas de ferro, supostamente pintadas de branco, e acima deles, firmes e de p\u00e9, os m\u00e9dicos e as enfermeiras. S\u00e3o eles os representantes de uma nova hierarquia de poder, n\u00e3o mais religiosa, mas cient\u00edfica. <\/span><\/p>\n<p class=\"p1\"><span class=\"s1\">\u00c9 poss\u00edvel que o fot\u00f3grafo desejasse expressar a nova ordem do mundo, num pa\u00eds que desde a metade do s\u00e9culo dezenove cantava atrav\u00e9s dos seus poetas as conquistas do progresso, da tecnologia e das ci\u00eancias naturais. Deus at\u00e9 poderia agir, mas se o fizesse, seria atrav\u00e9s de mapas e roteiros tra\u00e7ados no plano terreal, em que tudo se explica nos fen\u00f4menos f\u00edsicos, qu\u00edmicos e biol\u00f3gicos.<\/span><\/p>\n<p class=\"p1\"><span class=\"s1\">Na foto, realizada num hospital do Kansas \u2013 mas sua exist\u00eancia j\u00e1 n\u00e3o tem import\u00e2ncia, pois um racioc\u00ednio se construiu em torno dela, lhe atribuindo realidade \u2013, o que mais impressiona \u00e9 a serenidade dos pacientes entregues \u00e0 leitura, numa representa\u00e7\u00e3o da busca do conhecimento. O fot\u00f3grafo parece conhecer a pintura medieval e sua escatologia, o terror em que a Igreja Cat\u00f3lica manteve subjugados os fi\u00e9is. Professo de uma nova religi\u00e3o cient\u00edfica, ele tenta nos convencer de que na doen\u00e7a j\u00e1 n\u00e3o existem dores, esgares, nem p\u00e2nico, e que ali todos esperam a cura, cheios de f\u00e9 em um novo deus cient\u00edfico.<\/span><\/p>\n<p class=\"p1\"><span class=\"s1\">Por que a lembran\u00e7a dessa fotografia retornou ao meu consciente, se ela estava guardada no esquecimento? Talvez por conta da epidemia do coronav\u00edrus e os mais de um milh\u00e3o de mortos. Ou porque me impressionou a imagem de americanos lendo em locais p\u00fablicos. Dentro de um avi\u00e3o de Nova Iorque para San Francisco, esperei uma hora pela decolagem. Sentados nas poltronas, os duzentos e vinte passageiros liam livros, jornais e revistas, trabalhavam ou se divertiam em laptops, ouviam m\u00fasica nos iPods. <\/span><\/p>\n<p class=\"p1\"><span class=\"s1\">Nada foi informado pelo comandante de v\u00f4o e ningu\u00e9m se agitava nem fazia perguntas. Acho que o \u00fanico ansioso era eu. Ap\u00f3s cinquenta minutos de espera o comandante pediu desculpas pelo atraso e informou que um nevoeiro impedira a decolagem, e que agora seria dado in\u00edcio aos procedimentos de partida. As pessoas continuaram em suas atividades. <\/span><\/p>\n<p class=\"p1\"><span class=\"s1\">Perguntei-me se elas tamb\u00e9m sentiram ang\u00fastia durante esse tempo e pareceu-me que n\u00e3o. Acho que al\u00e9m de acreditarem na tecnologia, elas tamb\u00e9m confiavam na a\u00e7\u00e3o do Estado. Talvez pensassem que nada poderiam fazer al\u00e9m de esperar. Que em qualquer situa\u00e7\u00e3o algu\u00e9m estaria agindo na defesa dos seus direitos, cuidando em proteg\u00ea-las e respeit\u00e1-las. <\/span><\/p>\n<p class=\"p1\"><span class=\"s1\">Como h\u00e1 bastante tempo perdi a f\u00e9 em Deus e no Estado Brasileiro, sofri. E \u00e9 poss\u00edvel que continue sofrendo pelo resto dos meus dias.<\/span><\/p>\n","protected":false},"excerpt":{"rendered":"<p>Vi a foto de um hospital americano, durante a pandemia de gripe espanhola, que matou cerca de cinquenta milh\u00f5es de pessoas em todo o mundo, nos anos dezoito e dezenove do s\u00e9culo passado. Na imagem em preto e branco, aparecem dezenas de camas arrumadas em&#8230;<\/p>\n","protected":false},"author":1,"featured_media":1442,"comment_status":"open","ping_status":"closed","sticky":false,"template":"","format":"standard","meta":{"sfsi_plus_gutenberg_text_before_share":"","sfsi_plus_gutenberg_show_text_before_share":"","sfsi_plus_gutenberg_icon_type":"","sfsi_plus_gutenberg_icon_alignemt":"","sfsi_plus_gutenburg_max_per_row":"","footnotes":""},"categories":[8,46,45],"tags":[],"class_list":["post-1441","post","type-post","status-publish","format-standard","has-post-thumbnail","hentry","category-blog","category-links","category-slider"],"yoast_head":"<!-- This site is optimized with the Yoast SEO plugin v27.4 - https:\/\/yoast.com\/product\/yoast-seo-wordpress\/ -->\n<title>E se Deus n\u00e3o for brasileiro? | Ronaldo Correia de Brito | site oficial<\/title>\n<meta name=\"robots\" content=\"index, follow, max-snippet:-1, max-image-preview:large, max-video-preview:-1\" \/>\n<link rel=\"canonical\" href=\"https:\/\/www.ronaldocorreiadebrito.com.br\/site2\/2020\/10\/e-se-deus-nao-for-brasileiro\/\" \/>\n<meta property=\"og:locale\" content=\"pt_BR\" \/>\n<meta property=\"og:type\" content=\"article\" \/>\n<meta property=\"og:title\" content=\"E se Deus n\u00e3o for brasileiro? | Ronaldo Correia de Brito | site oficial\" \/>\n<meta property=\"og:description\" content=\"Vi a foto de um hospital americano, durante a pandemia de gripe espanhola, que matou cerca de cinquenta milh\u00f5es de pessoas em todo o mundo, nos anos dezoito e dezenove do s\u00e9culo passado. Na imagem em preto e branco, aparecem dezenas de camas arrumadas em...\" \/>\n<meta property=\"og:url\" content=\"https:\/\/www.ronaldocorreiadebrito.com.br\/site2\/2020\/10\/e-se-deus-nao-for-brasileiro\/\" \/>\n<meta property=\"og:site_name\" content=\"Ronaldo Correia de Brito | site oficial\" \/>\n<meta property=\"article:publisher\" content=\"https:\/\/www.facebook.com\/ronaldocorreiadebrito.oficial\" \/>\n<meta property=\"article:published_time\" content=\"2020-10-04T15:07:53+00:00\" \/>\n<meta property=\"og:image\" content=\"https:\/\/www.ronaldocorreiadebrito.com.br\/site2\/wp-content\/uploads\/2020\/10\/Captura-de-Tela-2017-01-16-a\u0300s-15.22.48-600x377.png\" \/>\n\t<meta property=\"og:image:width\" content=\"600\" \/>\n\t<meta property=\"og:image:height\" content=\"377\" \/>\n\t<meta property=\"og:image:type\" content=\"image\/png\" \/>\n<meta name=\"author\" content=\"admin\" \/>\n<meta name=\"twitter:card\" content=\"summary_large_image\" \/>\n<meta name=\"twitter:label1\" content=\"Escrito por\" \/>\n\t<meta name=\"twitter:data1\" content=\"admin\" \/>\n\t<meta name=\"twitter:label2\" content=\"Est. tempo de leitura\" \/>\n\t<meta name=\"twitter:data2\" content=\"4 minutos\" \/>\n<script type=\"application\/ld+json\" class=\"yoast-schema-graph\">{\"@context\":\"https:\\\/\\\/schema.org\",\"@graph\":[{\"@type\":\"Article\",\"@id\":\"https:\\\/\\\/www.ronaldocorreiadebrito.com.br\\\/site2\\\/2020\\\/10\\\/e-se-deus-nao-for-brasileiro\\\/#article\",\"isPartOf\":{\"@id\":\"https:\\\/\\\/www.ronaldocorreiadebrito.com.br\\\/site2\\\/2020\\\/10\\\/e-se-deus-nao-for-brasileiro\\\/\"},\"author\":{\"name\":\"admin\",\"@id\":\"https:\\\/\\\/www.ronaldocorreiadebrito.com.br\\\/site2\\\/#\\\/schema\\\/person\\\/99a164d0eaaff7f78b11899bc7d5e7c9\"},\"headline\":\"E se Deus n\u00e3o for brasileiro?\",\"datePublished\":\"2020-10-04T15:07:53+00:00\",\"mainEntityOfPage\":{\"@id\":\"https:\\\/\\\/www.ronaldocorreiadebrito.com.br\\\/site2\\\/2020\\\/10\\\/e-se-deus-nao-for-brasileiro\\\/\"},\"wordCount\":900,\"commentCount\":0,\"image\":{\"@id\":\"https:\\\/\\\/www.ronaldocorreiadebrito.com.br\\\/site2\\\/2020\\\/10\\\/e-se-deus-nao-for-brasileiro\\\/#primaryimage\"},\"thumbnailUrl\":\"https:\\\/\\\/www.ronaldocorreiadebrito.com.br\\\/site2\\\/wp-content\\\/uploads\\\/2020\\\/10\\\/Captura-de-Tela-2017-01-16-a\u0300s-15.22.48-600x377.png\",\"articleSection\":[\"Blog\",\"Links\",\"Slider\"],\"inLanguage\":\"pt-BR\",\"potentialAction\":[{\"@type\":\"CommentAction\",\"name\":\"Comment\",\"target\":[\"https:\\\/\\\/www.ronaldocorreiadebrito.com.br\\\/site2\\\/2020\\\/10\\\/e-se-deus-nao-for-brasileiro\\\/#respond\"]}]},{\"@type\":\"WebPage\",\"@id\":\"https:\\\/\\\/www.ronaldocorreiadebrito.com.br\\\/site2\\\/2020\\\/10\\\/e-se-deus-nao-for-brasileiro\\\/\",\"url\":\"https:\\\/\\\/www.ronaldocorreiadebrito.com.br\\\/site2\\\/2020\\\/10\\\/e-se-deus-nao-for-brasileiro\\\/\",\"name\":\"E se Deus n\u00e3o for brasileiro? | Ronaldo Correia de Brito | site oficial\",\"isPartOf\":{\"@id\":\"https:\\\/\\\/www.ronaldocorreiadebrito.com.br\\\/site2\\\/#website\"},\"primaryImageOfPage\":{\"@id\":\"https:\\\/\\\/www.ronaldocorreiadebrito.com.br\\\/site2\\\/2020\\\/10\\\/e-se-deus-nao-for-brasileiro\\\/#primaryimage\"},\"image\":{\"@id\":\"https:\\\/\\\/www.ronaldocorreiadebrito.com.br\\\/site2\\\/2020\\\/10\\\/e-se-deus-nao-for-brasileiro\\\/#primaryimage\"},\"thumbnailUrl\":\"https:\\\/\\\/www.ronaldocorreiadebrito.com.br\\\/site2\\\/wp-content\\\/uploads\\\/2020\\\/10\\\/Captura-de-Tela-2017-01-16-a\u0300s-15.22.48-600x377.png\",\"datePublished\":\"2020-10-04T15:07:53+00:00\",\"author\":{\"@id\":\"https:\\\/\\\/www.ronaldocorreiadebrito.com.br\\\/site2\\\/#\\\/schema\\\/person\\\/99a164d0eaaff7f78b11899bc7d5e7c9\"},\"breadcrumb\":{\"@id\":\"https:\\\/\\\/www.ronaldocorreiadebrito.com.br\\\/site2\\\/2020\\\/10\\\/e-se-deus-nao-for-brasileiro\\\/#breadcrumb\"},\"inLanguage\":\"pt-BR\",\"potentialAction\":[{\"@type\":\"ReadAction\",\"target\":[\"https:\\\/\\\/www.ronaldocorreiadebrito.com.br\\\/site2\\\/2020\\\/10\\\/e-se-deus-nao-for-brasileiro\\\/\"]}]},{\"@type\":\"ImageObject\",\"inLanguage\":\"pt-BR\",\"@id\":\"https:\\\/\\\/www.ronaldocorreiadebrito.com.br\\\/site2\\\/2020\\\/10\\\/e-se-deus-nao-for-brasileiro\\\/#primaryimage\",\"url\":\"https:\\\/\\\/www.ronaldocorreiadebrito.com.br\\\/site2\\\/wp-content\\\/uploads\\\/2020\\\/10\\\/Captura-de-Tela-2017-01-16-a\u0300s-15.22.48-600x377.png\",\"contentUrl\":\"https:\\\/\\\/www.ronaldocorreiadebrito.com.br\\\/site2\\\/wp-content\\\/uploads\\\/2020\\\/10\\\/Captura-de-Tela-2017-01-16-a\u0300s-15.22.48-600x377.png\",\"width\":600,\"height\":377},{\"@type\":\"BreadcrumbList\",\"@id\":\"https:\\\/\\\/www.ronaldocorreiadebrito.com.br\\\/site2\\\/2020\\\/10\\\/e-se-deus-nao-for-brasileiro\\\/#breadcrumb\",\"itemListElement\":[{\"@type\":\"ListItem\",\"position\":1,\"name\":\"In\u00edcio\",\"item\":\"https:\\\/\\\/www.ronaldocorreiadebrito.com.br\\\/site2\\\/\"},{\"@type\":\"ListItem\",\"position\":2,\"name\":\"E se Deus n\u00e3o for brasileiro?\"}]},{\"@type\":\"WebSite\",\"@id\":\"https:\\\/\\\/www.ronaldocorreiadebrito.com.br\\\/site2\\\/#website\",\"url\":\"https:\\\/\\\/www.ronaldocorreiadebrito.com.br\\\/site2\\\/\",\"name\":\"Ronaldo Correia de Brito | site oficial\",\"description\":\"Site oficial do escritor Ronaldo Correia de Brito\",\"potentialAction\":[{\"@type\":\"SearchAction\",\"target\":{\"@type\":\"EntryPoint\",\"urlTemplate\":\"https:\\\/\\\/www.ronaldocorreiadebrito.com.br\\\/site2\\\/?s={search_term_string}\"},\"query-input\":{\"@type\":\"PropertyValueSpecification\",\"valueRequired\":true,\"valueName\":\"search_term_string\"}}],\"inLanguage\":\"pt-BR\"},{\"@type\":\"Person\",\"@id\":\"https:\\\/\\\/www.ronaldocorreiadebrito.com.br\\\/site2\\\/#\\\/schema\\\/person\\\/99a164d0eaaff7f78b11899bc7d5e7c9\",\"name\":\"admin\",\"url\":\"https:\\\/\\\/www.ronaldocorreiadebrito.com.br\\\/site2\\\/author\\\/admin\\\/\"}]}<\/script>\n<!-- \/ Yoast SEO plugin. -->","yoast_head_json":{"title":"E se Deus n\u00e3o for brasileiro? | Ronaldo Correia de Brito | site oficial","robots":{"index":"index","follow":"follow","max-snippet":"max-snippet:-1","max-image-preview":"max-image-preview:large","max-video-preview":"max-video-preview:-1"},"canonical":"https:\/\/www.ronaldocorreiadebrito.com.br\/site2\/2020\/10\/e-se-deus-nao-for-brasileiro\/","og_locale":"pt_BR","og_type":"article","og_title":"E se Deus n\u00e3o for brasileiro? | Ronaldo Correia de Brito | site oficial","og_description":"Vi a foto de um hospital americano, durante a pandemia de gripe espanhola, que matou cerca de cinquenta milh\u00f5es de pessoas em todo o mundo, nos anos dezoito e dezenove do s\u00e9culo passado. Na imagem em preto e branco, aparecem dezenas de camas arrumadas em...","og_url":"https:\/\/www.ronaldocorreiadebrito.com.br\/site2\/2020\/10\/e-se-deus-nao-for-brasileiro\/","og_site_name":"Ronaldo Correia de Brito | site oficial","article_publisher":"https:\/\/www.facebook.com\/ronaldocorreiadebrito.oficial","article_published_time":"2020-10-04T15:07:53+00:00","og_image":[{"width":600,"height":377,"url":"https:\/\/www.ronaldocorreiadebrito.com.br\/site2\/wp-content\/uploads\/2020\/10\/Captura-de-Tela-2017-01-16-a\u0300s-15.22.48-600x377.png","type":"image\/png"}],"author":"admin","twitter_card":"summary_large_image","twitter_misc":{"Escrito por":"admin","Est. tempo de leitura":"4 minutos"},"schema":{"@context":"https:\/\/schema.org","@graph":[{"@type":"Article","@id":"https:\/\/www.ronaldocorreiadebrito.com.br\/site2\/2020\/10\/e-se-deus-nao-for-brasileiro\/#article","isPartOf":{"@id":"https:\/\/www.ronaldocorreiadebrito.com.br\/site2\/2020\/10\/e-se-deus-nao-for-brasileiro\/"},"author":{"name":"admin","@id":"https:\/\/www.ronaldocorreiadebrito.com.br\/site2\/#\/schema\/person\/99a164d0eaaff7f78b11899bc7d5e7c9"},"headline":"E se Deus n\u00e3o for brasileiro?","datePublished":"2020-10-04T15:07:53+00:00","mainEntityOfPage":{"@id":"https:\/\/www.ronaldocorreiadebrito.com.br\/site2\/2020\/10\/e-se-deus-nao-for-brasileiro\/"},"wordCount":900,"commentCount":0,"image":{"@id":"https:\/\/www.ronaldocorreiadebrito.com.br\/site2\/2020\/10\/e-se-deus-nao-for-brasileiro\/#primaryimage"},"thumbnailUrl":"https:\/\/www.ronaldocorreiadebrito.com.br\/site2\/wp-content\/uploads\/2020\/10\/Captura-de-Tela-2017-01-16-a\u0300s-15.22.48-600x377.png","articleSection":["Blog","Links","Slider"],"inLanguage":"pt-BR","potentialAction":[{"@type":"CommentAction","name":"Comment","target":["https:\/\/www.ronaldocorreiadebrito.com.br\/site2\/2020\/10\/e-se-deus-nao-for-brasileiro\/#respond"]}]},{"@type":"WebPage","@id":"https:\/\/www.ronaldocorreiadebrito.com.br\/site2\/2020\/10\/e-se-deus-nao-for-brasileiro\/","url":"https:\/\/www.ronaldocorreiadebrito.com.br\/site2\/2020\/10\/e-se-deus-nao-for-brasileiro\/","name":"E se Deus n\u00e3o for brasileiro? | Ronaldo Correia de Brito | site oficial","isPartOf":{"@id":"https:\/\/www.ronaldocorreiadebrito.com.br\/site2\/#website"},"primaryImageOfPage":{"@id":"https:\/\/www.ronaldocorreiadebrito.com.br\/site2\/2020\/10\/e-se-deus-nao-for-brasileiro\/#primaryimage"},"image":{"@id":"https:\/\/www.ronaldocorreiadebrito.com.br\/site2\/2020\/10\/e-se-deus-nao-for-brasileiro\/#primaryimage"},"thumbnailUrl":"https:\/\/www.ronaldocorreiadebrito.com.br\/site2\/wp-content\/uploads\/2020\/10\/Captura-de-Tela-2017-01-16-a\u0300s-15.22.48-600x377.png","datePublished":"2020-10-04T15:07:53+00:00","author":{"@id":"https:\/\/www.ronaldocorreiadebrito.com.br\/site2\/#\/schema\/person\/99a164d0eaaff7f78b11899bc7d5e7c9"},"breadcrumb":{"@id":"https:\/\/www.ronaldocorreiadebrito.com.br\/site2\/2020\/10\/e-se-deus-nao-for-brasileiro\/#breadcrumb"},"inLanguage":"pt-BR","potentialAction":[{"@type":"ReadAction","target":["https:\/\/www.ronaldocorreiadebrito.com.br\/site2\/2020\/10\/e-se-deus-nao-for-brasileiro\/"]}]},{"@type":"ImageObject","inLanguage":"pt-BR","@id":"https:\/\/www.ronaldocorreiadebrito.com.br\/site2\/2020\/10\/e-se-deus-nao-for-brasileiro\/#primaryimage","url":"https:\/\/www.ronaldocorreiadebrito.com.br\/site2\/wp-content\/uploads\/2020\/10\/Captura-de-Tela-2017-01-16-a\u0300s-15.22.48-600x377.png","contentUrl":"https:\/\/www.ronaldocorreiadebrito.com.br\/site2\/wp-content\/uploads\/2020\/10\/Captura-de-Tela-2017-01-16-a\u0300s-15.22.48-600x377.png","width":600,"height":377},{"@type":"BreadcrumbList","@id":"https:\/\/www.ronaldocorreiadebrito.com.br\/site2\/2020\/10\/e-se-deus-nao-for-brasileiro\/#breadcrumb","itemListElement":[{"@type":"ListItem","position":1,"name":"In\u00edcio","item":"https:\/\/www.ronaldocorreiadebrito.com.br\/site2\/"},{"@type":"ListItem","position":2,"name":"E se Deus n\u00e3o for brasileiro?"}]},{"@type":"WebSite","@id":"https:\/\/www.ronaldocorreiadebrito.com.br\/site2\/#website","url":"https:\/\/www.ronaldocorreiadebrito.com.br\/site2\/","name":"Ronaldo Correia de Brito | site oficial","description":"Site oficial do escritor Ronaldo Correia de Brito","potentialAction":[{"@type":"SearchAction","target":{"@type":"EntryPoint","urlTemplate":"https:\/\/www.ronaldocorreiadebrito.com.br\/site2\/?s={search_term_string}"},"query-input":{"@type":"PropertyValueSpecification","valueRequired":true,"valueName":"search_term_string"}}],"inLanguage":"pt-BR"},{"@type":"Person","@id":"https:\/\/www.ronaldocorreiadebrito.com.br\/site2\/#\/schema\/person\/99a164d0eaaff7f78b11899bc7d5e7c9","name":"admin","url":"https:\/\/www.ronaldocorreiadebrito.com.br\/site2\/author\/admin\/"}]}},"wps_subtitle":"","_links":{"self":[{"href":"https:\/\/www.ronaldocorreiadebrito.com.br\/site2\/wp-json\/wp\/v2\/posts\/1441","targetHints":{"allow":["GET"]}}],"collection":[{"href":"https:\/\/www.ronaldocorreiadebrito.com.br\/site2\/wp-json\/wp\/v2\/posts"}],"about":[{"href":"https:\/\/www.ronaldocorreiadebrito.com.br\/site2\/wp-json\/wp\/v2\/types\/post"}],"author":[{"embeddable":true,"href":"https:\/\/www.ronaldocorreiadebrito.com.br\/site2\/wp-json\/wp\/v2\/users\/1"}],"replies":[{"embeddable":true,"href":"https:\/\/www.ronaldocorreiadebrito.com.br\/site2\/wp-json\/wp\/v2\/comments?post=1441"}],"version-history":[{"count":0,"href":"https:\/\/www.ronaldocorreiadebrito.com.br\/site2\/wp-json\/wp\/v2\/posts\/1441\/revisions"}],"wp:featuredmedia":[{"embeddable":true,"href":"https:\/\/www.ronaldocorreiadebrito.com.br\/site2\/wp-json\/wp\/v2\/media\/1442"}],"wp:attachment":[{"href":"https:\/\/www.ronaldocorreiadebrito.com.br\/site2\/wp-json\/wp\/v2\/media?parent=1441"}],"wp:term":[{"taxonomy":"category","embeddable":true,"href":"https:\/\/www.ronaldocorreiadebrito.com.br\/site2\/wp-json\/wp\/v2\/categories?post=1441"},{"taxonomy":"post_tag","embeddable":true,"href":"https:\/\/www.ronaldocorreiadebrito.com.br\/site2\/wp-json\/wp\/v2\/tags?post=1441"}],"curies":[{"name":"wp","href":"https:\/\/api.w.org\/{rel}","templated":true}]}}