{"id":1430,"date":"2020-09-20T13:01:43","date_gmt":"2020-09-20T16:01:43","guid":{"rendered":"http:\/\/www.ronaldocorreiadebrito.com.br\/site2\/?p=1430"},"modified":"2020-09-20T13:01:43","modified_gmt":"2020-09-20T16:01:43","slug":"uma-pergunta-dificil-de-responder","status":"publish","type":"post","link":"https:\/\/www.ronaldocorreiadebrito.com.br\/site2\/2020\/09\/uma-pergunta-dificil-de-responder\/","title":{"rendered":"Uma pergunta dif\u00edcil de responder"},"content":{"rendered":"<p style=\"font-weight: 400; text-align: right;\">Di\u00e1rio do isolamento 35<br \/>\n(s\u00e1bado, 19 de setembro)<\/p>\n<p style=\"font-weight: 400;\"><strong>Uma pergunta dif\u00edcil de responder<\/strong><\/p>\n<p><strong>A pol\u00edtica n\u00e3o \u00e9 o motivo condutor de sua obra, no entanto ela apresenta uma perspectiva cr\u00edtica da realidade, que indica uma determinada vis\u00e3o de mundo. Por isso, seus textos trazem uma den\u00fancia da contradit\u00f3ria moderniza\u00e7\u00e3o do sert\u00e3o, desnudam a desigualdade que marca as rela\u00e7\u00f5es de poder entre os g\u00eaneros e, mais recentemente, exp\u00f5em a exist\u00eancia de campos de concentra\u00e7\u00e3o no Nordeste brasileiro em um passado n\u00e3o t\u00e3o distante. Como voc\u00ea v\u00ea a rela\u00e7\u00e3o entre literatura e posicionamento pol\u00edtico, ou, em sentido mais amplo, entre literatura e pol\u00edtica?\u00a0Escrever \u00e9 um ato de resist\u00eancia?<\/strong><\/p>\n<p><strong>\u00a0<\/strong><\/p>\n<p>Resposta.<\/p>\n<p>O conceito de homem pol\u00edtico de Arist\u00f3teles responderia \u00e0 pergunta. N\u00e3o fiz uma viagem \u00e0 Ilha de Sacalina, mas trabalhei como m\u00e9dico cl\u00ednico durante 40 anos num dispens\u00e1rio de tuberculose, que chegou a ter 1200 leitos. Nesse mesmo tempo, atendia consultas em psiquiatria e traumatologia. Tamb\u00e9m prestei servi\u00e7o em emerg\u00eancias, ambulat\u00f3rios e enfermarias de hospitais, sempre como servidor p\u00fablico. N\u00e3o enxergar o sofrimento humano, aquele que faz o personagem Rask\u00f3lnikov se ajoelhar aos p\u00e9s da prostituta S\u00f4nia, em\u00a0<em>Crime e castigo<\/em>, seria aliena\u00e7\u00e3o ou indiferen\u00e7a. Eu via e sentia a dor alheia, mesmo quando desejava n\u00e3o ver e n\u00e3o sentir para sofrer menos.<\/p>\n<p>O homem pol\u00edtico de Arist\u00f3teles \u00e9 carente e imperfeito, necessita de coisas e dos outros, busca a comunidade para alcan\u00e7ar a completude. A medicina me oferecia essa oportunidade e, atrav\u00e9s dela, eu chegava \u00e0 literatura. E a literatura foi sendo impregnada de revolta e desejo de transformar a realidade.<\/p>\n<p>Toda arte \u00e9 pol\u00edtica. Na cria\u00e7\u00e3o o artista exp\u00f5e seu olhar sobre o mundo e o homem. Uns de forma expl\u00edcita, \u00e0s vezes panflet\u00e1ria. A poesia de Whitman \u00e9 um discurso pol\u00edtico. Ele se revela democrata ao cantar as mulheres, os negros, judeus, imigrantes, povos de todas as origens; ousado ao exaltar as possibilidades de amor entre os g\u00eaneros. Erra na medida e no tom ao apregoar o Destino Manifesto de Waldo Emerson, conclamando os americanos a se expandirem, a ocuparem o planeta, validando a prepot\u00eancia e a supremacia.<\/p>\n<p>O romance de conte\u00fado social de Steinbeck n\u00e3o \u00e9 por esse motivo melhor do que o romance de Faulkner, mais contido nesse aspecto. H\u00e1 v\u00e1rios exemplos de literatura engajada no Brasil e o resultado nem sempre \u00e9 bom. Escrever a servi\u00e7o do Estado, por encomenda de regimes pol\u00edticos, revelou-se quase sempre um desastre. Brecht silenciou diante dos crimes de St\u00e1lin, porque era partid\u00e1rio da Revolu\u00e7\u00e3o Russa. Hanna Arendt escreveu que \u201cUm poeta deve ser julgado pela sua poesia e, embora muito lhe seja permitido, n\u00e3o \u00e9 verdade que \u2018os que louvam o ultraje t\u00eam vozes primorosas\u2019. Pelo menos n\u00e3o foi verdade no caso de Brecht; suas odes a St\u00e1lin, aquele grande pai e assassino de povos soam como se tivessem sido fabricadas pelo imitador menos talentoso que Brecht jamais teve\u201d. Maiakovski e Iessienin n\u00e3o suportaram as contradi\u00e7\u00f5es entre ser poeta e atender \u00e0s cobran\u00e7as revolucion\u00e1rias e terminaram se matando ou sendo mortos pelo regime stalinista.<\/p>\n<p>Observei, nas feiras e sal\u00f5es liter\u00e1rios nacionais e internacionais onde estive, o desejo das pessoas conhecerem escritores que viessem das comunidades sobre as quais tratam seus livros. Cercados de jornalistas, Ferr\u00e9z, Concei\u00e7\u00e3o Evaristo e Daniel Munduruku eram aclamados no Sal\u00e3o do Livro de Paris e na Feira de Frankfurt como representantes de negros, povos ind\u00edgenas e comunidades perif\u00e9ricas. Investiam-se de legitimidade. Havia emo\u00e7\u00e3o e muito p\u00fablico na plateia. Alem\u00e3es e franceses queriam escutar as vozes caladas por s\u00e9culos. Em contexto como esse, a literatura \u00e9 necessariamente politizada. Ningu\u00e9m estava querendo de Ferr\u00e9z ou de Daniel Munduruku um romance de cultura, como o de Robert Musil ou Hermann Broch.<\/p>\n<p>No Brasil, a luta das minorias para alcan\u00e7ar o protagonismo depois de anos de escravid\u00e3o e opress\u00e3o tem gerado alguns desacertos. Na tentativa de conquistar voz, vontade e corpo, muitos recusam que artistas que n\u00e3o sejam negros, \u00edndios ou favelados se apropriem dos temas que seriam pr\u00f3prios apenas a eles. Bens de cultura s\u00e3o comuns a todos os homens, isso significa liberdade de cria\u00e7\u00e3o. Os movimentos antirracistas que tomaram as pra\u00e7as e ruas do mundo, depois do assassinato de George Floyd, provaram que a luta contra o racismo precisa ser ganha por brancos e negros juntos. Os brancos t\u00eam de reconhecer a igualdade dos negros, ou o racismo nunca ter\u00e1 fim.<\/p>\n<p>N\u00e3o \u00e9 necess\u00e1rio recusar as conquistas do passado, o protagonismo de intelectuais brancos como Joaquim Nabuco e Jos\u00e9 Mariano e do poeta Castro Alves, na campanha pelo fim da escravid\u00e3o. Nem virar as costas a Darcy Ribeiro e muitos outros que tanto defenderam os povos ind\u00edgenas.<\/p>\n","protected":false},"excerpt":{"rendered":"<p>Di\u00e1rio do isolamento 35 (s\u00e1bado, 19 de setembro) Uma pergunta dif\u00edcil de responder A pol\u00edtica n\u00e3o \u00e9 o motivo condutor de sua obra, no entanto ela apresenta uma perspectiva cr\u00edtica da realidade, que indica uma determinada vis\u00e3o de mundo. Por isso, seus textos trazem uma&#8230;<\/p>\n","protected":false},"author":1,"featured_media":1431,"comment_status":"open","ping_status":"closed","sticky":false,"template":"","format":"standard","meta":{"sfsi_plus_gutenberg_text_before_share":"","sfsi_plus_gutenberg_show_text_before_share":"","sfsi_plus_gutenberg_icon_type":"","sfsi_plus_gutenberg_icon_alignemt":"","sfsi_plus_gutenburg_max_per_row":"","footnotes":""},"categories":[8,46,45],"tags":[],"class_list":["post-1430","post","type-post","status-publish","format-standard","has-post-thumbnail","hentry","category-blog","category-links","category-slider"],"yoast_head":"<!-- This site is optimized with the Yoast SEO plugin v27.4 - https:\/\/yoast.com\/product\/yoast-seo-wordpress\/ -->\n<title>Uma pergunta dif\u00edcil de responder | Ronaldo Correia de Brito | site oficial<\/title>\n<meta name=\"robots\" content=\"index, follow, max-snippet:-1, max-image-preview:large, max-video-preview:-1\" \/>\n<link rel=\"canonical\" href=\"https:\/\/www.ronaldocorreiadebrito.com.br\/site2\/2020\/09\/uma-pergunta-dificil-de-responder\/\" \/>\n<meta property=\"og:locale\" content=\"pt_BR\" \/>\n<meta property=\"og:type\" content=\"article\" \/>\n<meta property=\"og:title\" content=\"Uma pergunta dif\u00edcil de responder | Ronaldo Correia de Brito | site oficial\" \/>\n<meta property=\"og:description\" content=\"Di\u00e1rio do isolamento 35 (s\u00e1bado, 19 de setembro) Uma pergunta dif\u00edcil de responder A pol\u00edtica n\u00e3o \u00e9 o motivo condutor de sua obra, no entanto ela apresenta uma perspectiva cr\u00edtica da realidade, que indica uma determinada vis\u00e3o de mundo. Por isso, seus textos trazem uma...\" \/>\n<meta property=\"og:url\" content=\"https:\/\/www.ronaldocorreiadebrito.com.br\/site2\/2020\/09\/uma-pergunta-dificil-de-responder\/\" \/>\n<meta property=\"og:site_name\" content=\"Ronaldo Correia de Brito | site oficial\" \/>\n<meta property=\"article:publisher\" content=\"https:\/\/www.facebook.com\/ronaldocorreiadebrito.oficial\" \/>\n<meta property=\"article:published_time\" content=\"2020-09-20T16:01:43+00:00\" \/>\n<meta property=\"og:image\" content=\"https:\/\/www.ronaldocorreiadebrito.com.br\/site2\/wp-content\/uploads\/2020\/09\/queimadas.jpg\" \/>\n\t<meta property=\"og:image:width\" content=\"700\" \/>\n\t<meta property=\"og:image:height\" content=\"467\" \/>\n\t<meta property=\"og:image:type\" content=\"image\/jpeg\" \/>\n<meta name=\"author\" content=\"admin\" \/>\n<meta name=\"twitter:card\" content=\"summary_large_image\" \/>\n<meta name=\"twitter:label1\" content=\"Escrito por\" \/>\n\t<meta name=\"twitter:data1\" content=\"admin\" \/>\n\t<meta name=\"twitter:label2\" content=\"Est. tempo de leitura\" \/>\n\t<meta name=\"twitter:data2\" content=\"4 minutos\" \/>\n<script type=\"application\/ld+json\" class=\"yoast-schema-graph\">{\"@context\":\"https:\\\/\\\/schema.org\",\"@graph\":[{\"@type\":\"Article\",\"@id\":\"https:\\\/\\\/www.ronaldocorreiadebrito.com.br\\\/site2\\\/2020\\\/09\\\/uma-pergunta-dificil-de-responder\\\/#article\",\"isPartOf\":{\"@id\":\"https:\\\/\\\/www.ronaldocorreiadebrito.com.br\\\/site2\\\/2020\\\/09\\\/uma-pergunta-dificil-de-responder\\\/\"},\"author\":{\"name\":\"admin\",\"@id\":\"https:\\\/\\\/www.ronaldocorreiadebrito.com.br\\\/site2\\\/#\\\/schema\\\/person\\\/99a164d0eaaff7f78b11899bc7d5e7c9\"},\"headline\":\"Uma pergunta dif\u00edcil de responder\",\"datePublished\":\"2020-09-20T16:01:43+00:00\",\"mainEntityOfPage\":{\"@id\":\"https:\\\/\\\/www.ronaldocorreiadebrito.com.br\\\/site2\\\/2020\\\/09\\\/uma-pergunta-dificil-de-responder\\\/\"},\"wordCount\":853,\"commentCount\":0,\"image\":{\"@id\":\"https:\\\/\\\/www.ronaldocorreiadebrito.com.br\\\/site2\\\/2020\\\/09\\\/uma-pergunta-dificil-de-responder\\\/#primaryimage\"},\"thumbnailUrl\":\"https:\\\/\\\/www.ronaldocorreiadebrito.com.br\\\/site2\\\/wp-content\\\/uploads\\\/2020\\\/09\\\/queimadas.jpg\",\"articleSection\":[\"Blog\",\"Links\",\"Slider\"],\"inLanguage\":\"pt-BR\",\"potentialAction\":[{\"@type\":\"CommentAction\",\"name\":\"Comment\",\"target\":[\"https:\\\/\\\/www.ronaldocorreiadebrito.com.br\\\/site2\\\/2020\\\/09\\\/uma-pergunta-dificil-de-responder\\\/#respond\"]}]},{\"@type\":\"WebPage\",\"@id\":\"https:\\\/\\\/www.ronaldocorreiadebrito.com.br\\\/site2\\\/2020\\\/09\\\/uma-pergunta-dificil-de-responder\\\/\",\"url\":\"https:\\\/\\\/www.ronaldocorreiadebrito.com.br\\\/site2\\\/2020\\\/09\\\/uma-pergunta-dificil-de-responder\\\/\",\"name\":\"Uma pergunta dif\u00edcil de responder | Ronaldo Correia de Brito | site oficial\",\"isPartOf\":{\"@id\":\"https:\\\/\\\/www.ronaldocorreiadebrito.com.br\\\/site2\\\/#website\"},\"primaryImageOfPage\":{\"@id\":\"https:\\\/\\\/www.ronaldocorreiadebrito.com.br\\\/site2\\\/2020\\\/09\\\/uma-pergunta-dificil-de-responder\\\/#primaryimage\"},\"image\":{\"@id\":\"https:\\\/\\\/www.ronaldocorreiadebrito.com.br\\\/site2\\\/2020\\\/09\\\/uma-pergunta-dificil-de-responder\\\/#primaryimage\"},\"thumbnailUrl\":\"https:\\\/\\\/www.ronaldocorreiadebrito.com.br\\\/site2\\\/wp-content\\\/uploads\\\/2020\\\/09\\\/queimadas.jpg\",\"datePublished\":\"2020-09-20T16:01:43+00:00\",\"author\":{\"@id\":\"https:\\\/\\\/www.ronaldocorreiadebrito.com.br\\\/site2\\\/#\\\/schema\\\/person\\\/99a164d0eaaff7f78b11899bc7d5e7c9\"},\"breadcrumb\":{\"@id\":\"https:\\\/\\\/www.ronaldocorreiadebrito.com.br\\\/site2\\\/2020\\\/09\\\/uma-pergunta-dificil-de-responder\\\/#breadcrumb\"},\"inLanguage\":\"pt-BR\",\"potentialAction\":[{\"@type\":\"ReadAction\",\"target\":[\"https:\\\/\\\/www.ronaldocorreiadebrito.com.br\\\/site2\\\/2020\\\/09\\\/uma-pergunta-dificil-de-responder\\\/\"]}]},{\"@type\":\"ImageObject\",\"inLanguage\":\"pt-BR\",\"@id\":\"https:\\\/\\\/www.ronaldocorreiadebrito.com.br\\\/site2\\\/2020\\\/09\\\/uma-pergunta-dificil-de-responder\\\/#primaryimage\",\"url\":\"https:\\\/\\\/www.ronaldocorreiadebrito.com.br\\\/site2\\\/wp-content\\\/uploads\\\/2020\\\/09\\\/queimadas.jpg\",\"contentUrl\":\"https:\\\/\\\/www.ronaldocorreiadebrito.com.br\\\/site2\\\/wp-content\\\/uploads\\\/2020\\\/09\\\/queimadas.jpg\",\"width\":700,\"height\":467,\"caption\":\"Out of control forest fire burns the area of the Brazilian Pantanal in rural Pocone, Mato Grosso, Brazil, on August 19, 2020 in the largest fire ever recorded in the rich biome The brazilian Pantanal - one of the largest tropical floodplains in the world - is suffering since the end of July with the worst wildfires in its registered history. More than 12%, or 16.500 sq. km (almost the size of Kuweit) has already been burned, and the situation may get better only in October, when it's expected to rain. (Photo by Gustavo Basso\\\/NurPhoto via Getty Images)\"},{\"@type\":\"BreadcrumbList\",\"@id\":\"https:\\\/\\\/www.ronaldocorreiadebrito.com.br\\\/site2\\\/2020\\\/09\\\/uma-pergunta-dificil-de-responder\\\/#breadcrumb\",\"itemListElement\":[{\"@type\":\"ListItem\",\"position\":1,\"name\":\"In\u00edcio\",\"item\":\"https:\\\/\\\/www.ronaldocorreiadebrito.com.br\\\/site2\\\/\"},{\"@type\":\"ListItem\",\"position\":2,\"name\":\"Uma pergunta dif\u00edcil de responder\"}]},{\"@type\":\"WebSite\",\"@id\":\"https:\\\/\\\/www.ronaldocorreiadebrito.com.br\\\/site2\\\/#website\",\"url\":\"https:\\\/\\\/www.ronaldocorreiadebrito.com.br\\\/site2\\\/\",\"name\":\"Ronaldo Correia de Brito | site oficial\",\"description\":\"Site oficial do escritor Ronaldo Correia de Brito\",\"potentialAction\":[{\"@type\":\"SearchAction\",\"target\":{\"@type\":\"EntryPoint\",\"urlTemplate\":\"https:\\\/\\\/www.ronaldocorreiadebrito.com.br\\\/site2\\\/?s={search_term_string}\"},\"query-input\":{\"@type\":\"PropertyValueSpecification\",\"valueRequired\":true,\"valueName\":\"search_term_string\"}}],\"inLanguage\":\"pt-BR\"},{\"@type\":\"Person\",\"@id\":\"https:\\\/\\\/www.ronaldocorreiadebrito.com.br\\\/site2\\\/#\\\/schema\\\/person\\\/99a164d0eaaff7f78b11899bc7d5e7c9\",\"name\":\"admin\",\"url\":\"https:\\\/\\\/www.ronaldocorreiadebrito.com.br\\\/site2\\\/author\\\/admin\\\/\"}]}<\/script>\n<!-- \/ Yoast SEO plugin. -->","yoast_head_json":{"title":"Uma pergunta dif\u00edcil de responder | Ronaldo Correia de Brito | site oficial","robots":{"index":"index","follow":"follow","max-snippet":"max-snippet:-1","max-image-preview":"max-image-preview:large","max-video-preview":"max-video-preview:-1"},"canonical":"https:\/\/www.ronaldocorreiadebrito.com.br\/site2\/2020\/09\/uma-pergunta-dificil-de-responder\/","og_locale":"pt_BR","og_type":"article","og_title":"Uma pergunta dif\u00edcil de responder | Ronaldo Correia de Brito | site oficial","og_description":"Di\u00e1rio do isolamento 35 (s\u00e1bado, 19 de setembro) Uma pergunta dif\u00edcil de responder A pol\u00edtica n\u00e3o \u00e9 o motivo condutor de sua obra, no entanto ela apresenta uma perspectiva cr\u00edtica da realidade, que indica uma determinada vis\u00e3o de mundo. Por isso, seus textos trazem uma...","og_url":"https:\/\/www.ronaldocorreiadebrito.com.br\/site2\/2020\/09\/uma-pergunta-dificil-de-responder\/","og_site_name":"Ronaldo Correia de Brito | site oficial","article_publisher":"https:\/\/www.facebook.com\/ronaldocorreiadebrito.oficial","article_published_time":"2020-09-20T16:01:43+00:00","og_image":[{"width":700,"height":467,"url":"https:\/\/www.ronaldocorreiadebrito.com.br\/site2\/wp-content\/uploads\/2020\/09\/queimadas.jpg","type":"image\/jpeg"}],"author":"admin","twitter_card":"summary_large_image","twitter_misc":{"Escrito por":"admin","Est. tempo de leitura":"4 minutos"},"schema":{"@context":"https:\/\/schema.org","@graph":[{"@type":"Article","@id":"https:\/\/www.ronaldocorreiadebrito.com.br\/site2\/2020\/09\/uma-pergunta-dificil-de-responder\/#article","isPartOf":{"@id":"https:\/\/www.ronaldocorreiadebrito.com.br\/site2\/2020\/09\/uma-pergunta-dificil-de-responder\/"},"author":{"name":"admin","@id":"https:\/\/www.ronaldocorreiadebrito.com.br\/site2\/#\/schema\/person\/99a164d0eaaff7f78b11899bc7d5e7c9"},"headline":"Uma pergunta dif\u00edcil de responder","datePublished":"2020-09-20T16:01:43+00:00","mainEntityOfPage":{"@id":"https:\/\/www.ronaldocorreiadebrito.com.br\/site2\/2020\/09\/uma-pergunta-dificil-de-responder\/"},"wordCount":853,"commentCount":0,"image":{"@id":"https:\/\/www.ronaldocorreiadebrito.com.br\/site2\/2020\/09\/uma-pergunta-dificil-de-responder\/#primaryimage"},"thumbnailUrl":"https:\/\/www.ronaldocorreiadebrito.com.br\/site2\/wp-content\/uploads\/2020\/09\/queimadas.jpg","articleSection":["Blog","Links","Slider"],"inLanguage":"pt-BR","potentialAction":[{"@type":"CommentAction","name":"Comment","target":["https:\/\/www.ronaldocorreiadebrito.com.br\/site2\/2020\/09\/uma-pergunta-dificil-de-responder\/#respond"]}]},{"@type":"WebPage","@id":"https:\/\/www.ronaldocorreiadebrito.com.br\/site2\/2020\/09\/uma-pergunta-dificil-de-responder\/","url":"https:\/\/www.ronaldocorreiadebrito.com.br\/site2\/2020\/09\/uma-pergunta-dificil-de-responder\/","name":"Uma pergunta dif\u00edcil de responder | Ronaldo Correia de Brito | site oficial","isPartOf":{"@id":"https:\/\/www.ronaldocorreiadebrito.com.br\/site2\/#website"},"primaryImageOfPage":{"@id":"https:\/\/www.ronaldocorreiadebrito.com.br\/site2\/2020\/09\/uma-pergunta-dificil-de-responder\/#primaryimage"},"image":{"@id":"https:\/\/www.ronaldocorreiadebrito.com.br\/site2\/2020\/09\/uma-pergunta-dificil-de-responder\/#primaryimage"},"thumbnailUrl":"https:\/\/www.ronaldocorreiadebrito.com.br\/site2\/wp-content\/uploads\/2020\/09\/queimadas.jpg","datePublished":"2020-09-20T16:01:43+00:00","author":{"@id":"https:\/\/www.ronaldocorreiadebrito.com.br\/site2\/#\/schema\/person\/99a164d0eaaff7f78b11899bc7d5e7c9"},"breadcrumb":{"@id":"https:\/\/www.ronaldocorreiadebrito.com.br\/site2\/2020\/09\/uma-pergunta-dificil-de-responder\/#breadcrumb"},"inLanguage":"pt-BR","potentialAction":[{"@type":"ReadAction","target":["https:\/\/www.ronaldocorreiadebrito.com.br\/site2\/2020\/09\/uma-pergunta-dificil-de-responder\/"]}]},{"@type":"ImageObject","inLanguage":"pt-BR","@id":"https:\/\/www.ronaldocorreiadebrito.com.br\/site2\/2020\/09\/uma-pergunta-dificil-de-responder\/#primaryimage","url":"https:\/\/www.ronaldocorreiadebrito.com.br\/site2\/wp-content\/uploads\/2020\/09\/queimadas.jpg","contentUrl":"https:\/\/www.ronaldocorreiadebrito.com.br\/site2\/wp-content\/uploads\/2020\/09\/queimadas.jpg","width":700,"height":467,"caption":"Out of control forest fire burns the area of the Brazilian Pantanal in rural Pocone, Mato Grosso, Brazil, on August 19, 2020 in the largest fire ever recorded in the rich biome The brazilian Pantanal - one of the largest tropical floodplains in the world - is suffering since the end of July with the worst wildfires in its registered history. More than 12%, or 16.500 sq. km (almost the size of Kuweit) has already been burned, and the situation may get better only in October, when it's expected to rain. (Photo by Gustavo Basso\/NurPhoto via Getty Images)"},{"@type":"BreadcrumbList","@id":"https:\/\/www.ronaldocorreiadebrito.com.br\/site2\/2020\/09\/uma-pergunta-dificil-de-responder\/#breadcrumb","itemListElement":[{"@type":"ListItem","position":1,"name":"In\u00edcio","item":"https:\/\/www.ronaldocorreiadebrito.com.br\/site2\/"},{"@type":"ListItem","position":2,"name":"Uma pergunta dif\u00edcil de responder"}]},{"@type":"WebSite","@id":"https:\/\/www.ronaldocorreiadebrito.com.br\/site2\/#website","url":"https:\/\/www.ronaldocorreiadebrito.com.br\/site2\/","name":"Ronaldo Correia de Brito | site oficial","description":"Site oficial do escritor Ronaldo Correia de Brito","potentialAction":[{"@type":"SearchAction","target":{"@type":"EntryPoint","urlTemplate":"https:\/\/www.ronaldocorreiadebrito.com.br\/site2\/?s={search_term_string}"},"query-input":{"@type":"PropertyValueSpecification","valueRequired":true,"valueName":"search_term_string"}}],"inLanguage":"pt-BR"},{"@type":"Person","@id":"https:\/\/www.ronaldocorreiadebrito.com.br\/site2\/#\/schema\/person\/99a164d0eaaff7f78b11899bc7d5e7c9","name":"admin","url":"https:\/\/www.ronaldocorreiadebrito.com.br\/site2\/author\/admin\/"}]}},"wps_subtitle":"","_links":{"self":[{"href":"https:\/\/www.ronaldocorreiadebrito.com.br\/site2\/wp-json\/wp\/v2\/posts\/1430","targetHints":{"allow":["GET"]}}],"collection":[{"href":"https:\/\/www.ronaldocorreiadebrito.com.br\/site2\/wp-json\/wp\/v2\/posts"}],"about":[{"href":"https:\/\/www.ronaldocorreiadebrito.com.br\/site2\/wp-json\/wp\/v2\/types\/post"}],"author":[{"embeddable":true,"href":"https:\/\/www.ronaldocorreiadebrito.com.br\/site2\/wp-json\/wp\/v2\/users\/1"}],"replies":[{"embeddable":true,"href":"https:\/\/www.ronaldocorreiadebrito.com.br\/site2\/wp-json\/wp\/v2\/comments?post=1430"}],"version-history":[{"count":0,"href":"https:\/\/www.ronaldocorreiadebrito.com.br\/site2\/wp-json\/wp\/v2\/posts\/1430\/revisions"}],"wp:featuredmedia":[{"embeddable":true,"href":"https:\/\/www.ronaldocorreiadebrito.com.br\/site2\/wp-json\/wp\/v2\/media\/1431"}],"wp:attachment":[{"href":"https:\/\/www.ronaldocorreiadebrito.com.br\/site2\/wp-json\/wp\/v2\/media?parent=1430"}],"wp:term":[{"taxonomy":"category","embeddable":true,"href":"https:\/\/www.ronaldocorreiadebrito.com.br\/site2\/wp-json\/wp\/v2\/categories?post=1430"},{"taxonomy":"post_tag","embeddable":true,"href":"https:\/\/www.ronaldocorreiadebrito.com.br\/site2\/wp-json\/wp\/v2\/tags?post=1430"}],"curies":[{"name":"wp","href":"https:\/\/api.w.org\/{rel}","templated":true}]}}