{"id":1424,"date":"2020-09-14T11:01:35","date_gmt":"2020-09-14T14:01:35","guid":{"rendered":"http:\/\/www.ronaldocorreiadebrito.com.br\/site2\/?p=1424"},"modified":"2020-09-14T11:01:35","modified_gmt":"2020-09-14T14:01:35","slug":"diario-do-isolamento-33-respondendo-entrevista-em-meio-pandemia","status":"publish","type":"post","link":"https:\/\/www.ronaldocorreiadebrito.com.br\/site2\/2020\/09\/diario-do-isolamento-33-respondendo-entrevista-em-meio-pandemia\/","title":{"rendered":"Di\u00e1rio do isolamento 33 &#8211; Respondendo entrevista em meio \u00e0 pandemia"},"content":{"rendered":"<p style=\"text-align: right;\"><span style=\"font-weight: 400;\">Di\u00e1rio do isolamento 33<br \/>\n<\/span>(segunda-feira, 14 de setembro)<\/p>\n<p style=\"font-weight: 400;\">\n<p><strong>Em sua obra, as personagens femininas s\u00e3o marcantes, mas quase sempre silenciadas, tendo sua exist\u00eancia mediada pelo olhar masculino. Talvez o exemplo mais significativo seja a personagem Donana, que n\u00e3o apenas reaparece como presen\u00e7a fantasmag\u00f3rica em v\u00e1rios textos, como tamb\u00e9m \u00e9 assassinada pelo marido. Em que medida essas escolhas est\u00e9ticas dialogam com certas estruturas sociais brasileiras? Como\u00a0<em>Dora sem v\u00e9u<\/em>\u00a0(Alfaguara, 2018) se insere nesse panorama?<\/strong><\/p>\n<p><strong>\u00a0<\/strong><\/p>\n<p>Resposta.<\/p>\n<p>Preciso falar um pouco de minha fam\u00edlia patriarcal, embora insista que n\u00e3o escrevo Hist\u00f3ria, auto-fic\u00e7\u00e3o ou biografia. Meus antepassados sa\u00edram de Pernambuco por v\u00e1rios motivos, um deles por terem se envolvido num levante. Eram tr\u00eas irm\u00e3os: o padre Jos\u00e9 Bezerra do Vale, que depois iria viver com uma \u00edndia, com quem teve uma prole numerosa, sem nunca abandonar o sacerd\u00f3cio; Ana Maria Bezerra do Vale, minha oitava av\u00f3, casada com um crist\u00e3o novo, Bernardo Duarte Pinheiro; e Jo\u00e3o Bezerra do Vale, que se casou com Ana Gon\u00e7alves Vieira, filha do mais importante mandat\u00e1rio do sert\u00e3o cearense, o Coronel Francisco Alves Feitosa, e irm\u00e3 de dois homens poderosos.<\/p>\n<p>Esse ramo da fam\u00edlia chegou ao sert\u00e3o dos Inhamuns no come\u00e7o do s\u00e9culo dezoito. Em uma telha da Casa do Umbuzeiro, do padre Jos\u00e9 Bezerra do Vale, foi registrado o ano de 1721. As terras f\u00e9rteis \u00e0s margens do rio Jaguaribe formavam um mundo especial, meio b\u00edblico, mouro e grego. Havia pastores, vaqueiros encourados, vivendo pelo campo repleto de rebanhos. E \u00edndios insubmissos que foram massacrados, restando apenas as mulheres, tomadas como esposas pelos posseiros, por orienta\u00e7\u00e3o da Igreja e da Coroa. Os donos das grandes sesmarias eram violentos e soberbos. A guerra entre as fam\u00edlias Feitosa \u2013 de Ana Gon\u00e7alves \u2013 e Monte durou quase cem anos. O Reino precisou intervir diversas vezes, e levar os valent\u00f5es assassinos para pres\u00eddios em Portugal.<\/p>\n<p>Meu tio em oitavo grau, Jo\u00e3o Bezerra do Vale, transportava carregamentos de carne para o Recife. Na cidade, apaixona-se por uma jovem de fam\u00edlia ilustre, passando-se por solteiro. Acerta casamento, volta aos Inhamuns e assassina a esposa, apunhalando-a pelas costas. A morte abala a fam\u00edlia. Lembra uma trag\u00e9dia grega pela riqueza de detalhes, que n\u00e3o cabe narrar. Trata-se de um feminic\u00eddio inaugural, uma culpa para todos os homens carregarem e as mulheres buscarem vingar.<\/p>\n<p>Dos oito filhos do meu pai e da minha m\u00e3e, eu fui o mais traumatizado por essa hist\u00f3ria, narrada em fam\u00edlia um n\u00famero incont\u00e1vel de vezes. Quando a escutei pela primeira vez, tinham se passado dois s\u00e9culos e meio. Fiquei numa perigosa zona de vizinhan\u00e7a, j\u00e1 n\u00e3o conseguia me distinguir dessa mulher e de outras parecidas com ela. Penso que est\u00e1 explicado por que elas reaparecem a cada livro, em\u00a0<em>Faca<\/em>,\u00a0<em>Livro dos Homens<\/em>,\u00a0<em>Galileia<\/em>,\u00a0<em>Estive l\u00e1 fora<\/em>,\u00a0<em>O amor das sombras<\/em>\u00a0e em\u00a0<em>Dora sem v\u00e9u<\/em>.<\/p>\n<p>&nbsp;<\/p>\n","protected":false},"excerpt":{"rendered":"<p>Di\u00e1rio do isolamento 33 (segunda-feira, 14 de setembro) Em sua obra, as personagens femininas s\u00e3o marcantes, mas quase sempre silenciadas, tendo sua exist\u00eancia mediada pelo olhar masculino. Talvez o exemplo mais significativo seja a personagem Donana, que n\u00e3o apenas reaparece como presen\u00e7a fantasmag\u00f3rica em v\u00e1rios&#8230;<\/p>\n","protected":false},"author":1,"featured_media":1425,"comment_status":"open","ping_status":"closed","sticky":false,"template":"","format":"standard","meta":{"sfsi_plus_gutenberg_text_before_share":"","sfsi_plus_gutenberg_show_text_before_share":"","sfsi_plus_gutenberg_icon_type":"","sfsi_plus_gutenberg_icon_alignemt":"","sfsi_plus_gutenburg_max_per_row":"","footnotes":""},"categories":[8,46,45],"tags":[],"class_list":["post-1424","post","type-post","status-publish","format-standard","has-post-thumbnail","hentry","category-blog","category-links","category-slider"],"yoast_head":"<!-- This site is optimized with the Yoast SEO plugin v27.4 - https:\/\/yoast.com\/product\/yoast-seo-wordpress\/ -->\n<title>Di\u00e1rio do isolamento 33 - Respondendo entrevista em meio \u00e0 pandemia | Ronaldo Correia de Brito | site oficial<\/title>\n<meta name=\"robots\" content=\"index, follow, max-snippet:-1, max-image-preview:large, max-video-preview:-1\" \/>\n<link rel=\"canonical\" href=\"https:\/\/www.ronaldocorreiadebrito.com.br\/site2\/2020\/09\/diario-do-isolamento-33-respondendo-entrevista-em-meio-pandemia\/\" \/>\n<meta property=\"og:locale\" content=\"pt_BR\" \/>\n<meta property=\"og:type\" content=\"article\" \/>\n<meta property=\"og:title\" content=\"Di\u00e1rio do isolamento 33 - Respondendo entrevista em meio \u00e0 pandemia | Ronaldo Correia de Brito | site oficial\" \/>\n<meta property=\"og:description\" content=\"Di\u00e1rio do isolamento 33 (segunda-feira, 14 de setembro) Em sua obra, as personagens femininas s\u00e3o marcantes, mas quase sempre silenciadas, tendo sua exist\u00eancia mediada pelo olhar masculino. Talvez o exemplo mais significativo seja a personagem Donana, que n\u00e3o apenas reaparece como presen\u00e7a fantasmag\u00f3rica em v\u00e1rios...\" \/>\n<meta property=\"og:url\" content=\"https:\/\/www.ronaldocorreiadebrito.com.br\/site2\/2020\/09\/diario-do-isolamento-33-respondendo-entrevista-em-meio-pandemia\/\" \/>\n<meta property=\"og:site_name\" content=\"Ronaldo Correia de Brito | site oficial\" \/>\n<meta property=\"article:publisher\" content=\"https:\/\/www.facebook.com\/ronaldocorreiadebrito.oficial\" \/>\n<meta property=\"article:published_time\" content=\"2020-09-14T14:01:35+00:00\" \/>\n<meta property=\"og:image\" content=\"https:\/\/www.ronaldocorreiadebrito.com.br\/site2\/wp-content\/uploads\/2020\/09\/faca-capa.jpg\" \/>\n\t<meta property=\"og:image:width\" content=\"749\" \/>\n\t<meta property=\"og:image:height\" content=\"1000\" \/>\n\t<meta property=\"og:image:type\" content=\"image\/jpeg\" \/>\n<meta name=\"author\" content=\"admin\" \/>\n<meta name=\"twitter:card\" content=\"summary_large_image\" \/>\n<meta name=\"twitter:label1\" content=\"Escrito por\" \/>\n\t<meta name=\"twitter:data1\" content=\"admin\" \/>\n\t<meta name=\"twitter:label2\" content=\"Est. tempo de leitura\" \/>\n\t<meta name=\"twitter:data2\" content=\"3 minutos\" \/>\n<script type=\"application\/ld+json\" class=\"yoast-schema-graph\">{\"@context\":\"https:\\\/\\\/schema.org\",\"@graph\":[{\"@type\":\"Article\",\"@id\":\"https:\\\/\\\/www.ronaldocorreiadebrito.com.br\\\/site2\\\/2020\\\/09\\\/diario-do-isolamento-33-respondendo-entrevista-em-meio-pandemia\\\/#article\",\"isPartOf\":{\"@id\":\"https:\\\/\\\/www.ronaldocorreiadebrito.com.br\\\/site2\\\/2020\\\/09\\\/diario-do-isolamento-33-respondendo-entrevista-em-meio-pandemia\\\/\"},\"author\":{\"name\":\"admin\",\"@id\":\"https:\\\/\\\/www.ronaldocorreiadebrito.com.br\\\/site2\\\/#\\\/schema\\\/person\\\/99a164d0eaaff7f78b11899bc7d5e7c9\"},\"headline\":\"Di\u00e1rio do isolamento 33 &#8211; Respondendo entrevista em meio \u00e0 pandemia\",\"datePublished\":\"2020-09-14T14:01:35+00:00\",\"mainEntityOfPage\":{\"@id\":\"https:\\\/\\\/www.ronaldocorreiadebrito.com.br\\\/site2\\\/2020\\\/09\\\/diario-do-isolamento-33-respondendo-entrevista-em-meio-pandemia\\\/\"},\"wordCount\":520,\"commentCount\":0,\"image\":{\"@id\":\"https:\\\/\\\/www.ronaldocorreiadebrito.com.br\\\/site2\\\/2020\\\/09\\\/diario-do-isolamento-33-respondendo-entrevista-em-meio-pandemia\\\/#primaryimage\"},\"thumbnailUrl\":\"https:\\\/\\\/www.ronaldocorreiadebrito.com.br\\\/site2\\\/wp-content\\\/uploads\\\/2020\\\/09\\\/faca-capa.jpg\",\"articleSection\":[\"Blog\",\"Links\",\"Slider\"],\"inLanguage\":\"pt-BR\",\"potentialAction\":[{\"@type\":\"CommentAction\",\"name\":\"Comment\",\"target\":[\"https:\\\/\\\/www.ronaldocorreiadebrito.com.br\\\/site2\\\/2020\\\/09\\\/diario-do-isolamento-33-respondendo-entrevista-em-meio-pandemia\\\/#respond\"]}]},{\"@type\":\"WebPage\",\"@id\":\"https:\\\/\\\/www.ronaldocorreiadebrito.com.br\\\/site2\\\/2020\\\/09\\\/diario-do-isolamento-33-respondendo-entrevista-em-meio-pandemia\\\/\",\"url\":\"https:\\\/\\\/www.ronaldocorreiadebrito.com.br\\\/site2\\\/2020\\\/09\\\/diario-do-isolamento-33-respondendo-entrevista-em-meio-pandemia\\\/\",\"name\":\"Di\u00e1rio do isolamento 33 - Respondendo entrevista em meio \u00e0 pandemia | Ronaldo Correia de Brito | site oficial\",\"isPartOf\":{\"@id\":\"https:\\\/\\\/www.ronaldocorreiadebrito.com.br\\\/site2\\\/#website\"},\"primaryImageOfPage\":{\"@id\":\"https:\\\/\\\/www.ronaldocorreiadebrito.com.br\\\/site2\\\/2020\\\/09\\\/diario-do-isolamento-33-respondendo-entrevista-em-meio-pandemia\\\/#primaryimage\"},\"image\":{\"@id\":\"https:\\\/\\\/www.ronaldocorreiadebrito.com.br\\\/site2\\\/2020\\\/09\\\/diario-do-isolamento-33-respondendo-entrevista-em-meio-pandemia\\\/#primaryimage\"},\"thumbnailUrl\":\"https:\\\/\\\/www.ronaldocorreiadebrito.com.br\\\/site2\\\/wp-content\\\/uploads\\\/2020\\\/09\\\/faca-capa.jpg\",\"datePublished\":\"2020-09-14T14:01:35+00:00\",\"author\":{\"@id\":\"https:\\\/\\\/www.ronaldocorreiadebrito.com.br\\\/site2\\\/#\\\/schema\\\/person\\\/99a164d0eaaff7f78b11899bc7d5e7c9\"},\"breadcrumb\":{\"@id\":\"https:\\\/\\\/www.ronaldocorreiadebrito.com.br\\\/site2\\\/2020\\\/09\\\/diario-do-isolamento-33-respondendo-entrevista-em-meio-pandemia\\\/#breadcrumb\"},\"inLanguage\":\"pt-BR\",\"potentialAction\":[{\"@type\":\"ReadAction\",\"target\":[\"https:\\\/\\\/www.ronaldocorreiadebrito.com.br\\\/site2\\\/2020\\\/09\\\/diario-do-isolamento-33-respondendo-entrevista-em-meio-pandemia\\\/\"]}]},{\"@type\":\"ImageObject\",\"inLanguage\":\"pt-BR\",\"@id\":\"https:\\\/\\\/www.ronaldocorreiadebrito.com.br\\\/site2\\\/2020\\\/09\\\/diario-do-isolamento-33-respondendo-entrevista-em-meio-pandemia\\\/#primaryimage\",\"url\":\"https:\\\/\\\/www.ronaldocorreiadebrito.com.br\\\/site2\\\/wp-content\\\/uploads\\\/2020\\\/09\\\/faca-capa.jpg\",\"contentUrl\":\"https:\\\/\\\/www.ronaldocorreiadebrito.com.br\\\/site2\\\/wp-content\\\/uploads\\\/2020\\\/09\\\/faca-capa.jpg\",\"width\":749,\"height\":1000},{\"@type\":\"BreadcrumbList\",\"@id\":\"https:\\\/\\\/www.ronaldocorreiadebrito.com.br\\\/site2\\\/2020\\\/09\\\/diario-do-isolamento-33-respondendo-entrevista-em-meio-pandemia\\\/#breadcrumb\",\"itemListElement\":[{\"@type\":\"ListItem\",\"position\":1,\"name\":\"In\u00edcio\",\"item\":\"https:\\\/\\\/www.ronaldocorreiadebrito.com.br\\\/site2\\\/\"},{\"@type\":\"ListItem\",\"position\":2,\"name\":\"Di\u00e1rio do isolamento 33 &#8211; Respondendo entrevista em meio \u00e0 pandemia\"}]},{\"@type\":\"WebSite\",\"@id\":\"https:\\\/\\\/www.ronaldocorreiadebrito.com.br\\\/site2\\\/#website\",\"url\":\"https:\\\/\\\/www.ronaldocorreiadebrito.com.br\\\/site2\\\/\",\"name\":\"Ronaldo Correia de Brito | site oficial\",\"description\":\"Site oficial do escritor Ronaldo Correia de Brito\",\"potentialAction\":[{\"@type\":\"SearchAction\",\"target\":{\"@type\":\"EntryPoint\",\"urlTemplate\":\"https:\\\/\\\/www.ronaldocorreiadebrito.com.br\\\/site2\\\/?s={search_term_string}\"},\"query-input\":{\"@type\":\"PropertyValueSpecification\",\"valueRequired\":true,\"valueName\":\"search_term_string\"}}],\"inLanguage\":\"pt-BR\"},{\"@type\":\"Person\",\"@id\":\"https:\\\/\\\/www.ronaldocorreiadebrito.com.br\\\/site2\\\/#\\\/schema\\\/person\\\/99a164d0eaaff7f78b11899bc7d5e7c9\",\"name\":\"admin\",\"url\":\"https:\\\/\\\/www.ronaldocorreiadebrito.com.br\\\/site2\\\/author\\\/admin\\\/\"}]}<\/script>\n<!-- \/ Yoast SEO plugin. -->","yoast_head_json":{"title":"Di\u00e1rio do isolamento 33 - Respondendo entrevista em meio \u00e0 pandemia | Ronaldo Correia de Brito | site oficial","robots":{"index":"index","follow":"follow","max-snippet":"max-snippet:-1","max-image-preview":"max-image-preview:large","max-video-preview":"max-video-preview:-1"},"canonical":"https:\/\/www.ronaldocorreiadebrito.com.br\/site2\/2020\/09\/diario-do-isolamento-33-respondendo-entrevista-em-meio-pandemia\/","og_locale":"pt_BR","og_type":"article","og_title":"Di\u00e1rio do isolamento 33 - Respondendo entrevista em meio \u00e0 pandemia | Ronaldo Correia de Brito | site oficial","og_description":"Di\u00e1rio do isolamento 33 (segunda-feira, 14 de setembro) Em sua obra, as personagens femininas s\u00e3o marcantes, mas quase sempre silenciadas, tendo sua exist\u00eancia mediada pelo olhar masculino. Talvez o exemplo mais significativo seja a personagem Donana, que n\u00e3o apenas reaparece como presen\u00e7a fantasmag\u00f3rica em v\u00e1rios...","og_url":"https:\/\/www.ronaldocorreiadebrito.com.br\/site2\/2020\/09\/diario-do-isolamento-33-respondendo-entrevista-em-meio-pandemia\/","og_site_name":"Ronaldo Correia de Brito | site oficial","article_publisher":"https:\/\/www.facebook.com\/ronaldocorreiadebrito.oficial","article_published_time":"2020-09-14T14:01:35+00:00","og_image":[{"width":749,"height":1000,"url":"https:\/\/www.ronaldocorreiadebrito.com.br\/site2\/wp-content\/uploads\/2020\/09\/faca-capa.jpg","type":"image\/jpeg"}],"author":"admin","twitter_card":"summary_large_image","twitter_misc":{"Escrito por":"admin","Est. tempo de leitura":"3 minutos"},"schema":{"@context":"https:\/\/schema.org","@graph":[{"@type":"Article","@id":"https:\/\/www.ronaldocorreiadebrito.com.br\/site2\/2020\/09\/diario-do-isolamento-33-respondendo-entrevista-em-meio-pandemia\/#article","isPartOf":{"@id":"https:\/\/www.ronaldocorreiadebrito.com.br\/site2\/2020\/09\/diario-do-isolamento-33-respondendo-entrevista-em-meio-pandemia\/"},"author":{"name":"admin","@id":"https:\/\/www.ronaldocorreiadebrito.com.br\/site2\/#\/schema\/person\/99a164d0eaaff7f78b11899bc7d5e7c9"},"headline":"Di\u00e1rio do isolamento 33 &#8211; Respondendo entrevista em meio \u00e0 pandemia","datePublished":"2020-09-14T14:01:35+00:00","mainEntityOfPage":{"@id":"https:\/\/www.ronaldocorreiadebrito.com.br\/site2\/2020\/09\/diario-do-isolamento-33-respondendo-entrevista-em-meio-pandemia\/"},"wordCount":520,"commentCount":0,"image":{"@id":"https:\/\/www.ronaldocorreiadebrito.com.br\/site2\/2020\/09\/diario-do-isolamento-33-respondendo-entrevista-em-meio-pandemia\/#primaryimage"},"thumbnailUrl":"https:\/\/www.ronaldocorreiadebrito.com.br\/site2\/wp-content\/uploads\/2020\/09\/faca-capa.jpg","articleSection":["Blog","Links","Slider"],"inLanguage":"pt-BR","potentialAction":[{"@type":"CommentAction","name":"Comment","target":["https:\/\/www.ronaldocorreiadebrito.com.br\/site2\/2020\/09\/diario-do-isolamento-33-respondendo-entrevista-em-meio-pandemia\/#respond"]}]},{"@type":"WebPage","@id":"https:\/\/www.ronaldocorreiadebrito.com.br\/site2\/2020\/09\/diario-do-isolamento-33-respondendo-entrevista-em-meio-pandemia\/","url":"https:\/\/www.ronaldocorreiadebrito.com.br\/site2\/2020\/09\/diario-do-isolamento-33-respondendo-entrevista-em-meio-pandemia\/","name":"Di\u00e1rio do isolamento 33 - Respondendo entrevista em meio \u00e0 pandemia | Ronaldo Correia de Brito | site oficial","isPartOf":{"@id":"https:\/\/www.ronaldocorreiadebrito.com.br\/site2\/#website"},"primaryImageOfPage":{"@id":"https:\/\/www.ronaldocorreiadebrito.com.br\/site2\/2020\/09\/diario-do-isolamento-33-respondendo-entrevista-em-meio-pandemia\/#primaryimage"},"image":{"@id":"https:\/\/www.ronaldocorreiadebrito.com.br\/site2\/2020\/09\/diario-do-isolamento-33-respondendo-entrevista-em-meio-pandemia\/#primaryimage"},"thumbnailUrl":"https:\/\/www.ronaldocorreiadebrito.com.br\/site2\/wp-content\/uploads\/2020\/09\/faca-capa.jpg","datePublished":"2020-09-14T14:01:35+00:00","author":{"@id":"https:\/\/www.ronaldocorreiadebrito.com.br\/site2\/#\/schema\/person\/99a164d0eaaff7f78b11899bc7d5e7c9"},"breadcrumb":{"@id":"https:\/\/www.ronaldocorreiadebrito.com.br\/site2\/2020\/09\/diario-do-isolamento-33-respondendo-entrevista-em-meio-pandemia\/#breadcrumb"},"inLanguage":"pt-BR","potentialAction":[{"@type":"ReadAction","target":["https:\/\/www.ronaldocorreiadebrito.com.br\/site2\/2020\/09\/diario-do-isolamento-33-respondendo-entrevista-em-meio-pandemia\/"]}]},{"@type":"ImageObject","inLanguage":"pt-BR","@id":"https:\/\/www.ronaldocorreiadebrito.com.br\/site2\/2020\/09\/diario-do-isolamento-33-respondendo-entrevista-em-meio-pandemia\/#primaryimage","url":"https:\/\/www.ronaldocorreiadebrito.com.br\/site2\/wp-content\/uploads\/2020\/09\/faca-capa.jpg","contentUrl":"https:\/\/www.ronaldocorreiadebrito.com.br\/site2\/wp-content\/uploads\/2020\/09\/faca-capa.jpg","width":749,"height":1000},{"@type":"BreadcrumbList","@id":"https:\/\/www.ronaldocorreiadebrito.com.br\/site2\/2020\/09\/diario-do-isolamento-33-respondendo-entrevista-em-meio-pandemia\/#breadcrumb","itemListElement":[{"@type":"ListItem","position":1,"name":"In\u00edcio","item":"https:\/\/www.ronaldocorreiadebrito.com.br\/site2\/"},{"@type":"ListItem","position":2,"name":"Di\u00e1rio do isolamento 33 &#8211; Respondendo entrevista em meio \u00e0 pandemia"}]},{"@type":"WebSite","@id":"https:\/\/www.ronaldocorreiadebrito.com.br\/site2\/#website","url":"https:\/\/www.ronaldocorreiadebrito.com.br\/site2\/","name":"Ronaldo Correia de Brito | site oficial","description":"Site oficial do escritor Ronaldo Correia de Brito","potentialAction":[{"@type":"SearchAction","target":{"@type":"EntryPoint","urlTemplate":"https:\/\/www.ronaldocorreiadebrito.com.br\/site2\/?s={search_term_string}"},"query-input":{"@type":"PropertyValueSpecification","valueRequired":true,"valueName":"search_term_string"}}],"inLanguage":"pt-BR"},{"@type":"Person","@id":"https:\/\/www.ronaldocorreiadebrito.com.br\/site2\/#\/schema\/person\/99a164d0eaaff7f78b11899bc7d5e7c9","name":"admin","url":"https:\/\/www.ronaldocorreiadebrito.com.br\/site2\/author\/admin\/"}]}},"wps_subtitle":"","_links":{"self":[{"href":"https:\/\/www.ronaldocorreiadebrito.com.br\/site2\/wp-json\/wp\/v2\/posts\/1424","targetHints":{"allow":["GET"]}}],"collection":[{"href":"https:\/\/www.ronaldocorreiadebrito.com.br\/site2\/wp-json\/wp\/v2\/posts"}],"about":[{"href":"https:\/\/www.ronaldocorreiadebrito.com.br\/site2\/wp-json\/wp\/v2\/types\/post"}],"author":[{"embeddable":true,"href":"https:\/\/www.ronaldocorreiadebrito.com.br\/site2\/wp-json\/wp\/v2\/users\/1"}],"replies":[{"embeddable":true,"href":"https:\/\/www.ronaldocorreiadebrito.com.br\/site2\/wp-json\/wp\/v2\/comments?post=1424"}],"version-history":[{"count":0,"href":"https:\/\/www.ronaldocorreiadebrito.com.br\/site2\/wp-json\/wp\/v2\/posts\/1424\/revisions"}],"wp:featuredmedia":[{"embeddable":true,"href":"https:\/\/www.ronaldocorreiadebrito.com.br\/site2\/wp-json\/wp\/v2\/media\/1425"}],"wp:attachment":[{"href":"https:\/\/www.ronaldocorreiadebrito.com.br\/site2\/wp-json\/wp\/v2\/media?parent=1424"}],"wp:term":[{"taxonomy":"category","embeddable":true,"href":"https:\/\/www.ronaldocorreiadebrito.com.br\/site2\/wp-json\/wp\/v2\/categories?post=1424"},{"taxonomy":"post_tag","embeddable":true,"href":"https:\/\/www.ronaldocorreiadebrito.com.br\/site2\/wp-json\/wp\/v2\/tags?post=1424"}],"curies":[{"name":"wp","href":"https:\/\/api.w.org\/{rel}","templated":true}]}}