{"id":1402,"date":"2020-08-23T12:47:07","date_gmt":"2020-08-23T15:47:07","guid":{"rendered":"http:\/\/www.ronaldocorreiadebrito.com.br\/site2\/?p=1402"},"modified":"2020-08-23T13:06:50","modified_gmt":"2020-08-23T16:06:50","slug":"ii-igreja-catolica-permanece-castrando","status":"publish","type":"post","link":"https:\/\/www.ronaldocorreiadebrito.com.br\/site2\/2020\/08\/ii-igreja-catolica-permanece-castrando\/","title":{"rendered":"II \u2013 A Igreja Cat\u00f3lica permanece castrando"},"content":{"rendered":"<p class=\"p1\" style=\"text-align: right;\"><span class=\"s1\">Di\u00e1rio do isolamento 29<br \/>\n<\/span><span class=\"s1\">(domingo, 23 de agosto)<\/span><\/p>\n<p><strong>[Continua\u00e7\u00e3o]<\/strong><\/p>\n<p class=\"p1\"><span class=\"s1\">II \u2013 A Igreja Cat\u00f3lica permanece castrando<\/span><\/p>\n<p class=\"p1\"><span class=\"s1\">\u201cInfelizmente, Recife est\u00e1 criando fama de \u2018capital do aborto\u2019\u201d. As palavras s\u00e3o de Dom Fernando Saburido, arcebispo de Olinda e Recife, que senta na cadeira onde sentou Dom Helder C\u00e2mara. Ele se refere \u00e0 menina de dez anos, estuprada pelo tio, que veio do Esp\u00edrito Santo para nossa cidade, depois de ser recusada por outros centros m\u00e9dicos. Felizmente, temos profissionais \u00e9ticos, humanos e corajosos. E, neste caso, a Justi\u00e7a funcionou. Dom Saburido menciona outra hist\u00f3ria, ocorrida algum tempo atr\u00e1s, quando uma menina de nove anos, tamb\u00e9m estuprada e gr\u00e1vida de g\u00eameos, teve a gesta\u00e7\u00e3o interrompida, sob protestos e clamores de religiosos.\u00a0<\/span><\/p>\n<p class=\"p1\"><span class=\"s1\">Nos depoimentos de padres, bispos e arcebispos sobre o caso atual, \u00e9 dif\u00edcil escolher o mais chocante. E n\u00e3o menciono ministra nem deputada, nem os fi\u00e9is cat\u00f3licos que se postaram de ter\u00e7os nas m\u00e3os, em frente \u00e0 maternidade onde seria realizado o procedimento, tentando impedir a entrada da v\u00edtima e gritando \u201cassassina\u201d.<\/span><\/p>\n<p class=\"p1\"><span class=\"s1\">Em nota, o presidente da Confer\u00eancia Nacional dos Bispos do Brasil, CNBB (sim, ela mesma, que no passado uniu-se aos que lutavam contra a ditadura militar), dom Walmor de Azevedo, qualificou o aborto de \u201ccrime hediondo\u201d, equiparando-o ao estupro. Mais radical, Dom Saburido classificou o estupro praticado pelo tio da menina de \u201cgrave\u201d e o aborto de \u201cgrav\u00edssimo\u201d.<\/span><\/p>\n<p class=\"p1\"><span class=\"s1\">Mas nada se compara \u00e0 postagem do padre Ramiro Jos\u00e9 Perotto, de Carlinda, MT, em sua p\u00e1gina no facebook.<span class=\"Apple-converted-space\">\u00a0 <\/span>Ele escreveu: \u201cVoc\u00ea acredita que a menina \u00e9 inocente? Acredita em Papai Noel tamb\u00e9m. Por quatro anos n\u00e3o disse nada. Claro que estava gostando. Ela compactuou com tudo e agora \u00e9 menina inocente. Gosta de dar, ent\u00e3o que assuma as consequ\u00eancias\u201d. Esse \u00e9 o ponto de vista do padre de uma Igreja afundada em esc\u00e2ndalos de pedofilia, sobretudo com meninos, que n\u00e3o engravidam. <\/span><\/p>\n<p class=\"p1\"><span class=\"s1\">O abuso de menores \u00e9 pr\u00e1tica corriqueira no catolicismo. Em 1589, a bula do Papa Sisto V permitiu a inclus\u00e3o de quatro <i>castrati<\/i> no coro da Bas\u00edlica de S\u00e3o Pedro, abandonando a decis\u00e3o do conselho de Nic\u00e9ia, que proibia a castra\u00e7\u00e3o de crian\u00e7as com o fim de manter suas vozes angelicais. Pela santa hipocrisia da Igreja, qualquer pessoa que tivesse algo a ver com a castra\u00e7\u00e3o, seria excomungada. Mas n\u00e3o faltavam meninos castrados para os coros da Capela do Papa, porque as necessidade musicais prevaleciam sobre a proibi\u00e7\u00e3o.<\/span><\/p>\n<p class=\"p1\"><span class=\"s1\">Numa barbearia de Roma, uma placa anunciava: \u201cCastram-se cantores para o coro da capela papal\u201d. Calcula-se que s\u00f3 no s\u00e9culo XVIII, uns 4.000 meninos italianos foram castrados com esse fim. O papa Benedito XIV mencionou a decis\u00e3o do Conc\u00edlio de Niceia, que tornava ilegal a castra\u00e7\u00e3o. Mas o apelo da m\u00fasica assumira tamanha import\u00e2ncia nas cerim\u00f4nias religiosas, que em 1748 ele rejeitou a sugest\u00e3o dos bispos de proscrever os <i>castrati<\/i>, temendo que as igrejas ficassem vazias.<span class=\"Apple-converted-space\">\u00a0 <\/span>Os <i>castrati<\/i> continuaram a cantar at\u00e9 come\u00e7o do s\u00e9culo XX nos coros das igrejas italianas, na Bas\u00edlica de S\u00e3o Pedro e na pr\u00f3pria Capela Sistina.<\/span><\/p>\n<p class=\"p1\"><span class=\"s1\">Na cidade do Crato, onde morei, havia uma casa em ru\u00ednas, antiga resid\u00eancia de uma fam\u00edlia de leprosos. Ao passarem em frente a ela, as pessoas desciam a cal\u00e7ada e paravam de respirar, com medo do cont\u00e1gio.<span class=\"Apple-converted-space\">\u00a0 <\/span>Acho que vou fazer o mesmo quando passar em frente a uma igreja.<\/span><\/p>\n","protected":false},"excerpt":{"rendered":"<p>Di\u00e1rio do isolamento 29 (domingo, 23 de agosto) [Continua\u00e7\u00e3o] II \u2013 A Igreja Cat\u00f3lica permanece castrando \u201cInfelizmente, Recife est\u00e1 criando fama de \u2018capital do aborto\u2019\u201d. As palavras s\u00e3o de Dom Fernando Saburido, arcebispo de Olinda e Recife, que senta na cadeira onde sentou Dom Helder&#8230;<\/p>\n","protected":false},"author":1,"featured_media":1403,"comment_status":"open","ping_status":"closed","sticky":false,"template":"","format":"standard","meta":{"sfsi_plus_gutenberg_text_before_share":"","sfsi_plus_gutenberg_show_text_before_share":"","sfsi_plus_gutenberg_icon_type":"","sfsi_plus_gutenberg_icon_alignemt":"","sfsi_plus_gutenburg_max_per_row":"","footnotes":""},"categories":[8,46,45],"tags":[],"class_list":["post-1402","post","type-post","status-publish","format-standard","has-post-thumbnail","hentry","category-blog","category-links","category-slider"],"yoast_head":"<!-- This site is optimized with the Yoast SEO plugin v27.4 - https:\/\/yoast.com\/product\/yoast-seo-wordpress\/ -->\n<title>II \u2013 A Igreja Cat\u00f3lica permanece castrando | Ronaldo Correia de Brito | site oficial<\/title>\n<meta name=\"robots\" content=\"index, follow, max-snippet:-1, max-image-preview:large, max-video-preview:-1\" \/>\n<link rel=\"canonical\" href=\"https:\/\/www.ronaldocorreiadebrito.com.br\/site2\/2020\/08\/ii-igreja-catolica-permanece-castrando\/\" \/>\n<meta property=\"og:locale\" content=\"pt_BR\" \/>\n<meta property=\"og:type\" content=\"article\" \/>\n<meta property=\"og:title\" content=\"II \u2013 A Igreja Cat\u00f3lica permanece castrando | Ronaldo Correia de Brito | site oficial\" \/>\n<meta property=\"og:description\" content=\"Di\u00e1rio do isolamento 29 (domingo, 23 de agosto) [Continua\u00e7\u00e3o] II \u2013 A Igreja Cat\u00f3lica permanece castrando \u201cInfelizmente, Recife est\u00e1 criando fama de \u2018capital do aborto\u2019\u201d. As palavras s\u00e3o de Dom Fernando Saburido, arcebispo de Olinda e Recife, que senta na cadeira onde sentou Dom Helder...\" \/>\n<meta property=\"og:url\" content=\"https:\/\/www.ronaldocorreiadebrito.com.br\/site2\/2020\/08\/ii-igreja-catolica-permanece-castrando\/\" \/>\n<meta property=\"og:site_name\" content=\"Ronaldo Correia de Brito | site oficial\" \/>\n<meta property=\"article:publisher\" content=\"https:\/\/www.facebook.com\/ronaldocorreiadebrito.oficial\" \/>\n<meta property=\"article:published_time\" content=\"2020-08-23T15:47:07+00:00\" \/>\n<meta property=\"article:modified_time\" content=\"2020-08-23T16:06:50+00:00\" \/>\n<meta property=\"og:image\" content=\"https:\/\/www.ronaldocorreiadebrito.com.br\/site2\/wp-content\/uploads\/2020\/08\/arton16888.jpg\" \/>\n\t<meta property=\"og:image:width\" content=\"900\" \/>\n\t<meta property=\"og:image:height\" content=\"600\" \/>\n\t<meta property=\"og:image:type\" content=\"image\/jpeg\" \/>\n<meta name=\"author\" content=\"admin\" \/>\n<meta name=\"twitter:card\" content=\"summary_large_image\" \/>\n<meta name=\"twitter:label1\" content=\"Escrito por\" \/>\n\t<meta name=\"twitter:data1\" content=\"admin\" \/>\n\t<meta name=\"twitter:label2\" content=\"Est. tempo de leitura\" \/>\n\t<meta name=\"twitter:data2\" content=\"3 minutos\" \/>\n<script type=\"application\/ld+json\" class=\"yoast-schema-graph\">{\"@context\":\"https:\\\/\\\/schema.org\",\"@graph\":[{\"@type\":\"Article\",\"@id\":\"https:\\\/\\\/www.ronaldocorreiadebrito.com.br\\\/site2\\\/2020\\\/08\\\/ii-igreja-catolica-permanece-castrando\\\/#article\",\"isPartOf\":{\"@id\":\"https:\\\/\\\/www.ronaldocorreiadebrito.com.br\\\/site2\\\/2020\\\/08\\\/ii-igreja-catolica-permanece-castrando\\\/\"},\"author\":{\"name\":\"admin\",\"@id\":\"https:\\\/\\\/www.ronaldocorreiadebrito.com.br\\\/site2\\\/#\\\/schema\\\/person\\\/99a164d0eaaff7f78b11899bc7d5e7c9\"},\"headline\":\"II \u2013 A Igreja Cat\u00f3lica permanece castrando\",\"datePublished\":\"2020-08-23T15:47:07+00:00\",\"dateModified\":\"2020-08-23T16:06:50+00:00\",\"mainEntityOfPage\":{\"@id\":\"https:\\\/\\\/www.ronaldocorreiadebrito.com.br\\\/site2\\\/2020\\\/08\\\/ii-igreja-catolica-permanece-castrando\\\/\"},\"wordCount\":600,\"commentCount\":0,\"image\":{\"@id\":\"https:\\\/\\\/www.ronaldocorreiadebrito.com.br\\\/site2\\\/2020\\\/08\\\/ii-igreja-catolica-permanece-castrando\\\/#primaryimage\"},\"thumbnailUrl\":\"https:\\\/\\\/www.ronaldocorreiadebrito.com.br\\\/site2\\\/wp-content\\\/uploads\\\/2020\\\/08\\\/arton16888.jpg\",\"articleSection\":[\"Blog\",\"Links\",\"Slider\"],\"inLanguage\":\"pt-BR\",\"potentialAction\":[{\"@type\":\"CommentAction\",\"name\":\"Comment\",\"target\":[\"https:\\\/\\\/www.ronaldocorreiadebrito.com.br\\\/site2\\\/2020\\\/08\\\/ii-igreja-catolica-permanece-castrando\\\/#respond\"]}]},{\"@type\":\"WebPage\",\"@id\":\"https:\\\/\\\/www.ronaldocorreiadebrito.com.br\\\/site2\\\/2020\\\/08\\\/ii-igreja-catolica-permanece-castrando\\\/\",\"url\":\"https:\\\/\\\/www.ronaldocorreiadebrito.com.br\\\/site2\\\/2020\\\/08\\\/ii-igreja-catolica-permanece-castrando\\\/\",\"name\":\"II \u2013 A Igreja Cat\u00f3lica permanece castrando | Ronaldo Correia de Brito | site oficial\",\"isPartOf\":{\"@id\":\"https:\\\/\\\/www.ronaldocorreiadebrito.com.br\\\/site2\\\/#website\"},\"primaryImageOfPage\":{\"@id\":\"https:\\\/\\\/www.ronaldocorreiadebrito.com.br\\\/site2\\\/2020\\\/08\\\/ii-igreja-catolica-permanece-castrando\\\/#primaryimage\"},\"image\":{\"@id\":\"https:\\\/\\\/www.ronaldocorreiadebrito.com.br\\\/site2\\\/2020\\\/08\\\/ii-igreja-catolica-permanece-castrando\\\/#primaryimage\"},\"thumbnailUrl\":\"https:\\\/\\\/www.ronaldocorreiadebrito.com.br\\\/site2\\\/wp-content\\\/uploads\\\/2020\\\/08\\\/arton16888.jpg\",\"datePublished\":\"2020-08-23T15:47:07+00:00\",\"dateModified\":\"2020-08-23T16:06:50+00:00\",\"author\":{\"@id\":\"https:\\\/\\\/www.ronaldocorreiadebrito.com.br\\\/site2\\\/#\\\/schema\\\/person\\\/99a164d0eaaff7f78b11899bc7d5e7c9\"},\"breadcrumb\":{\"@id\":\"https:\\\/\\\/www.ronaldocorreiadebrito.com.br\\\/site2\\\/2020\\\/08\\\/ii-igreja-catolica-permanece-castrando\\\/#breadcrumb\"},\"inLanguage\":\"pt-BR\",\"potentialAction\":[{\"@type\":\"ReadAction\",\"target\":[\"https:\\\/\\\/www.ronaldocorreiadebrito.com.br\\\/site2\\\/2020\\\/08\\\/ii-igreja-catolica-permanece-castrando\\\/\"]}]},{\"@type\":\"ImageObject\",\"inLanguage\":\"pt-BR\",\"@id\":\"https:\\\/\\\/www.ronaldocorreiadebrito.com.br\\\/site2\\\/2020\\\/08\\\/ii-igreja-catolica-permanece-castrando\\\/#primaryimage\",\"url\":\"https:\\\/\\\/www.ronaldocorreiadebrito.com.br\\\/site2\\\/wp-content\\\/uploads\\\/2020\\\/08\\\/arton16888.jpg\",\"contentUrl\":\"https:\\\/\\\/www.ronaldocorreiadebrito.com.br\\\/site2\\\/wp-content\\\/uploads\\\/2020\\\/08\\\/arton16888.jpg\",\"width\":900,\"height\":600},{\"@type\":\"BreadcrumbList\",\"@id\":\"https:\\\/\\\/www.ronaldocorreiadebrito.com.br\\\/site2\\\/2020\\\/08\\\/ii-igreja-catolica-permanece-castrando\\\/#breadcrumb\",\"itemListElement\":[{\"@type\":\"ListItem\",\"position\":1,\"name\":\"In\u00edcio\",\"item\":\"https:\\\/\\\/www.ronaldocorreiadebrito.com.br\\\/site2\\\/\"},{\"@type\":\"ListItem\",\"position\":2,\"name\":\"II \u2013 A Igreja Cat\u00f3lica permanece castrando\"}]},{\"@type\":\"WebSite\",\"@id\":\"https:\\\/\\\/www.ronaldocorreiadebrito.com.br\\\/site2\\\/#website\",\"url\":\"https:\\\/\\\/www.ronaldocorreiadebrito.com.br\\\/site2\\\/\",\"name\":\"Ronaldo Correia de Brito | site oficial\",\"description\":\"Site oficial do escritor Ronaldo Correia de Brito\",\"potentialAction\":[{\"@type\":\"SearchAction\",\"target\":{\"@type\":\"EntryPoint\",\"urlTemplate\":\"https:\\\/\\\/www.ronaldocorreiadebrito.com.br\\\/site2\\\/?s={search_term_string}\"},\"query-input\":{\"@type\":\"PropertyValueSpecification\",\"valueRequired\":true,\"valueName\":\"search_term_string\"}}],\"inLanguage\":\"pt-BR\"},{\"@type\":\"Person\",\"@id\":\"https:\\\/\\\/www.ronaldocorreiadebrito.com.br\\\/site2\\\/#\\\/schema\\\/person\\\/99a164d0eaaff7f78b11899bc7d5e7c9\",\"name\":\"admin\",\"url\":\"https:\\\/\\\/www.ronaldocorreiadebrito.com.br\\\/site2\\\/author\\\/admin\\\/\"}]}<\/script>\n<!-- \/ Yoast SEO plugin. -->","yoast_head_json":{"title":"II \u2013 A Igreja Cat\u00f3lica permanece castrando | Ronaldo Correia de Brito | site oficial","robots":{"index":"index","follow":"follow","max-snippet":"max-snippet:-1","max-image-preview":"max-image-preview:large","max-video-preview":"max-video-preview:-1"},"canonical":"https:\/\/www.ronaldocorreiadebrito.com.br\/site2\/2020\/08\/ii-igreja-catolica-permanece-castrando\/","og_locale":"pt_BR","og_type":"article","og_title":"II \u2013 A Igreja Cat\u00f3lica permanece castrando | Ronaldo Correia de Brito | site oficial","og_description":"Di\u00e1rio do isolamento 29 (domingo, 23 de agosto) [Continua\u00e7\u00e3o] II \u2013 A Igreja Cat\u00f3lica permanece castrando \u201cInfelizmente, Recife est\u00e1 criando fama de \u2018capital do aborto\u2019\u201d. As palavras s\u00e3o de Dom Fernando Saburido, arcebispo de Olinda e Recife, que senta na cadeira onde sentou Dom Helder...","og_url":"https:\/\/www.ronaldocorreiadebrito.com.br\/site2\/2020\/08\/ii-igreja-catolica-permanece-castrando\/","og_site_name":"Ronaldo Correia de Brito | site oficial","article_publisher":"https:\/\/www.facebook.com\/ronaldocorreiadebrito.oficial","article_published_time":"2020-08-23T15:47:07+00:00","article_modified_time":"2020-08-23T16:06:50+00:00","og_image":[{"width":900,"height":600,"url":"https:\/\/www.ronaldocorreiadebrito.com.br\/site2\/wp-content\/uploads\/2020\/08\/arton16888.jpg","type":"image\/jpeg"}],"author":"admin","twitter_card":"summary_large_image","twitter_misc":{"Escrito por":"admin","Est. tempo de leitura":"3 minutos"},"schema":{"@context":"https:\/\/schema.org","@graph":[{"@type":"Article","@id":"https:\/\/www.ronaldocorreiadebrito.com.br\/site2\/2020\/08\/ii-igreja-catolica-permanece-castrando\/#article","isPartOf":{"@id":"https:\/\/www.ronaldocorreiadebrito.com.br\/site2\/2020\/08\/ii-igreja-catolica-permanece-castrando\/"},"author":{"name":"admin","@id":"https:\/\/www.ronaldocorreiadebrito.com.br\/site2\/#\/schema\/person\/99a164d0eaaff7f78b11899bc7d5e7c9"},"headline":"II \u2013 A Igreja Cat\u00f3lica permanece castrando","datePublished":"2020-08-23T15:47:07+00:00","dateModified":"2020-08-23T16:06:50+00:00","mainEntityOfPage":{"@id":"https:\/\/www.ronaldocorreiadebrito.com.br\/site2\/2020\/08\/ii-igreja-catolica-permanece-castrando\/"},"wordCount":600,"commentCount":0,"image":{"@id":"https:\/\/www.ronaldocorreiadebrito.com.br\/site2\/2020\/08\/ii-igreja-catolica-permanece-castrando\/#primaryimage"},"thumbnailUrl":"https:\/\/www.ronaldocorreiadebrito.com.br\/site2\/wp-content\/uploads\/2020\/08\/arton16888.jpg","articleSection":["Blog","Links","Slider"],"inLanguage":"pt-BR","potentialAction":[{"@type":"CommentAction","name":"Comment","target":["https:\/\/www.ronaldocorreiadebrito.com.br\/site2\/2020\/08\/ii-igreja-catolica-permanece-castrando\/#respond"]}]},{"@type":"WebPage","@id":"https:\/\/www.ronaldocorreiadebrito.com.br\/site2\/2020\/08\/ii-igreja-catolica-permanece-castrando\/","url":"https:\/\/www.ronaldocorreiadebrito.com.br\/site2\/2020\/08\/ii-igreja-catolica-permanece-castrando\/","name":"II \u2013 A Igreja Cat\u00f3lica permanece castrando | Ronaldo Correia de Brito | site oficial","isPartOf":{"@id":"https:\/\/www.ronaldocorreiadebrito.com.br\/site2\/#website"},"primaryImageOfPage":{"@id":"https:\/\/www.ronaldocorreiadebrito.com.br\/site2\/2020\/08\/ii-igreja-catolica-permanece-castrando\/#primaryimage"},"image":{"@id":"https:\/\/www.ronaldocorreiadebrito.com.br\/site2\/2020\/08\/ii-igreja-catolica-permanece-castrando\/#primaryimage"},"thumbnailUrl":"https:\/\/www.ronaldocorreiadebrito.com.br\/site2\/wp-content\/uploads\/2020\/08\/arton16888.jpg","datePublished":"2020-08-23T15:47:07+00:00","dateModified":"2020-08-23T16:06:50+00:00","author":{"@id":"https:\/\/www.ronaldocorreiadebrito.com.br\/site2\/#\/schema\/person\/99a164d0eaaff7f78b11899bc7d5e7c9"},"breadcrumb":{"@id":"https:\/\/www.ronaldocorreiadebrito.com.br\/site2\/2020\/08\/ii-igreja-catolica-permanece-castrando\/#breadcrumb"},"inLanguage":"pt-BR","potentialAction":[{"@type":"ReadAction","target":["https:\/\/www.ronaldocorreiadebrito.com.br\/site2\/2020\/08\/ii-igreja-catolica-permanece-castrando\/"]}]},{"@type":"ImageObject","inLanguage":"pt-BR","@id":"https:\/\/www.ronaldocorreiadebrito.com.br\/site2\/2020\/08\/ii-igreja-catolica-permanece-castrando\/#primaryimage","url":"https:\/\/www.ronaldocorreiadebrito.com.br\/site2\/wp-content\/uploads\/2020\/08\/arton16888.jpg","contentUrl":"https:\/\/www.ronaldocorreiadebrito.com.br\/site2\/wp-content\/uploads\/2020\/08\/arton16888.jpg","width":900,"height":600},{"@type":"BreadcrumbList","@id":"https:\/\/www.ronaldocorreiadebrito.com.br\/site2\/2020\/08\/ii-igreja-catolica-permanece-castrando\/#breadcrumb","itemListElement":[{"@type":"ListItem","position":1,"name":"In\u00edcio","item":"https:\/\/www.ronaldocorreiadebrito.com.br\/site2\/"},{"@type":"ListItem","position":2,"name":"II \u2013 A Igreja Cat\u00f3lica permanece castrando"}]},{"@type":"WebSite","@id":"https:\/\/www.ronaldocorreiadebrito.com.br\/site2\/#website","url":"https:\/\/www.ronaldocorreiadebrito.com.br\/site2\/","name":"Ronaldo Correia de Brito | site oficial","description":"Site oficial do escritor Ronaldo Correia de Brito","potentialAction":[{"@type":"SearchAction","target":{"@type":"EntryPoint","urlTemplate":"https:\/\/www.ronaldocorreiadebrito.com.br\/site2\/?s={search_term_string}"},"query-input":{"@type":"PropertyValueSpecification","valueRequired":true,"valueName":"search_term_string"}}],"inLanguage":"pt-BR"},{"@type":"Person","@id":"https:\/\/www.ronaldocorreiadebrito.com.br\/site2\/#\/schema\/person\/99a164d0eaaff7f78b11899bc7d5e7c9","name":"admin","url":"https:\/\/www.ronaldocorreiadebrito.com.br\/site2\/author\/admin\/"}]}},"wps_subtitle":"","_links":{"self":[{"href":"https:\/\/www.ronaldocorreiadebrito.com.br\/site2\/wp-json\/wp\/v2\/posts\/1402","targetHints":{"allow":["GET"]}}],"collection":[{"href":"https:\/\/www.ronaldocorreiadebrito.com.br\/site2\/wp-json\/wp\/v2\/posts"}],"about":[{"href":"https:\/\/www.ronaldocorreiadebrito.com.br\/site2\/wp-json\/wp\/v2\/types\/post"}],"author":[{"embeddable":true,"href":"https:\/\/www.ronaldocorreiadebrito.com.br\/site2\/wp-json\/wp\/v2\/users\/1"}],"replies":[{"embeddable":true,"href":"https:\/\/www.ronaldocorreiadebrito.com.br\/site2\/wp-json\/wp\/v2\/comments?post=1402"}],"version-history":[{"count":0,"href":"https:\/\/www.ronaldocorreiadebrito.com.br\/site2\/wp-json\/wp\/v2\/posts\/1402\/revisions"}],"wp:featuredmedia":[{"embeddable":true,"href":"https:\/\/www.ronaldocorreiadebrito.com.br\/site2\/wp-json\/wp\/v2\/media\/1403"}],"wp:attachment":[{"href":"https:\/\/www.ronaldocorreiadebrito.com.br\/site2\/wp-json\/wp\/v2\/media?parent=1402"}],"wp:term":[{"taxonomy":"category","embeddable":true,"href":"https:\/\/www.ronaldocorreiadebrito.com.br\/site2\/wp-json\/wp\/v2\/categories?post=1402"},{"taxonomy":"post_tag","embeddable":true,"href":"https:\/\/www.ronaldocorreiadebrito.com.br\/site2\/wp-json\/wp\/v2\/tags?post=1402"}],"curies":[{"name":"wp","href":"https:\/\/api.w.org\/{rel}","templated":true}]}}