{"id":1396,"date":"2020-08-22T15:13:56","date_gmt":"2020-08-22T18:13:56","guid":{"rendered":"http:\/\/www.ronaldocorreiadebrito.com.br\/site2\/?p=1396"},"modified":"2020-08-22T22:36:58","modified_gmt":"2020-08-23T01:36:58","slug":"i-sobre-igrejas-e-igrejas","status":"publish","type":"post","link":"https:\/\/www.ronaldocorreiadebrito.com.br\/site2\/2020\/08\/i-sobre-igrejas-e-igrejas\/","title":{"rendered":"I &#8211; Sobre igrejas e Igrejas"},"content":{"rendered":"<p style=\"text-align: right;\">Di\u00e1rio do Isolamento 28<br \/>\n(s\u00e1bado, 22 de agosto)<\/p>\n<p>I &#8211; Sobre igrejas e Igrejas<\/p>\n<p>Num passeio de domingo em Paris, fomos guiados por Anne Lima, editora francesa da Chandeigne, que publicou meu livro de contos Faca \u2013 Le jour o\u00fa Otacilio Mendes vit le soleil. Isso n\u00e3o faz muito tempo, o Brasil despontava com a melhor pol\u00edtica de incentivo \u00e0 tradu\u00e7\u00e3o e edi\u00e7\u00e3o dos seus escritores. Mas parece que se passaram s\u00e9culos, tamanho o abismo entre esse per\u00edodo iluminado e o obscurantismo em que mergulhamos.<\/p>\n<p>Avistamos a igreja de Saint-\u00c9tienne. Propus \u00e0 guia que entr\u00e1ssemos para conhecer a constru\u00e7\u00e3o nos estilos g\u00f3tico e renascentista, onde foram sepultados Racine e Pascal. Anne falou que pod\u00edamos fazer a visita, ela esperaria do lado de fora, pois n\u00e3o entrava em igrejas. Estranhei a atitude de uma filha de pai portugu\u00eas, mas acatei-a com respeito. O n\u00famero de luso-franc\u00eas ou portugu\u00eas-franc\u00eas \u00e9 bem elevado e a maioria se diz cat\u00f3lico. A Fran\u00e7a \u00e9 um estado laico, o catolicismo anda em baixa. As igrejas funcionam como monumentos tur\u00edsticos. Os portugueses ainda as frequentam por motivos de f\u00e9. Mas Anne Lima representa um novo pensamento e nova atitude acerca da religi\u00e3o.<\/p>\n<p>Em Leipzig, convidei os amigos escritores Luis Krausz e Jo\u00e3o Almino para assistirmos um concerto barroco na Igreja de S\u00e3o Tom\u00e1s, onde Bach foi professor e diretor musical. Krausz, um descendente de judeus alem\u00e3es, recusou-se, alegando que nunca havia entrado em uma igreja. Jo\u00e3o Almino n\u00e3o apreciava o que elas representavam. Habituados a s\u00e9culos de massacre, \u00e9 natural que um judeu se recuse a entrar em templos crist\u00e3os. A coniv\u00eancia do Vaticano com o genoc\u00eddio do seu povo e o envolvimento de cardeais na fuga de alem\u00e3es criminosos de guerra tornou o conv\u00edvio imposs\u00edvel. Prevaleceu o amor \u00e0 arte. Assistimos ao concerto e nos maravilhamos com a m\u00fasica.<\/p>\n<p>Eu tinha dezesseis anos quando decidi romper com o catolicismo. Foi um ato de rebeldia e recusa ao clero hip\u00f3crita. Educado numa fam\u00edlia cat\u00f3lica, minha f\u00e9 em Deus e nos santos n\u00e3o resistia a um sopro. Mam\u00e3e, uma crist\u00e3 verdadeira, praticava os Evangelhos. Minha av\u00f3 seguia o catolicismo popular, supersticioso, cheio de crendices. Meu pai ateu foi amea\u00e7ado de excomunh\u00e3o, por haver batido em um padre. Uma semana antes de morrer, revelou-me sua completa descren\u00e7a na alma e no outro mundo.<\/p>\n<p>Contribuindo para o meu ecletismo religioso, eu convivia com romeiros do Padre C\u00edcero, beatos de seitas milenaristas, ouvia hist\u00f3rias sobre o Caldeir\u00e3o da Santa Cruz do Deserto e assistia espet\u00e1culos populares de reisados e lapinhas, onde o sagrado e o profano se misturam numa desordem ap\u00f3crifa. Da Igreja Cat\u00f3lica, eu s\u00f3 gostava mesmo das festas, prociss\u00f5es, coroa\u00e7\u00f5es, cantos, representa\u00e7\u00f5es, tudo o que a vinculava ao paganismo.<\/p>\n<p>Como se deu a minha ruptura com esse mundo?<br \/>\n(continua amanh\u00e3)<\/p>\n","protected":false},"excerpt":{"rendered":"<p>Di\u00e1rio do Isolamento 28 (s\u00e1bado, 22 de agosto) I &#8211; Sobre igrejas e Igrejas Num passeio de domingo em Paris, fomos guiados por Anne Lima, editora francesa da Chandeigne, que publicou meu livro de contos Faca \u2013 Le jour o\u00fa Otacilio Mendes vit le soleil&#8230;.<\/p>\n","protected":false},"author":1,"featured_media":1397,"comment_status":"open","ping_status":"closed","sticky":false,"template":"","format":"standard","meta":{"sfsi_plus_gutenberg_text_before_share":"","sfsi_plus_gutenberg_show_text_before_share":"","sfsi_plus_gutenberg_icon_type":"","sfsi_plus_gutenberg_icon_alignemt":"","sfsi_plus_gutenburg_max_per_row":"","footnotes":""},"categories":[8,46,45],"tags":[],"class_list":["post-1396","post","type-post","status-publish","format-standard","has-post-thumbnail","hentry","category-blog","category-links","category-slider"],"yoast_head":"<!-- This site is optimized with the Yoast SEO plugin v27.4 - https:\/\/yoast.com\/product\/yoast-seo-wordpress\/ -->\n<title>I - Sobre igrejas e Igrejas | Ronaldo Correia de Brito | site oficial<\/title>\n<meta name=\"robots\" content=\"index, follow, max-snippet:-1, max-image-preview:large, max-video-preview:-1\" \/>\n<link rel=\"canonical\" href=\"https:\/\/www.ronaldocorreiadebrito.com.br\/site2\/2020\/08\/i-sobre-igrejas-e-igrejas\/\" \/>\n<meta property=\"og:locale\" content=\"pt_BR\" \/>\n<meta property=\"og:type\" content=\"article\" \/>\n<meta property=\"og:title\" content=\"I - Sobre igrejas e Igrejas | Ronaldo Correia de Brito | site oficial\" \/>\n<meta property=\"og:description\" content=\"Di\u00e1rio do Isolamento 28 (s\u00e1bado, 22 de agosto) I &#8211; Sobre igrejas e Igrejas Num passeio de domingo em Paris, fomos guiados por Anne Lima, editora francesa da Chandeigne, que publicou meu livro de contos Faca \u2013 Le jour o\u00fa Otacilio Mendes vit le soleil....\" \/>\n<meta property=\"og:url\" content=\"https:\/\/www.ronaldocorreiadebrito.com.br\/site2\/2020\/08\/i-sobre-igrejas-e-igrejas\/\" \/>\n<meta property=\"og:site_name\" content=\"Ronaldo Correia de Brito | site oficial\" \/>\n<meta property=\"article:publisher\" content=\"https:\/\/www.facebook.com\/ronaldocorreiadebrito.oficial\" \/>\n<meta property=\"article:published_time\" content=\"2020-08-22T18:13:56+00:00\" \/>\n<meta property=\"article:modified_time\" content=\"2020-08-23T01:36:58+00:00\" \/>\n<meta property=\"og:image\" content=\"https:\/\/www.ronaldocorreiadebrito.com.br\/site2\/wp-content\/uploads\/2020\/08\/leipezig.jpg\" \/>\n\t<meta property=\"og:image:width\" content=\"1023\" \/>\n\t<meta property=\"og:image:height\" content=\"783\" \/>\n\t<meta property=\"og:image:type\" content=\"image\/jpeg\" \/>\n<meta name=\"author\" content=\"admin\" \/>\n<meta name=\"twitter:card\" content=\"summary_large_image\" \/>\n<meta name=\"twitter:label1\" content=\"Escrito por\" \/>\n\t<meta name=\"twitter:data1\" content=\"admin\" \/>\n\t<meta name=\"twitter:label2\" content=\"Est. tempo de leitura\" \/>\n\t<meta name=\"twitter:data2\" content=\"3 minutos\" \/>\n<script type=\"application\/ld+json\" class=\"yoast-schema-graph\">{\"@context\":\"https:\\\/\\\/schema.org\",\"@graph\":[{\"@type\":\"Article\",\"@id\":\"https:\\\/\\\/www.ronaldocorreiadebrito.com.br\\\/site2\\\/2020\\\/08\\\/i-sobre-igrejas-e-igrejas\\\/#article\",\"isPartOf\":{\"@id\":\"https:\\\/\\\/www.ronaldocorreiadebrito.com.br\\\/site2\\\/2020\\\/08\\\/i-sobre-igrejas-e-igrejas\\\/\"},\"author\":{\"name\":\"admin\",\"@id\":\"https:\\\/\\\/www.ronaldocorreiadebrito.com.br\\\/site2\\\/#\\\/schema\\\/person\\\/99a164d0eaaff7f78b11899bc7d5e7c9\"},\"headline\":\"I &#8211; Sobre igrejas e Igrejas\",\"datePublished\":\"2020-08-22T18:13:56+00:00\",\"dateModified\":\"2020-08-23T01:36:58+00:00\",\"mainEntityOfPage\":{\"@id\":\"https:\\\/\\\/www.ronaldocorreiadebrito.com.br\\\/site2\\\/2020\\\/08\\\/i-sobre-igrejas-e-igrejas\\\/\"},\"wordCount\":512,\"commentCount\":0,\"image\":{\"@id\":\"https:\\\/\\\/www.ronaldocorreiadebrito.com.br\\\/site2\\\/2020\\\/08\\\/i-sobre-igrejas-e-igrejas\\\/#primaryimage\"},\"thumbnailUrl\":\"https:\\\/\\\/www.ronaldocorreiadebrito.com.br\\\/site2\\\/wp-content\\\/uploads\\\/2020\\\/08\\\/leipezig.jpg\",\"articleSection\":[\"Blog\",\"Links\",\"Slider\"],\"inLanguage\":\"pt-BR\",\"potentialAction\":[{\"@type\":\"CommentAction\",\"name\":\"Comment\",\"target\":[\"https:\\\/\\\/www.ronaldocorreiadebrito.com.br\\\/site2\\\/2020\\\/08\\\/i-sobre-igrejas-e-igrejas\\\/#respond\"]}]},{\"@type\":\"WebPage\",\"@id\":\"https:\\\/\\\/www.ronaldocorreiadebrito.com.br\\\/site2\\\/2020\\\/08\\\/i-sobre-igrejas-e-igrejas\\\/\",\"url\":\"https:\\\/\\\/www.ronaldocorreiadebrito.com.br\\\/site2\\\/2020\\\/08\\\/i-sobre-igrejas-e-igrejas\\\/\",\"name\":\"I - Sobre igrejas e Igrejas | Ronaldo Correia de Brito | site oficial\",\"isPartOf\":{\"@id\":\"https:\\\/\\\/www.ronaldocorreiadebrito.com.br\\\/site2\\\/#website\"},\"primaryImageOfPage\":{\"@id\":\"https:\\\/\\\/www.ronaldocorreiadebrito.com.br\\\/site2\\\/2020\\\/08\\\/i-sobre-igrejas-e-igrejas\\\/#primaryimage\"},\"image\":{\"@id\":\"https:\\\/\\\/www.ronaldocorreiadebrito.com.br\\\/site2\\\/2020\\\/08\\\/i-sobre-igrejas-e-igrejas\\\/#primaryimage\"},\"thumbnailUrl\":\"https:\\\/\\\/www.ronaldocorreiadebrito.com.br\\\/site2\\\/wp-content\\\/uploads\\\/2020\\\/08\\\/leipezig.jpg\",\"datePublished\":\"2020-08-22T18:13:56+00:00\",\"dateModified\":\"2020-08-23T01:36:58+00:00\",\"author\":{\"@id\":\"https:\\\/\\\/www.ronaldocorreiadebrito.com.br\\\/site2\\\/#\\\/schema\\\/person\\\/99a164d0eaaff7f78b11899bc7d5e7c9\"},\"breadcrumb\":{\"@id\":\"https:\\\/\\\/www.ronaldocorreiadebrito.com.br\\\/site2\\\/2020\\\/08\\\/i-sobre-igrejas-e-igrejas\\\/#breadcrumb\"},\"inLanguage\":\"pt-BR\",\"potentialAction\":[{\"@type\":\"ReadAction\",\"target\":[\"https:\\\/\\\/www.ronaldocorreiadebrito.com.br\\\/site2\\\/2020\\\/08\\\/i-sobre-igrejas-e-igrejas\\\/\"]}]},{\"@type\":\"ImageObject\",\"inLanguage\":\"pt-BR\",\"@id\":\"https:\\\/\\\/www.ronaldocorreiadebrito.com.br\\\/site2\\\/2020\\\/08\\\/i-sobre-igrejas-e-igrejas\\\/#primaryimage\",\"url\":\"https:\\\/\\\/www.ronaldocorreiadebrito.com.br\\\/site2\\\/wp-content\\\/uploads\\\/2020\\\/08\\\/leipezig.jpg\",\"contentUrl\":\"https:\\\/\\\/www.ronaldocorreiadebrito.com.br\\\/site2\\\/wp-content\\\/uploads\\\/2020\\\/08\\\/leipezig.jpg\",\"width\":1023,\"height\":783},{\"@type\":\"BreadcrumbList\",\"@id\":\"https:\\\/\\\/www.ronaldocorreiadebrito.com.br\\\/site2\\\/2020\\\/08\\\/i-sobre-igrejas-e-igrejas\\\/#breadcrumb\",\"itemListElement\":[{\"@type\":\"ListItem\",\"position\":1,\"name\":\"In\u00edcio\",\"item\":\"https:\\\/\\\/www.ronaldocorreiadebrito.com.br\\\/site2\\\/\"},{\"@type\":\"ListItem\",\"position\":2,\"name\":\"I &#8211; Sobre igrejas e Igrejas\"}]},{\"@type\":\"WebSite\",\"@id\":\"https:\\\/\\\/www.ronaldocorreiadebrito.com.br\\\/site2\\\/#website\",\"url\":\"https:\\\/\\\/www.ronaldocorreiadebrito.com.br\\\/site2\\\/\",\"name\":\"Ronaldo Correia de Brito | site oficial\",\"description\":\"Site oficial do escritor Ronaldo Correia de Brito\",\"potentialAction\":[{\"@type\":\"SearchAction\",\"target\":{\"@type\":\"EntryPoint\",\"urlTemplate\":\"https:\\\/\\\/www.ronaldocorreiadebrito.com.br\\\/site2\\\/?s={search_term_string}\"},\"query-input\":{\"@type\":\"PropertyValueSpecification\",\"valueRequired\":true,\"valueName\":\"search_term_string\"}}],\"inLanguage\":\"pt-BR\"},{\"@type\":\"Person\",\"@id\":\"https:\\\/\\\/www.ronaldocorreiadebrito.com.br\\\/site2\\\/#\\\/schema\\\/person\\\/99a164d0eaaff7f78b11899bc7d5e7c9\",\"name\":\"admin\",\"url\":\"https:\\\/\\\/www.ronaldocorreiadebrito.com.br\\\/site2\\\/author\\\/admin\\\/\"}]}<\/script>\n<!-- \/ Yoast SEO plugin. -->","yoast_head_json":{"title":"I - Sobre igrejas e Igrejas | Ronaldo Correia de Brito | site oficial","robots":{"index":"index","follow":"follow","max-snippet":"max-snippet:-1","max-image-preview":"max-image-preview:large","max-video-preview":"max-video-preview:-1"},"canonical":"https:\/\/www.ronaldocorreiadebrito.com.br\/site2\/2020\/08\/i-sobre-igrejas-e-igrejas\/","og_locale":"pt_BR","og_type":"article","og_title":"I - Sobre igrejas e Igrejas | Ronaldo Correia de Brito | site oficial","og_description":"Di\u00e1rio do Isolamento 28 (s\u00e1bado, 22 de agosto) I &#8211; Sobre igrejas e Igrejas Num passeio de domingo em Paris, fomos guiados por Anne Lima, editora francesa da Chandeigne, que publicou meu livro de contos Faca \u2013 Le jour o\u00fa Otacilio Mendes vit le soleil....","og_url":"https:\/\/www.ronaldocorreiadebrito.com.br\/site2\/2020\/08\/i-sobre-igrejas-e-igrejas\/","og_site_name":"Ronaldo Correia de Brito | site oficial","article_publisher":"https:\/\/www.facebook.com\/ronaldocorreiadebrito.oficial","article_published_time":"2020-08-22T18:13:56+00:00","article_modified_time":"2020-08-23T01:36:58+00:00","og_image":[{"width":1023,"height":783,"url":"https:\/\/www.ronaldocorreiadebrito.com.br\/site2\/wp-content\/uploads\/2020\/08\/leipezig.jpg","type":"image\/jpeg"}],"author":"admin","twitter_card":"summary_large_image","twitter_misc":{"Escrito por":"admin","Est. tempo de leitura":"3 minutos"},"schema":{"@context":"https:\/\/schema.org","@graph":[{"@type":"Article","@id":"https:\/\/www.ronaldocorreiadebrito.com.br\/site2\/2020\/08\/i-sobre-igrejas-e-igrejas\/#article","isPartOf":{"@id":"https:\/\/www.ronaldocorreiadebrito.com.br\/site2\/2020\/08\/i-sobre-igrejas-e-igrejas\/"},"author":{"name":"admin","@id":"https:\/\/www.ronaldocorreiadebrito.com.br\/site2\/#\/schema\/person\/99a164d0eaaff7f78b11899bc7d5e7c9"},"headline":"I &#8211; Sobre igrejas e Igrejas","datePublished":"2020-08-22T18:13:56+00:00","dateModified":"2020-08-23T01:36:58+00:00","mainEntityOfPage":{"@id":"https:\/\/www.ronaldocorreiadebrito.com.br\/site2\/2020\/08\/i-sobre-igrejas-e-igrejas\/"},"wordCount":512,"commentCount":0,"image":{"@id":"https:\/\/www.ronaldocorreiadebrito.com.br\/site2\/2020\/08\/i-sobre-igrejas-e-igrejas\/#primaryimage"},"thumbnailUrl":"https:\/\/www.ronaldocorreiadebrito.com.br\/site2\/wp-content\/uploads\/2020\/08\/leipezig.jpg","articleSection":["Blog","Links","Slider"],"inLanguage":"pt-BR","potentialAction":[{"@type":"CommentAction","name":"Comment","target":["https:\/\/www.ronaldocorreiadebrito.com.br\/site2\/2020\/08\/i-sobre-igrejas-e-igrejas\/#respond"]}]},{"@type":"WebPage","@id":"https:\/\/www.ronaldocorreiadebrito.com.br\/site2\/2020\/08\/i-sobre-igrejas-e-igrejas\/","url":"https:\/\/www.ronaldocorreiadebrito.com.br\/site2\/2020\/08\/i-sobre-igrejas-e-igrejas\/","name":"I - Sobre igrejas e Igrejas | Ronaldo Correia de Brito | site oficial","isPartOf":{"@id":"https:\/\/www.ronaldocorreiadebrito.com.br\/site2\/#website"},"primaryImageOfPage":{"@id":"https:\/\/www.ronaldocorreiadebrito.com.br\/site2\/2020\/08\/i-sobre-igrejas-e-igrejas\/#primaryimage"},"image":{"@id":"https:\/\/www.ronaldocorreiadebrito.com.br\/site2\/2020\/08\/i-sobre-igrejas-e-igrejas\/#primaryimage"},"thumbnailUrl":"https:\/\/www.ronaldocorreiadebrito.com.br\/site2\/wp-content\/uploads\/2020\/08\/leipezig.jpg","datePublished":"2020-08-22T18:13:56+00:00","dateModified":"2020-08-23T01:36:58+00:00","author":{"@id":"https:\/\/www.ronaldocorreiadebrito.com.br\/site2\/#\/schema\/person\/99a164d0eaaff7f78b11899bc7d5e7c9"},"breadcrumb":{"@id":"https:\/\/www.ronaldocorreiadebrito.com.br\/site2\/2020\/08\/i-sobre-igrejas-e-igrejas\/#breadcrumb"},"inLanguage":"pt-BR","potentialAction":[{"@type":"ReadAction","target":["https:\/\/www.ronaldocorreiadebrito.com.br\/site2\/2020\/08\/i-sobre-igrejas-e-igrejas\/"]}]},{"@type":"ImageObject","inLanguage":"pt-BR","@id":"https:\/\/www.ronaldocorreiadebrito.com.br\/site2\/2020\/08\/i-sobre-igrejas-e-igrejas\/#primaryimage","url":"https:\/\/www.ronaldocorreiadebrito.com.br\/site2\/wp-content\/uploads\/2020\/08\/leipezig.jpg","contentUrl":"https:\/\/www.ronaldocorreiadebrito.com.br\/site2\/wp-content\/uploads\/2020\/08\/leipezig.jpg","width":1023,"height":783},{"@type":"BreadcrumbList","@id":"https:\/\/www.ronaldocorreiadebrito.com.br\/site2\/2020\/08\/i-sobre-igrejas-e-igrejas\/#breadcrumb","itemListElement":[{"@type":"ListItem","position":1,"name":"In\u00edcio","item":"https:\/\/www.ronaldocorreiadebrito.com.br\/site2\/"},{"@type":"ListItem","position":2,"name":"I &#8211; Sobre igrejas e Igrejas"}]},{"@type":"WebSite","@id":"https:\/\/www.ronaldocorreiadebrito.com.br\/site2\/#website","url":"https:\/\/www.ronaldocorreiadebrito.com.br\/site2\/","name":"Ronaldo Correia de Brito | site oficial","description":"Site oficial do escritor Ronaldo Correia de Brito","potentialAction":[{"@type":"SearchAction","target":{"@type":"EntryPoint","urlTemplate":"https:\/\/www.ronaldocorreiadebrito.com.br\/site2\/?s={search_term_string}"},"query-input":{"@type":"PropertyValueSpecification","valueRequired":true,"valueName":"search_term_string"}}],"inLanguage":"pt-BR"},{"@type":"Person","@id":"https:\/\/www.ronaldocorreiadebrito.com.br\/site2\/#\/schema\/person\/99a164d0eaaff7f78b11899bc7d5e7c9","name":"admin","url":"https:\/\/www.ronaldocorreiadebrito.com.br\/site2\/author\/admin\/"}]}},"wps_subtitle":"","_links":{"self":[{"href":"https:\/\/www.ronaldocorreiadebrito.com.br\/site2\/wp-json\/wp\/v2\/posts\/1396","targetHints":{"allow":["GET"]}}],"collection":[{"href":"https:\/\/www.ronaldocorreiadebrito.com.br\/site2\/wp-json\/wp\/v2\/posts"}],"about":[{"href":"https:\/\/www.ronaldocorreiadebrito.com.br\/site2\/wp-json\/wp\/v2\/types\/post"}],"author":[{"embeddable":true,"href":"https:\/\/www.ronaldocorreiadebrito.com.br\/site2\/wp-json\/wp\/v2\/users\/1"}],"replies":[{"embeddable":true,"href":"https:\/\/www.ronaldocorreiadebrito.com.br\/site2\/wp-json\/wp\/v2\/comments?post=1396"}],"version-history":[{"count":0,"href":"https:\/\/www.ronaldocorreiadebrito.com.br\/site2\/wp-json\/wp\/v2\/posts\/1396\/revisions"}],"wp:featuredmedia":[{"embeddable":true,"href":"https:\/\/www.ronaldocorreiadebrito.com.br\/site2\/wp-json\/wp\/v2\/media\/1397"}],"wp:attachment":[{"href":"https:\/\/www.ronaldocorreiadebrito.com.br\/site2\/wp-json\/wp\/v2\/media?parent=1396"}],"wp:term":[{"taxonomy":"category","embeddable":true,"href":"https:\/\/www.ronaldocorreiadebrito.com.br\/site2\/wp-json\/wp\/v2\/categories?post=1396"},{"taxonomy":"post_tag","embeddable":true,"href":"https:\/\/www.ronaldocorreiadebrito.com.br\/site2\/wp-json\/wp\/v2\/tags?post=1396"}],"curies":[{"name":"wp","href":"https:\/\/api.w.org\/{rel}","templated":true}]}}