{"id":1392,"date":"2020-08-21T12:37:42","date_gmt":"2020-08-21T15:37:42","guid":{"rendered":"http:\/\/www.ronaldocorreiadebrito.com.br\/site2\/?p=1392"},"modified":"2020-08-21T12:38:02","modified_gmt":"2020-08-21T15:38:02","slug":"quando-soprar-bom-vento","status":"publish","type":"post","link":"https:\/\/www.ronaldocorreiadebrito.com.br\/site2\/2020\/08\/quando-soprar-bom-vento\/","title":{"rendered":"Quando soprar bom vento"},"content":{"rendered":"<p class=\"p1\" style=\"text-align: right;\"><span class=\"s1\">Di\u00e1rio do isolamento 27<br \/>\n<\/span><span class=\"s1\">(sexta-feira, 21 de agosto)<\/span><\/p>\n<p class=\"p1\">\n<p class=\"p1\"><span class=\"s1\">Precisei ir \u00e0 minha dentista e senti o quanto se tornou complicado viver. Uma restaura\u00e7\u00e3o feita com am\u00e1lgama, l\u00e1 pelos meus 17 anos, fraturou. A primeira parede caiu com o fio dental, a segunda quando eu mastigava uma torrada e a terceira, j\u00e1 nem me lembro. Parecia uma casa velha ruindo. Restou apenas a parede frontal.<\/span><\/p>\n<p class=\"p1\"><span class=\"s1\">O isolamento havia come\u00e7ado e resolvi n\u00e3o sair de casa. Depois de tr\u00eas meses, procurei a dentista. Ela recebeu-me com bata descart\u00e1vel, m\u00e1scara, viseira de prote\u00e7\u00e3o facial, toca e prop\u00e9. Antes de entrar no consult\u00f3rio, precisei limpar os sapatos num tapete com \u00e1gua sanit\u00e1ria e enxug\u00e1-los noutro tapete. Uma fita marcadora indicava que eu precisava sentar-me numa poltrona e cal\u00e7ar prop\u00e9. Todos os meus pertences foram lacrados em embalagens pl\u00e1sticas e guardados num saco de vinte litros. <\/span><\/p>\n<p class=\"p1\"><span class=\"s1\">Sentei-me na cadeira e, s\u00f3 ent\u00e3o, retirei minha m\u00e1scara e guardei-a num saquinho a v\u00e1cuo. Pus \u00f3culos pl\u00e1sticos e fui envolto num len\u00e7ol descart\u00e1vel. Minha competente dentista perguntou se eu tinha claustrofobia. Falei que n\u00e3o. O meu corpo foi coberto com uma esp\u00e9cie de tenda, dotada de faixa de pl\u00e1stico transparente, pela qual era poss\u00edvel ver minha boca e os dentes. As m\u00e3os enluvadas da astronauta entravam por um lado da barraca \u00e1rabe e eu percebia o quanto os artefatos dificultavam seus movimentos.\u00a0<\/span><\/p>\n<p class=\"p1\"><span class=\"s1\">Feito o diagn\u00f3stico, foi sugerida uma pr\u00f3tese \u2013 a coroa \u2013, o que significava um longo per\u00edodo de idas e vindas ao consult\u00f3rio e outros rituais semelhantes a este que descrevo. Lembrei meu dentista de inf\u00e2ncia e adolesc\u00eancia, doutor Jos\u00e9 Nilo, autor do reparo de mais de 50 anos. Era um mestre artes\u00e3o, quando a odontologia ainda engatinhava. Apesar da dist\u00e2ncia no tempo, ele j\u00e1 usava m\u00e1scara e luvas. E como trabalhava bem com os limitados recursos de uma cidade pequena.<\/span><\/p>\n<p class=\"p1\"><span class=\"s1\">Por volta da terceira consulta, minha dentista suspendeu o tratamento. Sua m\u00e3e fora internada com suspeita de Covid-19 e ela precisava acompanh\u00e1-la no hospital, tornando-se um vetor de contamina\u00e7\u00e3o. Aguardei paciente. Ap\u00f3s a alta da m\u00e3e, que felizmente tinha apenas uma infec\u00e7\u00e3o urin\u00e1ria, a dentista precisou guardar quarenta de 15 dias, por medida de seguran\u00e7a para seus clientes. Atitude correta e \u00e9tica. <\/span><\/p>\n<p class=\"p1\"><span class=\"s1\">Nessa pandemia, damos um passo \u00e0 frente e dois para tr\u00e1s. Com a abertura, retornei ao pilates, no come\u00e7o de agosto. Que maravilha \u00e9 cuidar do corpo cheio de tens\u00f5es e perda de massa muscular. Um sopro de alegria. Mas, durou bem pouco o Aracati. O esposo da professora tornou-se suspeito de Covid-19. Ela e a filha, em consequ\u00eancia, tamb\u00e9m s\u00e3o suspeitas. Faz\u00edamos os exerc\u00edcios com os cuidados preconizados. Em salas amplas e abertas, guardando dist\u00e2ncia de mais de cinco metros entre os alunos, apenas dois por aula, usando m\u00e1scara, touca e prop\u00e9. Um bando de extraterrestres. <\/span><\/p>\n<p class=\"p1\"><span class=\"s1\">Se os testes positivarem, a professora guardar\u00e1 quarentena por n\u00e3o sei quanto tempo. Se n\u00e3o desenvolver a doen\u00e7a. Alegria de pobre dura pouco, afirma o ditado. H\u00e1 pobres bem mais pobres que nem sabem o que \u00e9 alegria. Para estes, vento nenhum sopra.\u00a0<\/span><\/p>\n","protected":false},"excerpt":{"rendered":"<p>Di\u00e1rio do isolamento 27 (sexta-feira, 21 de agosto) Precisei ir \u00e0 minha dentista e senti o quanto se tornou complicado viver. Uma restaura\u00e7\u00e3o feita com am\u00e1lgama, l\u00e1 pelos meus 17 anos, fraturou. A primeira parede caiu com o fio dental, a segunda quando eu mastigava&#8230;<\/p>\n","protected":false},"author":1,"featured_media":1393,"comment_status":"open","ping_status":"closed","sticky":false,"template":"","format":"standard","meta":{"sfsi_plus_gutenberg_text_before_share":"","sfsi_plus_gutenberg_show_text_before_share":"","sfsi_plus_gutenberg_icon_type":"","sfsi_plus_gutenberg_icon_alignemt":"","sfsi_plus_gutenburg_max_per_row":"","footnotes":""},"categories":[8,46,45],"tags":[],"class_list":["post-1392","post","type-post","status-publish","format-standard","has-post-thumbnail","hentry","category-blog","category-links","category-slider"],"yoast_head":"<!-- This site is optimized with the Yoast SEO plugin v27.4 - https:\/\/yoast.com\/product\/yoast-seo-wordpress\/ -->\n<title>Quando soprar bom vento | Ronaldo Correia de Brito | site oficial<\/title>\n<meta name=\"robots\" content=\"index, follow, max-snippet:-1, max-image-preview:large, max-video-preview:-1\" \/>\n<link rel=\"canonical\" href=\"https:\/\/www.ronaldocorreiadebrito.com.br\/site2\/2020\/08\/quando-soprar-bom-vento\/\" \/>\n<meta property=\"og:locale\" content=\"pt_BR\" \/>\n<meta property=\"og:type\" content=\"article\" \/>\n<meta property=\"og:title\" content=\"Quando soprar bom vento | Ronaldo Correia de Brito | site oficial\" \/>\n<meta property=\"og:description\" content=\"Di\u00e1rio do isolamento 27 (sexta-feira, 21 de agosto) Precisei ir \u00e0 minha dentista e senti o quanto se tornou complicado viver. Uma restaura\u00e7\u00e3o feita com am\u00e1lgama, l\u00e1 pelos meus 17 anos, fraturou. A primeira parede caiu com o fio dental, a segunda quando eu mastigava...\" \/>\n<meta property=\"og:url\" content=\"https:\/\/www.ronaldocorreiadebrito.com.br\/site2\/2020\/08\/quando-soprar-bom-vento\/\" \/>\n<meta property=\"og:site_name\" content=\"Ronaldo Correia de Brito | site oficial\" \/>\n<meta property=\"article:publisher\" content=\"https:\/\/www.facebook.com\/ronaldocorreiadebrito.oficial\" \/>\n<meta property=\"article:published_time\" content=\"2020-08-21T15:37:42+00:00\" \/>\n<meta property=\"article:modified_time\" content=\"2020-08-21T15:38:02+00:00\" \/>\n<meta property=\"og:image\" content=\"https:\/\/www.ronaldocorreiadebrito.com.br\/site2\/wp-content\/uploads\/2020\/08\/SCI-BRODY-HEALTH-0_18.jpg\" \/>\n\t<meta property=\"og:image:width\" content=\"800\" \/>\n\t<meta property=\"og:image:height\" content=\"530\" \/>\n\t<meta property=\"og:image:type\" content=\"image\/jpeg\" \/>\n<meta name=\"author\" content=\"admin\" \/>\n<meta name=\"twitter:card\" content=\"summary_large_image\" \/>\n<meta name=\"twitter:label1\" content=\"Escrito por\" \/>\n\t<meta name=\"twitter:data1\" content=\"admin\" \/>\n\t<meta name=\"twitter:label2\" content=\"Est. tempo de leitura\" \/>\n\t<meta name=\"twitter:data2\" content=\"3 minutos\" \/>\n<script type=\"application\/ld+json\" class=\"yoast-schema-graph\">{\"@context\":\"https:\\\/\\\/schema.org\",\"@graph\":[{\"@type\":\"Article\",\"@id\":\"https:\\\/\\\/www.ronaldocorreiadebrito.com.br\\\/site2\\\/2020\\\/08\\\/quando-soprar-bom-vento\\\/#article\",\"isPartOf\":{\"@id\":\"https:\\\/\\\/www.ronaldocorreiadebrito.com.br\\\/site2\\\/2020\\\/08\\\/quando-soprar-bom-vento\\\/\"},\"author\":{\"name\":\"admin\",\"@id\":\"https:\\\/\\\/www.ronaldocorreiadebrito.com.br\\\/site2\\\/#\\\/schema\\\/person\\\/99a164d0eaaff7f78b11899bc7d5e7c9\"},\"headline\":\"Quando soprar bom vento\",\"datePublished\":\"2020-08-21T15:37:42+00:00\",\"dateModified\":\"2020-08-21T15:38:02+00:00\",\"mainEntityOfPage\":{\"@id\":\"https:\\\/\\\/www.ronaldocorreiadebrito.com.br\\\/site2\\\/2020\\\/08\\\/quando-soprar-bom-vento\\\/\"},\"wordCount\":555,\"commentCount\":0,\"image\":{\"@id\":\"https:\\\/\\\/www.ronaldocorreiadebrito.com.br\\\/site2\\\/2020\\\/08\\\/quando-soprar-bom-vento\\\/#primaryimage\"},\"thumbnailUrl\":\"https:\\\/\\\/www.ronaldocorreiadebrito.com.br\\\/site2\\\/wp-content\\\/uploads\\\/2020\\\/08\\\/SCI-BRODY-HEALTH-0_18.jpg\",\"articleSection\":[\"Blog\",\"Links\",\"Slider\"],\"inLanguage\":\"pt-BR\",\"potentialAction\":[{\"@type\":\"CommentAction\",\"name\":\"Comment\",\"target\":[\"https:\\\/\\\/www.ronaldocorreiadebrito.com.br\\\/site2\\\/2020\\\/08\\\/quando-soprar-bom-vento\\\/#respond\"]}]},{\"@type\":\"WebPage\",\"@id\":\"https:\\\/\\\/www.ronaldocorreiadebrito.com.br\\\/site2\\\/2020\\\/08\\\/quando-soprar-bom-vento\\\/\",\"url\":\"https:\\\/\\\/www.ronaldocorreiadebrito.com.br\\\/site2\\\/2020\\\/08\\\/quando-soprar-bom-vento\\\/\",\"name\":\"Quando soprar bom vento | Ronaldo Correia de Brito | site oficial\",\"isPartOf\":{\"@id\":\"https:\\\/\\\/www.ronaldocorreiadebrito.com.br\\\/site2\\\/#website\"},\"primaryImageOfPage\":{\"@id\":\"https:\\\/\\\/www.ronaldocorreiadebrito.com.br\\\/site2\\\/2020\\\/08\\\/quando-soprar-bom-vento\\\/#primaryimage\"},\"image\":{\"@id\":\"https:\\\/\\\/www.ronaldocorreiadebrito.com.br\\\/site2\\\/2020\\\/08\\\/quando-soprar-bom-vento\\\/#primaryimage\"},\"thumbnailUrl\":\"https:\\\/\\\/www.ronaldocorreiadebrito.com.br\\\/site2\\\/wp-content\\\/uploads\\\/2020\\\/08\\\/SCI-BRODY-HEALTH-0_18.jpg\",\"datePublished\":\"2020-08-21T15:37:42+00:00\",\"dateModified\":\"2020-08-21T15:38:02+00:00\",\"author\":{\"@id\":\"https:\\\/\\\/www.ronaldocorreiadebrito.com.br\\\/site2\\\/#\\\/schema\\\/person\\\/99a164d0eaaff7f78b11899bc7d5e7c9\"},\"breadcrumb\":{\"@id\":\"https:\\\/\\\/www.ronaldocorreiadebrito.com.br\\\/site2\\\/2020\\\/08\\\/quando-soprar-bom-vento\\\/#breadcrumb\"},\"inLanguage\":\"pt-BR\",\"potentialAction\":[{\"@type\":\"ReadAction\",\"target\":[\"https:\\\/\\\/www.ronaldocorreiadebrito.com.br\\\/site2\\\/2020\\\/08\\\/quando-soprar-bom-vento\\\/\"]}]},{\"@type\":\"ImageObject\",\"inLanguage\":\"pt-BR\",\"@id\":\"https:\\\/\\\/www.ronaldocorreiadebrito.com.br\\\/site2\\\/2020\\\/08\\\/quando-soprar-bom-vento\\\/#primaryimage\",\"url\":\"https:\\\/\\\/www.ronaldocorreiadebrito.com.br\\\/site2\\\/wp-content\\\/uploads\\\/2020\\\/08\\\/SCI-BRODY-HEALTH-0_18.jpg\",\"contentUrl\":\"https:\\\/\\\/www.ronaldocorreiadebrito.com.br\\\/site2\\\/wp-content\\\/uploads\\\/2020\\\/08\\\/SCI-BRODY-HEALTH-0_18.jpg\",\"width\":800,\"height\":530},{\"@type\":\"BreadcrumbList\",\"@id\":\"https:\\\/\\\/www.ronaldocorreiadebrito.com.br\\\/site2\\\/2020\\\/08\\\/quando-soprar-bom-vento\\\/#breadcrumb\",\"itemListElement\":[{\"@type\":\"ListItem\",\"position\":1,\"name\":\"In\u00edcio\",\"item\":\"https:\\\/\\\/www.ronaldocorreiadebrito.com.br\\\/site2\\\/\"},{\"@type\":\"ListItem\",\"position\":2,\"name\":\"Quando soprar bom vento\"}]},{\"@type\":\"WebSite\",\"@id\":\"https:\\\/\\\/www.ronaldocorreiadebrito.com.br\\\/site2\\\/#website\",\"url\":\"https:\\\/\\\/www.ronaldocorreiadebrito.com.br\\\/site2\\\/\",\"name\":\"Ronaldo Correia de Brito | site oficial\",\"description\":\"Site oficial do escritor Ronaldo Correia de Brito\",\"potentialAction\":[{\"@type\":\"SearchAction\",\"target\":{\"@type\":\"EntryPoint\",\"urlTemplate\":\"https:\\\/\\\/www.ronaldocorreiadebrito.com.br\\\/site2\\\/?s={search_term_string}\"},\"query-input\":{\"@type\":\"PropertyValueSpecification\",\"valueRequired\":true,\"valueName\":\"search_term_string\"}}],\"inLanguage\":\"pt-BR\"},{\"@type\":\"Person\",\"@id\":\"https:\\\/\\\/www.ronaldocorreiadebrito.com.br\\\/site2\\\/#\\\/schema\\\/person\\\/99a164d0eaaff7f78b11899bc7d5e7c9\",\"name\":\"admin\",\"url\":\"https:\\\/\\\/www.ronaldocorreiadebrito.com.br\\\/site2\\\/author\\\/admin\\\/\"}]}<\/script>\n<!-- \/ Yoast SEO plugin. -->","yoast_head_json":{"title":"Quando soprar bom vento | Ronaldo Correia de Brito | site oficial","robots":{"index":"index","follow":"follow","max-snippet":"max-snippet:-1","max-image-preview":"max-image-preview:large","max-video-preview":"max-video-preview:-1"},"canonical":"https:\/\/www.ronaldocorreiadebrito.com.br\/site2\/2020\/08\/quando-soprar-bom-vento\/","og_locale":"pt_BR","og_type":"article","og_title":"Quando soprar bom vento | Ronaldo Correia de Brito | site oficial","og_description":"Di\u00e1rio do isolamento 27 (sexta-feira, 21 de agosto) Precisei ir \u00e0 minha dentista e senti o quanto se tornou complicado viver. Uma restaura\u00e7\u00e3o feita com am\u00e1lgama, l\u00e1 pelos meus 17 anos, fraturou. A primeira parede caiu com o fio dental, a segunda quando eu mastigava...","og_url":"https:\/\/www.ronaldocorreiadebrito.com.br\/site2\/2020\/08\/quando-soprar-bom-vento\/","og_site_name":"Ronaldo Correia de Brito | site oficial","article_publisher":"https:\/\/www.facebook.com\/ronaldocorreiadebrito.oficial","article_published_time":"2020-08-21T15:37:42+00:00","article_modified_time":"2020-08-21T15:38:02+00:00","og_image":[{"width":800,"height":530,"url":"https:\/\/www.ronaldocorreiadebrito.com.br\/site2\/wp-content\/uploads\/2020\/08\/SCI-BRODY-HEALTH-0_18.jpg","type":"image\/jpeg"}],"author":"admin","twitter_card":"summary_large_image","twitter_misc":{"Escrito por":"admin","Est. tempo de leitura":"3 minutos"},"schema":{"@context":"https:\/\/schema.org","@graph":[{"@type":"Article","@id":"https:\/\/www.ronaldocorreiadebrito.com.br\/site2\/2020\/08\/quando-soprar-bom-vento\/#article","isPartOf":{"@id":"https:\/\/www.ronaldocorreiadebrito.com.br\/site2\/2020\/08\/quando-soprar-bom-vento\/"},"author":{"name":"admin","@id":"https:\/\/www.ronaldocorreiadebrito.com.br\/site2\/#\/schema\/person\/99a164d0eaaff7f78b11899bc7d5e7c9"},"headline":"Quando soprar bom vento","datePublished":"2020-08-21T15:37:42+00:00","dateModified":"2020-08-21T15:38:02+00:00","mainEntityOfPage":{"@id":"https:\/\/www.ronaldocorreiadebrito.com.br\/site2\/2020\/08\/quando-soprar-bom-vento\/"},"wordCount":555,"commentCount":0,"image":{"@id":"https:\/\/www.ronaldocorreiadebrito.com.br\/site2\/2020\/08\/quando-soprar-bom-vento\/#primaryimage"},"thumbnailUrl":"https:\/\/www.ronaldocorreiadebrito.com.br\/site2\/wp-content\/uploads\/2020\/08\/SCI-BRODY-HEALTH-0_18.jpg","articleSection":["Blog","Links","Slider"],"inLanguage":"pt-BR","potentialAction":[{"@type":"CommentAction","name":"Comment","target":["https:\/\/www.ronaldocorreiadebrito.com.br\/site2\/2020\/08\/quando-soprar-bom-vento\/#respond"]}]},{"@type":"WebPage","@id":"https:\/\/www.ronaldocorreiadebrito.com.br\/site2\/2020\/08\/quando-soprar-bom-vento\/","url":"https:\/\/www.ronaldocorreiadebrito.com.br\/site2\/2020\/08\/quando-soprar-bom-vento\/","name":"Quando soprar bom vento | Ronaldo Correia de Brito | site oficial","isPartOf":{"@id":"https:\/\/www.ronaldocorreiadebrito.com.br\/site2\/#website"},"primaryImageOfPage":{"@id":"https:\/\/www.ronaldocorreiadebrito.com.br\/site2\/2020\/08\/quando-soprar-bom-vento\/#primaryimage"},"image":{"@id":"https:\/\/www.ronaldocorreiadebrito.com.br\/site2\/2020\/08\/quando-soprar-bom-vento\/#primaryimage"},"thumbnailUrl":"https:\/\/www.ronaldocorreiadebrito.com.br\/site2\/wp-content\/uploads\/2020\/08\/SCI-BRODY-HEALTH-0_18.jpg","datePublished":"2020-08-21T15:37:42+00:00","dateModified":"2020-08-21T15:38:02+00:00","author":{"@id":"https:\/\/www.ronaldocorreiadebrito.com.br\/site2\/#\/schema\/person\/99a164d0eaaff7f78b11899bc7d5e7c9"},"breadcrumb":{"@id":"https:\/\/www.ronaldocorreiadebrito.com.br\/site2\/2020\/08\/quando-soprar-bom-vento\/#breadcrumb"},"inLanguage":"pt-BR","potentialAction":[{"@type":"ReadAction","target":["https:\/\/www.ronaldocorreiadebrito.com.br\/site2\/2020\/08\/quando-soprar-bom-vento\/"]}]},{"@type":"ImageObject","inLanguage":"pt-BR","@id":"https:\/\/www.ronaldocorreiadebrito.com.br\/site2\/2020\/08\/quando-soprar-bom-vento\/#primaryimage","url":"https:\/\/www.ronaldocorreiadebrito.com.br\/site2\/wp-content\/uploads\/2020\/08\/SCI-BRODY-HEALTH-0_18.jpg","contentUrl":"https:\/\/www.ronaldocorreiadebrito.com.br\/site2\/wp-content\/uploads\/2020\/08\/SCI-BRODY-HEALTH-0_18.jpg","width":800,"height":530},{"@type":"BreadcrumbList","@id":"https:\/\/www.ronaldocorreiadebrito.com.br\/site2\/2020\/08\/quando-soprar-bom-vento\/#breadcrumb","itemListElement":[{"@type":"ListItem","position":1,"name":"In\u00edcio","item":"https:\/\/www.ronaldocorreiadebrito.com.br\/site2\/"},{"@type":"ListItem","position":2,"name":"Quando soprar bom vento"}]},{"@type":"WebSite","@id":"https:\/\/www.ronaldocorreiadebrito.com.br\/site2\/#website","url":"https:\/\/www.ronaldocorreiadebrito.com.br\/site2\/","name":"Ronaldo Correia de Brito | site oficial","description":"Site oficial do escritor Ronaldo Correia de Brito","potentialAction":[{"@type":"SearchAction","target":{"@type":"EntryPoint","urlTemplate":"https:\/\/www.ronaldocorreiadebrito.com.br\/site2\/?s={search_term_string}"},"query-input":{"@type":"PropertyValueSpecification","valueRequired":true,"valueName":"search_term_string"}}],"inLanguage":"pt-BR"},{"@type":"Person","@id":"https:\/\/www.ronaldocorreiadebrito.com.br\/site2\/#\/schema\/person\/99a164d0eaaff7f78b11899bc7d5e7c9","name":"admin","url":"https:\/\/www.ronaldocorreiadebrito.com.br\/site2\/author\/admin\/"}]}},"wps_subtitle":"","_links":{"self":[{"href":"https:\/\/www.ronaldocorreiadebrito.com.br\/site2\/wp-json\/wp\/v2\/posts\/1392","targetHints":{"allow":["GET"]}}],"collection":[{"href":"https:\/\/www.ronaldocorreiadebrito.com.br\/site2\/wp-json\/wp\/v2\/posts"}],"about":[{"href":"https:\/\/www.ronaldocorreiadebrito.com.br\/site2\/wp-json\/wp\/v2\/types\/post"}],"author":[{"embeddable":true,"href":"https:\/\/www.ronaldocorreiadebrito.com.br\/site2\/wp-json\/wp\/v2\/users\/1"}],"replies":[{"embeddable":true,"href":"https:\/\/www.ronaldocorreiadebrito.com.br\/site2\/wp-json\/wp\/v2\/comments?post=1392"}],"version-history":[{"count":0,"href":"https:\/\/www.ronaldocorreiadebrito.com.br\/site2\/wp-json\/wp\/v2\/posts\/1392\/revisions"}],"wp:featuredmedia":[{"embeddable":true,"href":"https:\/\/www.ronaldocorreiadebrito.com.br\/site2\/wp-json\/wp\/v2\/media\/1393"}],"wp:attachment":[{"href":"https:\/\/www.ronaldocorreiadebrito.com.br\/site2\/wp-json\/wp\/v2\/media?parent=1392"}],"wp:term":[{"taxonomy":"category","embeddable":true,"href":"https:\/\/www.ronaldocorreiadebrito.com.br\/site2\/wp-json\/wp\/v2\/categories?post=1392"},{"taxonomy":"post_tag","embeddable":true,"href":"https:\/\/www.ronaldocorreiadebrito.com.br\/site2\/wp-json\/wp\/v2\/tags?post=1392"}],"curies":[{"name":"wp","href":"https:\/\/api.w.org\/{rel}","templated":true}]}}