{"id":1389,"date":"2020-08-18T16:59:07","date_gmt":"2020-08-18T19:59:07","guid":{"rendered":"http:\/\/www.ronaldocorreiadebrito.com.br\/site2\/?p=1389"},"modified":"2020-08-18T16:59:07","modified_gmt":"2020-08-18T19:59:07","slug":"visao-da-praca-de-maio","status":"publish","type":"post","link":"https:\/\/www.ronaldocorreiadebrito.com.br\/site2\/2020\/08\/visao-da-praca-de-maio\/","title":{"rendered":"Vis\u00e3o da Pra\u00e7a de Maio"},"content":{"rendered":"<p style=\"font-weight: 400;\">Quantas vezes rodeei essa Pra\u00e7a, onde mulheres giram num c\u00edrculo infinito, como se esmagassem uvas num lagar? Em vez de produzirem vinho, seus p\u00e9s chafurdam sangue. S\u00e3o as m\u00e3es da Pra\u00e7a, Marias de Maio na Pra\u00e7a das M\u00e3es.<\/p>\n<p style=\"font-weight: 400;\">N\u00e3o me importo de ficar um dia suspenso pelo bra\u00e7o de uma grua, pintando de branco a Pir\u00e2mide de Maio, desde que eu possa contemplar o c\u00e9u azul limpo, sem uma \u00fanica mancha vermelha, nada que recorde batalhas em que muitos pereceram.<\/p>\n<p style=\"font-weight: 400;\">(Onde fica o sul? Por favor, o sul. Nesse lugar, velaram um morto cujo nome j\u00e1 nem lembro. Os livros de autores argentinos pairam sobre minha cabe\u00e7a como nuvens carregadas de chuva).<\/p>\n<p style=\"font-weight: 400;\">Quanto mais alto sobe o jovem pintor em sua grua \u2013 com um balde de tinta branca e um pincel de cerdas grossas \u2013, compenetrado em camuflar manchas na Pir\u00e2mide e gemidos de m\u00e3es, quanto mais ele sobe, mais longe enxerga os modernos edif\u00edcios da cidade, erguidos sobre os pampas.<\/p>\n<p style=\"font-weight: 400;\">(A lembran\u00e7a reclama novamente: apontem-me o sul, o charco escuro e o homem acossado por milicos).<\/p>\n<p style=\"font-weight: 400;\">Restar\u00e3o planuras em Buenos Aires, o limite perdido? Por que me fecharam nos cub\u00edculos estreitos de uma casa de c\u00e2mbio? \u2013 grades, grades, grades \u2013, submarino onde esperei humilhado que me trocassem d\u00f3lares,\u00a0\u00a0 inseguro, as m\u00e3os tr\u00eamulas, sem acordo em acertar a escrita do pr\u00f3prio nome.<\/p>\n<p style=\"font-weight: 400;\">Mulheres brasileiras desfilam seus corpos perfeitos sob os flashes que as desnudam. Rapazes brancos se cumprimentam com beijos. Um homem negro escova a pele com as unhas, despido como um m\u00edstico jainista,\u00a0\u00a0\u00a0\u00a0\u00a0\u00a0\u00a0\u00a0\u00a0\u00a0\u00a0\u00a0\u00a0\u00a0\u00a0\u00a0\u00a0\u00a0\u00a0\u00a0\u00a0\u00a0\u00a0\u00a0\u00a0\u00a0\u00a0\u00a0\u00a0\u00a0\u00a0\u00a0\u00a0\u00a0\u00a0\u00a0\u00a0\u00a0\u00a0\u00a0\u00a0\u00a0\u00a0\u00a0\u00a0\u00a0\u00a0\u00a0\u00a0\u00a0\u00a0 coberto apenas de c\u00e9u e suor.<\/p>\n<p style=\"font-weight: 400;\">Indiferente ao movimento na Pra\u00e7a, o oper\u00e1rio no cub\u00edculo da grua se esmera em pintar o monumento.\u00a0 Talvez n\u00e3o se pergunte nada, nem por que, nem para qu\u00ea. Pinta, simplesmente. Trabalha. Da mesma maneira plantaram dezessete cruzes nos jardins em volta, tumbas de soldados que morreram defendendo o litoral.<\/p>\n<p style=\"font-weight: 400;\">Patag\u00f4nia, 1982. Leio numa placa acintosa. Os turistas e o jovem pintor talvez n\u00e3o desejem ler.<\/p>\n<p style=\"font-weight: 400;\">Tanta beleza na Pra\u00e7a, tamanha grandeza esmagadora. Plantadas ao meio, as dezessete tumbas. O que elas significam para as duas mulheres brasileiras de curvas perfeitas? E para o rapaz ganhando o sal\u00e1rio de pintor?<\/p>\n<p style=\"font-weight: 400;\">A Pra\u00e7a e o belo.<\/p>\n<p style=\"font-weight: 400;\">Os tapumes parecendo instala\u00e7\u00f5es de uma pinacoteca, nem ofuscam seu esplendor rosado.<\/p>\n<p style=\"font-weight: 400;\">\n<p style=\"font-weight: 400;\">\u00a0(<em>Pois que \u00e9 o Belo<\/em><\/p>\n<p style=\"font-weight: 400;\"><em>sen\u00e3o o grau Terr\u00edvel que ainda suportamos<\/em><\/p>\n<p style=\"font-weight: 400;\"><em>e que admiramos porque, impass\u00edvel, desdenha<\/em><\/p>\n<p style=\"font-weight: 400;\"><em>destruir-nos?<\/em>)*1<\/p>\n<p style=\"font-weight: 400;\">\n<p style=\"font-weight: 400;\">Bem mais longe, a est\u00e1tua de Crist\u00f3v\u00e3o Colombo ouve os sinos da Catedral Metropolitana e pensa nos esfor\u00e7os da navega\u00e7\u00e3o. Gira a roda de turistas brasileiros, esperando as tr\u00eas horas da tarde. O sol \u00e9 bom, o ar perfeito.<\/p>\n<p style=\"font-weight: 400;\">No Caf\u00e9 Tortoni, homens aposentados jogam.\u00a0 Num canto de parede, o retrato de Federico Garcia Lorca resiste aos ideais pol\u00edticos e ao fuzilamento que o matou. Torcem o nariz \u00e0 sua poesia cigana.\u00a0 Comovem-se ao lembrar a morte in\u00fatil.<\/p>\n<p style=\"font-weight: 400;\">Servem almo\u00e7o. De um fil\u00e9 mignon escorre sangue vivo.\u00a0 Por segundos, todos esquecem o peso da Pra\u00e7a de Maio e a leveza que a mant\u00e9m suspensa.<\/p>\n<p style=\"font-weight: 400;\">Concentram-se apenas na carne sobre o prato.<\/p>\n<p style=\"font-weight: 400;\">\n<p style=\"font-weight: 400;\">\n<p style=\"font-weight: 400;\">*1 Rainer Maria Rilke,\u00a0<em>Elegias de Du\u00edno<\/em><\/p>\n","protected":false},"excerpt":{"rendered":"<p>Quantas vezes rodeei essa Pra\u00e7a, onde mulheres giram num c\u00edrculo infinito, como se esmagassem uvas num lagar? Em vez de produzirem vinho, seus p\u00e9s chafurdam sangue. S\u00e3o as m\u00e3es da Pra\u00e7a, Marias de Maio na Pra\u00e7a das M\u00e3es. N\u00e3o me importo de ficar um dia&#8230;<\/p>\n","protected":false},"author":1,"featured_media":1390,"comment_status":"open","ping_status":"closed","sticky":false,"template":"","format":"standard","meta":{"sfsi_plus_gutenberg_text_before_share":"","sfsi_plus_gutenberg_show_text_before_share":"","sfsi_plus_gutenberg_icon_type":"","sfsi_plus_gutenberg_icon_alignemt":"","sfsi_plus_gutenburg_max_per_row":"","footnotes":""},"categories":[8,46,45],"tags":[],"class_list":["post-1389","post","type-post","status-publish","format-standard","has-post-thumbnail","hentry","category-blog","category-links","category-slider"],"yoast_head":"<!-- This site is optimized with the Yoast SEO plugin v27.4 - https:\/\/yoast.com\/product\/yoast-seo-wordpress\/ -->\n<title>Vis\u00e3o da Pra\u00e7a de Maio | Ronaldo Correia de Brito | site oficial<\/title>\n<meta name=\"robots\" content=\"index, follow, max-snippet:-1, max-image-preview:large, max-video-preview:-1\" \/>\n<link rel=\"canonical\" href=\"https:\/\/www.ronaldocorreiadebrito.com.br\/site2\/2020\/08\/visao-da-praca-de-maio\/\" \/>\n<meta property=\"og:locale\" content=\"pt_BR\" \/>\n<meta property=\"og:type\" content=\"article\" \/>\n<meta property=\"og:title\" content=\"Vis\u00e3o da Pra\u00e7a de Maio | Ronaldo Correia de Brito | site oficial\" \/>\n<meta property=\"og:description\" content=\"Quantas vezes rodeei essa Pra\u00e7a, onde mulheres giram num c\u00edrculo infinito, como se esmagassem uvas num lagar? Em vez de produzirem vinho, seus p\u00e9s chafurdam sangue. S\u00e3o as m\u00e3es da Pra\u00e7a, Marias de Maio na Pra\u00e7a das M\u00e3es. N\u00e3o me importo de ficar um dia...\" \/>\n<meta property=\"og:url\" content=\"https:\/\/www.ronaldocorreiadebrito.com.br\/site2\/2020\/08\/visao-da-praca-de-maio\/\" \/>\n<meta property=\"og:site_name\" content=\"Ronaldo Correia de Brito | site oficial\" \/>\n<meta property=\"article:publisher\" content=\"https:\/\/www.facebook.com\/ronaldocorreiadebrito.oficial\" \/>\n<meta property=\"article:published_time\" content=\"2020-08-18T19:59:07+00:00\" \/>\n<meta property=\"og:image\" content=\"https:\/\/www.ronaldocorreiadebrito.com.br\/site2\/wp-content\/uploads\/2020\/08\/plazamayo2.jpg\" \/>\n\t<meta property=\"og:image:width\" content=\"984\" \/>\n\t<meta property=\"og:image:height\" content=\"656\" \/>\n\t<meta property=\"og:image:type\" content=\"image\/jpeg\" \/>\n<meta name=\"author\" content=\"admin\" \/>\n<meta name=\"twitter:card\" content=\"summary_large_image\" \/>\n<meta name=\"twitter:label1\" content=\"Escrito por\" \/>\n\t<meta name=\"twitter:data1\" content=\"admin\" \/>\n\t<meta name=\"twitter:label2\" content=\"Est. tempo de leitura\" \/>\n\t<meta name=\"twitter:data2\" content=\"3 minutos\" \/>\n<script type=\"application\/ld+json\" class=\"yoast-schema-graph\">{\"@context\":\"https:\\\/\\\/schema.org\",\"@graph\":[{\"@type\":\"Article\",\"@id\":\"https:\\\/\\\/www.ronaldocorreiadebrito.com.br\\\/site2\\\/2020\\\/08\\\/visao-da-praca-de-maio\\\/#article\",\"isPartOf\":{\"@id\":\"https:\\\/\\\/www.ronaldocorreiadebrito.com.br\\\/site2\\\/2020\\\/08\\\/visao-da-praca-de-maio\\\/\"},\"author\":{\"name\":\"admin\",\"@id\":\"https:\\\/\\\/www.ronaldocorreiadebrito.com.br\\\/site2\\\/#\\\/schema\\\/person\\\/99a164d0eaaff7f78b11899bc7d5e7c9\"},\"headline\":\"Vis\u00e3o da Pra\u00e7a de Maio\",\"datePublished\":\"2020-08-18T19:59:07+00:00\",\"mainEntityOfPage\":{\"@id\":\"https:\\\/\\\/www.ronaldocorreiadebrito.com.br\\\/site2\\\/2020\\\/08\\\/visao-da-praca-de-maio\\\/\"},\"wordCount\":564,\"commentCount\":0,\"image\":{\"@id\":\"https:\\\/\\\/www.ronaldocorreiadebrito.com.br\\\/site2\\\/2020\\\/08\\\/visao-da-praca-de-maio\\\/#primaryimage\"},\"thumbnailUrl\":\"https:\\\/\\\/www.ronaldocorreiadebrito.com.br\\\/site2\\\/wp-content\\\/uploads\\\/2020\\\/08\\\/plazamayo2.jpg\",\"articleSection\":[\"Blog\",\"Links\",\"Slider\"],\"inLanguage\":\"pt-BR\",\"potentialAction\":[{\"@type\":\"CommentAction\",\"name\":\"Comment\",\"target\":[\"https:\\\/\\\/www.ronaldocorreiadebrito.com.br\\\/site2\\\/2020\\\/08\\\/visao-da-praca-de-maio\\\/#respond\"]}]},{\"@type\":\"WebPage\",\"@id\":\"https:\\\/\\\/www.ronaldocorreiadebrito.com.br\\\/site2\\\/2020\\\/08\\\/visao-da-praca-de-maio\\\/\",\"url\":\"https:\\\/\\\/www.ronaldocorreiadebrito.com.br\\\/site2\\\/2020\\\/08\\\/visao-da-praca-de-maio\\\/\",\"name\":\"Vis\u00e3o da Pra\u00e7a de Maio | Ronaldo Correia de Brito | site oficial\",\"isPartOf\":{\"@id\":\"https:\\\/\\\/www.ronaldocorreiadebrito.com.br\\\/site2\\\/#website\"},\"primaryImageOfPage\":{\"@id\":\"https:\\\/\\\/www.ronaldocorreiadebrito.com.br\\\/site2\\\/2020\\\/08\\\/visao-da-praca-de-maio\\\/#primaryimage\"},\"image\":{\"@id\":\"https:\\\/\\\/www.ronaldocorreiadebrito.com.br\\\/site2\\\/2020\\\/08\\\/visao-da-praca-de-maio\\\/#primaryimage\"},\"thumbnailUrl\":\"https:\\\/\\\/www.ronaldocorreiadebrito.com.br\\\/site2\\\/wp-content\\\/uploads\\\/2020\\\/08\\\/plazamayo2.jpg\",\"datePublished\":\"2020-08-18T19:59:07+00:00\",\"author\":{\"@id\":\"https:\\\/\\\/www.ronaldocorreiadebrito.com.br\\\/site2\\\/#\\\/schema\\\/person\\\/99a164d0eaaff7f78b11899bc7d5e7c9\"},\"breadcrumb\":{\"@id\":\"https:\\\/\\\/www.ronaldocorreiadebrito.com.br\\\/site2\\\/2020\\\/08\\\/visao-da-praca-de-maio\\\/#breadcrumb\"},\"inLanguage\":\"pt-BR\",\"potentialAction\":[{\"@type\":\"ReadAction\",\"target\":[\"https:\\\/\\\/www.ronaldocorreiadebrito.com.br\\\/site2\\\/2020\\\/08\\\/visao-da-praca-de-maio\\\/\"]}]},{\"@type\":\"ImageObject\",\"inLanguage\":\"pt-BR\",\"@id\":\"https:\\\/\\\/www.ronaldocorreiadebrito.com.br\\\/site2\\\/2020\\\/08\\\/visao-da-praca-de-maio\\\/#primaryimage\",\"url\":\"https:\\\/\\\/www.ronaldocorreiadebrito.com.br\\\/site2\\\/wp-content\\\/uploads\\\/2020\\\/08\\\/plazamayo2.jpg\",\"contentUrl\":\"https:\\\/\\\/www.ronaldocorreiadebrito.com.br\\\/site2\\\/wp-content\\\/uploads\\\/2020\\\/08\\\/plazamayo2.jpg\",\"width\":984,\"height\":656},{\"@type\":\"BreadcrumbList\",\"@id\":\"https:\\\/\\\/www.ronaldocorreiadebrito.com.br\\\/site2\\\/2020\\\/08\\\/visao-da-praca-de-maio\\\/#breadcrumb\",\"itemListElement\":[{\"@type\":\"ListItem\",\"position\":1,\"name\":\"In\u00edcio\",\"item\":\"https:\\\/\\\/www.ronaldocorreiadebrito.com.br\\\/site2\\\/\"},{\"@type\":\"ListItem\",\"position\":2,\"name\":\"Vis\u00e3o da Pra\u00e7a de Maio\"}]},{\"@type\":\"WebSite\",\"@id\":\"https:\\\/\\\/www.ronaldocorreiadebrito.com.br\\\/site2\\\/#website\",\"url\":\"https:\\\/\\\/www.ronaldocorreiadebrito.com.br\\\/site2\\\/\",\"name\":\"Ronaldo Correia de Brito | site oficial\",\"description\":\"Site oficial do escritor Ronaldo Correia de Brito\",\"potentialAction\":[{\"@type\":\"SearchAction\",\"target\":{\"@type\":\"EntryPoint\",\"urlTemplate\":\"https:\\\/\\\/www.ronaldocorreiadebrito.com.br\\\/site2\\\/?s={search_term_string}\"},\"query-input\":{\"@type\":\"PropertyValueSpecification\",\"valueRequired\":true,\"valueName\":\"search_term_string\"}}],\"inLanguage\":\"pt-BR\"},{\"@type\":\"Person\",\"@id\":\"https:\\\/\\\/www.ronaldocorreiadebrito.com.br\\\/site2\\\/#\\\/schema\\\/person\\\/99a164d0eaaff7f78b11899bc7d5e7c9\",\"name\":\"admin\",\"url\":\"https:\\\/\\\/www.ronaldocorreiadebrito.com.br\\\/site2\\\/author\\\/admin\\\/\"}]}<\/script>\n<!-- \/ Yoast SEO plugin. -->","yoast_head_json":{"title":"Vis\u00e3o da Pra\u00e7a de Maio | Ronaldo Correia de Brito | site oficial","robots":{"index":"index","follow":"follow","max-snippet":"max-snippet:-1","max-image-preview":"max-image-preview:large","max-video-preview":"max-video-preview:-1"},"canonical":"https:\/\/www.ronaldocorreiadebrito.com.br\/site2\/2020\/08\/visao-da-praca-de-maio\/","og_locale":"pt_BR","og_type":"article","og_title":"Vis\u00e3o da Pra\u00e7a de Maio | Ronaldo Correia de Brito | site oficial","og_description":"Quantas vezes rodeei essa Pra\u00e7a, onde mulheres giram num c\u00edrculo infinito, como se esmagassem uvas num lagar? Em vez de produzirem vinho, seus p\u00e9s chafurdam sangue. S\u00e3o as m\u00e3es da Pra\u00e7a, Marias de Maio na Pra\u00e7a das M\u00e3es. N\u00e3o me importo de ficar um dia...","og_url":"https:\/\/www.ronaldocorreiadebrito.com.br\/site2\/2020\/08\/visao-da-praca-de-maio\/","og_site_name":"Ronaldo Correia de Brito | site oficial","article_publisher":"https:\/\/www.facebook.com\/ronaldocorreiadebrito.oficial","article_published_time":"2020-08-18T19:59:07+00:00","og_image":[{"width":984,"height":656,"url":"https:\/\/www.ronaldocorreiadebrito.com.br\/site2\/wp-content\/uploads\/2020\/08\/plazamayo2.jpg","type":"image\/jpeg"}],"author":"admin","twitter_card":"summary_large_image","twitter_misc":{"Escrito por":"admin","Est. tempo de leitura":"3 minutos"},"schema":{"@context":"https:\/\/schema.org","@graph":[{"@type":"Article","@id":"https:\/\/www.ronaldocorreiadebrito.com.br\/site2\/2020\/08\/visao-da-praca-de-maio\/#article","isPartOf":{"@id":"https:\/\/www.ronaldocorreiadebrito.com.br\/site2\/2020\/08\/visao-da-praca-de-maio\/"},"author":{"name":"admin","@id":"https:\/\/www.ronaldocorreiadebrito.com.br\/site2\/#\/schema\/person\/99a164d0eaaff7f78b11899bc7d5e7c9"},"headline":"Vis\u00e3o da Pra\u00e7a de Maio","datePublished":"2020-08-18T19:59:07+00:00","mainEntityOfPage":{"@id":"https:\/\/www.ronaldocorreiadebrito.com.br\/site2\/2020\/08\/visao-da-praca-de-maio\/"},"wordCount":564,"commentCount":0,"image":{"@id":"https:\/\/www.ronaldocorreiadebrito.com.br\/site2\/2020\/08\/visao-da-praca-de-maio\/#primaryimage"},"thumbnailUrl":"https:\/\/www.ronaldocorreiadebrito.com.br\/site2\/wp-content\/uploads\/2020\/08\/plazamayo2.jpg","articleSection":["Blog","Links","Slider"],"inLanguage":"pt-BR","potentialAction":[{"@type":"CommentAction","name":"Comment","target":["https:\/\/www.ronaldocorreiadebrito.com.br\/site2\/2020\/08\/visao-da-praca-de-maio\/#respond"]}]},{"@type":"WebPage","@id":"https:\/\/www.ronaldocorreiadebrito.com.br\/site2\/2020\/08\/visao-da-praca-de-maio\/","url":"https:\/\/www.ronaldocorreiadebrito.com.br\/site2\/2020\/08\/visao-da-praca-de-maio\/","name":"Vis\u00e3o da Pra\u00e7a de Maio | Ronaldo Correia de Brito | site oficial","isPartOf":{"@id":"https:\/\/www.ronaldocorreiadebrito.com.br\/site2\/#website"},"primaryImageOfPage":{"@id":"https:\/\/www.ronaldocorreiadebrito.com.br\/site2\/2020\/08\/visao-da-praca-de-maio\/#primaryimage"},"image":{"@id":"https:\/\/www.ronaldocorreiadebrito.com.br\/site2\/2020\/08\/visao-da-praca-de-maio\/#primaryimage"},"thumbnailUrl":"https:\/\/www.ronaldocorreiadebrito.com.br\/site2\/wp-content\/uploads\/2020\/08\/plazamayo2.jpg","datePublished":"2020-08-18T19:59:07+00:00","author":{"@id":"https:\/\/www.ronaldocorreiadebrito.com.br\/site2\/#\/schema\/person\/99a164d0eaaff7f78b11899bc7d5e7c9"},"breadcrumb":{"@id":"https:\/\/www.ronaldocorreiadebrito.com.br\/site2\/2020\/08\/visao-da-praca-de-maio\/#breadcrumb"},"inLanguage":"pt-BR","potentialAction":[{"@type":"ReadAction","target":["https:\/\/www.ronaldocorreiadebrito.com.br\/site2\/2020\/08\/visao-da-praca-de-maio\/"]}]},{"@type":"ImageObject","inLanguage":"pt-BR","@id":"https:\/\/www.ronaldocorreiadebrito.com.br\/site2\/2020\/08\/visao-da-praca-de-maio\/#primaryimage","url":"https:\/\/www.ronaldocorreiadebrito.com.br\/site2\/wp-content\/uploads\/2020\/08\/plazamayo2.jpg","contentUrl":"https:\/\/www.ronaldocorreiadebrito.com.br\/site2\/wp-content\/uploads\/2020\/08\/plazamayo2.jpg","width":984,"height":656},{"@type":"BreadcrumbList","@id":"https:\/\/www.ronaldocorreiadebrito.com.br\/site2\/2020\/08\/visao-da-praca-de-maio\/#breadcrumb","itemListElement":[{"@type":"ListItem","position":1,"name":"In\u00edcio","item":"https:\/\/www.ronaldocorreiadebrito.com.br\/site2\/"},{"@type":"ListItem","position":2,"name":"Vis\u00e3o da Pra\u00e7a de Maio"}]},{"@type":"WebSite","@id":"https:\/\/www.ronaldocorreiadebrito.com.br\/site2\/#website","url":"https:\/\/www.ronaldocorreiadebrito.com.br\/site2\/","name":"Ronaldo Correia de Brito | site oficial","description":"Site oficial do escritor Ronaldo Correia de Brito","potentialAction":[{"@type":"SearchAction","target":{"@type":"EntryPoint","urlTemplate":"https:\/\/www.ronaldocorreiadebrito.com.br\/site2\/?s={search_term_string}"},"query-input":{"@type":"PropertyValueSpecification","valueRequired":true,"valueName":"search_term_string"}}],"inLanguage":"pt-BR"},{"@type":"Person","@id":"https:\/\/www.ronaldocorreiadebrito.com.br\/site2\/#\/schema\/person\/99a164d0eaaff7f78b11899bc7d5e7c9","name":"admin","url":"https:\/\/www.ronaldocorreiadebrito.com.br\/site2\/author\/admin\/"}]}},"wps_subtitle":"","_links":{"self":[{"href":"https:\/\/www.ronaldocorreiadebrito.com.br\/site2\/wp-json\/wp\/v2\/posts\/1389","targetHints":{"allow":["GET"]}}],"collection":[{"href":"https:\/\/www.ronaldocorreiadebrito.com.br\/site2\/wp-json\/wp\/v2\/posts"}],"about":[{"href":"https:\/\/www.ronaldocorreiadebrito.com.br\/site2\/wp-json\/wp\/v2\/types\/post"}],"author":[{"embeddable":true,"href":"https:\/\/www.ronaldocorreiadebrito.com.br\/site2\/wp-json\/wp\/v2\/users\/1"}],"replies":[{"embeddable":true,"href":"https:\/\/www.ronaldocorreiadebrito.com.br\/site2\/wp-json\/wp\/v2\/comments?post=1389"}],"version-history":[{"count":0,"href":"https:\/\/www.ronaldocorreiadebrito.com.br\/site2\/wp-json\/wp\/v2\/posts\/1389\/revisions"}],"wp:featuredmedia":[{"embeddable":true,"href":"https:\/\/www.ronaldocorreiadebrito.com.br\/site2\/wp-json\/wp\/v2\/media\/1390"}],"wp:attachment":[{"href":"https:\/\/www.ronaldocorreiadebrito.com.br\/site2\/wp-json\/wp\/v2\/media?parent=1389"}],"wp:term":[{"taxonomy":"category","embeddable":true,"href":"https:\/\/www.ronaldocorreiadebrito.com.br\/site2\/wp-json\/wp\/v2\/categories?post=1389"},{"taxonomy":"post_tag","embeddable":true,"href":"https:\/\/www.ronaldocorreiadebrito.com.br\/site2\/wp-json\/wp\/v2\/tags?post=1389"}],"curies":[{"name":"wp","href":"https:\/\/api.w.org\/{rel}","templated":true}]}}